{"id":192773,"date":"2022-12-19T07:39:42","date_gmt":"2022-12-19T10:39:42","guid":{"rendered":"https:\/\/franciscanos.org.br\/vidacrista\/?p=192773"},"modified":"2022-12-19T07:39:42","modified_gmt":"2022-12-19T10:39:42","slug":"a-voz-e-a-palavra","status":"publish","type":"post","link":"https:\/\/franciscanos.org.br\/vidacrista\/a-voz-e-a-palavra\/","title":{"rendered":"A voz e a Palavra"},"content":{"rendered":"<div id=\"attachment_192774\" style=\"width: 850px\" class=\"wp-caption alignnone\"><img aria-describedby=\"caption-attachment-192774\" decoding=\"async\" loading=\"lazy\" class=\"wp-image-192774 size-full\" src=\"https:\/\/franciscanos.org.br\/vidacrista\/wp-content\/uploads\/2022\/12\/presepio_19.jpg\" alt=\"\" width=\"840\" height=\"450\" srcset=\"https:\/\/franciscanos.org.br\/vidacrista\/wp-content\/uploads\/2022\/12\/presepio_19.jpg 840w, https:\/\/franciscanos.org.br\/vidacrista\/wp-content\/uploads\/2022\/12\/presepio_19-450x241.jpg 450w, https:\/\/franciscanos.org.br\/vidacrista\/wp-content\/uploads\/2022\/12\/presepio_19-768x411.jpg 768w, https:\/\/franciscanos.org.br\/vidacrista\/wp-content\/uploads\/2022\/12\/presepio_19-150x80.jpg 150w\" sizes=\"(max-width: 840px) 100vw, 840px\" \/><p id=\"caption-attachment-192774\" class=\"wp-caption-text\"><em>Pres\u00e9pio da 33\u00aa Mostra Franciscana do Convento S\u00e3o Francisco (SP)<\/em><\/p><\/div>\n<p><strong>Dom Walmor Oliveira de Azevedo<\/strong><\/p>\n<p>Da intelig\u00eancia luminosa e m\u00edstica de Santo Agostinho, no 5\u00ba s\u00e9culo da hist\u00f3ria bimilenar da Igreja Cat\u00f3lica, brota rica narrativa sobre a voz e a Palavra. S\u00e3o ensinamentos que indicam um rem\u00e9dio para o vozerio, por vezes descompassado, do tempo presente, facilitado pelas redes sociais. Essa profus\u00e3o de falas nem sempre traz o que gera entendimento e fraternidade. A argumenta\u00e7\u00e3o apresentada por Santo Agostinho se refere a duas pessoas, Jo\u00e3o Batista e Jesus Cristo. O Santo diz: Jo\u00e3o era a voz, e Jesus \u00e9 a Palavra desde o princ\u00edpio. E acrescenta explicando que Jo\u00e3o Batista era a voz passageira. E Jesus Cristo, a Palavra eterna desde o princ\u00edpio. Uma interroga\u00e7\u00e3o pertinente: ao suprimir a Palavra, o que se torna a voz? A voz se torna esvaziada de sentido, n\u00e3o passando de um simples ru\u00eddo. Essa cl\u00e1ssica interven\u00e7\u00e3o do bispo de Hipona constitui trecho de um dos seus serm\u00f5es, agora rezado e meditado no caminho que se percorre, tendo no horizonte a chegada do Menino-Deus, celebra\u00e7\u00e3o do Natal. Um rico ensinamento quando se considera que a sociedade carece de entendimentos e de di\u00e1logos, de mais harmonia e assertividade na liberdade cidad\u00e3 para se expressar.<\/p>\n<p>Compreende-se a import\u00e2ncia do Advento, tempo de prepara\u00e7\u00e3o para a celebra\u00e7\u00e3o aut\u00eantica e frutuosa do nascimento do Salvador. Um tempo consagrado como delicadeza de Deus, oportunidade para trilhar um novo caminho, pois na \u201cbabel\u201d da contemporaneidade \u00e9 ainda mais urgente a convers\u00e3o, a mudan\u00e7a. Fala-se muito, mas pouco se constr\u00f3i apenas pela dissemina\u00e7\u00e3o de vozes sem palavras. Na verdade, corre-se o risco de preju\u00edzos irrevers\u00edveis. A voz desvinculada da Palavra pode compor um coro de agoureiros, arma para a destrui\u00e7\u00e3o do semelhante. Mas como reconhecer se h\u00e1 Palavra em determinada voz? Santo Agostinho indica o caminho para esse reconhecimento: a voz sem palavras ressoa ao ouvido, mas n\u00e3o alimenta o cora\u00e7\u00e3o.<\/p>\n<p>Apenas ancorar-se no direito de usar a voz para expressar ju\u00edzos, opini\u00f5es, \u00e9 atitude que traz riscos. Importante \u00e9 cuidar para que o direito a expressar a pr\u00f3pria voz seja indissoci\u00e1vel do compromisso com palavras edificantes. Trata-se de uma exig\u00eancia especialmente para aqueles que est\u00e3o enfileirados no seguimento de Jesus. Os crist\u00e3os devem ser voz alimentada pela Palavra de Deus e seu ve\u00edculo qualificado, para que sejam capazes de alimentar cora\u00e7\u00f5es. N\u00e3o basta dizer, \u00e9 preciso dedicar-se a uma comunica\u00e7\u00e3o que tem a meta de edificar o semelhante. Trata-se de exig\u00eancia para os que seguem Jesus: dizer sempre o que edifica. O crist\u00e3o n\u00e3o tem o direito, por princ\u00edpio e fidelidade ao Mestre, de falar qualquer coisa, de modo alheio \u00e0 constru\u00e7\u00e3o de entendimentos e de di\u00e1logos. O crist\u00e3o, morada do Esp\u00edrito Santo \u2013 que santifica e consola \u2013 tem a tarefa de expressar o que gera lucidez e esperan\u00e7a a cada pessoa, ajudando, assim, a fortalecer a fraternidade, a consolidar v\u00ednculos de corresponsabilidade, para inspirar a viv\u00eancia da amizade social.<\/p>\n<p>Cada pessoa precisa ser voz que transmite a Palavra, com a sua propriedade de alavancar entendimentos e criar la\u00e7os de irmandade. Jo\u00e3o Batista era a voz anunciando a Palavra encarnada em Jesus Cristo. A voz de Jo\u00e3o ressoou promovendo o entendimento e o acolhimento da Palavra, Jesus, o Salvador. Assim, ele cumpriu a sua miss\u00e3o, ajudando a proclamar a Palavra que produz sentido e alimenta a din\u00e2mica do viver crist\u00e3o. A voz tem, pois, a fun\u00e7\u00e3o de semear a Palavra, que \u00e9 \u201cluz para os p\u00e9s e l\u00e2mpada luzente para o caminho\u201d, conforme ensina o salmista. Jo\u00e3o, a voz, indica a Palavra, firmando sua condi\u00e7\u00e3o de exemplar disc\u00edpulo.<\/p>\n<p>O brilho e a interpela\u00e7\u00e3o que v\u00eam da voz de Jo\u00e3o Batista proporcionam o encontro com o Salvador. O precursor, Jo\u00e3o Batista, a voz, torna-se, assim, uma refer\u00eancia \u2013 modelo de disc\u00edpulo de Jesus. Inspira\u00e7\u00e3o para aqueles que assumem o compromisso de proclamar a Palavra de Deus, possibilitando a outras pessoas o encontro e o seguimento de Jesus \u2013 \u00fanico Senhor. Valha, especialmente na prepara\u00e7\u00e3o para o Natal, o conselho de Santo Agostinho: todos procurem imitar Jo\u00e3o, a voz, sem confundi-la com a Palavra, pelo exerc\u00edcio da humildade, exemplar no precursor de Jesus, que compreendeu de onde lhe vinha a salva\u00e7\u00e3o. Jo\u00e3o se enxergava como uma l\u00e2mpada e temia que o vento do orgulho pudesse apag\u00e1-la. Contemplando a exemplaridade de Jo\u00e3o Batista, os crist\u00e3os celebrem o Natal do Menino-Deus procurando, humildemente, valer-se da pr\u00f3pria voz para anunciar a Palavra.<\/p>\n<hr \/>\n<p><strong>Dom Walmor Oliveira de Azevedo<\/strong> <em>\u00e9 Arcebispo de Belo Horizonte (MG) e presidente da Confer\u00eancia Nacional dos Bispos do Brasil<\/em><\/p>\n","protected":false},"excerpt":{"rendered":"<p>Artigo de Dom Walmor Oliveira de Azevedo<\/p>\n","protected":false},"author":3,"featured_media":0,"comment_status":"open","ping_status":"open","sticky":false,"template":"","format":"standard","meta":{"footnotes":""},"categories":[26],"tags":[271],"yoast_head":"<!-- This site is optimized with the Yoast SEO plugin v19.4 - https:\/\/yoast.com\/wordpress\/plugins\/seo\/ -->\n<title>A voz e a Palavra - Vida Crist\u00e3 - Franciscanos<\/title>\n<meta name=\"robots\" content=\"index, follow, max-snippet:-1, max-image-preview:large, max-video-preview:-1\" \/>\n<link rel=\"canonical\" href=\"https:\/\/franciscanos.org.br\/vidacrista\/a-voz-e-a-palavra\/\" \/>\n<meta property=\"og:locale\" content=\"pt_BR\" \/>\n<meta property=\"og:type\" content=\"article\" \/>\n<meta property=\"og:title\" content=\"A voz e a Palavra - Vida Crist\u00e3 - Franciscanos\" \/>\n<meta property=\"og:description\" content=\"Artigo de Dom Walmor Oliveira de Azevedo\" \/>\n<meta property=\"og:url\" content=\"https:\/\/franciscanos.org.br\/vidacrista\/a-voz-e-a-palavra\/\" \/>\n<meta property=\"og:site_name\" content=\"Vida Crist\u00e3 - Franciscanos\" \/>\n<meta property=\"article:published_time\" content=\"2022-12-19T10:39:42+00:00\" \/>\n<meta property=\"og:image\" content=\"https:\/\/franciscanos.org.br\/vidacrista\/wp-content\/uploads\/2022\/12\/presepio_19.jpg\" \/>\n<meta name=\"author\" content=\"moacir\" \/>\n<meta name=\"twitter:card\" content=\"summary_large_image\" \/>\n<meta name=\"twitter:label1\" content=\"Escrito por\" \/>\n\t<meta name=\"twitter:data1\" content=\"moacir\" \/>\n\t<meta name=\"twitter:label2\" content=\"Est. tempo de leitura\" \/>\n\t<meta name=\"twitter:data2\" content=\"5 minutos\" \/>\n<script type=\"application\/ld+json\" class=\"yoast-schema-graph\">{\"@context\":\"https:\/\/schema.org\",\"@graph\":[{\"@type\":\"WebSite\",\"@id\":\"https:\/\/franciscanos.org.br\/vidacrista\/#website\",\"url\":\"https:\/\/franciscanos.org.br\/vidacrista\/\",\"name\":\"Vida Crist\u00e3 - Franciscanos\",\"description\":\"Prov\u00edncia Franciscana da Imaculada Concei\u00e7\u00e3o do Brasil - Ordem dos Frades Menores\",\"potentialAction\":[{\"@type\":\"SearchAction\",\"target\":{\"@type\":\"EntryPoint\",\"urlTemplate\":\"https:\/\/franciscanos.org.br\/vidacrista\/?s={search_term_string}\"},\"query-input\":\"required name=search_term_string\"}],\"inLanguage\":\"pt-BR\"},{\"@type\":\"WebPage\",\"@id\":\"https:\/\/franciscanos.org.br\/vidacrista\/a-voz-e-a-palavra\/\",\"url\":\"https:\/\/franciscanos.org.br\/vidacrista\/a-voz-e-a-palavra\/\",\"name\":\"A voz e a Palavra - Vida Crist\u00e3 - Franciscanos\",\"isPartOf\":{\"@id\":\"https:\/\/franciscanos.org.br\/vidacrista\/#website\"},\"datePublished\":\"2022-12-19T10:39:42+00:00\",\"dateModified\":\"2022-12-19T10:39:42+00:00\",\"author\":{\"@id\":\"https:\/\/franciscanos.org.br\/vidacrista\/#\/schema\/person\/1880bdd2c350b735648725ef7614736a\"},\"breadcrumb\":{\"@id\":\"https:\/\/franciscanos.org.br\/vidacrista\/a-voz-e-a-palavra\/#breadcrumb\"},\"inLanguage\":\"pt-BR\",\"potentialAction\":[{\"@type\":\"ReadAction\",\"target\":[\"https:\/\/franciscanos.org.br\/vidacrista\/a-voz-e-a-palavra\/\"]}]},{\"@type\":\"BreadcrumbList\",\"@id\":\"https:\/\/franciscanos.org.br\/vidacrista\/a-voz-e-a-palavra\/#breadcrumb\",\"itemListElement\":[{\"@type\":\"ListItem\",\"position\":1,\"name\":\"Home\",\"item\":\"https:\/\/franciscanos.org.br\/vidacrista\/\"},{\"@type\":\"ListItem\",\"position\":2,\"name\":\"A voz e a Palavra\"}]},{\"@type\":\"Person\",\"@id\":\"https:\/\/franciscanos.org.br\/vidacrista\/#\/schema\/person\/1880bdd2c350b735648725ef7614736a\",\"name\":\"moacir\",\"image\":{\"@type\":\"ImageObject\",\"inLanguage\":\"pt-BR\",\"@id\":\"https:\/\/franciscanos.org.br\/vidacrista\/#\/schema\/person\/image\/\",\"url\":\"https:\/\/secure.gravatar.com\/avatar\/d08aa2ce4c8dd416d4479aa8536fcf64?s=96&d=mm&r=g\",\"contentUrl\":\"https:\/\/secure.gravatar.com\/avatar\/d08aa2ce4c8dd416d4479aa8536fcf64?s=96&d=mm&r=g\",\"caption\":\"moacir\"},\"url\":\"https:\/\/franciscanos.org.br\/vidacrista\/author\/moacir\/\"}]}<\/script>\n<!-- \/ Yoast SEO plugin. -->","yoast_head_json":{"title":"A voz e a Palavra - Vida Crist\u00e3 - Franciscanos","robots":{"index":"index","follow":"follow","max-snippet":"max-snippet:-1","max-image-preview":"max-image-preview:large","max-video-preview":"max-video-preview:-1"},"canonical":"https:\/\/franciscanos.org.br\/vidacrista\/a-voz-e-a-palavra\/","og_locale":"pt_BR","og_type":"article","og_title":"A voz e a Palavra - Vida Crist\u00e3 - Franciscanos","og_description":"Artigo de Dom Walmor Oliveira de Azevedo","og_url":"https:\/\/franciscanos.org.br\/vidacrista\/a-voz-e-a-palavra\/","og_site_name":"Vida Crist\u00e3 - Franciscanos","article_published_time":"2022-12-19T10:39:42+00:00","og_image":[{"url":"https:\/\/franciscanos.org.br\/vidacrista\/wp-content\/uploads\/2022\/12\/presepio_19.jpg"}],"author":"moacir","twitter_card":"summary_large_image","twitter_misc":{"Escrito por":"moacir","Est. tempo de leitura":"5 minutos"},"schema":{"@context":"https:\/\/schema.org","@graph":[{"@type":"WebSite","@id":"https:\/\/franciscanos.org.br\/vidacrista\/#website","url":"https:\/\/franciscanos.org.br\/vidacrista\/","name":"Vida Crist\u00e3 - Franciscanos","description":"Prov\u00edncia Franciscana da Imaculada Concei\u00e7\u00e3o do Brasil - Ordem dos Frades Menores","potentialAction":[{"@type":"SearchAction","target":{"@type":"EntryPoint","urlTemplate":"https:\/\/franciscanos.org.br\/vidacrista\/?s={search_term_string}"},"query-input":"required name=search_term_string"}],"inLanguage":"pt-BR"},{"@type":"WebPage","@id":"https:\/\/franciscanos.org.br\/vidacrista\/a-voz-e-a-palavra\/","url":"https:\/\/franciscanos.org.br\/vidacrista\/a-voz-e-a-palavra\/","name":"A voz e a Palavra - Vida Crist\u00e3 - Franciscanos","isPartOf":{"@id":"https:\/\/franciscanos.org.br\/vidacrista\/#website"},"datePublished":"2022-12-19T10:39:42+00:00","dateModified":"2022-12-19T10:39:42+00:00","author":{"@id":"https:\/\/franciscanos.org.br\/vidacrista\/#\/schema\/person\/1880bdd2c350b735648725ef7614736a"},"breadcrumb":{"@id":"https:\/\/franciscanos.org.br\/vidacrista\/a-voz-e-a-palavra\/#breadcrumb"},"inLanguage":"pt-BR","potentialAction":[{"@type":"ReadAction","target":["https:\/\/franciscanos.org.br\/vidacrista\/a-voz-e-a-palavra\/"]}]},{"@type":"BreadcrumbList","@id":"https:\/\/franciscanos.org.br\/vidacrista\/a-voz-e-a-palavra\/#breadcrumb","itemListElement":[{"@type":"ListItem","position":1,"name":"Home","item":"https:\/\/franciscanos.org.br\/vidacrista\/"},{"@type":"ListItem","position":2,"name":"A voz e a Palavra"}]},{"@type":"Person","@id":"https:\/\/franciscanos.org.br\/vidacrista\/#\/schema\/person\/1880bdd2c350b735648725ef7614736a","name":"moacir","image":{"@type":"ImageObject","inLanguage":"pt-BR","@id":"https:\/\/franciscanos.org.br\/vidacrista\/#\/schema\/person\/image\/","url":"https:\/\/secure.gravatar.com\/avatar\/d08aa2ce4c8dd416d4479aa8536fcf64?s=96&d=mm&r=g","contentUrl":"https:\/\/secure.gravatar.com\/avatar\/d08aa2ce4c8dd416d4479aa8536fcf64?s=96&d=mm&r=g","caption":"moacir"},"url":"https:\/\/franciscanos.org.br\/vidacrista\/author\/moacir\/"}]}},"_links":{"self":[{"href":"https:\/\/franciscanos.org.br\/vidacrista\/wp-json\/wp\/v2\/posts\/192773"}],"collection":[{"href":"https:\/\/franciscanos.org.br\/vidacrista\/wp-json\/wp\/v2\/posts"}],"about":[{"href":"https:\/\/franciscanos.org.br\/vidacrista\/wp-json\/wp\/v2\/types\/post"}],"author":[{"embeddable":true,"href":"https:\/\/franciscanos.org.br\/vidacrista\/wp-json\/wp\/v2\/users\/3"}],"replies":[{"embeddable":true,"href":"https:\/\/franciscanos.org.br\/vidacrista\/wp-json\/wp\/v2\/comments?post=192773"}],"version-history":[{"count":1,"href":"https:\/\/franciscanos.org.br\/vidacrista\/wp-json\/wp\/v2\/posts\/192773\/revisions"}],"predecessor-version":[{"id":192775,"href":"https:\/\/franciscanos.org.br\/vidacrista\/wp-json\/wp\/v2\/posts\/192773\/revisions\/192775"}],"wp:attachment":[{"href":"https:\/\/franciscanos.org.br\/vidacrista\/wp-json\/wp\/v2\/media?parent=192773"}],"wp:term":[{"taxonomy":"category","embeddable":true,"href":"https:\/\/franciscanos.org.br\/vidacrista\/wp-json\/wp\/v2\/categories?post=192773"},{"taxonomy":"post_tag","embeddable":true,"href":"https:\/\/franciscanos.org.br\/vidacrista\/wp-json\/wp\/v2\/tags?post=192773"}],"curies":[{"name":"wp","href":"https:\/\/api.w.org\/{rel}","templated":true}]}}