{"id":192766,"date":"2022-12-16T12:04:34","date_gmt":"2022-12-16T15:04:34","guid":{"rendered":"https:\/\/franciscanos.org.br\/vidacrista\/?p=192766"},"modified":"2022-12-16T15:25:00","modified_gmt":"2022-12-16T18:25:00","slug":"isaias-o-profeto-luz-das-nacoes-is-561-3a-6-8-e-a-picanha-folheada-a-ouro-no-encontro-das-nacoes","status":"publish","type":"post","link":"https:\/\/franciscanos.org.br\/vidacrista\/isaias-o-profeto-luz-das-nacoes-is-561-3a-6-8-e-a-picanha-folheada-a-ouro-no-encontro-das-nacoes\/","title":{"rendered":"Isa\u00edas, o projeto \u201cLuz das Na\u00e7\u00f5es\u201d (Is 56,1-3a.6-8) e a picanha folheada a ouro no encontro das na\u00e7\u00f5es!"},"content":{"rendered":"<div id=\"attachment_192767\" style=\"width: 850px\" class=\"wp-caption alignnone\"><img aria-describedby=\"caption-attachment-192767\" decoding=\"async\" loading=\"lazy\" class=\"wp-image-192767 size-full\" src=\"https:\/\/franciscanos.org.br\/vidacrista\/wp-content\/uploads\/2022\/12\/artigo_16.jpg\" alt=\"\" width=\"840\" height=\"450\" srcset=\"https:\/\/franciscanos.org.br\/vidacrista\/wp-content\/uploads\/2022\/12\/artigo_16.jpg 840w, https:\/\/franciscanos.org.br\/vidacrista\/wp-content\/uploads\/2022\/12\/artigo_16-450x241.jpg 450w, https:\/\/franciscanos.org.br\/vidacrista\/wp-content\/uploads\/2022\/12\/artigo_16-768x411.jpg 768w, https:\/\/franciscanos.org.br\/vidacrista\/wp-content\/uploads\/2022\/12\/artigo_16-150x80.jpg 150w\" sizes=\"(max-width: 840px) 100vw, 840px\" \/><p id=\"caption-attachment-192767\" class=\"wp-caption-text\"><em>Afresco de Michelangelo, na Capela Sistina (dom\u00ednio p\u00fablico, Wikip\u00e9dia)<\/em><\/p><\/div>\n<p><em>Frei Jacir de Freitas Faria<\/em> <a href=\"#_ftn1\" name=\"_ftnref1\">[1]<\/a><\/p>\n<p>O texto sobre o qual vamos refletir hoje \u00e9 Isa\u00edas 56,1-3a.6-8. Trata-se da profecia de Isa\u00edas sobre a proximidade da salva\u00e7\u00e3o e a manifesta\u00e7\u00e3o da justi\u00e7a de Deus. Isa\u00edas condiciona esse acontecimento ao cumprimento da justi\u00e7a, o guardar o s\u00e1bado e acolhimento dos estrangeiros na vida do povo eleito, que \u00e9 chamado a ser luz para todas as na\u00e7\u00f5es.<\/p>\n<p>O livro de Isaias est\u00e1 dividido em tr\u00eas partes (1Is 1\u201439; 2Is 40\u201455 e 3Is 56\u201466), cada uma delas escrita por tr\u00eas autores distintos e em \u00e9pocas diferentes. Podemos falar de Primeiro, Segundo e Terceiro Isa\u00edas. Portanto, o nome<em> Isa\u00edas, que em hebraico significa \u201cO Senhor \u00e9 a Salva\u00e7\u00e3o\u201d, re\u00fane em torno de si uma escola prof\u00e9tica.<\/em><\/p>\n<p><iframe loading=\"lazy\" title=\"YouTube video player\" src=\"https:\/\/www.youtube.com\/embed\/9WegP6MD9vA\" width=\"100%\" height=\"500\" frameborder=\"0\" allowfullscreen=\"allowfullscreen\"><span data-mce-type=\"bookmark\" style=\"display: inline-block; width: 0px; overflow: hidden; line-height: 0;\" class=\"mce_SELRES_start\">\ufeff<\/span><\/iframe><\/p>\n<p>A passagem de Is 56,1-3a.6-8 est\u00e1 situada no contexto do Ex\u00edlio Babil\u00f4nico (597-536 a.E.C.), quando as lideran\u00e7as do povo de Deus, do reino de Jud\u00e1, estiveram exiladas por cinquenta anos na Babil\u00f4nia. J\u00e1 no fim desse ex\u00edlio, quando o rei da P\u00e9rsia, Ciro I, invadiu a Babil\u00f4nia e decretou um edito permitindo a volta do povo de Deus, da Babil\u00f4nia para Jud\u00e1, a euforia tomou conta do povo (2Cr 36,22-23; Es 1,1-4). Alguns, no entanto, n\u00e3o quiseram voltar. Foi desse modo, que se consolidou a assim chamada \u201cDi\u00e1spora\u201d, isto \u00e9: os judeus que viviam fora de Israel ou dispersos pelo mundo.<\/p>\n<p>Podemos identificar no fim do cativeiro e entre aqueles que voltaram tr\u00eas \u201cprojetos\u201d, ou melhor, tr\u00eas \u201ctend\u00eancias\u201d que se misturavam entre o povo desejoso de recome\u00e7ar a sua hist\u00f3ria na sua p\u00e1tria. Podemos destacar tr\u00eas tend\u00eancias principais: 1) Restaurar a monarquia, o templo e Jerusal\u00e9m; 2) Reorganizar a Lei e o povo, formando uma ra\u00e7a pura, sem presen\u00e7a de estrangeiros; 3) Renovar (Luz das Na\u00e7\u00f5es), atualizar as leis para coloc\u00e1-las a servi\u00e7o do povo. Os dois primeiros projetos foram levados a cabo por Esdras e Neemias. J\u00e1 o terceiro teve como mentores o Segundo e Terceiro Isa\u00edas. O seu apogeu foi nos anos 520 a 445 a.E.C.<\/p>\n<p>Na verdade, esses projetos podem ser reduzidos a dois esquemas de pensamento:<a href=\"#_ftn2\" name=\"_ftnref2\">[2]<\/a> 1) Ler o presente \u00e0 luz do passado (restaurar); 2. Ler o passado \u00e0 luz do presente (renovar). A corrente que predominou, at\u00e9 chegar a ser a hegem\u00f4nica, foi a de restaurar. O projeto \u201cLuz das Na\u00e7\u00f5es\u201d prop\u00f4s uma nova experi\u00eancia de Deus a partir da viv\u00eancia no ex\u00edlio. Novas caracter\u00edsticas de Deus foram descobertas a partir da rela\u00e7\u00e3o paterna e materna com Ele. Deus revelou o seu rosto de Pai, M\u00e3e e Esposo. O Deus \u201cLibertador\u201d da sa\u00edda do Egito n\u00e3o era mais de um cl\u00e3, de um grupo de fam\u00edlias, mas de todos os que estavam no ex\u00edlio. Somente Deus seria capaz de renovar o povo por dentro. Sem essa experi\u00eancia n\u00e3o seria poss\u00edvel a renova\u00e7\u00e3o. Com essa nova vis\u00e3o de Deus, o povo releu a sua hist\u00f3ria, o seu passado, e projetou um futuro diferente. Se todos os valores e s\u00edmbolos do povo foram destru\u00eddos no ex\u00edlio, o grupo do projeto \u201cLuz das Na\u00e7\u00f5es\u201d soube, com criatividade e profundidade, reler as tradi\u00e7\u00f5es e dar-lhes um novo valor. O povo n\u00e3o mais poderia se ver como o \u00fanico que exclu\u00eda outros povos. Is 56, 3-7 diz que o povo deveria ter uma mentalidade aberta, ecum\u00eanica, pois \u00e9 Deus mesmo que convida todos os povos. Nada de privil\u00e9gios para o povo de Israel. Isso foi muito inovador para a mentalidade judaica.<\/p>\n<p>O terceiro Isa\u00edas denunciou o enriquecimento de alguns (56,11), os chefes do povo (56,9-12), a idolatria (57,3-13) e o Templo. Ele prop\u00f4s como solu\u00e7\u00e3o o compromisso do povo com a justi\u00e7a e com o direito (56,1), assim como considerar os estrangeiros convertidos como membros da religi\u00e3o judaica (56,4-6). J\u00e1 o sacerd\u00f3cio judeu deveria se abrir a todos e n\u00e3o se aliar ao imp\u00e9rio persa (66), bem como o s\u00e1bado n\u00e3o podia ser violado. Por fim, um julgamento divino aconteceria de forma terr\u00edvel (63; 65).<\/p>\n<p>Neemias, judeu nascido na Babil\u00f4nia, n\u00e3o queria voltar para Jud\u00e1, mas se preocupava com a situa\u00e7\u00e3o dos judeus libertados e com Jerusal\u00e9m. Assim como Neemias, muitos judeus da di\u00e1spora se preocupavam com a situa\u00e7\u00e3o de Jerusal\u00e9m, a cidade s\u00edmbolo para todos. Esses exerciam press\u00e3o para que ela fosse reconstru\u00edda (Nee 1,1-4).<\/p>\n<p>A situa\u00e7\u00e3o econ\u00f4mica e pol\u00edtica do povo judeu estava ruim. Os pais penhoravam os filhos para sobreviver, as terras e vinhas para pagar tributo ao rei. A situa\u00e7\u00e3o estava insuport\u00e1vel para os pobres (Nee 5,1-8). Os pobres sonhavam ainda com a volta do tribalismo, igualdade para todos. Com o projeto de restaura\u00e7\u00e3o, os que voltaram do ex\u00edlio tornaram-se ricos. O templo havia se convertido em um banco de neg\u00f3cios (Nee 13,4-5). O s\u00e1bado, dia sagrado para os judeus, come\u00e7ou a ser violado em nome de interesses comerciais (Nee 13,15-16). Por isso, Isa\u00edas insiste no guardar o s\u00e1bado.<\/p>\n<p>O projeto \u201cLuz das Na\u00e7\u00f5es\u201d era contra a proibi\u00e7\u00e3o dos casamentos mistos, isto \u00e9, com mulheres estrangeiras. Esdras havia exigido que todos abandonassem a mulheres estrangeiras para salvar a ra\u00e7a pura (Es 10,18-44). Neemias proibia tal pr\u00e1tica (Nee 13,23-24). Na verdade, os motivos do fracasso do projeto \u201cLuz das Na\u00e7\u00f5es\u201d podem ser entendidos a partir de tr\u00eas grandes pontos de vista, a saber:<\/p>\n<p>a) <strong>Ideol\u00f3gico (cultural-religioso)<\/strong><\/p>\n<p>A abertura promovida pelo projeto \u201cLuz das Na\u00e7\u00f5es\u201d fez com que o povo judeu passasse a ver os estrangeiros como irm\u00e3os de conviv\u00eancia e membros do povo eleito. Os estrangeiros podiam tamb\u00e9m ensinar culturalmente ao povo israelita. Diante desse quadro, muitos dos israelitas come\u00e7aram a se perguntar: Qual a vantagem de ser judeu se todas as religi\u00f5es s\u00e3o boas? A excessiva abertura fez com que o povo perdesse a no\u00e7\u00e3o de limites (Ml 2,17, 3, 14-15; Sl 73, 10-13).<\/p>\n<p><strong>b) Pol\u00edtico<\/strong><\/p>\n<p>O conflito entre o poder pol\u00edtico de Samaria e o de Jerusal\u00e9m provocou desaven\u00e7as entre os que permaneceram no pa\u00eds, defensores de Samaria, e os que retornaram e queriam que Jerusal\u00e9m voltasse ao seu esplendor. Em contrapartida, o imp\u00e9rio persa precisava da fidelidade e estabilidade da Palestina para controlar as revoltas no Egito.<\/p>\n<p><strong>c) Socioecon\u00f4mico<\/strong><\/p>\n<p>Em Jerusal\u00e9m existiam ricos e pobres. Com base em Dt 15 se procurou fazer uma retribaliza\u00e7\u00e3o do pa\u00eds, o que n\u00e3o foi poss\u00edvel. N\u00e3o bastavam as ideias novas, era preciso um ser humano novo tamb\u00e9m por dentro. O povo, chamado a ser \u201cLuz das Na\u00e7\u00f5es\u201d, praticava a injusti\u00e7a social, deixando de ser testemunha da Alian\u00e7a com Deus.<\/p>\n<p>Ao depararmos com a nossa realidade, quando estamos vivendo momentos \u00fanicos de disputas entre projetos pol\u00edticos de direita e de esquerda. No apogeu dos deuses do futebol, no encontro de na\u00e7\u00f5es, no rico imp\u00e9rio dos xeiques do Catar, na Pen\u00ednsula Ar\u00e1bica da \u00c1sia Continental, no Oriente M\u00e9dio, nossos atletas desdenham a fome de mais 30 milh\u00f5es de brasileiros ao se darem o luxo de pagar R$9.000,00 por uma picanha folheada a ouro de 24 quilates. Ah! Se Isa\u00edas ainda estivesse vivo! Vergonha e imoralidade! E ainda fazemos desses atletas deuses do futebol! Pena! A magia do futebol deixa de ser luz para as na\u00e7\u00f5es quando as trevas do dinheiro imperam.<\/p>\n<hr \/>\n<p><a href=\"#_ftnref1\" name=\"_ftn1\">[1]<\/a>Doutor em Teologia B\u00edblica pela FAJE (BH). Mestre em Ci\u00eancias B\u00edblicas (Exegese) pelo Pontif\u00edcio Instituto B\u00edblico de Roma. Professor de Exegese B\u00edblica. \u00c9 membro da Associa\u00e7\u00e3o Brasileira de Pesquisa B\u00edblica (ABIB). Sacerdote Franciscano. Autor de dez livros e coautor de quinze. Youtube: Frei Jacir B\u00edblia e Ap\u00f3crifos. <a href=\"https:\/\/www.youtube.com\/channel\/UCwbSE97jnR6jQwHRigX1KlQ\">https:\/\/www.youtube.com\/channel\/UCwbSE97jnR6jQwHRigX1KlQ<\/a><\/p>\n<p><a href=\"#_ftnref2\" name=\"_ftn2\">[2]<\/a> M. SCHWANTES &#8211; C. MESTERS , <em>La fuerza de yahv\u00e9 act\u00faa en la historia<\/em>. Breve hist\u00f3ria de Israel, Dabar: M\u00e9xico 1992, 75.<\/p>\n","protected":false},"excerpt":{"rendered":"<p>Artigo de Frei Jacir de Freitas Faria<\/p>\n","protected":false},"author":3,"featured_media":192767,"comment_status":"open","ping_status":"open","sticky":false,"template":"","format":"standard","meta":{"footnotes":""},"categories":[26],"tags":[43],"yoast_head":"<!-- This site is optimized with the Yoast SEO plugin v19.4 - https:\/\/yoast.com\/wordpress\/plugins\/seo\/ -->\n<title>Isa\u00edas, o projeto \u201cLuz das Na\u00e7\u00f5es\u201d (Is 56,1-3a.6-8) e a picanha folheada a ouro no encontro das na\u00e7\u00f5es! - Vida Crist\u00e3 - Franciscanos<\/title>\n<meta name=\"robots\" content=\"index, follow, max-snippet:-1, max-image-preview:large, max-video-preview:-1\" \/>\n<link rel=\"canonical\" href=\"https:\/\/franciscanos.org.br\/vidacrista\/isaias-o-profeto-luz-das-nacoes-is-561-3a-6-8-e-a-picanha-folheada-a-ouro-no-encontro-das-nacoes\/\" \/>\n<meta property=\"og:locale\" content=\"pt_BR\" \/>\n<meta property=\"og:type\" content=\"article\" \/>\n<meta property=\"og:title\" content=\"Isa\u00edas, o projeto \u201cLuz das Na\u00e7\u00f5es\u201d (Is 56,1-3a.6-8) e a picanha folheada a ouro no encontro das na\u00e7\u00f5es! - Vida Crist\u00e3 - Franciscanos\" \/>\n<meta property=\"og:description\" content=\"Artigo de Frei Jacir de Freitas Faria\" \/>\n<meta property=\"og:url\" content=\"https:\/\/franciscanos.org.br\/vidacrista\/isaias-o-profeto-luz-das-nacoes-is-561-3a-6-8-e-a-picanha-folheada-a-ouro-no-encontro-das-nacoes\/\" \/>\n<meta property=\"og:site_name\" content=\"Vida Crist\u00e3 - Franciscanos\" \/>\n<meta property=\"article:published_time\" content=\"2022-12-16T15:04:34+00:00\" \/>\n<meta property=\"article:modified_time\" content=\"2022-12-16T18:25:00+00:00\" \/>\n<meta property=\"og:image\" content=\"https:\/\/franciscanos.org.br\/vidacrista\/wp-content\/uploads\/2022\/12\/artigo_16.jpg\" \/>\n\t<meta property=\"og:image:width\" content=\"840\" \/>\n\t<meta property=\"og:image:height\" content=\"450\" \/>\n\t<meta property=\"og:image:type\" content=\"image\/jpeg\" \/>\n<meta name=\"author\" content=\"moacir\" \/>\n<meta name=\"twitter:card\" content=\"summary_large_image\" \/>\n<meta name=\"twitter:label1\" content=\"Escrito por\" \/>\n\t<meta name=\"twitter:data1\" content=\"moacir\" \/>\n\t<meta name=\"twitter:label2\" content=\"Est. tempo de leitura\" \/>\n\t<meta name=\"twitter:data2\" content=\"8 minutos\" \/>\n<script type=\"application\/ld+json\" class=\"yoast-schema-graph\">{\"@context\":\"https:\/\/schema.org\",\"@graph\":[{\"@type\":\"WebSite\",\"@id\":\"https:\/\/franciscanos.org.br\/vidacrista\/#website\",\"url\":\"https:\/\/franciscanos.org.br\/vidacrista\/\",\"name\":\"Vida Crist\u00e3 - Franciscanos\",\"description\":\"Prov\u00edncia Franciscana da Imaculada Concei\u00e7\u00e3o do Brasil - Ordem dos Frades Menores\",\"potentialAction\":[{\"@type\":\"SearchAction\",\"target\":{\"@type\":\"EntryPoint\",\"urlTemplate\":\"https:\/\/franciscanos.org.br\/vidacrista\/?s={search_term_string}\"},\"query-input\":\"required name=search_term_string\"}],\"inLanguage\":\"pt-BR\"},{\"@type\":\"WebPage\",\"@id\":\"https:\/\/franciscanos.org.br\/vidacrista\/isaias-o-profeto-luz-das-nacoes-is-561-3a-6-8-e-a-picanha-folheada-a-ouro-no-encontro-das-nacoes\/\",\"url\":\"https:\/\/franciscanos.org.br\/vidacrista\/isaias-o-profeto-luz-das-nacoes-is-561-3a-6-8-e-a-picanha-folheada-a-ouro-no-encontro-das-nacoes\/\",\"name\":\"Isa\u00edas, o projeto \u201cLuz das Na\u00e7\u00f5es\u201d (Is 56,1-3a.6-8) e a picanha folheada a ouro no encontro das na\u00e7\u00f5es! - Vida Crist\u00e3 - Franciscanos\",\"isPartOf\":{\"@id\":\"https:\/\/franciscanos.org.br\/vidacrista\/#website\"},\"datePublished\":\"2022-12-16T15:04:34+00:00\",\"dateModified\":\"2022-12-16T18:25:00+00:00\",\"author\":{\"@id\":\"https:\/\/franciscanos.org.br\/vidacrista\/#\/schema\/person\/1880bdd2c350b735648725ef7614736a\"},\"breadcrumb\":{\"@id\":\"https:\/\/franciscanos.org.br\/vidacrista\/isaias-o-profeto-luz-das-nacoes-is-561-3a-6-8-e-a-picanha-folheada-a-ouro-no-encontro-das-nacoes\/#breadcrumb\"},\"inLanguage\":\"pt-BR\",\"potentialAction\":[{\"@type\":\"ReadAction\",\"target\":[\"https:\/\/franciscanos.org.br\/vidacrista\/isaias-o-profeto-luz-das-nacoes-is-561-3a-6-8-e-a-picanha-folheada-a-ouro-no-encontro-das-nacoes\/\"]}]},{\"@type\":\"BreadcrumbList\",\"@id\":\"https:\/\/franciscanos.org.br\/vidacrista\/isaias-o-profeto-luz-das-nacoes-is-561-3a-6-8-e-a-picanha-folheada-a-ouro-no-encontro-das-nacoes\/#breadcrumb\",\"itemListElement\":[{\"@type\":\"ListItem\",\"position\":1,\"name\":\"Home\",\"item\":\"https:\/\/franciscanos.org.br\/vidacrista\/\"},{\"@type\":\"ListItem\",\"position\":2,\"name\":\"Isa\u00edas, o projeto \u201cLuz das Na\u00e7\u00f5es\u201d (Is 56,1-3a.6-8) e a picanha folheada a ouro no encontro das na\u00e7\u00f5es!\"}]},{\"@type\":\"Person\",\"@id\":\"https:\/\/franciscanos.org.br\/vidacrista\/#\/schema\/person\/1880bdd2c350b735648725ef7614736a\",\"name\":\"moacir\",\"image\":{\"@type\":\"ImageObject\",\"inLanguage\":\"pt-BR\",\"@id\":\"https:\/\/franciscanos.org.br\/vidacrista\/#\/schema\/person\/image\/\",\"url\":\"https:\/\/secure.gravatar.com\/avatar\/d08aa2ce4c8dd416d4479aa8536fcf64?s=96&d=mm&r=g\",\"contentUrl\":\"https:\/\/secure.gravatar.com\/avatar\/d08aa2ce4c8dd416d4479aa8536fcf64?s=96&d=mm&r=g\",\"caption\":\"moacir\"},\"url\":\"https:\/\/franciscanos.org.br\/vidacrista\/author\/moacir\/\"}]}<\/script>\n<!-- \/ Yoast SEO plugin. -->","yoast_head_json":{"title":"Isa\u00edas, o projeto \u201cLuz das Na\u00e7\u00f5es\u201d (Is 56,1-3a.6-8) e a picanha folheada a ouro no encontro das na\u00e7\u00f5es! - Vida Crist\u00e3 - Franciscanos","robots":{"index":"index","follow":"follow","max-snippet":"max-snippet:-1","max-image-preview":"max-image-preview:large","max-video-preview":"max-video-preview:-1"},"canonical":"https:\/\/franciscanos.org.br\/vidacrista\/isaias-o-profeto-luz-das-nacoes-is-561-3a-6-8-e-a-picanha-folheada-a-ouro-no-encontro-das-nacoes\/","og_locale":"pt_BR","og_type":"article","og_title":"Isa\u00edas, o projeto \u201cLuz das Na\u00e7\u00f5es\u201d (Is 56,1-3a.6-8) e a picanha folheada a ouro no encontro das na\u00e7\u00f5es! - Vida Crist\u00e3 - Franciscanos","og_description":"Artigo de Frei Jacir de Freitas Faria","og_url":"https:\/\/franciscanos.org.br\/vidacrista\/isaias-o-profeto-luz-das-nacoes-is-561-3a-6-8-e-a-picanha-folheada-a-ouro-no-encontro-das-nacoes\/","og_site_name":"Vida Crist\u00e3 - Franciscanos","article_published_time":"2022-12-16T15:04:34+00:00","article_modified_time":"2022-12-16T18:25:00+00:00","og_image":[{"width":840,"height":450,"url":"https:\/\/franciscanos.org.br\/vidacrista\/wp-content\/uploads\/2022\/12\/artigo_16.jpg","type":"image\/jpeg"}],"author":"moacir","twitter_card":"summary_large_image","twitter_misc":{"Escrito por":"moacir","Est. tempo de leitura":"8 minutos"},"schema":{"@context":"https:\/\/schema.org","@graph":[{"@type":"WebSite","@id":"https:\/\/franciscanos.org.br\/vidacrista\/#website","url":"https:\/\/franciscanos.org.br\/vidacrista\/","name":"Vida Crist\u00e3 - Franciscanos","description":"Prov\u00edncia Franciscana da Imaculada Concei\u00e7\u00e3o do Brasil - Ordem dos Frades Menores","potentialAction":[{"@type":"SearchAction","target":{"@type":"EntryPoint","urlTemplate":"https:\/\/franciscanos.org.br\/vidacrista\/?s={search_term_string}"},"query-input":"required name=search_term_string"}],"inLanguage":"pt-BR"},{"@type":"WebPage","@id":"https:\/\/franciscanos.org.br\/vidacrista\/isaias-o-profeto-luz-das-nacoes-is-561-3a-6-8-e-a-picanha-folheada-a-ouro-no-encontro-das-nacoes\/","url":"https:\/\/franciscanos.org.br\/vidacrista\/isaias-o-profeto-luz-das-nacoes-is-561-3a-6-8-e-a-picanha-folheada-a-ouro-no-encontro-das-nacoes\/","name":"Isa\u00edas, o projeto \u201cLuz das Na\u00e7\u00f5es\u201d (Is 56,1-3a.6-8) e a picanha folheada a ouro no encontro das na\u00e7\u00f5es! - Vida Crist\u00e3 - Franciscanos","isPartOf":{"@id":"https:\/\/franciscanos.org.br\/vidacrista\/#website"},"datePublished":"2022-12-16T15:04:34+00:00","dateModified":"2022-12-16T18:25:00+00:00","author":{"@id":"https:\/\/franciscanos.org.br\/vidacrista\/#\/schema\/person\/1880bdd2c350b735648725ef7614736a"},"breadcrumb":{"@id":"https:\/\/franciscanos.org.br\/vidacrista\/isaias-o-profeto-luz-das-nacoes-is-561-3a-6-8-e-a-picanha-folheada-a-ouro-no-encontro-das-nacoes\/#breadcrumb"},"inLanguage":"pt-BR","potentialAction":[{"@type":"ReadAction","target":["https:\/\/franciscanos.org.br\/vidacrista\/isaias-o-profeto-luz-das-nacoes-is-561-3a-6-8-e-a-picanha-folheada-a-ouro-no-encontro-das-nacoes\/"]}]},{"@type":"BreadcrumbList","@id":"https:\/\/franciscanos.org.br\/vidacrista\/isaias-o-profeto-luz-das-nacoes-is-561-3a-6-8-e-a-picanha-folheada-a-ouro-no-encontro-das-nacoes\/#breadcrumb","itemListElement":[{"@type":"ListItem","position":1,"name":"Home","item":"https:\/\/franciscanos.org.br\/vidacrista\/"},{"@type":"ListItem","position":2,"name":"Isa\u00edas, o projeto \u201cLuz das Na\u00e7\u00f5es\u201d (Is 56,1-3a.6-8) e a picanha folheada a ouro no encontro das na\u00e7\u00f5es!"}]},{"@type":"Person","@id":"https:\/\/franciscanos.org.br\/vidacrista\/#\/schema\/person\/1880bdd2c350b735648725ef7614736a","name":"moacir","image":{"@type":"ImageObject","inLanguage":"pt-BR","@id":"https:\/\/franciscanos.org.br\/vidacrista\/#\/schema\/person\/image\/","url":"https:\/\/secure.gravatar.com\/avatar\/d08aa2ce4c8dd416d4479aa8536fcf64?s=96&d=mm&r=g","contentUrl":"https:\/\/secure.gravatar.com\/avatar\/d08aa2ce4c8dd416d4479aa8536fcf64?s=96&d=mm&r=g","caption":"moacir"},"url":"https:\/\/franciscanos.org.br\/vidacrista\/author\/moacir\/"}]}},"_links":{"self":[{"href":"https:\/\/franciscanos.org.br\/vidacrista\/wp-json\/wp\/v2\/posts\/192766"}],"collection":[{"href":"https:\/\/franciscanos.org.br\/vidacrista\/wp-json\/wp\/v2\/posts"}],"about":[{"href":"https:\/\/franciscanos.org.br\/vidacrista\/wp-json\/wp\/v2\/types\/post"}],"author":[{"embeddable":true,"href":"https:\/\/franciscanos.org.br\/vidacrista\/wp-json\/wp\/v2\/users\/3"}],"replies":[{"embeddable":true,"href":"https:\/\/franciscanos.org.br\/vidacrista\/wp-json\/wp\/v2\/comments?post=192766"}],"version-history":[{"count":5,"href":"https:\/\/franciscanos.org.br\/vidacrista\/wp-json\/wp\/v2\/posts\/192766\/revisions"}],"predecessor-version":[{"id":192772,"href":"https:\/\/franciscanos.org.br\/vidacrista\/wp-json\/wp\/v2\/posts\/192766\/revisions\/192772"}],"wp:featuredmedia":[{"embeddable":true,"href":"https:\/\/franciscanos.org.br\/vidacrista\/wp-json\/wp\/v2\/media\/192767"}],"wp:attachment":[{"href":"https:\/\/franciscanos.org.br\/vidacrista\/wp-json\/wp\/v2\/media?parent=192766"}],"wp:term":[{"taxonomy":"category","embeddable":true,"href":"https:\/\/franciscanos.org.br\/vidacrista\/wp-json\/wp\/v2\/categories?post=192766"},{"taxonomy":"post_tag","embeddable":true,"href":"https:\/\/franciscanos.org.br\/vidacrista\/wp-json\/wp\/v2\/tags?post=192766"}],"curies":[{"name":"wp","href":"https:\/\/api.w.org\/{rel}","templated":true}]}}