{"id":192748,"date":"2022-12-11T06:33:15","date_gmt":"2022-12-11T09:33:15","guid":{"rendered":"https:\/\/franciscanos.org.br\/vidacrista\/?p=192748"},"modified":"2022-12-11T06:33:15","modified_gmt":"2022-12-11T09:33:15","slug":"etapas-da-agressividade-ecologica-do-ser-humano-contra-a-terra","status":"publish","type":"post","link":"https:\/\/franciscanos.org.br\/vidacrista\/etapas-da-agressividade-ecologica-do-ser-humano-contra-a-terra\/","title":{"rendered":"Etapas da agressividade ecol\u00f3gica do ser humano contra a Terra"},"content":{"rendered":"<div id=\"attachment_192749\" style=\"width: 850px\" class=\"wp-caption alignnone\"><img aria-describedby=\"caption-attachment-192749\" decoding=\"async\" loading=\"lazy\" class=\"wp-image-192749 size-full\" src=\"https:\/\/franciscanos.org.br\/vidacrista\/wp-content\/uploads\/2022\/12\/artigo_11.png\" alt=\"\" width=\"840\" height=\"450\" srcset=\"https:\/\/franciscanos.org.br\/vidacrista\/wp-content\/uploads\/2022\/12\/artigo_11.png 840w, https:\/\/franciscanos.org.br\/vidacrista\/wp-content\/uploads\/2022\/12\/artigo_11-450x241.png 450w, https:\/\/franciscanos.org.br\/vidacrista\/wp-content\/uploads\/2022\/12\/artigo_11-768x411.png 768w, https:\/\/franciscanos.org.br\/vidacrista\/wp-content\/uploads\/2022\/12\/artigo_11-150x80.png 150w\" sizes=\"(max-width: 840px) 100vw, 840px\" \/><p id=\"caption-attachment-192749\" class=\"wp-caption-text\">\u00a0 \u00a0 \u00a0 \u00a0 \u00a0 \u00a0 \u00a0 \u00a0 \u00a0 \u00a0 \u00a0 \u00a0 \u00a0 \u00a0 \u00a0 \u00a0 \u00a0 \u00a0 \u00a0 \u00a0 \u00a0 \u00a0 \u00a0 \u00a0 \u00a0 \u00a0 \u00a0 \u00a0 \u00a0 \u00a0 \u00a0 \u00a0 \u00a0 \u00a0 \u00a0 \u00a0 \u00a0 \u00a0 <em>Imagem ilustrativa: Canv<\/em>a (<a href=\"http:\/\/www.canva.com\/pt_br\/modelos)\">www.canva.com\/pt_br\/modelos)<\/a><\/p><\/div>\n<p><strong>Leonardo Boff<\/strong><\/p>\n<p>Se reduzirmos os 13,7 bilh\u00f5es de anos da exist\u00eancia do universo a apenas um ano, o ser humano atual, <em>sapiens sapiens,<\/em> surgiu no processo da evolu\u00e7\u00e3o no dia 31 de dezembro, \u00e0s 23 horas, 58 minutos e 10 segundos, consoante c\u00e1lculos de v\u00e1rios cosm\u00f3logos. Portanto, aparecemos em menos de um minuto do final ano c\u00f3smico. Qual o sentido de termos chegado t\u00e3o tarde no processo cosmog\u00eanico? Para coroar tal processo ou para destrui-lo? Essa \u00e9 uma quest\u00e3o aberta.O que podemos constatar \u00e9 a nossa crescente destrutividade do meio no qual vivemos, da natureza e da nossa Casa Comum. Vejamos algumas etapas de nossa agressividade. Ela nos deixa interroga\u00e7\u00f5es inquietantes.<\/p>\n<ol>\n<li><strong>A intera\u00e7\u00e3o com a natureza<\/strong><\/li>\n<\/ol>\n<p>No in\u00edcio, nossos ancestrais que se perdem na penumbra dos tempos imemoriais, tinham uma rela\u00e7\u00e3o harmoniosa com a natureza. Entretinham uma <strong>intera\u00e7\u00e3o<\/strong> n\u00e3o destrutiva: tomavam o que a natureza fartamente lhes oferecia. Esse tempo durou alguns mil\u00eanios, come\u00e7ando na \u00c1frica, onde surgiu o ser humano h\u00e1 8-9 milh\u00f5es de anos. Por isso, somos todos, de alguma forma, africanos. L\u00e1 se formaram nossas estruturas corporais, ps\u00edquicas, intelectuais e espirituais que se fazem presentes no inconsciente de todos os humanos at\u00e9 os dias atuais.<\/p>\n<p><strong>2. A interven\u00e7\u00e3o na natureza<\/strong><\/p>\n<p>H\u00e1 mais de dois milh\u00f5es de anos, irrompeu, no processo da antropog\u00eanese (a g\u00eanese do ser humano na evolu\u00e7\u00e3o), o homem h\u00e1bil (<em>homo habilis<\/em>). Aqui ocorreu uma primeira virada. Iniciou-se aquilo que culminou de forma extrema nos dias atuais.<\/p>\n<p>O homem h\u00e1bil inventou instrumentos com os quais operava uma <strong>interven\u00e7\u00e3o<\/strong> na natureza: um pau pontiagudo, uma pedra afiada e outros recursos semelhantes. N\u00e3o bastava o que a natureza lhe oferecia espontaneamente. Com a <strong>interven\u00e7\u00e3o<\/strong>, ele podia ferir e matar um animal com a ponta agu\u00e7ada de um pau ou podia cortar plantas com instrumentos afiado de pedra.<\/p>\n<p>Essa <strong>interven\u00e7\u00e3o<\/strong> durou mil\u00eanios. Mas com a introdu\u00e7\u00e3o da agricultura e da irriga\u00e7\u00e3o se desenvolveu muito mais intensamente Isso ocorreu por volta de 10-12 mil atr\u00e1s (diferente nas v\u00e1rias regi\u00f5es), na era chamada de <em>neol\u00edtico.<\/em> Desviavam-se \u00e1guas dos rios, como o Tigre e o Eufrates no Oriente M\u00e9dio, o Nilo no Egito, o Indo e o Ganges na \u00cdndia e o Amarelo na China. Melhoravam colheitas, criavam animais e aves para serem abatidos, especialmente galinhas, porcos, bois e ovelhas. Cresceu rapidamente a popula\u00e7\u00e3o humana. \u00c9 o tempo em que os humanos deixaram de ser n\u00f4mades e se fizeram sedent\u00e1rios. Criaram vilas e cidades, geralmente, junto aos rios citados acima ou ao redor do imenso lago interno, o Amazonas que h\u00e1 milhares de anos, desaguava no Pac\u00edfico.<\/p>\n<p><strong>3. A agress\u00e3o \u00e0 natureza<\/strong><\/p>\n<p>Da <strong>interven\u00e7\u00e3o<\/strong> passou-se \u00e0 <strong>agress\u00e3o<\/strong> da natureza. Ocorreu quando se usaram instrumentos de metal, lan\u00e7as, machados e armas para matar animais e pessoas. A agress\u00e3o foi se especializando at\u00e9 culminar na era industrial do s\u00e9culo XVIII na Europa, come\u00e7ando na Inglaterra. Inventou-se um vasto maquin\u00e1rio que permitia extrair enormes riquezas da natureza. Passo decisivo na agress\u00e3o foi dado nos tempos modernos, quando surgiu a tecnoci\u00eancia com imensa capacidade de explora\u00e7\u00e3o da natureza em todos os n\u00edveis e frentes.<\/p>\n<p>Partia-se da premissa de que o ser humano sentia-se <em>\u201csenhor e dono\u201d<\/em> da natureza e n\u00e3o parte dela, A ideia-for\u00e7a que o orientou foi a <em>vontade de poder,<\/em> entendido como a <em>capacidade de dominar tudo<\/em>: outras pessoas, classes sociais, povos, continentes, a natureza, a mat\u00e9ria, a vida e a pr\u00f3pria Terra como um todo.<\/p>\n<p>O ingl\u00eas Francis Bacon expressou este prop\u00f3sito dizendo: <em>\u201dDeve-se torturar a natureza como o torturador tortura a sua v\u00edtima, at\u00e9 ela entregar todos os seus segredos\u201d.<\/em> Aqui a agress\u00e3o ganhou estatuto oficial. Foi e continua sendo aplicada at\u00e9 os dias atuais.<\/p>\n<p>Partia-se do pressupondo (falso) de que os bens naturais seriam ilimitados. Isso permitia forjar um projeto de desenvolvimento tamb\u00e9m ilimitado. Hoje sabemos que a Terra \u00e9 limitada e finita e que n\u00e3o suporta um projeto de crescimento ilimitado. Mas essa cren\u00e7a ainda \u00e9 dominante.<\/p>\n<p><strong>4.A destrui\u00e7\u00e3o da natureza<\/strong><\/p>\n<p>Nos \u00faltimos dec\u00eanios, de modo especial, depois da segunda guerra mundial (1939-1945), a sistem\u00e1tica agress\u00e3o ganhou dimens\u00f5es de verdadeira destrui\u00e7\u00e3o de ecossistemas e da biodiversidade. A pr\u00f3pria M\u00e3e Terra come\u00e7ou a ser agredida em todas as suas frentes. Para atender o atual consumo humano precisamos de uma Terra e meia, o que produz a Sobrecarga da Terra <em>(Earth Overshoot)<\/em> que neste ano ocorreu no dia 22 de julho.<\/p>\n<p>Segundo not\u00e1veis cientistas inauguramos uma nova era geol\u00f3gica, o antropoceno, no qual o ser humano emerge como a maior amea\u00e7a \u00e0 natureza e \u00e0 vida. Chegou-se ao ponto de nosso processo industrialista e o estilo consumista de vida, dizimar anualmente cerca de 100 mil organismos vivos. A partir desta verdadeira trag\u00e9dia biol\u00f3gica, fala-se do necroceno, quer dizer, a era da morte (<em>necro)<\/em> em massa de vidas da natureza e tamb\u00e9m de vidas humanas. Ecossistemas inteiros est\u00e3o sendo afetados, tamb\u00e9m o amaz\u00f4nico. Por fim, alguns j\u00e1 se referem ao piroceno (<em>Pyros<\/em> em grego \u00e9 fogo). A mudan\u00e7a do regime clim\u00e1tico, o aquecimento irrefre\u00e1vel ressecam os solos e aquecem tamb\u00e9m as pedras de tal forma que gravetos e folhas secas pegam fogo que se difunde, gerando grandes inc\u00eandios j\u00e1 vividos em toda a Europa, na Austr\u00e1lia, na Amaz\u00f4nia e em outros lugares.<\/p>\n<p>Quem deter\u00e1 o \u00edmpeto e o furor destrutivo de ser humano que j\u00e1 construiu os meios de sua pr\u00f3pria autodestrui\u00e7\u00e3o com armas qu\u00edmicas, biol\u00f3gicas e nucleares? S\u00f3 mesmo uma interven\u00e7\u00e3o divina? Deus, segundo as Escrituras, \u00e9 o Senhor da vida e o \u201camante apaixonado da vida\u201d. Ir\u00e1 intervir? As interroga\u00e7\u00f5es seguem abertas.<\/p>\n<hr \/>\n<p><strong>Leonardo Boff,<\/strong> <em>escreveu O homem sat\u00e3 ou anjo bom? Record, Rio de Janeiro 2008.<\/em><\/p>\n","protected":false},"excerpt":{"rendered":"<p>Artigo de Leonardo Boff<\/p>\n","protected":false},"author":3,"featured_media":192749,"comment_status":"open","ping_status":"open","sticky":false,"template":"","format":"standard","meta":{"footnotes":""},"categories":[26],"tags":[59],"yoast_head":"<!-- This site is optimized with the Yoast SEO plugin v19.4 - https:\/\/yoast.com\/wordpress\/plugins\/seo\/ -->\n<title>Etapas da agressividade ecol\u00f3gica do ser humano contra a Terra - Vida Crist\u00e3 - Franciscanos<\/title>\n<meta name=\"robots\" content=\"index, follow, max-snippet:-1, max-image-preview:large, max-video-preview:-1\" \/>\n<link rel=\"canonical\" href=\"https:\/\/franciscanos.org.br\/vidacrista\/etapas-da-agressividade-ecologica-do-ser-humano-contra-a-terra\/\" \/>\n<meta property=\"og:locale\" content=\"pt_BR\" \/>\n<meta property=\"og:type\" content=\"article\" \/>\n<meta property=\"og:title\" content=\"Etapas da agressividade ecol\u00f3gica do ser humano contra a Terra - Vida Crist\u00e3 - Franciscanos\" \/>\n<meta property=\"og:description\" content=\"Artigo de Leonardo Boff\" \/>\n<meta property=\"og:url\" content=\"https:\/\/franciscanos.org.br\/vidacrista\/etapas-da-agressividade-ecologica-do-ser-humano-contra-a-terra\/\" \/>\n<meta property=\"og:site_name\" content=\"Vida Crist\u00e3 - Franciscanos\" \/>\n<meta property=\"article:published_time\" content=\"2022-12-11T09:33:15+00:00\" \/>\n<meta property=\"og:image\" content=\"https:\/\/franciscanos.org.br\/vidacrista\/wp-content\/uploads\/2022\/12\/artigo_11.png\" \/>\n\t<meta property=\"og:image:width\" content=\"840\" \/>\n\t<meta property=\"og:image:height\" content=\"450\" \/>\n\t<meta property=\"og:image:type\" content=\"image\/png\" \/>\n<meta name=\"author\" content=\"moacir\" \/>\n<meta name=\"twitter:card\" content=\"summary_large_image\" \/>\n<meta name=\"twitter:label1\" content=\"Escrito por\" \/>\n\t<meta name=\"twitter:data1\" content=\"moacir\" \/>\n\t<meta name=\"twitter:label2\" content=\"Est. tempo de leitura\" \/>\n\t<meta name=\"twitter:data2\" content=\"6 minutos\" \/>\n<script type=\"application\/ld+json\" class=\"yoast-schema-graph\">{\"@context\":\"https:\/\/schema.org\",\"@graph\":[{\"@type\":\"WebSite\",\"@id\":\"https:\/\/franciscanos.org.br\/vidacrista\/#website\",\"url\":\"https:\/\/franciscanos.org.br\/vidacrista\/\",\"name\":\"Vida Crist\u00e3 - Franciscanos\",\"description\":\"Prov\u00edncia Franciscana da Imaculada Concei\u00e7\u00e3o do Brasil - Ordem dos Frades Menores\",\"potentialAction\":[{\"@type\":\"SearchAction\",\"target\":{\"@type\":\"EntryPoint\",\"urlTemplate\":\"https:\/\/franciscanos.org.br\/vidacrista\/?s={search_term_string}\"},\"query-input\":\"required name=search_term_string\"}],\"inLanguage\":\"pt-BR\"},{\"@type\":\"WebPage\",\"@id\":\"https:\/\/franciscanos.org.br\/vidacrista\/etapas-da-agressividade-ecologica-do-ser-humano-contra-a-terra\/\",\"url\":\"https:\/\/franciscanos.org.br\/vidacrista\/etapas-da-agressividade-ecologica-do-ser-humano-contra-a-terra\/\",\"name\":\"Etapas da agressividade ecol\u00f3gica do ser humano contra a Terra - Vida Crist\u00e3 - Franciscanos\",\"isPartOf\":{\"@id\":\"https:\/\/franciscanos.org.br\/vidacrista\/#website\"},\"datePublished\":\"2022-12-11T09:33:15+00:00\",\"dateModified\":\"2022-12-11T09:33:15+00:00\",\"author\":{\"@id\":\"https:\/\/franciscanos.org.br\/vidacrista\/#\/schema\/person\/1880bdd2c350b735648725ef7614736a\"},\"breadcrumb\":{\"@id\":\"https:\/\/franciscanos.org.br\/vidacrista\/etapas-da-agressividade-ecologica-do-ser-humano-contra-a-terra\/#breadcrumb\"},\"inLanguage\":\"pt-BR\",\"potentialAction\":[{\"@type\":\"ReadAction\",\"target\":[\"https:\/\/franciscanos.org.br\/vidacrista\/etapas-da-agressividade-ecologica-do-ser-humano-contra-a-terra\/\"]}]},{\"@type\":\"BreadcrumbList\",\"@id\":\"https:\/\/franciscanos.org.br\/vidacrista\/etapas-da-agressividade-ecologica-do-ser-humano-contra-a-terra\/#breadcrumb\",\"itemListElement\":[{\"@type\":\"ListItem\",\"position\":1,\"name\":\"Home\",\"item\":\"https:\/\/franciscanos.org.br\/vidacrista\/\"},{\"@type\":\"ListItem\",\"position\":2,\"name\":\"Etapas da agressividade ecol\u00f3gica do ser humano contra a Terra\"}]},{\"@type\":\"Person\",\"@id\":\"https:\/\/franciscanos.org.br\/vidacrista\/#\/schema\/person\/1880bdd2c350b735648725ef7614736a\",\"name\":\"moacir\",\"image\":{\"@type\":\"ImageObject\",\"inLanguage\":\"pt-BR\",\"@id\":\"https:\/\/franciscanos.org.br\/vidacrista\/#\/schema\/person\/image\/\",\"url\":\"https:\/\/secure.gravatar.com\/avatar\/d08aa2ce4c8dd416d4479aa8536fcf64?s=96&d=mm&r=g\",\"contentUrl\":\"https:\/\/secure.gravatar.com\/avatar\/d08aa2ce4c8dd416d4479aa8536fcf64?s=96&d=mm&r=g\",\"caption\":\"moacir\"},\"url\":\"https:\/\/franciscanos.org.br\/vidacrista\/author\/moacir\/\"}]}<\/script>\n<!-- \/ Yoast SEO plugin. -->","yoast_head_json":{"title":"Etapas da agressividade ecol\u00f3gica do ser humano contra a Terra - Vida Crist\u00e3 - Franciscanos","robots":{"index":"index","follow":"follow","max-snippet":"max-snippet:-1","max-image-preview":"max-image-preview:large","max-video-preview":"max-video-preview:-1"},"canonical":"https:\/\/franciscanos.org.br\/vidacrista\/etapas-da-agressividade-ecologica-do-ser-humano-contra-a-terra\/","og_locale":"pt_BR","og_type":"article","og_title":"Etapas da agressividade ecol\u00f3gica do ser humano contra a Terra - Vida Crist\u00e3 - Franciscanos","og_description":"Artigo de Leonardo Boff","og_url":"https:\/\/franciscanos.org.br\/vidacrista\/etapas-da-agressividade-ecologica-do-ser-humano-contra-a-terra\/","og_site_name":"Vida Crist\u00e3 - Franciscanos","article_published_time":"2022-12-11T09:33:15+00:00","og_image":[{"width":840,"height":450,"url":"https:\/\/franciscanos.org.br\/vidacrista\/wp-content\/uploads\/2022\/12\/artigo_11.png","type":"image\/png"}],"author":"moacir","twitter_card":"summary_large_image","twitter_misc":{"Escrito por":"moacir","Est. tempo de leitura":"6 minutos"},"schema":{"@context":"https:\/\/schema.org","@graph":[{"@type":"WebSite","@id":"https:\/\/franciscanos.org.br\/vidacrista\/#website","url":"https:\/\/franciscanos.org.br\/vidacrista\/","name":"Vida Crist\u00e3 - Franciscanos","description":"Prov\u00edncia Franciscana da Imaculada Concei\u00e7\u00e3o do Brasil - Ordem dos Frades Menores","potentialAction":[{"@type":"SearchAction","target":{"@type":"EntryPoint","urlTemplate":"https:\/\/franciscanos.org.br\/vidacrista\/?s={search_term_string}"},"query-input":"required name=search_term_string"}],"inLanguage":"pt-BR"},{"@type":"WebPage","@id":"https:\/\/franciscanos.org.br\/vidacrista\/etapas-da-agressividade-ecologica-do-ser-humano-contra-a-terra\/","url":"https:\/\/franciscanos.org.br\/vidacrista\/etapas-da-agressividade-ecologica-do-ser-humano-contra-a-terra\/","name":"Etapas da agressividade ecol\u00f3gica do ser humano contra a Terra - Vida Crist\u00e3 - Franciscanos","isPartOf":{"@id":"https:\/\/franciscanos.org.br\/vidacrista\/#website"},"datePublished":"2022-12-11T09:33:15+00:00","dateModified":"2022-12-11T09:33:15+00:00","author":{"@id":"https:\/\/franciscanos.org.br\/vidacrista\/#\/schema\/person\/1880bdd2c350b735648725ef7614736a"},"breadcrumb":{"@id":"https:\/\/franciscanos.org.br\/vidacrista\/etapas-da-agressividade-ecologica-do-ser-humano-contra-a-terra\/#breadcrumb"},"inLanguage":"pt-BR","potentialAction":[{"@type":"ReadAction","target":["https:\/\/franciscanos.org.br\/vidacrista\/etapas-da-agressividade-ecologica-do-ser-humano-contra-a-terra\/"]}]},{"@type":"BreadcrumbList","@id":"https:\/\/franciscanos.org.br\/vidacrista\/etapas-da-agressividade-ecologica-do-ser-humano-contra-a-terra\/#breadcrumb","itemListElement":[{"@type":"ListItem","position":1,"name":"Home","item":"https:\/\/franciscanos.org.br\/vidacrista\/"},{"@type":"ListItem","position":2,"name":"Etapas da agressividade ecol\u00f3gica do ser humano contra a Terra"}]},{"@type":"Person","@id":"https:\/\/franciscanos.org.br\/vidacrista\/#\/schema\/person\/1880bdd2c350b735648725ef7614736a","name":"moacir","image":{"@type":"ImageObject","inLanguage":"pt-BR","@id":"https:\/\/franciscanos.org.br\/vidacrista\/#\/schema\/person\/image\/","url":"https:\/\/secure.gravatar.com\/avatar\/d08aa2ce4c8dd416d4479aa8536fcf64?s=96&d=mm&r=g","contentUrl":"https:\/\/secure.gravatar.com\/avatar\/d08aa2ce4c8dd416d4479aa8536fcf64?s=96&d=mm&r=g","caption":"moacir"},"url":"https:\/\/franciscanos.org.br\/vidacrista\/author\/moacir\/"}]}},"_links":{"self":[{"href":"https:\/\/franciscanos.org.br\/vidacrista\/wp-json\/wp\/v2\/posts\/192748"}],"collection":[{"href":"https:\/\/franciscanos.org.br\/vidacrista\/wp-json\/wp\/v2\/posts"}],"about":[{"href":"https:\/\/franciscanos.org.br\/vidacrista\/wp-json\/wp\/v2\/types\/post"}],"author":[{"embeddable":true,"href":"https:\/\/franciscanos.org.br\/vidacrista\/wp-json\/wp\/v2\/users\/3"}],"replies":[{"embeddable":true,"href":"https:\/\/franciscanos.org.br\/vidacrista\/wp-json\/wp\/v2\/comments?post=192748"}],"version-history":[{"count":1,"href":"https:\/\/franciscanos.org.br\/vidacrista\/wp-json\/wp\/v2\/posts\/192748\/revisions"}],"predecessor-version":[{"id":192750,"href":"https:\/\/franciscanos.org.br\/vidacrista\/wp-json\/wp\/v2\/posts\/192748\/revisions\/192750"}],"wp:featuredmedia":[{"embeddable":true,"href":"https:\/\/franciscanos.org.br\/vidacrista\/wp-json\/wp\/v2\/media\/192749"}],"wp:attachment":[{"href":"https:\/\/franciscanos.org.br\/vidacrista\/wp-json\/wp\/v2\/media?parent=192748"}],"wp:term":[{"taxonomy":"category","embeddable":true,"href":"https:\/\/franciscanos.org.br\/vidacrista\/wp-json\/wp\/v2\/categories?post=192748"},{"taxonomy":"post_tag","embeddable":true,"href":"https:\/\/franciscanos.org.br\/vidacrista\/wp-json\/wp\/v2\/tags?post=192748"}],"curies":[{"name":"wp","href":"https:\/\/api.w.org\/{rel}","templated":true}]}}