{"id":192633,"date":"2022-11-25T10:39:37","date_gmt":"2022-11-25T13:39:37","guid":{"rendered":"https:\/\/franciscanos.org.br\/vidacrista\/?p=192633"},"modified":"2022-11-25T10:45:44","modified_gmt":"2022-11-25T13:45:44","slug":"aquele-que-se-coloca-ao-nosso-lado","status":"publish","type":"post","link":"https:\/\/franciscanos.org.br\/vidacrista\/aquele-que-se-coloca-ao-nosso-lado\/","title":{"rendered":"Aquele que se coloca ao nosso lado"},"content":{"rendered":"<div id=\"attachment_192634\" style=\"width: 850px\" class=\"wp-caption alignnone\"><img aria-describedby=\"caption-attachment-192634\" decoding=\"async\" loading=\"lazy\" class=\"wp-image-192634 size-full\" src=\"https:\/\/franciscanos.org.br\/vidacrista\/wp-content\/uploads\/2022\/11\/sexta_2511.jpg\" alt=\"\" width=\"840\" height=\"450\" srcset=\"https:\/\/franciscanos.org.br\/vidacrista\/wp-content\/uploads\/2022\/11\/sexta_2511.jpg 840w, https:\/\/franciscanos.org.br\/vidacrista\/wp-content\/uploads\/2022\/11\/sexta_2511-450x241.jpg 450w, https:\/\/franciscanos.org.br\/vidacrista\/wp-content\/uploads\/2022\/11\/sexta_2511-768x411.jpg 768w, https:\/\/franciscanos.org.br\/vidacrista\/wp-content\/uploads\/2022\/11\/sexta_2511-150x80.jpg 150w\" sizes=\"(max-width: 840px) 100vw, 840px\" \/><p id=\"caption-attachment-192634\" class=\"wp-caption-text\"><em>\u00a0 \u00a0 \u00a0 \u00a0 \u00a0 \u00a0 \u00a0 \u00a0 \u00a0 \u00a0 \u00a0 \u00a0 \u00a0 \u00a0 \u00a0 \u00a0 \u00a0 \u00a0 \u00a0 \u00a0 \u00a0 \u00a0 \u00a0 \u00a0 \u00a0 \u00a0 \u00a0 \u00a0 \u00a0 \u00a0 \u00a0 \u00a0 \u00a0 \u00a0 \u00a0 \u00a0 \u00a0 \u00a0 \u00a0 \u00a0 \u00a0 \u00a0 \u00a0 \u00a0 \u00a0 Imagem: Catholic Pictures<\/em> (<a href=\"https:\/\/www.cathopic.com\">https:\/\/www.cathopic.com<\/a>)<\/p><\/div>\n<p>Karl Barth, te\u00f3logo luterano de renome que viveu no s\u00e9culo passado, afirmou: \u201cPor Jesus sabemos que Deus \u00e9 bom e nos quer bem. N\u00e3o necessitamos saber muito mais\u201d. Quando procuramos haurir as riquezas do Cora\u00e7\u00e3o de Jesus fissurado pela lan\u00e7a do soldado, \u00e9 sempre no tema do amor em fomos mergulhados. Neste m\u00eas do Natal podemos meditar no Alt\u00edssimo que se coloca ao nosso lado como crian\u00e7a. Afinal de contas onde Deus veio nascer?<\/p>\n<p>A aus\u00eancia de espa\u00e7o na hospedaria n\u00e3o impediu que nosso Salvador nascesse em outro lugar, um lugar totalmente indiferente. Nasceu num est\u00e1bulo num lugar onde se colocava capim para os animais, certamente n\u00e3o digno para os humanos. Morrer\u00e1 em lugar mais modesto e humilde. Foi num est\u00e1bulo, perto de animais, que o c\u00e9u se abriu nas trevas da terra, que Deus se fez homem para estar totalmente conosco. Foi ali que Deus nos deu esse semelhante, pr\u00f3ximo, irm\u00e3o, amigo. Foi num est\u00e1bulo que este acontecimento se verificou. Deus seja louvado pelo fato de que os pais e crian\u00e7a n\u00e3o tenham encontrado lugar na hospedaria e tenham encontrado este outro cen\u00e1rio onde se produziu o evento.<\/p>\n<p>Trata-se agora para o Salvador de se instalar em n\u00f3s. Que haja em nossa vida um canto onde o Senhor possa entrar sem ter que pedir, permanecendo fora e a bater na porta; um lugar onde certamente ele j\u00e1 desceu ou espera que nos reconhe\u00e7amos e nos rejubilemos com sua presen\u00e7a. Qual \u00e9 esse lugar em nossa vida? N\u00e3o pensemos num lugar extraordin\u00e1rio, distinto, \u00e0 altura do Salvador para receb\u00ea-lo. O lugar de nossa vida onde Jesus vem se instalar tem isso de comum com o est\u00e1bulo de Bel\u00e9m que \u00e9 longe de ser bom, sem boa apar\u00eancia, nada de acolhedor e de \u00edntimo, nem mesmo t\u00e3o humano. \u00c9 a\u00ed que vivemos, todos os homens sem exce\u00e7\u00e3o, pobres como mendigos, pecadores perdidos, criaturas a gemer, completamente confusas<\/p>\n<p>\u00c9 a\u00ed que Jesus vem se albergar. Deus seja louvado por este lugar obscuro, por este est\u00e1bulo em nossa vida. \u00c9 l\u00e1 que temos necessidade dele e que pode servir-se de cada um de n\u00f3s. Somos pessoas de quem ele precisa. Espera somente que o vejamos, que o reconhe\u00e7amos, que nele acreditemos e que o amemos. A\u00ed ele nos acolhe. Cabe a n\u00f3s acolh\u00ea-lo e desejar-lhe boas-vindas. N\u00e3o tenhamos vergonha de viver nesse fundo de po\u00e7o em companhia do burro e do boi. \u00c9 \u00b4precisamente ali que ele se coloca inteiramente de nosso lado.<\/p>\n<p><em>Karl Barth, &#8220;Aux captifs la liberte Labor et Fides, Gen\u00e8ve 1964, p 171-173.<\/em><\/p>\n","protected":false},"excerpt":{"rendered":"<p>Primeira Sexta-feira do M\u00eas<\/p>\n","protected":false},"author":3,"featured_media":192634,"comment_status":"open","ping_status":"open","sticky":false,"template":"","format":"standard","meta":{"footnotes":""},"categories":[105],"tags":[212],"yoast_head":"<!-- This site is optimized with the Yoast SEO plugin v19.4 - https:\/\/yoast.com\/wordpress\/plugins\/seo\/ -->\n<title>Aquele que se coloca ao nosso lado - Vida Crist\u00e3 - Franciscanos<\/title>\n<meta name=\"robots\" content=\"index, follow, max-snippet:-1, max-image-preview:large, max-video-preview:-1\" \/>\n<link rel=\"canonical\" href=\"https:\/\/franciscanos.org.br\/vidacrista\/aquele-que-se-coloca-ao-nosso-lado\/\" \/>\n<meta property=\"og:locale\" content=\"pt_BR\" \/>\n<meta property=\"og:type\" content=\"article\" \/>\n<meta property=\"og:title\" content=\"Aquele que se coloca ao nosso lado - Vida Crist\u00e3 - Franciscanos\" \/>\n<meta property=\"og:description\" content=\"Primeira Sexta-feira do M\u00eas\" \/>\n<meta property=\"og:url\" content=\"https:\/\/franciscanos.org.br\/vidacrista\/aquele-que-se-coloca-ao-nosso-lado\/\" \/>\n<meta property=\"og:site_name\" content=\"Vida Crist\u00e3 - Franciscanos\" \/>\n<meta property=\"article:published_time\" content=\"2022-11-25T13:39:37+00:00\" \/>\n<meta property=\"article:modified_time\" content=\"2022-11-25T13:45:44+00:00\" \/>\n<meta property=\"og:image\" content=\"https:\/\/franciscanos.org.br\/vidacrista\/wp-content\/uploads\/2022\/11\/sexta_2511.jpg\" \/>\n\t<meta property=\"og:image:width\" content=\"840\" \/>\n\t<meta property=\"og:image:height\" content=\"450\" \/>\n\t<meta property=\"og:image:type\" content=\"image\/jpeg\" \/>\n<meta name=\"author\" content=\"moacir\" \/>\n<meta name=\"twitter:card\" content=\"summary_large_image\" \/>\n<meta name=\"twitter:label1\" content=\"Escrito por\" \/>\n\t<meta name=\"twitter:data1\" content=\"moacir\" \/>\n\t<meta name=\"twitter:label2\" content=\"Est. tempo de leitura\" \/>\n\t<meta name=\"twitter:data2\" content=\"3 minutos\" \/>\n<script type=\"application\/ld+json\" class=\"yoast-schema-graph\">{\"@context\":\"https:\/\/schema.org\",\"@graph\":[{\"@type\":\"WebSite\",\"@id\":\"https:\/\/franciscanos.org.br\/vidacrista\/#website\",\"url\":\"https:\/\/franciscanos.org.br\/vidacrista\/\",\"name\":\"Vida Crist\u00e3 - Franciscanos\",\"description\":\"Prov\u00edncia Franciscana da Imaculada Concei\u00e7\u00e3o do Brasil - Ordem dos Frades Menores\",\"potentialAction\":[{\"@type\":\"SearchAction\",\"target\":{\"@type\":\"EntryPoint\",\"urlTemplate\":\"https:\/\/franciscanos.org.br\/vidacrista\/?s={search_term_string}\"},\"query-input\":\"required name=search_term_string\"}],\"inLanguage\":\"pt-BR\"},{\"@type\":\"WebPage\",\"@id\":\"https:\/\/franciscanos.org.br\/vidacrista\/aquele-que-se-coloca-ao-nosso-lado\/\",\"url\":\"https:\/\/franciscanos.org.br\/vidacrista\/aquele-que-se-coloca-ao-nosso-lado\/\",\"name\":\"Aquele que se coloca ao nosso lado - Vida Crist\u00e3 - Franciscanos\",\"isPartOf\":{\"@id\":\"https:\/\/franciscanos.org.br\/vidacrista\/#website\"},\"datePublished\":\"2022-11-25T13:39:37+00:00\",\"dateModified\":\"2022-11-25T13:45:44+00:00\",\"author\":{\"@id\":\"https:\/\/franciscanos.org.br\/vidacrista\/#\/schema\/person\/1880bdd2c350b735648725ef7614736a\"},\"breadcrumb\":{\"@id\":\"https:\/\/franciscanos.org.br\/vidacrista\/aquele-que-se-coloca-ao-nosso-lado\/#breadcrumb\"},\"inLanguage\":\"pt-BR\",\"potentialAction\":[{\"@type\":\"ReadAction\",\"target\":[\"https:\/\/franciscanos.org.br\/vidacrista\/aquele-que-se-coloca-ao-nosso-lado\/\"]}]},{\"@type\":\"BreadcrumbList\",\"@id\":\"https:\/\/franciscanos.org.br\/vidacrista\/aquele-que-se-coloca-ao-nosso-lado\/#breadcrumb\",\"itemListElement\":[{\"@type\":\"ListItem\",\"position\":1,\"name\":\"Home\",\"item\":\"https:\/\/franciscanos.org.br\/vidacrista\/\"},{\"@type\":\"ListItem\",\"position\":2,\"name\":\"Aquele que se coloca ao nosso lado\"}]},{\"@type\":\"Person\",\"@id\":\"https:\/\/franciscanos.org.br\/vidacrista\/#\/schema\/person\/1880bdd2c350b735648725ef7614736a\",\"name\":\"moacir\",\"image\":{\"@type\":\"ImageObject\",\"inLanguage\":\"pt-BR\",\"@id\":\"https:\/\/franciscanos.org.br\/vidacrista\/#\/schema\/person\/image\/\",\"url\":\"https:\/\/secure.gravatar.com\/avatar\/d08aa2ce4c8dd416d4479aa8536fcf64?s=96&d=mm&r=g\",\"contentUrl\":\"https:\/\/secure.gravatar.com\/avatar\/d08aa2ce4c8dd416d4479aa8536fcf64?s=96&d=mm&r=g\",\"caption\":\"moacir\"},\"url\":\"https:\/\/franciscanos.org.br\/vidacrista\/author\/moacir\/\"}]}<\/script>\n<!-- \/ Yoast SEO plugin. -->","yoast_head_json":{"title":"Aquele que se coloca ao nosso lado - Vida Crist\u00e3 - Franciscanos","robots":{"index":"index","follow":"follow","max-snippet":"max-snippet:-1","max-image-preview":"max-image-preview:large","max-video-preview":"max-video-preview:-1"},"canonical":"https:\/\/franciscanos.org.br\/vidacrista\/aquele-que-se-coloca-ao-nosso-lado\/","og_locale":"pt_BR","og_type":"article","og_title":"Aquele que se coloca ao nosso lado - Vida Crist\u00e3 - Franciscanos","og_description":"Primeira Sexta-feira do M\u00eas","og_url":"https:\/\/franciscanos.org.br\/vidacrista\/aquele-que-se-coloca-ao-nosso-lado\/","og_site_name":"Vida Crist\u00e3 - Franciscanos","article_published_time":"2022-11-25T13:39:37+00:00","article_modified_time":"2022-11-25T13:45:44+00:00","og_image":[{"width":840,"height":450,"url":"https:\/\/franciscanos.org.br\/vidacrista\/wp-content\/uploads\/2022\/11\/sexta_2511.jpg","type":"image\/jpeg"}],"author":"moacir","twitter_card":"summary_large_image","twitter_misc":{"Escrito por":"moacir","Est. tempo de leitura":"3 minutos"},"schema":{"@context":"https:\/\/schema.org","@graph":[{"@type":"WebSite","@id":"https:\/\/franciscanos.org.br\/vidacrista\/#website","url":"https:\/\/franciscanos.org.br\/vidacrista\/","name":"Vida Crist\u00e3 - Franciscanos","description":"Prov\u00edncia Franciscana da Imaculada Concei\u00e7\u00e3o do Brasil - Ordem dos Frades Menores","potentialAction":[{"@type":"SearchAction","target":{"@type":"EntryPoint","urlTemplate":"https:\/\/franciscanos.org.br\/vidacrista\/?s={search_term_string}"},"query-input":"required name=search_term_string"}],"inLanguage":"pt-BR"},{"@type":"WebPage","@id":"https:\/\/franciscanos.org.br\/vidacrista\/aquele-que-se-coloca-ao-nosso-lado\/","url":"https:\/\/franciscanos.org.br\/vidacrista\/aquele-que-se-coloca-ao-nosso-lado\/","name":"Aquele que se coloca ao nosso lado - Vida Crist\u00e3 - Franciscanos","isPartOf":{"@id":"https:\/\/franciscanos.org.br\/vidacrista\/#website"},"datePublished":"2022-11-25T13:39:37+00:00","dateModified":"2022-11-25T13:45:44+00:00","author":{"@id":"https:\/\/franciscanos.org.br\/vidacrista\/#\/schema\/person\/1880bdd2c350b735648725ef7614736a"},"breadcrumb":{"@id":"https:\/\/franciscanos.org.br\/vidacrista\/aquele-que-se-coloca-ao-nosso-lado\/#breadcrumb"},"inLanguage":"pt-BR","potentialAction":[{"@type":"ReadAction","target":["https:\/\/franciscanos.org.br\/vidacrista\/aquele-que-se-coloca-ao-nosso-lado\/"]}]},{"@type":"BreadcrumbList","@id":"https:\/\/franciscanos.org.br\/vidacrista\/aquele-que-se-coloca-ao-nosso-lado\/#breadcrumb","itemListElement":[{"@type":"ListItem","position":1,"name":"Home","item":"https:\/\/franciscanos.org.br\/vidacrista\/"},{"@type":"ListItem","position":2,"name":"Aquele que se coloca ao nosso lado"}]},{"@type":"Person","@id":"https:\/\/franciscanos.org.br\/vidacrista\/#\/schema\/person\/1880bdd2c350b735648725ef7614736a","name":"moacir","image":{"@type":"ImageObject","inLanguage":"pt-BR","@id":"https:\/\/franciscanos.org.br\/vidacrista\/#\/schema\/person\/image\/","url":"https:\/\/secure.gravatar.com\/avatar\/d08aa2ce4c8dd416d4479aa8536fcf64?s=96&d=mm&r=g","contentUrl":"https:\/\/secure.gravatar.com\/avatar\/d08aa2ce4c8dd416d4479aa8536fcf64?s=96&d=mm&r=g","caption":"moacir"},"url":"https:\/\/franciscanos.org.br\/vidacrista\/author\/moacir\/"}]}},"_links":{"self":[{"href":"https:\/\/franciscanos.org.br\/vidacrista\/wp-json\/wp\/v2\/posts\/192633"}],"collection":[{"href":"https:\/\/franciscanos.org.br\/vidacrista\/wp-json\/wp\/v2\/posts"}],"about":[{"href":"https:\/\/franciscanos.org.br\/vidacrista\/wp-json\/wp\/v2\/types\/post"}],"author":[{"embeddable":true,"href":"https:\/\/franciscanos.org.br\/vidacrista\/wp-json\/wp\/v2\/users\/3"}],"replies":[{"embeddable":true,"href":"https:\/\/franciscanos.org.br\/vidacrista\/wp-json\/wp\/v2\/comments?post=192633"}],"version-history":[{"count":2,"href":"https:\/\/franciscanos.org.br\/vidacrista\/wp-json\/wp\/v2\/posts\/192633\/revisions"}],"predecessor-version":[{"id":192636,"href":"https:\/\/franciscanos.org.br\/vidacrista\/wp-json\/wp\/v2\/posts\/192633\/revisions\/192636"}],"wp:featuredmedia":[{"embeddable":true,"href":"https:\/\/franciscanos.org.br\/vidacrista\/wp-json\/wp\/v2\/media\/192634"}],"wp:attachment":[{"href":"https:\/\/franciscanos.org.br\/vidacrista\/wp-json\/wp\/v2\/media?parent=192633"}],"wp:term":[{"taxonomy":"category","embeddable":true,"href":"https:\/\/franciscanos.org.br\/vidacrista\/wp-json\/wp\/v2\/categories?post=192633"},{"taxonomy":"post_tag","embeddable":true,"href":"https:\/\/franciscanos.org.br\/vidacrista\/wp-json\/wp\/v2\/tags?post=192633"}],"curies":[{"name":"wp","href":"https:\/\/api.w.org\/{rel}","templated":true}]}}