{"id":192539,"date":"2022-11-03T14:58:31","date_gmt":"2022-11-03T17:58:31","guid":{"rendered":"https:\/\/franciscanos.org.br\/vidacrista\/?p=192539"},"modified":"2022-11-03T15:00:32","modified_gmt":"2022-11-03T18:00:32","slug":"ainda-hoje-estaras-comigo-no-paraiso","status":"publish","type":"post","link":"https:\/\/franciscanos.org.br\/vidacrista\/ainda-hoje-estaras-comigo-no-paraiso\/","title":{"rendered":"&#8220;Ainda hoje estar\u00e1s comigo no para\u00edso\u201d"},"content":{"rendered":"<div id=\"attachment_192540\" style=\"width: 850px\" class=\"wp-caption alignnone\"><img aria-describedby=\"caption-attachment-192540\" decoding=\"async\" loading=\"lazy\" class=\"wp-image-192540 size-full\" src=\"https:\/\/franciscanos.org.br\/vidacrista\/wp-content\/uploads\/2022\/11\/sexta_04.jpg\" alt=\"\" width=\"840\" height=\"450\" srcset=\"https:\/\/franciscanos.org.br\/vidacrista\/wp-content\/uploads\/2022\/11\/sexta_04.jpg 840w, https:\/\/franciscanos.org.br\/vidacrista\/wp-content\/uploads\/2022\/11\/sexta_04-450x241.jpg 450w, https:\/\/franciscanos.org.br\/vidacrista\/wp-content\/uploads\/2022\/11\/sexta_04-768x411.jpg 768w, https:\/\/franciscanos.org.br\/vidacrista\/wp-content\/uploads\/2022\/11\/sexta_04-150x80.jpg 150w\" sizes=\"(max-width: 840px) 100vw, 840px\" \/><p id=\"caption-attachment-192540\" class=\"wp-caption-text\">\u00a0 \u00a0 \u00a0 \u00a0 \u00a0 \u00a0 \u00a0 \u00a0 \u00a0 \u00a0 \u00a0 \u00a0 \u00a0 \u00a0 \u00a0 \u00a0 \u00a0 \u00a0 \u00a0 \u00a0 \u00a0<em> \u00a0 Imagem: &#8220;Crucifica\u00e7\u00e3o&#8221;, de Hans von T\u00fcbingen (Wikipedia, dom\u00ednio p\u00fablico)<\/em><\/p><\/div>\n<p>H\u00e1 vidas extremante tortas. Durante o caminhar da exist\u00eancia, pessoas foram sendo atra\u00eddas por situa\u00e7\u00f5es vantajosas para si, ou se juntaram a perturbadores da ordem p\u00fablica e foram detidos pelas autoridades policiais. Alguns desses foram devidamente julgados e condenados. Penso sempre na trist\u00edssima condi\u00e7\u00e3o de um assassino, de algu\u00e9m que tenha cometido um crime b\u00e1rbaro, e que, segundo as leis do pa\u00eds, \u00e9 condenado \u00e0 pena capital, como a cadeira el\u00e9trica. Vejo a cena final. Um ser humano no corredor da morte.<\/p>\n<p>Minha aten\u00e7\u00e3o se volta agora para o alto do Calv\u00e1rio. No centro est\u00e1 Jesus em seus momentos finais. Dois salteadores o ladeiam. S\u00e3o designados meio paradoxalmente de bom e mau ladr\u00e3o. Um deles reclama de Jesus. Esse Jesus, na sua maneira de ver, havia operado prod\u00edgios, feito milagres, agora deveria realizar um de seus milagres. Que pudessem ser salvos. Faz de modo indelicado e mesmo ofensivo. Um condenado revoltado. Um desesperan\u00e7ado violento e raivoso.<\/p>\n<p>O outro salteador, o \u201cbom ladr\u00e3o\u201d tem uma postura diversa. Talvez tenha pensado em sua vida e quem sabe lembrado que nos anos de sua juventude tenha descoberto o rosto de Deus. Provavelmente esse tempo na cruz (como \u201ccorredor da morte\u201d) tenha se arrependido. Rejeita a postura do outro salteador. Houve em seu cora\u00e7\u00e3o o arrependimento? Uma visita da gra\u00e7a?<\/p>\n<p>Mesmo no desconforto f\u00edsico total o \u201cbom ladr\u00e3o\u201d se volta para Jesus: \u201cLembra-te de mim quando vieres em teu Reino. Eu existo, tive minha hist\u00f3ria, n\u00e3o sou nenhum anjo do c\u00e9u. Na minha vida est\u00e1 acontecendo algo que n\u00e3o imaginava. N\u00e3o tenho revolta dentro de mim. Gostaria de viver. Estou condenado a morrer. N\u00e3o me revolto. Uma gra\u00e7a? Coloco-me a teus cuidados. Soube por outros de tua bondade, Jesus\u201d. Tu morres inocentemente. Lembra-te de mim quando vieres em teu Reno\u201d.<\/p>\n<p>O pedido foi aceito de maneira bela, terna, amorosa. Jesus n\u00e3o pergunta como tinha sido sua vida. N\u00e3o era hora de muitos questionamentos. A delicadeza do cora\u00e7\u00e3o desse salteador encantara o Mestre. O salteador e Jesus morreriam. A morte do outro foi revestida de uma luminosa esperan\u00e7a. \u201cEu te asseguro: ainda hoje estar\u00e1s comigo no para\u00edso\u201d. Uma outra maneira de esperar no corredor da morte.<\/p>\n<hr \/>\n<p><em>Frei Almir Ribeiro Guimar\u00e3es<\/em><\/p>\n","protected":false},"excerpt":{"rendered":"<p>Primeira Sexta-feira do M\u00eas<\/p>\n","protected":false},"author":3,"featured_media":192540,"comment_status":"open","ping_status":"open","sticky":false,"template":"","format":"standard","meta":{"footnotes":""},"categories":[105],"tags":[212],"yoast_head":"<!-- This site is optimized with the Yoast SEO plugin v19.4 - https:\/\/yoast.com\/wordpress\/plugins\/seo\/ -->\n<title>&quot;Ainda hoje estar\u00e1s comigo no para\u00edso\u201d - Vida Crist\u00e3 - Franciscanos<\/title>\n<meta name=\"robots\" content=\"index, follow, max-snippet:-1, max-image-preview:large, max-video-preview:-1\" \/>\n<link rel=\"canonical\" href=\"https:\/\/franciscanos.org.br\/vidacrista\/ainda-hoje-estaras-comigo-no-paraiso\/\" \/>\n<meta property=\"og:locale\" content=\"pt_BR\" \/>\n<meta property=\"og:type\" content=\"article\" \/>\n<meta property=\"og:title\" content=\"&quot;Ainda hoje estar\u00e1s comigo no para\u00edso\u201d - Vida Crist\u00e3 - Franciscanos\" \/>\n<meta property=\"og:description\" content=\"Primeira Sexta-feira do M\u00eas\" \/>\n<meta property=\"og:url\" content=\"https:\/\/franciscanos.org.br\/vidacrista\/ainda-hoje-estaras-comigo-no-paraiso\/\" \/>\n<meta property=\"og:site_name\" content=\"Vida Crist\u00e3 - Franciscanos\" \/>\n<meta property=\"article:published_time\" content=\"2022-11-03T17:58:31+00:00\" \/>\n<meta property=\"article:modified_time\" content=\"2022-11-03T18:00:32+00:00\" \/>\n<meta property=\"og:image\" content=\"https:\/\/franciscanos.org.br\/vidacrista\/wp-content\/uploads\/2022\/11\/sexta_04.jpg\" \/>\n\t<meta property=\"og:image:width\" content=\"840\" \/>\n\t<meta property=\"og:image:height\" content=\"450\" \/>\n\t<meta property=\"og:image:type\" content=\"image\/jpeg\" \/>\n<meta name=\"author\" content=\"moacir\" \/>\n<meta name=\"twitter:card\" content=\"summary_large_image\" \/>\n<meta name=\"twitter:label1\" content=\"Escrito por\" \/>\n\t<meta name=\"twitter:data1\" content=\"moacir\" \/>\n\t<meta name=\"twitter:label2\" content=\"Est. tempo de leitura\" \/>\n\t<meta name=\"twitter:data2\" content=\"3 minutos\" \/>\n<script type=\"application\/ld+json\" class=\"yoast-schema-graph\">{\"@context\":\"https:\/\/schema.org\",\"@graph\":[{\"@type\":\"WebSite\",\"@id\":\"https:\/\/franciscanos.org.br\/vidacrista\/#website\",\"url\":\"https:\/\/franciscanos.org.br\/vidacrista\/\",\"name\":\"Vida Crist\u00e3 - Franciscanos\",\"description\":\"Prov\u00edncia Franciscana da Imaculada Concei\u00e7\u00e3o do Brasil - Ordem dos Frades Menores\",\"potentialAction\":[{\"@type\":\"SearchAction\",\"target\":{\"@type\":\"EntryPoint\",\"urlTemplate\":\"https:\/\/franciscanos.org.br\/vidacrista\/?s={search_term_string}\"},\"query-input\":\"required name=search_term_string\"}],\"inLanguage\":\"pt-BR\"},{\"@type\":\"WebPage\",\"@id\":\"https:\/\/franciscanos.org.br\/vidacrista\/ainda-hoje-estaras-comigo-no-paraiso\/\",\"url\":\"https:\/\/franciscanos.org.br\/vidacrista\/ainda-hoje-estaras-comigo-no-paraiso\/\",\"name\":\"\\\"Ainda hoje estar\u00e1s comigo no para\u00edso\u201d - Vida Crist\u00e3 - Franciscanos\",\"isPartOf\":{\"@id\":\"https:\/\/franciscanos.org.br\/vidacrista\/#website\"},\"datePublished\":\"2022-11-03T17:58:31+00:00\",\"dateModified\":\"2022-11-03T18:00:32+00:00\",\"author\":{\"@id\":\"https:\/\/franciscanos.org.br\/vidacrista\/#\/schema\/person\/1880bdd2c350b735648725ef7614736a\"},\"breadcrumb\":{\"@id\":\"https:\/\/franciscanos.org.br\/vidacrista\/ainda-hoje-estaras-comigo-no-paraiso\/#breadcrumb\"},\"inLanguage\":\"pt-BR\",\"potentialAction\":[{\"@type\":\"ReadAction\",\"target\":[\"https:\/\/franciscanos.org.br\/vidacrista\/ainda-hoje-estaras-comigo-no-paraiso\/\"]}]},{\"@type\":\"BreadcrumbList\",\"@id\":\"https:\/\/franciscanos.org.br\/vidacrista\/ainda-hoje-estaras-comigo-no-paraiso\/#breadcrumb\",\"itemListElement\":[{\"@type\":\"ListItem\",\"position\":1,\"name\":\"Home\",\"item\":\"https:\/\/franciscanos.org.br\/vidacrista\/\"},{\"@type\":\"ListItem\",\"position\":2,\"name\":\"&#8220;Ainda hoje estar\u00e1s comigo no para\u00edso\u201d\"}]},{\"@type\":\"Person\",\"@id\":\"https:\/\/franciscanos.org.br\/vidacrista\/#\/schema\/person\/1880bdd2c350b735648725ef7614736a\",\"name\":\"moacir\",\"image\":{\"@type\":\"ImageObject\",\"inLanguage\":\"pt-BR\",\"@id\":\"https:\/\/franciscanos.org.br\/vidacrista\/#\/schema\/person\/image\/\",\"url\":\"https:\/\/secure.gravatar.com\/avatar\/d08aa2ce4c8dd416d4479aa8536fcf64?s=96&d=mm&r=g\",\"contentUrl\":\"https:\/\/secure.gravatar.com\/avatar\/d08aa2ce4c8dd416d4479aa8536fcf64?s=96&d=mm&r=g\",\"caption\":\"moacir\"},\"url\":\"https:\/\/franciscanos.org.br\/vidacrista\/author\/moacir\/\"}]}<\/script>\n<!-- \/ Yoast SEO plugin. -->","yoast_head_json":{"title":"\"Ainda hoje estar\u00e1s comigo no para\u00edso\u201d - Vida Crist\u00e3 - Franciscanos","robots":{"index":"index","follow":"follow","max-snippet":"max-snippet:-1","max-image-preview":"max-image-preview:large","max-video-preview":"max-video-preview:-1"},"canonical":"https:\/\/franciscanos.org.br\/vidacrista\/ainda-hoje-estaras-comigo-no-paraiso\/","og_locale":"pt_BR","og_type":"article","og_title":"\"Ainda hoje estar\u00e1s comigo no para\u00edso\u201d - Vida Crist\u00e3 - Franciscanos","og_description":"Primeira Sexta-feira do M\u00eas","og_url":"https:\/\/franciscanos.org.br\/vidacrista\/ainda-hoje-estaras-comigo-no-paraiso\/","og_site_name":"Vida Crist\u00e3 - Franciscanos","article_published_time":"2022-11-03T17:58:31+00:00","article_modified_time":"2022-11-03T18:00:32+00:00","og_image":[{"width":840,"height":450,"url":"https:\/\/franciscanos.org.br\/vidacrista\/wp-content\/uploads\/2022\/11\/sexta_04.jpg","type":"image\/jpeg"}],"author":"moacir","twitter_card":"summary_large_image","twitter_misc":{"Escrito por":"moacir","Est. tempo de leitura":"3 minutos"},"schema":{"@context":"https:\/\/schema.org","@graph":[{"@type":"WebSite","@id":"https:\/\/franciscanos.org.br\/vidacrista\/#website","url":"https:\/\/franciscanos.org.br\/vidacrista\/","name":"Vida Crist\u00e3 - Franciscanos","description":"Prov\u00edncia Franciscana da Imaculada Concei\u00e7\u00e3o do Brasil - Ordem dos Frades Menores","potentialAction":[{"@type":"SearchAction","target":{"@type":"EntryPoint","urlTemplate":"https:\/\/franciscanos.org.br\/vidacrista\/?s={search_term_string}"},"query-input":"required name=search_term_string"}],"inLanguage":"pt-BR"},{"@type":"WebPage","@id":"https:\/\/franciscanos.org.br\/vidacrista\/ainda-hoje-estaras-comigo-no-paraiso\/","url":"https:\/\/franciscanos.org.br\/vidacrista\/ainda-hoje-estaras-comigo-no-paraiso\/","name":"\"Ainda hoje estar\u00e1s comigo no para\u00edso\u201d - Vida Crist\u00e3 - Franciscanos","isPartOf":{"@id":"https:\/\/franciscanos.org.br\/vidacrista\/#website"},"datePublished":"2022-11-03T17:58:31+00:00","dateModified":"2022-11-03T18:00:32+00:00","author":{"@id":"https:\/\/franciscanos.org.br\/vidacrista\/#\/schema\/person\/1880bdd2c350b735648725ef7614736a"},"breadcrumb":{"@id":"https:\/\/franciscanos.org.br\/vidacrista\/ainda-hoje-estaras-comigo-no-paraiso\/#breadcrumb"},"inLanguage":"pt-BR","potentialAction":[{"@type":"ReadAction","target":["https:\/\/franciscanos.org.br\/vidacrista\/ainda-hoje-estaras-comigo-no-paraiso\/"]}]},{"@type":"BreadcrumbList","@id":"https:\/\/franciscanos.org.br\/vidacrista\/ainda-hoje-estaras-comigo-no-paraiso\/#breadcrumb","itemListElement":[{"@type":"ListItem","position":1,"name":"Home","item":"https:\/\/franciscanos.org.br\/vidacrista\/"},{"@type":"ListItem","position":2,"name":"&#8220;Ainda hoje estar\u00e1s comigo no para\u00edso\u201d"}]},{"@type":"Person","@id":"https:\/\/franciscanos.org.br\/vidacrista\/#\/schema\/person\/1880bdd2c350b735648725ef7614736a","name":"moacir","image":{"@type":"ImageObject","inLanguage":"pt-BR","@id":"https:\/\/franciscanos.org.br\/vidacrista\/#\/schema\/person\/image\/","url":"https:\/\/secure.gravatar.com\/avatar\/d08aa2ce4c8dd416d4479aa8536fcf64?s=96&d=mm&r=g","contentUrl":"https:\/\/secure.gravatar.com\/avatar\/d08aa2ce4c8dd416d4479aa8536fcf64?s=96&d=mm&r=g","caption":"moacir"},"url":"https:\/\/franciscanos.org.br\/vidacrista\/author\/moacir\/"}]}},"_links":{"self":[{"href":"https:\/\/franciscanos.org.br\/vidacrista\/wp-json\/wp\/v2\/posts\/192539"}],"collection":[{"href":"https:\/\/franciscanos.org.br\/vidacrista\/wp-json\/wp\/v2\/posts"}],"about":[{"href":"https:\/\/franciscanos.org.br\/vidacrista\/wp-json\/wp\/v2\/types\/post"}],"author":[{"embeddable":true,"href":"https:\/\/franciscanos.org.br\/vidacrista\/wp-json\/wp\/v2\/users\/3"}],"replies":[{"embeddable":true,"href":"https:\/\/franciscanos.org.br\/vidacrista\/wp-json\/wp\/v2\/comments?post=192539"}],"version-history":[{"count":3,"href":"https:\/\/franciscanos.org.br\/vidacrista\/wp-json\/wp\/v2\/posts\/192539\/revisions"}],"predecessor-version":[{"id":192545,"href":"https:\/\/franciscanos.org.br\/vidacrista\/wp-json\/wp\/v2\/posts\/192539\/revisions\/192545"}],"wp:featuredmedia":[{"embeddable":true,"href":"https:\/\/franciscanos.org.br\/vidacrista\/wp-json\/wp\/v2\/media\/192540"}],"wp:attachment":[{"href":"https:\/\/franciscanos.org.br\/vidacrista\/wp-json\/wp\/v2\/media?parent=192539"}],"wp:term":[{"taxonomy":"category","embeddable":true,"href":"https:\/\/franciscanos.org.br\/vidacrista\/wp-json\/wp\/v2\/categories?post=192539"},{"taxonomy":"post_tag","embeddable":true,"href":"https:\/\/franciscanos.org.br\/vidacrista\/wp-json\/wp\/v2\/tags?post=192539"}],"curies":[{"name":"wp","href":"https:\/\/api.w.org\/{rel}","templated":true}]}}