{"id":192515,"date":"2022-10-31T05:25:20","date_gmt":"2022-10-31T08:25:20","guid":{"rendered":"https:\/\/franciscanos.org.br\/vidacrista\/?p=192515"},"modified":"2022-10-31T05:26:57","modified_gmt":"2022-10-31T08:26:57","slug":"a-terra-em-dores-de-parto-vira-o-grande-salto-salvador","status":"publish","type":"post","link":"https:\/\/franciscanos.org.br\/vidacrista\/a-terra-em-dores-de-parto-vira-o-grande-salto-salvador\/","title":{"rendered":"A Terra em dores de parto: vir\u00e1 o grande salto salvador?"},"content":{"rendered":"<div id=\"attachment_192516\" style=\"width: 850px\" class=\"wp-caption alignnone\"><img aria-describedby=\"caption-attachment-192516\" decoding=\"async\" loading=\"lazy\" class=\"wp-image-192516 size-full\" src=\"https:\/\/franciscanos.org.br\/vidacrista\/wp-content\/uploads\/2022\/10\/artigo_31.png\" alt=\"\" width=\"840\" height=\"450\" srcset=\"https:\/\/franciscanos.org.br\/vidacrista\/wp-content\/uploads\/2022\/10\/artigo_31.png 840w, https:\/\/franciscanos.org.br\/vidacrista\/wp-content\/uploads\/2022\/10\/artigo_31-450x241.png 450w, https:\/\/franciscanos.org.br\/vidacrista\/wp-content\/uploads\/2022\/10\/artigo_31-768x411.png 768w, https:\/\/franciscanos.org.br\/vidacrista\/wp-content\/uploads\/2022\/10\/artigo_31-150x80.png 150w\" sizes=\"(max-width: 840px) 100vw, 840px\" \/><p id=\"caption-attachment-192516\" class=\"wp-caption-text\">\u00a0 \u00a0 \u00a0 \u00a0 \u00a0 \u00a0 \u00a0 \u00a0 \u00a0 \u00a0 \u00a0 \u00a0 \u00a0 \u00a0 \u00a0 \u00a0 \u00a0 \u00a0 \u00a0 \u00a0 \u00a0 \u00a0 \u00a0 \u00a0 \u00a0 \u00a0 \u00a0 \u00a0 \u00a0 \u00a0 \u00a0 \u00a0 \u00a0 \u00a0 \u00a0 \u00a0 \u00a0 \u00a0 \u00a0 \u00a0 \u00a0 \u00a0 \u00a0 \u00a0 \u00a0 \u00a0 \u00a0 \u00a0 \u00a0 \u00a0 \u00a0 \u00a0 \u00a0 \u00a0 \u00a0Imagem ilustrativa: Canva (<a href=\"http:\/\/www.canva.com\/pt_br\/modelos\">www.canva.com\/pt_br\/modelos<\/a>)<\/p><\/div>\n<p><strong>Leonardo Boff<\/strong><\/p>\n<p>Ningu\u00e9m pode negar que nosso Lar Comum, a Terra viva, est\u00e1 se preparando para uma grande transi\u00e7\u00e3o. O que foi vivido nos \u00faltimos s\u00e9culos, como paradigma de civiliza\u00e7\u00e3o, vale dizer, a forma como habitamos e organizamos a Casa Comum, \u00e0 base da ilimitada explora\u00e7\u00e3o de seus recursos naturais, n\u00e3o pode mais continuar. Este paradigma esgotou suas potencialidades de realiza\u00e7\u00e3o. Entrou em agonia. Mas esta pode se prolongar ainda por bom tempo.<\/p>\n<p>Ele armou para si, involuntariamente, uma grande cilada: come\u00e7ou com o maior ato terrorista cometido pelos USA lan\u00e7ando duas bombas nucleares sobre Hiroshima e Nagasaki, devastando todo tipo de vida. Logo, J.P. Sartre reagiu dizendo: n\u00f3s nos apropriamos de nossa pr\u00f3pria morte e podemos p\u00f4r fim \u00e0 nossa esp\u00e9cie. Severo, foi um dos maiores historiadores modernos Arnold Toynbee ao constatar, consternado: \u201dcoube \u00e0 nossa gera\u00e7\u00e3o assistir o modo de nossa\u00a0autodestrui\u00e7\u00e3o; ela n\u00e3o ser\u00e1 obra de Deus mas de n\u00f3s mesmos\u201d. Inventamos o princ\u00edpio de autodestrui\u00e7\u00e3o das mais diferentes formas. A tecnoci\u00eancia moderna que tantos benef\u00edcios nos trouxe, tornou-se irracional e enlouquecida porque suicid\u00e1ria.<\/p>\n<p>As m\u00faltiplas crises pelas quais o inteiro planeta est\u00e1 passando, \u00a0representam uma esp\u00e9cie dores de parto. A maior delas foi e \u00e9 a intrus\u00e3o do coronav\u00edrus. Ele atingiu somente os seres humanos. N\u00e3o respeitou os limites de soberania dos pa\u00edses e tornou irris\u00f3ria a m\u00e1quina mort\u00edfera das pot\u00eancias militaristas.<\/p>\n<p>Para quem n\u00e3o apenas constata fatos mas procura discernir neles a mensagem escondida, deve se interrogar: que coisa Gaia, a Terra viva, nos quer comunicar com o Covid-19 que j\u00e1 fez milh\u00f5es de v\u00edtimas?<\/p>\n<p>Seguramente \u00e9 um contra-ataque da M\u00e3e Terra contra as sistem\u00e1ticas viol\u00eancias que seus filhos e filhas j\u00e1 h\u00e1 s\u00e9culos est\u00e3o movendo contra ela, uma verdadeira Guerra, sem\u00a0nenhuma chance de ganh\u00e1-la. Ultrapassamos os limites\u00a0suport\u00e1veis do sistema-Terra de tal modo que precisamos de mais de um planeta e meio (1,7) para atender nosso estilo consumista de vida. \u00c9 a assim chamada Sobrecarga da Terra (<em>Earth Overshoot<\/em>). Todos os sinais entraram no vermelho e estamos no cheque especial. Em outras palavras: os bens e servi\u00e7os necess\u00e1rios para garantir a vida est\u00e3o se esgotando. Um pouco mais, miais um pouco poder\u00e1 ocorrer um colapso das bases que sustentam ecologicamente a vida no planeta.<\/p>\n<p>Quem dos chefes de Estado e dos grandes gerentes (CEOs) das megacorpora\u00e7\u00f5es refletem e tomam decis\u00f5es face de tal situa\u00e7\u00e3o-limite de nossa Casa Comum? Talvez tomam conhecimento da real situa\u00e7\u00e3o. Mas n\u00e3o lhe d\u00e3o import\u00e2ncia porque, caso contr\u00e1rio, deveriam mudar completamente o modo de produ\u00e7\u00e3o, renunciar aos fabulosos ganhos econ\u00f4micos, mudar sua rela\u00e7\u00e3o para com a natureza e se acostumar a um consumo mais frugal e mais solid\u00e1rio.<\/p>\n<p>Porque isso n\u00e3o ocorre, entendemos as palavras do Secret\u00e1rio Geral da ONU, Ant\u00f3nio Gutierrez, h\u00e1 pouco tempo, num encontro sobre as mudan\u00e7as clim\u00e1ticas em Berlim: \u201c<em>Temos uma \u00fanica escolha: a a\u00e7\u00e3o coletiva ou o suic\u00eddio coletivo<\/em>\u201d. Antes, em Glasgow, por ocasi\u00e3o da COP 26 sobre as mudan\u00e7as clim\u00e1ticas asseverou peremptoriamente: \u201dou mudamos ou estamos cavando a nossa pr\u00f3pria sepultura\u201d.<\/p>\n<p>Talvez o risco mais iminente da mudan\u00e7a de situa\u00e7\u00e3o de nossa Casa Comum seja o alarmante aquecimento global, constatado nos \u00faltimos tempos. A partir do Acordo de Paris de 2015 havia-se acordado de evitar at\u00e9 2030 a subida de 1,5 graus Celsius, para evitar grandes danos para biosfera. Com a entrada maci\u00e7a de metano, devido ao degelo das calotas polares e do <em>parmafrost <\/em>(que vai do Canad\u00e1 at\u00e9 os confins da Sib\u00e9ria) foram liberadas milh\u00f5es de toneladas de metano. Este \u00e9 28 vezes mais danosos que o CO2. Em raz\u00e3o destas mudan\u00e7as o ICLL admitiu que n\u00e3o mais em 2030 mas at\u00e9 em 2027 ocorreria aumento da temperatura para al\u00e9m de 1,5 at\u00e9 2,7 graus Celsius.<\/p>\n<p>Os eventos extremos que atualmente est\u00e3o ocorrendo na Europa, na \u00cdndia e em outros lugares, com grandes queimadas e n\u00edveis de calor nunca experimentados antes, e ao mesmo tempo, o frio inusitado\u00a0no Sul do mundo est\u00e3o dando mostras de que a Terra perdeu seu equil\u00edbrio e est\u00e1 procurando outro.<\/p>\n<p>Resumindo o discurso: a seguir esta tend\u00eancia que futuro nos esperar\u00e1? Poder\u00e1 a esp\u00e9cie humana ter atingido o seu cl\u00edmax, como todas as esp\u00e9cies a seu tempo e da\u00ed desaparecer\u00e1? Ou pode ocorrer, pelo ing\u00eanio humano ou pelas pr\u00f3prias for\u00e7as do planeta Terra conjugadas com as energias do universo, dar um salto de qualidade e assim inaugurar uma nova ordem e dar continuidade \u00e0 esp\u00e9cie humana? Se isso ocorrer, o que auguramos, n\u00e3o se far\u00e1 sem pesados sacrif\u00edcios de vidas da natureza e da pr\u00f3pria humanidade.<\/p>\n<p>H\u00e1i 67 milh\u00f5es de anos caiu um meteoro de quase 10 km de extens\u00e3o no Caribe que dizimou todos os dinossauros e 75% de todas as formas de vida, poupando nosso ancestral. N\u00e3o poderia ocorrer algo semelhante com o nosso planeta Terra? Provavelmente n\u00e3o um meteoro rasante mas qualquer outro incomensur\u00e1vel desastre ecol\u00f3gico-social.<\/p>\n<p>Se sobrevivermos, a Terra ter\u00e1 dado o salto salvador e \u00a0realizado o parto t\u00e3o esperado. As dores de parto ter\u00e3o passado e, finalmente, se gerou o <em>bioceno <\/em>e o <em>ecoceno<\/em>. A vida (<em>bio)<\/em> e o fator ecol\u00f3gico (<em>eco<\/em>) ganhar\u00e3o centralidade, comprometendo o nosso cuidado e todo o nosso cora\u00e7\u00e3o. Que esse desiderato seja uma utopia vi\u00e1vel que nos permitir\u00e1 continuar sobre esse belo e ridente planeta.<\/p>\n<hr \/>\n<p><strong>Leonardo Boff<\/strong> escreveu\u00a0\u201c<em>O doloroso parte da M\u00e3e Terra\u201d,\u00a0<\/em>Vozes 2021<em>.<\/em><\/p>\n","protected":false},"excerpt":{"rendered":"<p>Artigo de Leonardo Boff <\/p>\n","protected":false},"author":3,"featured_media":192516,"comment_status":"open","ping_status":"open","sticky":false,"template":"","format":"standard","meta":{"footnotes":""},"categories":[26],"tags":[59],"yoast_head":"<!-- This site is optimized with the Yoast SEO plugin v19.4 - https:\/\/yoast.com\/wordpress\/plugins\/seo\/ -->\n<title>A Terra em dores de parto: vir\u00e1 o grande salto salvador? - Vida Crist\u00e3 - Franciscanos<\/title>\n<meta name=\"robots\" content=\"index, follow, max-snippet:-1, max-image-preview:large, max-video-preview:-1\" \/>\n<link rel=\"canonical\" href=\"https:\/\/franciscanos.org.br\/vidacrista\/a-terra-em-dores-de-parto-vira-o-grande-salto-salvador\/\" \/>\n<meta property=\"og:locale\" content=\"pt_BR\" \/>\n<meta property=\"og:type\" content=\"article\" \/>\n<meta property=\"og:title\" content=\"A Terra em dores de parto: vir\u00e1 o grande salto salvador? - Vida Crist\u00e3 - Franciscanos\" \/>\n<meta property=\"og:description\" content=\"Artigo de Leonardo Boff\" \/>\n<meta property=\"og:url\" content=\"https:\/\/franciscanos.org.br\/vidacrista\/a-terra-em-dores-de-parto-vira-o-grande-salto-salvador\/\" \/>\n<meta property=\"og:site_name\" content=\"Vida Crist\u00e3 - Franciscanos\" \/>\n<meta property=\"article:published_time\" content=\"2022-10-31T08:25:20+00:00\" \/>\n<meta property=\"article:modified_time\" content=\"2022-10-31T08:26:57+00:00\" \/>\n<meta property=\"og:image\" content=\"https:\/\/franciscanos.org.br\/vidacrista\/wp-content\/uploads\/2022\/10\/artigo_31.png\" \/>\n\t<meta property=\"og:image:width\" content=\"840\" \/>\n\t<meta property=\"og:image:height\" content=\"450\" \/>\n\t<meta property=\"og:image:type\" content=\"image\/png\" \/>\n<meta name=\"author\" content=\"moacir\" \/>\n<meta name=\"twitter:card\" content=\"summary_large_image\" \/>\n<meta name=\"twitter:label1\" content=\"Escrito por\" \/>\n\t<meta name=\"twitter:data1\" content=\"moacir\" \/>\n\t<meta name=\"twitter:label2\" content=\"Est. tempo de leitura\" \/>\n\t<meta name=\"twitter:data2\" content=\"6 minutos\" \/>\n<script type=\"application\/ld+json\" class=\"yoast-schema-graph\">{\"@context\":\"https:\/\/schema.org\",\"@graph\":[{\"@type\":\"WebSite\",\"@id\":\"https:\/\/franciscanos.org.br\/vidacrista\/#website\",\"url\":\"https:\/\/franciscanos.org.br\/vidacrista\/\",\"name\":\"Vida Crist\u00e3 - Franciscanos\",\"description\":\"Prov\u00edncia Franciscana da Imaculada Concei\u00e7\u00e3o do Brasil - Ordem dos Frades Menores\",\"potentialAction\":[{\"@type\":\"SearchAction\",\"target\":{\"@type\":\"EntryPoint\",\"urlTemplate\":\"https:\/\/franciscanos.org.br\/vidacrista\/?s={search_term_string}\"},\"query-input\":\"required name=search_term_string\"}],\"inLanguage\":\"pt-BR\"},{\"@type\":\"WebPage\",\"@id\":\"https:\/\/franciscanos.org.br\/vidacrista\/a-terra-em-dores-de-parto-vira-o-grande-salto-salvador\/\",\"url\":\"https:\/\/franciscanos.org.br\/vidacrista\/a-terra-em-dores-de-parto-vira-o-grande-salto-salvador\/\",\"name\":\"A Terra em dores de parto: vir\u00e1 o grande salto salvador? - Vida Crist\u00e3 - Franciscanos\",\"isPartOf\":{\"@id\":\"https:\/\/franciscanos.org.br\/vidacrista\/#website\"},\"datePublished\":\"2022-10-31T08:25:20+00:00\",\"dateModified\":\"2022-10-31T08:26:57+00:00\",\"author\":{\"@id\":\"https:\/\/franciscanos.org.br\/vidacrista\/#\/schema\/person\/1880bdd2c350b735648725ef7614736a\"},\"breadcrumb\":{\"@id\":\"https:\/\/franciscanos.org.br\/vidacrista\/a-terra-em-dores-de-parto-vira-o-grande-salto-salvador\/#breadcrumb\"},\"inLanguage\":\"pt-BR\",\"potentialAction\":[{\"@type\":\"ReadAction\",\"target\":[\"https:\/\/franciscanos.org.br\/vidacrista\/a-terra-em-dores-de-parto-vira-o-grande-salto-salvador\/\"]}]},{\"@type\":\"BreadcrumbList\",\"@id\":\"https:\/\/franciscanos.org.br\/vidacrista\/a-terra-em-dores-de-parto-vira-o-grande-salto-salvador\/#breadcrumb\",\"itemListElement\":[{\"@type\":\"ListItem\",\"position\":1,\"name\":\"Home\",\"item\":\"https:\/\/franciscanos.org.br\/vidacrista\/\"},{\"@type\":\"ListItem\",\"position\":2,\"name\":\"A Terra em dores de parto: vir\u00e1 o grande salto salvador?\"}]},{\"@type\":\"Person\",\"@id\":\"https:\/\/franciscanos.org.br\/vidacrista\/#\/schema\/person\/1880bdd2c350b735648725ef7614736a\",\"name\":\"moacir\",\"image\":{\"@type\":\"ImageObject\",\"inLanguage\":\"pt-BR\",\"@id\":\"https:\/\/franciscanos.org.br\/vidacrista\/#\/schema\/person\/image\/\",\"url\":\"https:\/\/secure.gravatar.com\/avatar\/d08aa2ce4c8dd416d4479aa8536fcf64?s=96&d=mm&r=g\",\"contentUrl\":\"https:\/\/secure.gravatar.com\/avatar\/d08aa2ce4c8dd416d4479aa8536fcf64?s=96&d=mm&r=g\",\"caption\":\"moacir\"},\"url\":\"https:\/\/franciscanos.org.br\/vidacrista\/author\/moacir\/\"}]}<\/script>\n<!-- \/ Yoast SEO plugin. -->","yoast_head_json":{"title":"A Terra em dores de parto: vir\u00e1 o grande salto salvador? - Vida Crist\u00e3 - Franciscanos","robots":{"index":"index","follow":"follow","max-snippet":"max-snippet:-1","max-image-preview":"max-image-preview:large","max-video-preview":"max-video-preview:-1"},"canonical":"https:\/\/franciscanos.org.br\/vidacrista\/a-terra-em-dores-de-parto-vira-o-grande-salto-salvador\/","og_locale":"pt_BR","og_type":"article","og_title":"A Terra em dores de parto: vir\u00e1 o grande salto salvador? - Vida Crist\u00e3 - Franciscanos","og_description":"Artigo de Leonardo Boff","og_url":"https:\/\/franciscanos.org.br\/vidacrista\/a-terra-em-dores-de-parto-vira-o-grande-salto-salvador\/","og_site_name":"Vida Crist\u00e3 - Franciscanos","article_published_time":"2022-10-31T08:25:20+00:00","article_modified_time":"2022-10-31T08:26:57+00:00","og_image":[{"width":840,"height":450,"url":"https:\/\/franciscanos.org.br\/vidacrista\/wp-content\/uploads\/2022\/10\/artigo_31.png","type":"image\/png"}],"author":"moacir","twitter_card":"summary_large_image","twitter_misc":{"Escrito por":"moacir","Est. tempo de leitura":"6 minutos"},"schema":{"@context":"https:\/\/schema.org","@graph":[{"@type":"WebSite","@id":"https:\/\/franciscanos.org.br\/vidacrista\/#website","url":"https:\/\/franciscanos.org.br\/vidacrista\/","name":"Vida Crist\u00e3 - Franciscanos","description":"Prov\u00edncia Franciscana da Imaculada Concei\u00e7\u00e3o do Brasil - Ordem dos Frades Menores","potentialAction":[{"@type":"SearchAction","target":{"@type":"EntryPoint","urlTemplate":"https:\/\/franciscanos.org.br\/vidacrista\/?s={search_term_string}"},"query-input":"required name=search_term_string"}],"inLanguage":"pt-BR"},{"@type":"WebPage","@id":"https:\/\/franciscanos.org.br\/vidacrista\/a-terra-em-dores-de-parto-vira-o-grande-salto-salvador\/","url":"https:\/\/franciscanos.org.br\/vidacrista\/a-terra-em-dores-de-parto-vira-o-grande-salto-salvador\/","name":"A Terra em dores de parto: vir\u00e1 o grande salto salvador? - Vida Crist\u00e3 - Franciscanos","isPartOf":{"@id":"https:\/\/franciscanos.org.br\/vidacrista\/#website"},"datePublished":"2022-10-31T08:25:20+00:00","dateModified":"2022-10-31T08:26:57+00:00","author":{"@id":"https:\/\/franciscanos.org.br\/vidacrista\/#\/schema\/person\/1880bdd2c350b735648725ef7614736a"},"breadcrumb":{"@id":"https:\/\/franciscanos.org.br\/vidacrista\/a-terra-em-dores-de-parto-vira-o-grande-salto-salvador\/#breadcrumb"},"inLanguage":"pt-BR","potentialAction":[{"@type":"ReadAction","target":["https:\/\/franciscanos.org.br\/vidacrista\/a-terra-em-dores-de-parto-vira-o-grande-salto-salvador\/"]}]},{"@type":"BreadcrumbList","@id":"https:\/\/franciscanos.org.br\/vidacrista\/a-terra-em-dores-de-parto-vira-o-grande-salto-salvador\/#breadcrumb","itemListElement":[{"@type":"ListItem","position":1,"name":"Home","item":"https:\/\/franciscanos.org.br\/vidacrista\/"},{"@type":"ListItem","position":2,"name":"A Terra em dores de parto: vir\u00e1 o grande salto salvador?"}]},{"@type":"Person","@id":"https:\/\/franciscanos.org.br\/vidacrista\/#\/schema\/person\/1880bdd2c350b735648725ef7614736a","name":"moacir","image":{"@type":"ImageObject","inLanguage":"pt-BR","@id":"https:\/\/franciscanos.org.br\/vidacrista\/#\/schema\/person\/image\/","url":"https:\/\/secure.gravatar.com\/avatar\/d08aa2ce4c8dd416d4479aa8536fcf64?s=96&d=mm&r=g","contentUrl":"https:\/\/secure.gravatar.com\/avatar\/d08aa2ce4c8dd416d4479aa8536fcf64?s=96&d=mm&r=g","caption":"moacir"},"url":"https:\/\/franciscanos.org.br\/vidacrista\/author\/moacir\/"}]}},"_links":{"self":[{"href":"https:\/\/franciscanos.org.br\/vidacrista\/wp-json\/wp\/v2\/posts\/192515"}],"collection":[{"href":"https:\/\/franciscanos.org.br\/vidacrista\/wp-json\/wp\/v2\/posts"}],"about":[{"href":"https:\/\/franciscanos.org.br\/vidacrista\/wp-json\/wp\/v2\/types\/post"}],"author":[{"embeddable":true,"href":"https:\/\/franciscanos.org.br\/vidacrista\/wp-json\/wp\/v2\/users\/3"}],"replies":[{"embeddable":true,"href":"https:\/\/franciscanos.org.br\/vidacrista\/wp-json\/wp\/v2\/comments?post=192515"}],"version-history":[{"count":5,"href":"https:\/\/franciscanos.org.br\/vidacrista\/wp-json\/wp\/v2\/posts\/192515\/revisions"}],"predecessor-version":[{"id":192521,"href":"https:\/\/franciscanos.org.br\/vidacrista\/wp-json\/wp\/v2\/posts\/192515\/revisions\/192521"}],"wp:featuredmedia":[{"embeddable":true,"href":"https:\/\/franciscanos.org.br\/vidacrista\/wp-json\/wp\/v2\/media\/192516"}],"wp:attachment":[{"href":"https:\/\/franciscanos.org.br\/vidacrista\/wp-json\/wp\/v2\/media?parent=192515"}],"wp:term":[{"taxonomy":"category","embeddable":true,"href":"https:\/\/franciscanos.org.br\/vidacrista\/wp-json\/wp\/v2\/categories?post=192515"},{"taxonomy":"post_tag","embeddable":true,"href":"https:\/\/franciscanos.org.br\/vidacrista\/wp-json\/wp\/v2\/tags?post=192515"}],"curies":[{"name":"wp","href":"https:\/\/api.w.org\/{rel}","templated":true}]}}