{"id":192510,"date":"2022-10-27T10:53:55","date_gmt":"2022-10-27T13:53:55","guid":{"rendered":"https:\/\/franciscanos.org.br\/vidacrista\/?p=192510"},"modified":"2022-10-28T06:42:15","modified_gmt":"2022-10-28T09:42:15","slug":"sao-paulo-e-sao-judas-tadeu-divisao-e-guerra-santa-no-brasil-e-em-filipos-fl-11-11","status":"publish","type":"post","link":"https:\/\/franciscanos.org.br\/vidacrista\/sao-paulo-e-sao-judas-tadeu-divisao-e-guerra-santa-no-brasil-e-em-filipos-fl-11-11\/","title":{"rendered":"S\u00e3o Paulo e S\u00e3o Judas Tadeu: divis\u00e3o e \u201cguerra santa\u201d no Brasil e em Filipos (FL, 1,1-11)"},"content":{"rendered":"<p><img decoding=\"async\" loading=\"lazy\" class=\"alignnone wp-image-192511 size-full\" src=\"https:\/\/franciscanos.org.br\/vidacrista\/wp-content\/uploads\/2022\/10\/montagem-840x450-1.gif\" alt=\"\" width=\"840\" height=\"450\" \/><\/p>\n<p><em>Frei Jacir de Freitas Faria<\/em> <a href=\"#_ftn1\" name=\"_ftnref1\">[1]<\/a><\/p>\n<p><em>O texto sobre o qual vamos refletir hoje \u00e9 Fl 1,1-11. Trata-se da sauda\u00e7\u00e3o de Paulo aos crist\u00e3os de Filipos, cidade localizada na Maced\u00f4nia, atual Gr\u00e9cia. Fundada por Alexandre, o Grande, em homenagem a seu pai, Filipo II, Filipos, na \u00e9poca de Paulo, era uma col\u00f4nia romana de soldados romanos aposentados, um centro militar e econ\u00f4mico. Paulo esteve em Filipos entre os anos de 49 e 52, quando ele come\u00e7ou a evangeliza\u00e7\u00e3o da Europa (At 16,11-14). Amigo de uma comerciante de p\u00farpura, L\u00eddia, Paulo tinha muito apre\u00e7o por Filipos. <\/em><br \/>\n<iframe loading=\"lazy\" title=\"YouTube video player\" src=\"https:\/\/www.youtube.com\/embed\/nFrhBEwOofw\" width=\"100%\" height=\"500\" frameborder=\"0\" allowfullscreen=\"allowfullscreen\"><span data-mce-type=\"bookmark\" style=\"display: inline-block; width: 0px; overflow: hidden; line-height: 0;\" class=\"mce_SELRES_start\">\ufeff<\/span><\/iframe><\/p>\n<p>A evangeliza\u00e7\u00e3o de Paulo em Filipos tem rela\u00e7\u00e3o com outros ap\u00f3stolos evangelizadores, dentre os quais celebramos, em 28 de outubro, Judas Tadeu e Sim\u00e3o. Muito popular no Brasil, S\u00e3o Judas \u00e9 considerado o santo das causas perdidas e imposs\u00edveis de serem realizadas. Voc\u00ea conhece a hist\u00f3ria de S\u00e3o Judas e S\u00e3o Sim\u00e3o? Quais s\u00e3o essas causas imposs\u00edveis, em nossos dias? Por que Paulo escreveu uma carta aos Filipenses, entre os anos 55 e 60?<\/p>\n<p>S\u00e3o Judas Tadeu foi o pen\u00faltimo ap\u00f3stolo escolhido por Jesus. Ele era irm\u00e3o de Tiago Menor (Lc 6,16; Mt 10,3; Mc 3,18). Seu pai era Alfeu ou Cleofas, irm\u00e3o de Jos\u00e9, o esposo de Maria e o disc\u00edpulo, ao qual Jesus ressuscitado apareceu a caminho de Ema\u00fas. A m\u00e3e de Judas Tadeu era Maria de Cleofas, prima de Maria, a m\u00e3e de Jesus. Trata-se, portanto, de uma fam\u00edlia extensiva, na qual o primo tamb\u00e9m poderia ser chamado de irm\u00e3o. Da\u00ed que Judas Tadeu foi tamb\u00e9m considerado pela tradi\u00e7\u00e3o como irm\u00e3o de Jesus ou do Senhor (Mc 6,3), o que justifica a sua popularidade.<\/p>\n<p>Ap\u00f3s a morte de Jesus, S\u00e3o Judas Tadeu pregou o evangelho na Mesopot\u00e2mia, na S\u00edria, na Arm\u00e9nia e na P\u00e9rsia, atual Ir\u00e3, onde teria se encontrado com Sim\u00e3o, que, antes, estava pregando no Egito. A partir da\u00ed, eles evangelizaram juntos, expulsaram dem\u00f4nios, curaram doentes, fundaram comunidades, consagraram Abdias como bispo etc. Os seus atos apost\u00f3licos se encontram registrados no ap\u00f3crifo\u00a0Mem\u00f3rias apost\u00f3licas de Abdias\u00a0ou\u00a0Atos ap\u00f3crifos dos Ap\u00f3stolos.<a href=\"#_ftn2\" name=\"_ftnref2\">[2]<\/a><\/p>\n<p>Judas Tadeu e Sim\u00e3o morrem martirizados a golpes de bast\u00f5es, machados e lan\u00e7as a mando de sacerdotes da religi\u00e3o persa, no dia 28 de outubro do ano 70, por isso, na sua imagem tem um machado nas m\u00e3os.<\/p>\n<p>Entre os anos de 1303 e 1373, Jesus teria aparecido a Santa Br\u00edgida da Su\u00e9cia, e a aconselhado a invocar S\u00e3o Judas Tadeu para resolver os seus problemas. Ela foi atendida e, desde ent\u00e3o, nasceu a devo\u00e7\u00e3o a S\u00e3o Judas Tadeu como santo das causas perdidas, desesperadas e dif\u00edceis de serem resolvidas, assim como doen\u00e7as incur\u00e1veis, o que fez, tamb\u00e9m, de S\u00e3o Judas Tadeu o padroeiro dos hospitais.<\/p>\n<p>S\u00e3o Paulo, ap\u00f3s ser perseguido, insultado e preso em Filipos, fugiu para Tessal\u00f4nica. Mais tarde, ele escreveu cartas aos filipenses por causa dos conflitos entre os ap\u00f3stolos sobre os v\u00e1rios modos de compreender a miss\u00e3o e a mensagem do evangelho que eles deviam transmitir ao povo. Rivalidades e autoridade apost\u00f3lica estavam em jogo. Eles se perguntavam sobre quem teria autoridade para pregar e o que deveriam dizer. Paulo se dirige aos bispos e di\u00e1conos da comunidade de Filipos. Ele tinha medo de outros pregadores que se diziam crist\u00e3os, mas n\u00e3o pregavam o verdadeiro evangelho. Esse \u00e9 o tema central da ep\u00edstola, o verdadeiro evangelho, aquele que tem a cruz como caminho de salva\u00e7\u00e3o, de liberta\u00e7\u00e3o de todas as injusti\u00e7as, sem o desejo de poder pelo poder.<\/p>\n<p>Olhando para as igrejas no Brasil, nesse tempo de elei\u00e7\u00f5es, a partir da Carta aos Filipenses, contatamos, com tristeza, que estamos tamb\u00e9m divididos e imersos numa \u2018guerra santa\u2019 nas redes sociais, nas comunidades e fam\u00edlias. H\u00e1 muitas lideran\u00e7as falsas nas igrejas, h\u00e1 muitos pol\u00edticos, lideran\u00e7as de comunidades, padres, pastores e at\u00e9 bispos ensinando inverdades, propagando Fake News, manipulando as verdades evang\u00e9licas. Percebe-se uma volta ao tradicionalismo religioso at\u00e9 mesmo entre a juventude. Ali\u00e1s, a religi\u00e3o nunca teve tanta predomin\u00e2ncia nas discuss\u00f5es pol\u00edticas. Muitos est\u00e3o preocupados em defender a sua Igreja e se esquecem dos empobrecidos. E nesse quesito sobram as inverdades. Fulano \u00e9 abortista, comunista, vai acabar com a Igreja etc. Quanta discuss\u00e3o v\u00e3 e sem fundamentos. Esses se esquecem de que a principal mensagem do evangelho \u00e9 a defesa dos pobres, dos injusti\u00e7ados.<\/p>\n<p>Com S\u00e3o Judas Tadeu e S\u00e3o Paulo, \u00e9 imposs\u00edvel n\u00e3o ficar calado diante da pobreza que assola, da falta de profetismo das igrejas que se aliam aos poderosos para tirar benef\u00edcios financeiros e pol\u00edticos. Imposs\u00edvel \u00e9 n\u00e3o perceber que a Igreja est\u00e1 longe de sua origem prof\u00e9tica.<\/p>\n<p>Ajude-nos, S\u00e3o Judas Tadeu a mudar o rumo de nossa hist\u00f3ria. A causa dos empobrecidos, do evangelho n\u00e3o est\u00e1 perdida! Ajude-os, S\u00e3o Paulo, a fazer com que o amor cres\u00e7a entre n\u00f3s, de modo que possamos discernir o que \u00e9 melhor. Paz e bem a todos e todas!<\/p>\n<hr \/>\n<p><a href=\"#_ftnref1\" name=\"_ftn1\">[1]<\/a>Doutor em Teologia B\u00edblica pela FAJE (BH). Mestre em Ci\u00eancias B\u00edblicas (Exegese) pelo Pontif\u00edcio Instituto B\u00edblico de Roma. Professor de Exegese B\u00edblica. \u00c9 membro da Associa\u00e7\u00e3o Brasileira de Pesquisa B\u00edblica (ABIB). Sacerdote Franciscano. Autor de dez livros e coautor de quinze. Youtube: Frei Jacir B\u00edblia e Ap\u00f3crifos. <a href=\"https:\/\/www.youtube.com\/channel\/UCwbSE97jnR6jQwHRigX1KlQ\">https:\/\/www.youtube.com\/channel\/UCwbSE97jnR6jQwHRigX1KlQ<\/a><\/p>\n<p><a href=\"#_ftnref2\" name=\"_ftn2\">[2]<\/a> FARIA, Jacir de Freitas.\u00a0A Vida Secreta dos Ap\u00f3stolos e Ap\u00f3stolas: \u00e0 Luz dos Atos Ap\u00f3crifos. Petr\u00f3polis: Vozes, 2005. 326p<\/p>\n<p>&nbsp;<\/p>\n","protected":false},"excerpt":{"rendered":"<p>Artigo de Frei Jacir de Freitas Faria<\/p>\n","protected":false},"author":3,"featured_media":192511,"comment_status":"open","ping_status":"open","sticky":false,"template":"","format":"standard","meta":{"footnotes":""},"categories":[26],"tags":[43],"yoast_head":"<!-- This site is optimized with the Yoast SEO plugin v19.4 - https:\/\/yoast.com\/wordpress\/plugins\/seo\/ -->\n<title>S\u00e3o Paulo e S\u00e3o Judas Tadeu: divis\u00e3o e \u201cguerra santa\u201d no Brasil e em Filipos (FL, 1,1-11) - Vida Crist\u00e3 - Franciscanos<\/title>\n<meta name=\"robots\" content=\"index, follow, max-snippet:-1, max-image-preview:large, max-video-preview:-1\" \/>\n<link rel=\"canonical\" href=\"https:\/\/franciscanos.org.br\/vidacrista\/sao-paulo-e-sao-judas-tadeu-divisao-e-guerra-santa-no-brasil-e-em-filipos-fl-11-11\/\" \/>\n<meta property=\"og:locale\" content=\"pt_BR\" \/>\n<meta property=\"og:type\" content=\"article\" \/>\n<meta property=\"og:title\" content=\"S\u00e3o Paulo e S\u00e3o Judas Tadeu: divis\u00e3o e \u201cguerra santa\u201d no Brasil e em Filipos (FL, 1,1-11) - Vida Crist\u00e3 - Franciscanos\" \/>\n<meta property=\"og:description\" content=\"Artigo de Frei Jacir de Freitas Faria\" \/>\n<meta property=\"og:url\" content=\"https:\/\/franciscanos.org.br\/vidacrista\/sao-paulo-e-sao-judas-tadeu-divisao-e-guerra-santa-no-brasil-e-em-filipos-fl-11-11\/\" \/>\n<meta property=\"og:site_name\" content=\"Vida Crist\u00e3 - Franciscanos\" \/>\n<meta property=\"article:published_time\" content=\"2022-10-27T13:53:55+00:00\" \/>\n<meta property=\"article:modified_time\" content=\"2022-10-28T09:42:15+00:00\" \/>\n<meta property=\"og:image\" content=\"https:\/\/franciscanos.org.br\/vidacrista\/wp-content\/uploads\/2022\/10\/montagem-840x450-1.gif\" \/>\n\t<meta property=\"og:image:width\" content=\"840\" \/>\n\t<meta property=\"og:image:height\" content=\"450\" \/>\n\t<meta property=\"og:image:type\" content=\"image\/gif\" \/>\n<meta name=\"author\" content=\"moacir\" \/>\n<meta name=\"twitter:card\" content=\"summary_large_image\" \/>\n<meta name=\"twitter:label1\" content=\"Escrito por\" \/>\n\t<meta name=\"twitter:data1\" content=\"moacir\" \/>\n\t<meta name=\"twitter:label2\" content=\"Est. tempo de leitura\" \/>\n\t<meta name=\"twitter:data2\" content=\"6 minutos\" \/>\n<script type=\"application\/ld+json\" class=\"yoast-schema-graph\">{\"@context\":\"https:\/\/schema.org\",\"@graph\":[{\"@type\":\"WebSite\",\"@id\":\"https:\/\/franciscanos.org.br\/vidacrista\/#website\",\"url\":\"https:\/\/franciscanos.org.br\/vidacrista\/\",\"name\":\"Vida Crist\u00e3 - Franciscanos\",\"description\":\"Prov\u00edncia Franciscana da Imaculada Concei\u00e7\u00e3o do Brasil - Ordem dos Frades Menores\",\"potentialAction\":[{\"@type\":\"SearchAction\",\"target\":{\"@type\":\"EntryPoint\",\"urlTemplate\":\"https:\/\/franciscanos.org.br\/vidacrista\/?s={search_term_string}\"},\"query-input\":\"required name=search_term_string\"}],\"inLanguage\":\"pt-BR\"},{\"@type\":\"WebPage\",\"@id\":\"https:\/\/franciscanos.org.br\/vidacrista\/sao-paulo-e-sao-judas-tadeu-divisao-e-guerra-santa-no-brasil-e-em-filipos-fl-11-11\/\",\"url\":\"https:\/\/franciscanos.org.br\/vidacrista\/sao-paulo-e-sao-judas-tadeu-divisao-e-guerra-santa-no-brasil-e-em-filipos-fl-11-11\/\",\"name\":\"S\u00e3o Paulo e S\u00e3o Judas Tadeu: divis\u00e3o e \u201cguerra santa\u201d no Brasil e em Filipos (FL, 1,1-11) - Vida Crist\u00e3 - Franciscanos\",\"isPartOf\":{\"@id\":\"https:\/\/franciscanos.org.br\/vidacrista\/#website\"},\"datePublished\":\"2022-10-27T13:53:55+00:00\",\"dateModified\":\"2022-10-28T09:42:15+00:00\",\"author\":{\"@id\":\"https:\/\/franciscanos.org.br\/vidacrista\/#\/schema\/person\/1880bdd2c350b735648725ef7614736a\"},\"breadcrumb\":{\"@id\":\"https:\/\/franciscanos.org.br\/vidacrista\/sao-paulo-e-sao-judas-tadeu-divisao-e-guerra-santa-no-brasil-e-em-filipos-fl-11-11\/#breadcrumb\"},\"inLanguage\":\"pt-BR\",\"potentialAction\":[{\"@type\":\"ReadAction\",\"target\":[\"https:\/\/franciscanos.org.br\/vidacrista\/sao-paulo-e-sao-judas-tadeu-divisao-e-guerra-santa-no-brasil-e-em-filipos-fl-11-11\/\"]}]},{\"@type\":\"BreadcrumbList\",\"@id\":\"https:\/\/franciscanos.org.br\/vidacrista\/sao-paulo-e-sao-judas-tadeu-divisao-e-guerra-santa-no-brasil-e-em-filipos-fl-11-11\/#breadcrumb\",\"itemListElement\":[{\"@type\":\"ListItem\",\"position\":1,\"name\":\"Home\",\"item\":\"https:\/\/franciscanos.org.br\/vidacrista\/\"},{\"@type\":\"ListItem\",\"position\":2,\"name\":\"S\u00e3o Paulo e S\u00e3o Judas Tadeu: divis\u00e3o e \u201cguerra santa\u201d no Brasil e em Filipos (FL, 1,1-11)\"}]},{\"@type\":\"Person\",\"@id\":\"https:\/\/franciscanos.org.br\/vidacrista\/#\/schema\/person\/1880bdd2c350b735648725ef7614736a\",\"name\":\"moacir\",\"image\":{\"@type\":\"ImageObject\",\"inLanguage\":\"pt-BR\",\"@id\":\"https:\/\/franciscanos.org.br\/vidacrista\/#\/schema\/person\/image\/\",\"url\":\"https:\/\/secure.gravatar.com\/avatar\/d08aa2ce4c8dd416d4479aa8536fcf64?s=96&d=mm&r=g\",\"contentUrl\":\"https:\/\/secure.gravatar.com\/avatar\/d08aa2ce4c8dd416d4479aa8536fcf64?s=96&d=mm&r=g\",\"caption\":\"moacir\"},\"url\":\"https:\/\/franciscanos.org.br\/vidacrista\/author\/moacir\/\"}]}<\/script>\n<!-- \/ Yoast SEO plugin. -->","yoast_head_json":{"title":"S\u00e3o Paulo e S\u00e3o Judas Tadeu: divis\u00e3o e \u201cguerra santa\u201d no Brasil e em Filipos (FL, 1,1-11) - Vida Crist\u00e3 - Franciscanos","robots":{"index":"index","follow":"follow","max-snippet":"max-snippet:-1","max-image-preview":"max-image-preview:large","max-video-preview":"max-video-preview:-1"},"canonical":"https:\/\/franciscanos.org.br\/vidacrista\/sao-paulo-e-sao-judas-tadeu-divisao-e-guerra-santa-no-brasil-e-em-filipos-fl-11-11\/","og_locale":"pt_BR","og_type":"article","og_title":"S\u00e3o Paulo e S\u00e3o Judas Tadeu: divis\u00e3o e \u201cguerra santa\u201d no Brasil e em Filipos (FL, 1,1-11) - Vida Crist\u00e3 - Franciscanos","og_description":"Artigo de Frei Jacir de Freitas Faria","og_url":"https:\/\/franciscanos.org.br\/vidacrista\/sao-paulo-e-sao-judas-tadeu-divisao-e-guerra-santa-no-brasil-e-em-filipos-fl-11-11\/","og_site_name":"Vida Crist\u00e3 - Franciscanos","article_published_time":"2022-10-27T13:53:55+00:00","article_modified_time":"2022-10-28T09:42:15+00:00","og_image":[{"width":840,"height":450,"url":"https:\/\/franciscanos.org.br\/vidacrista\/wp-content\/uploads\/2022\/10\/montagem-840x450-1.gif","type":"image\/gif"}],"author":"moacir","twitter_card":"summary_large_image","twitter_misc":{"Escrito por":"moacir","Est. tempo de leitura":"6 minutos"},"schema":{"@context":"https:\/\/schema.org","@graph":[{"@type":"WebSite","@id":"https:\/\/franciscanos.org.br\/vidacrista\/#website","url":"https:\/\/franciscanos.org.br\/vidacrista\/","name":"Vida Crist\u00e3 - Franciscanos","description":"Prov\u00edncia Franciscana da Imaculada Concei\u00e7\u00e3o do Brasil - Ordem dos Frades Menores","potentialAction":[{"@type":"SearchAction","target":{"@type":"EntryPoint","urlTemplate":"https:\/\/franciscanos.org.br\/vidacrista\/?s={search_term_string}"},"query-input":"required name=search_term_string"}],"inLanguage":"pt-BR"},{"@type":"WebPage","@id":"https:\/\/franciscanos.org.br\/vidacrista\/sao-paulo-e-sao-judas-tadeu-divisao-e-guerra-santa-no-brasil-e-em-filipos-fl-11-11\/","url":"https:\/\/franciscanos.org.br\/vidacrista\/sao-paulo-e-sao-judas-tadeu-divisao-e-guerra-santa-no-brasil-e-em-filipos-fl-11-11\/","name":"S\u00e3o Paulo e S\u00e3o Judas Tadeu: divis\u00e3o e \u201cguerra santa\u201d no Brasil e em Filipos (FL, 1,1-11) - Vida Crist\u00e3 - Franciscanos","isPartOf":{"@id":"https:\/\/franciscanos.org.br\/vidacrista\/#website"},"datePublished":"2022-10-27T13:53:55+00:00","dateModified":"2022-10-28T09:42:15+00:00","author":{"@id":"https:\/\/franciscanos.org.br\/vidacrista\/#\/schema\/person\/1880bdd2c350b735648725ef7614736a"},"breadcrumb":{"@id":"https:\/\/franciscanos.org.br\/vidacrista\/sao-paulo-e-sao-judas-tadeu-divisao-e-guerra-santa-no-brasil-e-em-filipos-fl-11-11\/#breadcrumb"},"inLanguage":"pt-BR","potentialAction":[{"@type":"ReadAction","target":["https:\/\/franciscanos.org.br\/vidacrista\/sao-paulo-e-sao-judas-tadeu-divisao-e-guerra-santa-no-brasil-e-em-filipos-fl-11-11\/"]}]},{"@type":"BreadcrumbList","@id":"https:\/\/franciscanos.org.br\/vidacrista\/sao-paulo-e-sao-judas-tadeu-divisao-e-guerra-santa-no-brasil-e-em-filipos-fl-11-11\/#breadcrumb","itemListElement":[{"@type":"ListItem","position":1,"name":"Home","item":"https:\/\/franciscanos.org.br\/vidacrista\/"},{"@type":"ListItem","position":2,"name":"S\u00e3o Paulo e S\u00e3o Judas Tadeu: divis\u00e3o e \u201cguerra santa\u201d no Brasil e em Filipos (FL, 1,1-11)"}]},{"@type":"Person","@id":"https:\/\/franciscanos.org.br\/vidacrista\/#\/schema\/person\/1880bdd2c350b735648725ef7614736a","name":"moacir","image":{"@type":"ImageObject","inLanguage":"pt-BR","@id":"https:\/\/franciscanos.org.br\/vidacrista\/#\/schema\/person\/image\/","url":"https:\/\/secure.gravatar.com\/avatar\/d08aa2ce4c8dd416d4479aa8536fcf64?s=96&d=mm&r=g","contentUrl":"https:\/\/secure.gravatar.com\/avatar\/d08aa2ce4c8dd416d4479aa8536fcf64?s=96&d=mm&r=g","caption":"moacir"},"url":"https:\/\/franciscanos.org.br\/vidacrista\/author\/moacir\/"}]}},"_links":{"self":[{"href":"https:\/\/franciscanos.org.br\/vidacrista\/wp-json\/wp\/v2\/posts\/192510"}],"collection":[{"href":"https:\/\/franciscanos.org.br\/vidacrista\/wp-json\/wp\/v2\/posts"}],"about":[{"href":"https:\/\/franciscanos.org.br\/vidacrista\/wp-json\/wp\/v2\/types\/post"}],"author":[{"embeddable":true,"href":"https:\/\/franciscanos.org.br\/vidacrista\/wp-json\/wp\/v2\/users\/3"}],"replies":[{"embeddable":true,"href":"https:\/\/franciscanos.org.br\/vidacrista\/wp-json\/wp\/v2\/comments?post=192510"}],"version-history":[{"count":3,"href":"https:\/\/franciscanos.org.br\/vidacrista\/wp-json\/wp\/v2\/posts\/192510\/revisions"}],"predecessor-version":[{"id":192514,"href":"https:\/\/franciscanos.org.br\/vidacrista\/wp-json\/wp\/v2\/posts\/192510\/revisions\/192514"}],"wp:featuredmedia":[{"embeddable":true,"href":"https:\/\/franciscanos.org.br\/vidacrista\/wp-json\/wp\/v2\/media\/192511"}],"wp:attachment":[{"href":"https:\/\/franciscanos.org.br\/vidacrista\/wp-json\/wp\/v2\/media?parent=192510"}],"wp:term":[{"taxonomy":"category","embeddable":true,"href":"https:\/\/franciscanos.org.br\/vidacrista\/wp-json\/wp\/v2\/categories?post=192510"},{"taxonomy":"post_tag","embeddable":true,"href":"https:\/\/franciscanos.org.br\/vidacrista\/wp-json\/wp\/v2\/tags?post=192510"}],"curies":[{"name":"wp","href":"https:\/\/api.w.org\/{rel}","templated":true}]}}