{"id":192500,"date":"2022-10-22T08:26:06","date_gmt":"2022-10-22T11:26:06","guid":{"rendered":"https:\/\/franciscanos.org.br\/vidacrista\/?p=192500"},"modified":"2022-10-22T08:26:06","modified_gmt":"2022-10-22T11:26:06","slug":"na-arte-da-politica","status":"publish","type":"post","link":"https:\/\/franciscanos.org.br\/vidacrista\/na-arte-da-politica\/","title":{"rendered":"Na arte da pol\u00edtica"},"content":{"rendered":"<div id=\"attachment_192501\" style=\"width: 850px\" class=\"wp-caption alignnone\"><img aria-describedby=\"caption-attachment-192501\" decoding=\"async\" loading=\"lazy\" class=\"wp-image-192501 size-full\" src=\"https:\/\/franciscanos.org.br\/vidacrista\/wp-content\/uploads\/2022\/10\/arte_fratelli.jpg\" alt=\"\" width=\"840\" height=\"444\" srcset=\"https:\/\/franciscanos.org.br\/vidacrista\/wp-content\/uploads\/2022\/10\/arte_fratelli.jpg 840w, https:\/\/franciscanos.org.br\/vidacrista\/wp-content\/uploads\/2022\/10\/arte_fratelli-450x238.jpg 450w, https:\/\/franciscanos.org.br\/vidacrista\/wp-content\/uploads\/2022\/10\/arte_fratelli-768x406.jpg 768w, https:\/\/franciscanos.org.br\/vidacrista\/wp-content\/uploads\/2022\/10\/arte_fratelli-150x79.jpg 150w\" sizes=\"(max-width: 840px) 100vw, 840px\" \/><p id=\"caption-attachment-192501\" class=\"wp-caption-text\">\u00a0 \u00a0 \u00a0 \u00a0 \u00a0 \u00a0 \u00a0 \u00a0 \u00a0 \u00a0 \u00a0 \u00a0 \u00a0 \u00a0 \u00a0 \u00a0 \u00a0 \u00a0 \u00a0 \u00a0 \u00a0 \u00a0 \u00a0 \u00a0 \u00a0 \u00a0 \u00a0 \u00a0 \u00a0 \u00a0 \u00a0 \u00a0 \u00a0 \u00a0 \u00a0 \u00a0 \u00a0 \u00a0 \u00a0 \u00a0 \u00a0 \u00a0 \u00a0 \u00a0 \u00a0 \u00a0 \u00a0 \u00a0 \u00a0 \u00a0 \u00a0 \u00a0 \u00a0 \u00a0 \u00a0 \u00a0 \u00a0 \u00a0 \u00a0 \u00a0 \u00a0 \u00a0 \u00a0 \u00a0 \u00a0 \u00a0 \u00a0 <em>\u00a0 \u00a0 \u00a0 \u00a0Arte:: CNBB<\/em><\/p><\/div>\n<p><strong>Dom Walmor Oliveira de Azevedo<\/strong><\/p>\n<p>A arte da pol\u00edtica, em raz\u00e3o de sua import\u00e2ncia para a humanidade, consolidou-se como uma ci\u00eancia. Estudos sobre a tem\u00e1tica da pol\u00edtica constituem horizonte largo e inspirador, fortalecendo um relevante campo do saber humano. Outras disciplinas, a exemplo da filosofia, da antropologia e da sociologia, tamb\u00e9m se dedicam \u00e0 arte da pol\u00edtica, comprovando a sua relev\u00e2ncia na configura\u00e7\u00e3o do bem comum. Sendo uma arte, a pol\u00edtica pede investimentos de seus agentes na sua aprendizagem, pois exerc\u00ea-la inadequadamente pode ter consequ\u00eancias desastrosas para a sociedade, com incid\u00eancias graves na vida cidad\u00e3. Preju\u00edzos civilizat\u00f3rios que causam eros\u00f5es na conviv\u00eancia humana, com atrasos que produzem consider\u00e1veis perdas. Oportuno \u00e9 lembrar que a arte pol\u00edtica n\u00e3o se esgota, absolutamente, na possibilidade garantida pela liberdade cidad\u00e3, em se cumprindo pr\u00e9-requisitos legislativos, de sufragar o pr\u00f3prio nome em um pleito eleitoral. Torna-se, pois, necess\u00e1rio refletir sobre o envolvimento de todos, imprescind\u00edvel, com a pol\u00edtica na contemporaneidade.<\/p>\n<p>Por isso, \u00e9 interessante considerar a pol\u00edtica como arte da tergiversa\u00e7\u00e3o, isto \u00e9, exerc\u00edcio de alterca\u00e7\u00f5es e entendimentos que podem produzir ilumina\u00e7\u00f5es capazes de propor rumos novos, arquitetar respostas para problemas. Um exerc\u00edcio que possibilita tamb\u00e9m contribuir para o inegoci\u00e1vel respeito a princ\u00edpios e valores fundamentais. A dedica\u00e7\u00e3o \u00e0 pol\u00edtica precisa guardar a grandeza e a envergadura necess\u00e1rias para qualificar o tecido da cidadania. Ao inv\u00e9s disso, observa-se deteriora\u00e7\u00f5es muito perigosas. Dentre elas, est\u00e1 a engenharia de mentiras para arquitetar convencimentos, misturando valores nobres com contravalores. Essas mentiras s\u00e3o disseminadas especialmente no ambiente digital, com consequ\u00eancias altamente nocivas ao bem da sociedade.<\/p>\n<p>Percebe-se a pervers\u00e3o de se pretender conquistar consenso e anu\u00eancias pelo caminho da difama\u00e7\u00e3o gratuita, n\u00e3o raramente mentirosa. Muitos investem nesse caminho buscando encobrir o pr\u00f3prio limite. As narrativas no \u00e2mbito da pol\u00edtica tornam-se perigosas porque frequentemente s\u00e3o perversas. Um n\u00edvel tal de perversidade que faz valer, t\u00e3o simplesmente, o prop\u00f3sito de vencer a qualquer custo. Para alcan\u00e7ar a vit\u00f3ria a qualquer pre\u00e7o, s\u00e3o promovidas inadequadas misturas, rifados crit\u00e9rios intoc\u00e1veis no \u00e2mbito do relacionamento humano, constituindo uma verdadeira babel de acusa\u00e7\u00f5es e estremecimentos. Ao palco da pol\u00edtica \u00e9 levado o que acirra confus\u00f5es apaixonadas e pouco racionais. As crescentes irracionalidades s\u00e3o respons\u00e1veis por perdas de todo tipo, muitas irrepar\u00e1veis.<\/p>\n<p>A influ\u00eancia do exerc\u00edcio da pol\u00edtica na sociedade merece aten\u00e7\u00e3o especial dos agentes pol\u00edticos sob pena de se tornarem os grandes promotores de radicaliza\u00e7\u00f5es, respons\u00e1veis por erodir o tecido civilizat\u00f3rio da sociedade. Os extremismos praticados no per\u00edodo eleitoral deixam profundas marcas que n\u00e3o se cicatrizam, simplesmente, ap\u00f3s a apura\u00e7\u00e3o das urnas. Essas marcas atrasam a solu\u00e7\u00e3o de problemas. S\u00e3o, pois, necess\u00e1rios paradigmas inspiradores de cidadania, constru\u00eddos a partir da arte de se fazer pol\u00edtica. Esses paradigmas ultrapassam limites pr\u00f3prios do universo partid\u00e1rio. S\u00e3o essenciais \u00e0 constitui\u00e7\u00e3o da \u201cpol\u00edtica melhor\u201d, a servi\u00e7o do bem.<\/p>\n<p>Eis uma fundamental tarefa crist\u00e3: levar \u00e0 pr\u00e1tica pol\u00edtica os par\u00e2metros da \u201cpol\u00edtica melhor\u201d, bem apresentados pelo Papa Francisco, no cap\u00edtulo 5\u00ba da Carta Enc\u00edclica Fratelli Tutti. Entre outras indica\u00e7\u00f5es, \u00e9 preciso lembrar que a \u201cpol\u00edtica melhor\u201d guarda o compromisso de cumprir uma tarefa educativa, pelo desenvolvimento de h\u00e1bitos solid\u00e1rios, da capacidade de pensar a vida humana de forma mais integral. Essa tarefa educativa precisa reconhecer a necessidade de se cultivar a profundidade espiritual, importante tamb\u00e9m para a promo\u00e7\u00e3o de qualificadas rela\u00e7\u00f5es sociais. Uma qualifica\u00e7\u00e3o capaz de preparar a sociedade para reagir \u00e0s injusti\u00e7as, \u00e0s aberra\u00e7\u00f5es e aos abusos de poderes econ\u00f4micos, tecnol\u00f3gicos, pol\u00edticos e midi\u00e1ticos. Trabalhar pela \u201cpol\u00edtica melhor\u201d n\u00e3o \u00e9, assim, tarefa de \u00fanica pessoa. Precisa envolver a sociedade e suas institui\u00e7\u00f5es, fortalecidas a partir da identidade e da miss\u00e3o de cada uma. A arte da pol\u00edtica n\u00e3o pode admitir mediocridades, sob pena de sacrificar o bem comum.<\/p>\n<hr \/>\n<p><strong>Dom Walmor Oliveira de Azevedo<\/strong> <em>\u00e9 Arcebispo metropolitano de Belo Horizonte e Presidente da Confer\u00eancia Nacional dos Bispos do Brasil (CNBB)<\/em><\/p>\n","protected":false},"excerpt":{"rendered":"<p>Artigo de Dom Walmor Oliveira de Azevedo<\/p>\n","protected":false},"author":3,"featured_media":192501,"comment_status":"open","ping_status":"open","sticky":false,"template":"","format":"standard","meta":{"footnotes":""},"categories":[26],"tags":[271],"yoast_head":"<!-- This site is optimized with the Yoast SEO plugin v19.4 - https:\/\/yoast.com\/wordpress\/plugins\/seo\/ -->\n<title>Na arte da pol\u00edtica - Vida Crist\u00e3 - Franciscanos<\/title>\n<meta name=\"robots\" content=\"index, follow, max-snippet:-1, max-image-preview:large, max-video-preview:-1\" \/>\n<link rel=\"canonical\" href=\"https:\/\/franciscanos.org.br\/vidacrista\/na-arte-da-politica\/\" \/>\n<meta property=\"og:locale\" content=\"pt_BR\" \/>\n<meta property=\"og:type\" content=\"article\" \/>\n<meta property=\"og:title\" content=\"Na arte da pol\u00edtica - Vida Crist\u00e3 - Franciscanos\" \/>\n<meta property=\"og:description\" content=\"Artigo de Dom Walmor Oliveira de Azevedo\" \/>\n<meta property=\"og:url\" content=\"https:\/\/franciscanos.org.br\/vidacrista\/na-arte-da-politica\/\" \/>\n<meta property=\"og:site_name\" content=\"Vida Crist\u00e3 - Franciscanos\" \/>\n<meta property=\"article:published_time\" content=\"2022-10-22T11:26:06+00:00\" \/>\n<meta property=\"og:image\" content=\"https:\/\/franciscanos.org.br\/vidacrista\/wp-content\/uploads\/2022\/10\/arte_fratelli.jpg\" \/>\n\t<meta property=\"og:image:width\" content=\"840\" \/>\n\t<meta property=\"og:image:height\" content=\"444\" \/>\n\t<meta property=\"og:image:type\" content=\"image\/jpeg\" \/>\n<meta name=\"author\" content=\"moacir\" \/>\n<meta name=\"twitter:card\" content=\"summary_large_image\" \/>\n<meta name=\"twitter:label1\" content=\"Escrito por\" \/>\n\t<meta name=\"twitter:data1\" content=\"moacir\" \/>\n\t<meta name=\"twitter:label2\" content=\"Est. tempo de leitura\" \/>\n\t<meta name=\"twitter:data2\" content=\"4 minutos\" \/>\n<script type=\"application\/ld+json\" class=\"yoast-schema-graph\">{\"@context\":\"https:\/\/schema.org\",\"@graph\":[{\"@type\":\"WebSite\",\"@id\":\"https:\/\/franciscanos.org.br\/vidacrista\/#website\",\"url\":\"https:\/\/franciscanos.org.br\/vidacrista\/\",\"name\":\"Vida Crist\u00e3 - Franciscanos\",\"description\":\"Prov\u00edncia Franciscana da Imaculada Concei\u00e7\u00e3o do Brasil - Ordem dos Frades Menores\",\"potentialAction\":[{\"@type\":\"SearchAction\",\"target\":{\"@type\":\"EntryPoint\",\"urlTemplate\":\"https:\/\/franciscanos.org.br\/vidacrista\/?s={search_term_string}\"},\"query-input\":\"required name=search_term_string\"}],\"inLanguage\":\"pt-BR\"},{\"@type\":\"WebPage\",\"@id\":\"https:\/\/franciscanos.org.br\/vidacrista\/na-arte-da-politica\/\",\"url\":\"https:\/\/franciscanos.org.br\/vidacrista\/na-arte-da-politica\/\",\"name\":\"Na arte da pol\u00edtica - Vida Crist\u00e3 - Franciscanos\",\"isPartOf\":{\"@id\":\"https:\/\/franciscanos.org.br\/vidacrista\/#website\"},\"datePublished\":\"2022-10-22T11:26:06+00:00\",\"dateModified\":\"2022-10-22T11:26:06+00:00\",\"author\":{\"@id\":\"https:\/\/franciscanos.org.br\/vidacrista\/#\/schema\/person\/1880bdd2c350b735648725ef7614736a\"},\"breadcrumb\":{\"@id\":\"https:\/\/franciscanos.org.br\/vidacrista\/na-arte-da-politica\/#breadcrumb\"},\"inLanguage\":\"pt-BR\",\"potentialAction\":[{\"@type\":\"ReadAction\",\"target\":[\"https:\/\/franciscanos.org.br\/vidacrista\/na-arte-da-politica\/\"]}]},{\"@type\":\"BreadcrumbList\",\"@id\":\"https:\/\/franciscanos.org.br\/vidacrista\/na-arte-da-politica\/#breadcrumb\",\"itemListElement\":[{\"@type\":\"ListItem\",\"position\":1,\"name\":\"Home\",\"item\":\"https:\/\/franciscanos.org.br\/vidacrista\/\"},{\"@type\":\"ListItem\",\"position\":2,\"name\":\"Na arte da pol\u00edtica\"}]},{\"@type\":\"Person\",\"@id\":\"https:\/\/franciscanos.org.br\/vidacrista\/#\/schema\/person\/1880bdd2c350b735648725ef7614736a\",\"name\":\"moacir\",\"image\":{\"@type\":\"ImageObject\",\"inLanguage\":\"pt-BR\",\"@id\":\"https:\/\/franciscanos.org.br\/vidacrista\/#\/schema\/person\/image\/\",\"url\":\"https:\/\/secure.gravatar.com\/avatar\/d08aa2ce4c8dd416d4479aa8536fcf64?s=96&d=mm&r=g\",\"contentUrl\":\"https:\/\/secure.gravatar.com\/avatar\/d08aa2ce4c8dd416d4479aa8536fcf64?s=96&d=mm&r=g\",\"caption\":\"moacir\"},\"url\":\"https:\/\/franciscanos.org.br\/vidacrista\/author\/moacir\/\"}]}<\/script>\n<!-- \/ Yoast SEO plugin. -->","yoast_head_json":{"title":"Na arte da pol\u00edtica - Vida Crist\u00e3 - Franciscanos","robots":{"index":"index","follow":"follow","max-snippet":"max-snippet:-1","max-image-preview":"max-image-preview:large","max-video-preview":"max-video-preview:-1"},"canonical":"https:\/\/franciscanos.org.br\/vidacrista\/na-arte-da-politica\/","og_locale":"pt_BR","og_type":"article","og_title":"Na arte da pol\u00edtica - Vida Crist\u00e3 - Franciscanos","og_description":"Artigo de Dom Walmor Oliveira de Azevedo","og_url":"https:\/\/franciscanos.org.br\/vidacrista\/na-arte-da-politica\/","og_site_name":"Vida Crist\u00e3 - Franciscanos","article_published_time":"2022-10-22T11:26:06+00:00","og_image":[{"width":840,"height":444,"url":"https:\/\/franciscanos.org.br\/vidacrista\/wp-content\/uploads\/2022\/10\/arte_fratelli.jpg","type":"image\/jpeg"}],"author":"moacir","twitter_card":"summary_large_image","twitter_misc":{"Escrito por":"moacir","Est. tempo de leitura":"4 minutos"},"schema":{"@context":"https:\/\/schema.org","@graph":[{"@type":"WebSite","@id":"https:\/\/franciscanos.org.br\/vidacrista\/#website","url":"https:\/\/franciscanos.org.br\/vidacrista\/","name":"Vida Crist\u00e3 - Franciscanos","description":"Prov\u00edncia Franciscana da Imaculada Concei\u00e7\u00e3o do Brasil - Ordem dos Frades Menores","potentialAction":[{"@type":"SearchAction","target":{"@type":"EntryPoint","urlTemplate":"https:\/\/franciscanos.org.br\/vidacrista\/?s={search_term_string}"},"query-input":"required name=search_term_string"}],"inLanguage":"pt-BR"},{"@type":"WebPage","@id":"https:\/\/franciscanos.org.br\/vidacrista\/na-arte-da-politica\/","url":"https:\/\/franciscanos.org.br\/vidacrista\/na-arte-da-politica\/","name":"Na arte da pol\u00edtica - Vida Crist\u00e3 - Franciscanos","isPartOf":{"@id":"https:\/\/franciscanos.org.br\/vidacrista\/#website"},"datePublished":"2022-10-22T11:26:06+00:00","dateModified":"2022-10-22T11:26:06+00:00","author":{"@id":"https:\/\/franciscanos.org.br\/vidacrista\/#\/schema\/person\/1880bdd2c350b735648725ef7614736a"},"breadcrumb":{"@id":"https:\/\/franciscanos.org.br\/vidacrista\/na-arte-da-politica\/#breadcrumb"},"inLanguage":"pt-BR","potentialAction":[{"@type":"ReadAction","target":["https:\/\/franciscanos.org.br\/vidacrista\/na-arte-da-politica\/"]}]},{"@type":"BreadcrumbList","@id":"https:\/\/franciscanos.org.br\/vidacrista\/na-arte-da-politica\/#breadcrumb","itemListElement":[{"@type":"ListItem","position":1,"name":"Home","item":"https:\/\/franciscanos.org.br\/vidacrista\/"},{"@type":"ListItem","position":2,"name":"Na arte da pol\u00edtica"}]},{"@type":"Person","@id":"https:\/\/franciscanos.org.br\/vidacrista\/#\/schema\/person\/1880bdd2c350b735648725ef7614736a","name":"moacir","image":{"@type":"ImageObject","inLanguage":"pt-BR","@id":"https:\/\/franciscanos.org.br\/vidacrista\/#\/schema\/person\/image\/","url":"https:\/\/secure.gravatar.com\/avatar\/d08aa2ce4c8dd416d4479aa8536fcf64?s=96&d=mm&r=g","contentUrl":"https:\/\/secure.gravatar.com\/avatar\/d08aa2ce4c8dd416d4479aa8536fcf64?s=96&d=mm&r=g","caption":"moacir"},"url":"https:\/\/franciscanos.org.br\/vidacrista\/author\/moacir\/"}]}},"_links":{"self":[{"href":"https:\/\/franciscanos.org.br\/vidacrista\/wp-json\/wp\/v2\/posts\/192500"}],"collection":[{"href":"https:\/\/franciscanos.org.br\/vidacrista\/wp-json\/wp\/v2\/posts"}],"about":[{"href":"https:\/\/franciscanos.org.br\/vidacrista\/wp-json\/wp\/v2\/types\/post"}],"author":[{"embeddable":true,"href":"https:\/\/franciscanos.org.br\/vidacrista\/wp-json\/wp\/v2\/users\/3"}],"replies":[{"embeddable":true,"href":"https:\/\/franciscanos.org.br\/vidacrista\/wp-json\/wp\/v2\/comments?post=192500"}],"version-history":[{"count":1,"href":"https:\/\/franciscanos.org.br\/vidacrista\/wp-json\/wp\/v2\/posts\/192500\/revisions"}],"predecessor-version":[{"id":192502,"href":"https:\/\/franciscanos.org.br\/vidacrista\/wp-json\/wp\/v2\/posts\/192500\/revisions\/192502"}],"wp:featuredmedia":[{"embeddable":true,"href":"https:\/\/franciscanos.org.br\/vidacrista\/wp-json\/wp\/v2\/media\/192501"}],"wp:attachment":[{"href":"https:\/\/franciscanos.org.br\/vidacrista\/wp-json\/wp\/v2\/media?parent=192500"}],"wp:term":[{"taxonomy":"category","embeddable":true,"href":"https:\/\/franciscanos.org.br\/vidacrista\/wp-json\/wp\/v2\/categories?post=192500"},{"taxonomy":"post_tag","embeddable":true,"href":"https:\/\/franciscanos.org.br\/vidacrista\/wp-json\/wp\/v2\/tags?post=192500"}],"curies":[{"name":"wp","href":"https:\/\/api.w.org\/{rel}","templated":true}]}}