{"id":192490,"date":"2022-10-15T08:16:36","date_gmt":"2022-10-15T11:16:36","guid":{"rendered":"https:\/\/franciscanos.org.br\/vidacrista\/?p=192490"},"modified":"2022-10-15T08:16:36","modified_gmt":"2022-10-15T11:16:36","slug":"protagonizar-fraternidade","status":"publish","type":"post","link":"https:\/\/franciscanos.org.br\/vidacrista\/protagonizar-fraternidade\/","title":{"rendered":"Protagonizar fraternidade"},"content":{"rendered":"<div id=\"attachment_192491\" style=\"width: 1510px\" class=\"wp-caption alignnone\"><img aria-describedby=\"caption-attachment-192491\" decoding=\"async\" loading=\"lazy\" class=\"wp-image-192491 size-full\" src=\"https:\/\/franciscanos.org.br\/vidacrista\/wp-content\/uploads\/2022\/10\/fratelli_15.jpeg\" alt=\"\" width=\"1500\" height=\"844\" srcset=\"https:\/\/franciscanos.org.br\/vidacrista\/wp-content\/uploads\/2022\/10\/fratelli_15.jpeg 1500w, https:\/\/franciscanos.org.br\/vidacrista\/wp-content\/uploads\/2022\/10\/fratelli_15-450x253.jpeg 450w, https:\/\/franciscanos.org.br\/vidacrista\/wp-content\/uploads\/2022\/10\/fratelli_15-1024x576.jpeg 1024w, https:\/\/franciscanos.org.br\/vidacrista\/wp-content\/uploads\/2022\/10\/fratelli_15-768x432.jpeg 768w, https:\/\/franciscanos.org.br\/vidacrista\/wp-content\/uploads\/2022\/10\/fratelli_15-150x84.jpeg 150w\" sizes=\"(max-width: 1500px) 100vw, 1500px\" \/><p id=\"caption-attachment-192491\" class=\"wp-caption-text\">\u00a0 \u00a0 \u00a0 \u00a0 \u00a0 \u00a0 \u00a0 \u00a0 \u00a0 \u00a0 \u00a0 \u00a0 \u00a0 \u00a0 \u00a0 \u00a0 \u00a0 \u00a0 \u00a0 \u00a0 \u00a0 \u00a0 \u00a0 \u00a0 \u00a0 \u00a0 \u00a0 \u00a0 \u00a0 \u00a0 \u00a0 \u00a0 \u00a0 \u00a0 \u00a0 \u00a0 \u00a0 \u00a0 \u00a0 \u00a0 <em>\u00a0 \u00a0 Papa assina a Enc\u00edclica Fratelli tutti em Assis (Vatican Media)<\/em><\/p><\/div>\n<p><strong>Dom Walmor Oliveira de Azevedo<\/strong><\/p>\n<p>Est\u00e1 em curso uma terceira guerra mundial \u201cem peda\u00e7os\u201d, afirma reiteradamente o Papa Francisco, explicando, na Carta Enc\u00edclica Fratelli Tutti \u2013 sobre a amizade social: h\u00e1 uma luta de interesses em que todos se colocam contra todos. Nesta luta, vencer se torna sin\u00f4nimo de destruir, inviabilizando o levantar a cabe\u00e7a para reconhecer o vizinho, ou ficar ao lado de quem est\u00e1 ca\u00eddo \u00e0 beira da estrada. E, assim, pela for\u00e7a do \u00f3dio, que vai tomando o lugar do amor, da gratid\u00e3o e do bem, instaura-se uma insana batalha, onde se busca destruir, inescrupulosamente, at\u00e9 mesmo a reputa\u00e7\u00e3o alheia. Equivocadamente, pensa-se que essa destrui\u00e7\u00e3o pode significar uma \u201cescada\u201d para a autopromo\u00e7\u00e3o. Esse tipo de pensamento n\u00e3o \u00e9 novidade e acompanha o ser humano em todos os\u202ftempos. Talvez, o que vem mudando sejam os instrumentos para atacar a moral do semelhante, especialmente em raz\u00e3o das facilidades oferecidas pelo campo tecnol\u00f3gico. Mas, ao se reconhecer que a busca pela destrui\u00e7\u00e3o do pr\u00f3ximo \u00e9 problema hist\u00f3rico, constata-se: a humanidade \u00e9 permanentemente chamada a protagonizar a fraternidade.<\/p>\n<p>Para os crist\u00e3os, protagonizar a fraternidade \u00e9 poss\u00edvel quando se reconhece a centralidade de Cristo Jesus, Mestre e Senhor, na vida e na hist\u00f3ria. Nessa centralidade reside o desafio de se respeitar diferen\u00e7as, tornando-as sempre uma riqueza. Isto significa jamais seguir o caminho da destrui\u00e7\u00e3o. Assim, quando se considera a sociedade contempor\u00e2nea, a f\u00e9 crist\u00e3, por sua for\u00e7a de corre\u00e7\u00e3o, pode indicar caminhos e din\u00e2micas no processo de ilumina\u00e7\u00e3o da cidadania e na organiza\u00e7\u00e3o pol\u00edtica. Mas \u00e9 preciso absoluto respeito aos princ\u00edpios que permitam reconhecer a distin\u00e7\u00e3o entre o campo da pol\u00edtica e a viv\u00eancia da f\u00e9. Quando n\u00e3o h\u00e1 clareza sobre as fronteiras de cada campo, corre-se o risco de um desvirtuamento da f\u00e9, impedindo-a de ser o luzeiro que orienta dire\u00e7\u00f5es, promove reconcilia\u00e7\u00f5es e at\u00e9 a relativiza\u00e7\u00e3o de escolhas, especialmente daqueles que se apresentam como \u201cdonos da verdade\u201d.<\/p>\n<p>A f\u00e9 n\u00e3o pode ser reduzida a instrumento para embates no campo pol\u00edtico, pois a sua viv\u00eancia aut\u00eantica dissipa a busca pela destrui\u00e7\u00e3o do outro, reconfigurando discursos e escolhas. A f\u00e9 crist\u00e3 tem propriedades espec\u00edficas com din\u00e2micas experienciais fortes, capazes de alertar sobre o perigo de semear o \u00f3dio, de convencer a respeito da honestidade, que faz parte da voca\u00e7\u00e3o de toda pessoa para promover a bondade, o bem comum e uma ordem social justa. Crist\u00e3os aut\u00eanticos n\u00e3o buscam destruir. \u202f(Re)constroem com a for\u00e7a da verdade, com a primazia do bem e do respeito moral. O \u00f3dio \u00e9 perigoso e estar\u00e1 sempre na contram\u00e3o da verdadeira fraternidade ensinada por Jesus. Fraternidade \u00e9, pois, o grande investimento a ser feito para efetivar o bem, com a corre\u00e7\u00e3o de rumos e com a reabilita\u00e7\u00e3o da verdade. Sem esse investimento, prevalece um \u201cvale tudo\u201d ensandecido, com ataques a pessoas, institui\u00e7\u00f5es, povos e na\u00e7\u00f5es. Perde-se a razoabilidade m\u00ednima, gera-se descr\u00e9dito, pois disseminam-se afirma\u00e7\u00f5es e informa\u00e7\u00f5es distantes da verdade, obscurecendo mentes e cora\u00e7\u00f5es, para se alcan\u00e7ar prop\u00f3sitos a qualquer pre\u00e7o.<\/p>\n<p>O \u00f3dio cega, traz justificativas para atitudes inconsequentes, at\u00e9 mesmo quando reputa\u00e7\u00f5es e vidas est\u00e3o em jogo. No caminho do \u00f3dio, torna-se perdedor n\u00e3o somente advers\u00e1rios e a sociedade, mas, tamb\u00e9m, aquele que investe na destrui\u00e7\u00e3o, em nome de um \u00eaxito ilus\u00f3rio. O Papa Francisco adverte a respeito do comum mecanismo pol\u00edtico contempor\u00e2neo de exasperar, exacerbar e polarizar. Um m\u00e9todo para negar ao outro o direito de existir e pensar de modo diferente. A partir desse mecanismo, recorre-se \u00e0 estrat\u00e9gia de ridicularizar e de insinuar suspeitas a respeito de condutas, buscando impor um tipo de repress\u00e3o \u00e0queles com quem se diverge. Um recurso fundamentado no \u00f3dio, que manipula e acirra a revolta. Um grave equ\u00edvoco, pois a verdade sempre prevalece. O bem sempre vence o mal.<\/p>\n<p>Quem se deixa inocular pelo veneno do \u00f3dio age em clara oposi\u00e7\u00e3o \u00e0 autenticidade da f\u00e9 crist\u00e3. E pode-se correr o s\u00e9rio risco de n\u00e3o se perceber agente do desamor, quando, dentre outros aspectos, deixa-se escravizar pelo mundo obscuro do mercado, da idolatria do dinheiro e, at\u00e9 mesmo, de uma baixa autoestima. Ilusoriamente, tenta-se reagir, buscar reconhecimento, pisando nos outros, com mecanismos de desmoraliza\u00e7\u00e3o. Quem procura construir a pr\u00f3pria reputa\u00e7\u00e3o a partir desses mecanismos n\u00e3o ser\u00e1 reconhecido por sua relev\u00e2ncia, ou ver\u00e1, a seu tempo, a pr\u00f3pria imagem desmoronar, esvaindo-se feito um castelo na areia. Por isso mesmo, h\u00e1 tanto descr\u00e9dito em rela\u00e7\u00e3o \u00e0 autoridade pol\u00edtica, pois muitos que ocupam as inst\u00e2ncias do poder n\u00e3o priorizam a miss\u00e3o de edificar e promover a cidadania. Ao inv\u00e9s disso, atuam a partir dos mecanismos de desmoraliza\u00e7\u00e3o, buscando simplesmente destruir pessoas com perspectivas divergentes.<\/p>\n<p>O horizonte crist\u00e3o investe no protagonismo da fraternidade \u2013 inegoci\u00e1vel recurso para um qualificado servi\u00e7o \u00e0 sociedade, \u00e0 promo\u00e7\u00e3o da vida como dom de Deus a cada pessoa, sem exce\u00e7\u00e3o. Todos, indistintamente, merecem respeito. Oportuno \u00e9 sempre se recordar de um princ\u00edpio proclamado pelo ap\u00f3stolo Paulo: a plenitude da lei \u00e9 o amor. O amor que vence todo tipo de \u00f3dio. Na tarefa de impulsionar o bem comum, os crist\u00e3os, ao lado de dos homens e mulheres de boa vontade, por voca\u00e7\u00e3o e miss\u00e3o, devem sempre, e cada vez mais, protagonizar a fraternidade.<\/p>\n<hr \/>\n<p><strong>Dom Walmor Oliveira de Azevedo<\/strong> <em>\u00e9 Arcebispo de Belo Horizonte (MG) e presidente da Confer\u00eancia Nacional dos Bispos do Brasil (CNBB)<\/em><\/p>\n","protected":false},"excerpt":{"rendered":"<p>Artigo de Dom Walmor Oliveira de Azevedo<\/p>\n","protected":false},"author":3,"featured_media":192491,"comment_status":"open","ping_status":"open","sticky":false,"template":"","format":"standard","meta":{"footnotes":""},"categories":[26],"tags":[271],"yoast_head":"<!-- This site is optimized with the Yoast SEO plugin v19.4 - https:\/\/yoast.com\/wordpress\/plugins\/seo\/ -->\n<title>Protagonizar fraternidade - Vida Crist\u00e3 - Franciscanos<\/title>\n<meta name=\"robots\" content=\"index, follow, max-snippet:-1, max-image-preview:large, max-video-preview:-1\" \/>\n<link rel=\"canonical\" href=\"https:\/\/franciscanos.org.br\/vidacrista\/protagonizar-fraternidade\/\" \/>\n<meta property=\"og:locale\" content=\"pt_BR\" \/>\n<meta property=\"og:type\" content=\"article\" \/>\n<meta property=\"og:title\" content=\"Protagonizar fraternidade - Vida Crist\u00e3 - Franciscanos\" \/>\n<meta property=\"og:description\" content=\"Artigo de Dom Walmor Oliveira de Azevedo\" \/>\n<meta property=\"og:url\" content=\"https:\/\/franciscanos.org.br\/vidacrista\/protagonizar-fraternidade\/\" \/>\n<meta property=\"og:site_name\" content=\"Vida Crist\u00e3 - Franciscanos\" \/>\n<meta property=\"article:published_time\" content=\"2022-10-15T11:16:36+00:00\" \/>\n<meta property=\"og:image\" content=\"https:\/\/franciscanos.org.br\/vidacrista\/wp-content\/uploads\/2022\/10\/fratelli_15.jpeg\" \/>\n\t<meta property=\"og:image:width\" content=\"1500\" \/>\n\t<meta property=\"og:image:height\" content=\"844\" \/>\n\t<meta property=\"og:image:type\" content=\"image\/jpeg\" \/>\n<meta name=\"author\" content=\"moacir\" \/>\n<meta name=\"twitter:card\" content=\"summary_large_image\" \/>\n<meta name=\"twitter:label1\" content=\"Escrito por\" \/>\n\t<meta name=\"twitter:data1\" content=\"moacir\" \/>\n\t<meta name=\"twitter:label2\" content=\"Est. tempo de leitura\" \/>\n\t<meta name=\"twitter:data2\" content=\"6 minutos\" \/>\n<script type=\"application\/ld+json\" class=\"yoast-schema-graph\">{\"@context\":\"https:\/\/schema.org\",\"@graph\":[{\"@type\":\"WebSite\",\"@id\":\"https:\/\/franciscanos.org.br\/vidacrista\/#website\",\"url\":\"https:\/\/franciscanos.org.br\/vidacrista\/\",\"name\":\"Vida Crist\u00e3 - Franciscanos\",\"description\":\"Prov\u00edncia Franciscana da Imaculada Concei\u00e7\u00e3o do Brasil - Ordem dos Frades Menores\",\"potentialAction\":[{\"@type\":\"SearchAction\",\"target\":{\"@type\":\"EntryPoint\",\"urlTemplate\":\"https:\/\/franciscanos.org.br\/vidacrista\/?s={search_term_string}\"},\"query-input\":\"required name=search_term_string\"}],\"inLanguage\":\"pt-BR\"},{\"@type\":\"WebPage\",\"@id\":\"https:\/\/franciscanos.org.br\/vidacrista\/protagonizar-fraternidade\/\",\"url\":\"https:\/\/franciscanos.org.br\/vidacrista\/protagonizar-fraternidade\/\",\"name\":\"Protagonizar fraternidade - Vida Crist\u00e3 - Franciscanos\",\"isPartOf\":{\"@id\":\"https:\/\/franciscanos.org.br\/vidacrista\/#website\"},\"datePublished\":\"2022-10-15T11:16:36+00:00\",\"dateModified\":\"2022-10-15T11:16:36+00:00\",\"author\":{\"@id\":\"https:\/\/franciscanos.org.br\/vidacrista\/#\/schema\/person\/1880bdd2c350b735648725ef7614736a\"},\"breadcrumb\":{\"@id\":\"https:\/\/franciscanos.org.br\/vidacrista\/protagonizar-fraternidade\/#breadcrumb\"},\"inLanguage\":\"pt-BR\",\"potentialAction\":[{\"@type\":\"ReadAction\",\"target\":[\"https:\/\/franciscanos.org.br\/vidacrista\/protagonizar-fraternidade\/\"]}]},{\"@type\":\"BreadcrumbList\",\"@id\":\"https:\/\/franciscanos.org.br\/vidacrista\/protagonizar-fraternidade\/#breadcrumb\",\"itemListElement\":[{\"@type\":\"ListItem\",\"position\":1,\"name\":\"Home\",\"item\":\"https:\/\/franciscanos.org.br\/vidacrista\/\"},{\"@type\":\"ListItem\",\"position\":2,\"name\":\"Protagonizar fraternidade\"}]},{\"@type\":\"Person\",\"@id\":\"https:\/\/franciscanos.org.br\/vidacrista\/#\/schema\/person\/1880bdd2c350b735648725ef7614736a\",\"name\":\"moacir\",\"image\":{\"@type\":\"ImageObject\",\"inLanguage\":\"pt-BR\",\"@id\":\"https:\/\/franciscanos.org.br\/vidacrista\/#\/schema\/person\/image\/\",\"url\":\"https:\/\/secure.gravatar.com\/avatar\/d08aa2ce4c8dd416d4479aa8536fcf64?s=96&d=mm&r=g\",\"contentUrl\":\"https:\/\/secure.gravatar.com\/avatar\/d08aa2ce4c8dd416d4479aa8536fcf64?s=96&d=mm&r=g\",\"caption\":\"moacir\"},\"url\":\"https:\/\/franciscanos.org.br\/vidacrista\/author\/moacir\/\"}]}<\/script>\n<!-- \/ Yoast SEO plugin. -->","yoast_head_json":{"title":"Protagonizar fraternidade - Vida Crist\u00e3 - Franciscanos","robots":{"index":"index","follow":"follow","max-snippet":"max-snippet:-1","max-image-preview":"max-image-preview:large","max-video-preview":"max-video-preview:-1"},"canonical":"https:\/\/franciscanos.org.br\/vidacrista\/protagonizar-fraternidade\/","og_locale":"pt_BR","og_type":"article","og_title":"Protagonizar fraternidade - Vida Crist\u00e3 - Franciscanos","og_description":"Artigo de Dom Walmor Oliveira de Azevedo","og_url":"https:\/\/franciscanos.org.br\/vidacrista\/protagonizar-fraternidade\/","og_site_name":"Vida Crist\u00e3 - Franciscanos","article_published_time":"2022-10-15T11:16:36+00:00","og_image":[{"width":1500,"height":844,"url":"https:\/\/franciscanos.org.br\/vidacrista\/wp-content\/uploads\/2022\/10\/fratelli_15.jpeg","type":"image\/jpeg"}],"author":"moacir","twitter_card":"summary_large_image","twitter_misc":{"Escrito por":"moacir","Est. tempo de leitura":"6 minutos"},"schema":{"@context":"https:\/\/schema.org","@graph":[{"@type":"WebSite","@id":"https:\/\/franciscanos.org.br\/vidacrista\/#website","url":"https:\/\/franciscanos.org.br\/vidacrista\/","name":"Vida Crist\u00e3 - Franciscanos","description":"Prov\u00edncia Franciscana da Imaculada Concei\u00e7\u00e3o do Brasil - Ordem dos Frades Menores","potentialAction":[{"@type":"SearchAction","target":{"@type":"EntryPoint","urlTemplate":"https:\/\/franciscanos.org.br\/vidacrista\/?s={search_term_string}"},"query-input":"required name=search_term_string"}],"inLanguage":"pt-BR"},{"@type":"WebPage","@id":"https:\/\/franciscanos.org.br\/vidacrista\/protagonizar-fraternidade\/","url":"https:\/\/franciscanos.org.br\/vidacrista\/protagonizar-fraternidade\/","name":"Protagonizar fraternidade - Vida Crist\u00e3 - Franciscanos","isPartOf":{"@id":"https:\/\/franciscanos.org.br\/vidacrista\/#website"},"datePublished":"2022-10-15T11:16:36+00:00","dateModified":"2022-10-15T11:16:36+00:00","author":{"@id":"https:\/\/franciscanos.org.br\/vidacrista\/#\/schema\/person\/1880bdd2c350b735648725ef7614736a"},"breadcrumb":{"@id":"https:\/\/franciscanos.org.br\/vidacrista\/protagonizar-fraternidade\/#breadcrumb"},"inLanguage":"pt-BR","potentialAction":[{"@type":"ReadAction","target":["https:\/\/franciscanos.org.br\/vidacrista\/protagonizar-fraternidade\/"]}]},{"@type":"BreadcrumbList","@id":"https:\/\/franciscanos.org.br\/vidacrista\/protagonizar-fraternidade\/#breadcrumb","itemListElement":[{"@type":"ListItem","position":1,"name":"Home","item":"https:\/\/franciscanos.org.br\/vidacrista\/"},{"@type":"ListItem","position":2,"name":"Protagonizar fraternidade"}]},{"@type":"Person","@id":"https:\/\/franciscanos.org.br\/vidacrista\/#\/schema\/person\/1880bdd2c350b735648725ef7614736a","name":"moacir","image":{"@type":"ImageObject","inLanguage":"pt-BR","@id":"https:\/\/franciscanos.org.br\/vidacrista\/#\/schema\/person\/image\/","url":"https:\/\/secure.gravatar.com\/avatar\/d08aa2ce4c8dd416d4479aa8536fcf64?s=96&d=mm&r=g","contentUrl":"https:\/\/secure.gravatar.com\/avatar\/d08aa2ce4c8dd416d4479aa8536fcf64?s=96&d=mm&r=g","caption":"moacir"},"url":"https:\/\/franciscanos.org.br\/vidacrista\/author\/moacir\/"}]}},"_links":{"self":[{"href":"https:\/\/franciscanos.org.br\/vidacrista\/wp-json\/wp\/v2\/posts\/192490"}],"collection":[{"href":"https:\/\/franciscanos.org.br\/vidacrista\/wp-json\/wp\/v2\/posts"}],"about":[{"href":"https:\/\/franciscanos.org.br\/vidacrista\/wp-json\/wp\/v2\/types\/post"}],"author":[{"embeddable":true,"href":"https:\/\/franciscanos.org.br\/vidacrista\/wp-json\/wp\/v2\/users\/3"}],"replies":[{"embeddable":true,"href":"https:\/\/franciscanos.org.br\/vidacrista\/wp-json\/wp\/v2\/comments?post=192490"}],"version-history":[{"count":1,"href":"https:\/\/franciscanos.org.br\/vidacrista\/wp-json\/wp\/v2\/posts\/192490\/revisions"}],"predecessor-version":[{"id":192492,"href":"https:\/\/franciscanos.org.br\/vidacrista\/wp-json\/wp\/v2\/posts\/192490\/revisions\/192492"}],"wp:featuredmedia":[{"embeddable":true,"href":"https:\/\/franciscanos.org.br\/vidacrista\/wp-json\/wp\/v2\/media\/192491"}],"wp:attachment":[{"href":"https:\/\/franciscanos.org.br\/vidacrista\/wp-json\/wp\/v2\/media?parent=192490"}],"wp:term":[{"taxonomy":"category","embeddable":true,"href":"https:\/\/franciscanos.org.br\/vidacrista\/wp-json\/wp\/v2\/categories?post=192490"},{"taxonomy":"post_tag","embeddable":true,"href":"https:\/\/franciscanos.org.br\/vidacrista\/wp-json\/wp\/v2\/tags?post=192490"}],"curies":[{"name":"wp","href":"https:\/\/api.w.org\/{rel}","templated":true}]}}