{"id":192484,"date":"2022-10-08T05:59:11","date_gmt":"2022-10-08T08:59:11","guid":{"rendered":"https:\/\/franciscanos.org.br\/vidacrista\/?p=192484"},"modified":"2022-10-08T06:00:00","modified_gmt":"2022-10-08T09:00:00","slug":"delegar-representacao","status":"publish","type":"post","link":"https:\/\/franciscanos.org.br\/vidacrista\/delegar-representacao\/","title":{"rendered":"Delegar representa\u00e7\u00e3o"},"content":{"rendered":"<div id=\"attachment_192485\" style=\"width: 850px\" class=\"wp-caption alignnone\"><img aria-describedby=\"caption-attachment-192485\" decoding=\"async\" loading=\"lazy\" class=\"wp-image-192485 size-full\" src=\"https:\/\/franciscanos.org.br\/vidacrista\/wp-content\/uploads\/2022\/10\/artigo_08.png\" alt=\"\" width=\"840\" height=\"450\" srcset=\"https:\/\/franciscanos.org.br\/vidacrista\/wp-content\/uploads\/2022\/10\/artigo_08.png 840w, https:\/\/franciscanos.org.br\/vidacrista\/wp-content\/uploads\/2022\/10\/artigo_08-450x241.png 450w, https:\/\/franciscanos.org.br\/vidacrista\/wp-content\/uploads\/2022\/10\/artigo_08-768x411.png 768w, https:\/\/franciscanos.org.br\/vidacrista\/wp-content\/uploads\/2022\/10\/artigo_08-150x80.png 150w\" sizes=\"(max-width: 840px) 100vw, 840px\" \/><p id=\"caption-attachment-192485\" class=\"wp-caption-text\"><em>Imagem ilustrativa<\/em>: Canva (<a href=\"http:\/\/www.canva.com\/pt_br\/modelos\">www.canva.com\/pt_br\/modelos<\/a>)<\/p><\/div>\n<p>Delegar a representa\u00e7\u00e3o pol\u00edtica na democracia \u00e9 grande responsabilidade. Ao mesmo tempo, n\u00e3o pode significar, em hip\u00f3tese alguma, descompromisso com a responsabilidade cidad\u00e3, de cada pessoa, na reconstru\u00e7\u00e3o da sociedade, edificada sobre os par\u00e2metros da justi\u00e7a social, do bem comum e da verdade. Assim, n\u00e3o se deve \u201clavar as m\u00e3os\u201d ap\u00f3s o voto confiado a candidatos. \u00c9 necess\u00e1rio investir em um acompanhamento que balize a atua\u00e7\u00e3o dos representantes pol\u00edticos eleitos. A qualificada escolha que precede o voto e, depois, o adequado acompanhamento da representa\u00e7\u00e3o pol\u00edtica, refor\u00e7am a clareza de princ\u00edpios morais essenciais ao exerc\u00edcio do poder. Esses princ\u00edpios s\u00e3o determinantes para avaliar desempenhos com o objetivo de garantir o bem comum da sociedade, superando injusti\u00e7as, discrimina\u00e7\u00f5es, preconceitos e desigualdades sociais.<\/p>\n<p>Ensina a Doutrina Social da Igreja Cat\u00f3lica: os que foram eleitos para representar a sociedade nas inst\u00e2ncias do poder n\u00e3o podem esquecer ou subestimar a dimens\u00e3o moral da representa\u00e7\u00e3o pol\u00edtica. Essa dimens\u00e3o consiste no empenho para compartilhar a vida do povo, priorizando a busca por solu\u00e7\u00f5es para os graves problemas sociais. Para se conquistar e exercer autoridade pol\u00edtica, \u00e9 preciso cultivar virtudes que favore\u00e7am o qualificado exerc\u00edcio do poder, compreendido como servi\u00e7o dedicado \u00e0 restaura\u00e7\u00e3o da justi\u00e7a e \u00e0 efetiva\u00e7\u00e3o da igualdade social. Essas virtudes devem estar acompanhadas dos prop\u00f3sitos t\u00e9cnicos e qualificados sobre governan\u00e7a, para possibilitar inteligentes reformas e corrigir descompassos, especialmente aqueles que atentam contra a sacralidade da vida \u2013 desde a concep\u00e7\u00e3o at\u00e9 o decl\u00ednio com a morte natural. Em s\u00edntese, \u00e9 preciso verificar se os representantes pol\u00edticos exercem a autoridade sobre os trilhos da paci\u00eancia, da caridade, da mod\u00e9stia e modera\u00e7\u00e3o, do compromisso com a partilha e de uma adequada sensibilidade social, com especial aten\u00e7\u00e3o aos mais pobres.<\/p>\n<p>O aut\u00eantico sentido de bem comum, como prioridade, no lugar de qualquer prest\u00edgio ou aquisi\u00e7\u00e3o de vantagens pessoais, \u00e9 o mais importante. Merece redobrada aten\u00e7\u00e3o o risco da corrup\u00e7\u00e3o pol\u00edtica, com nefastas consequ\u00eancias, uma deforma\u00e7\u00e3o do sistema democr\u00e1tico. N\u00e3o se pode permitir e celebrar coniv\u00eancias que se configuram em trai\u00e7\u00f5es aos princ\u00edpios da moral e da justi\u00e7a social. Essas trai\u00e7\u00f5es s\u00e3o um desastre para o funcionamento cidad\u00e3o e justo do Estado. A Doutrina Social da Igreja Cat\u00f3lica sublinha que a corrup\u00e7\u00e3o pol\u00edtica distorce, na raiz, a fun\u00e7\u00e3o das institui\u00e7\u00f5es representativas, na medida em que s\u00e3o usadas como instrumentos de barganha pol\u00edtica de todo tipo, entre solicita\u00e7\u00f5es por clientelismo e favores dos governantes. Indispens\u00e1vel \u00e9 ter e, permanentemente cultivar, envergadura moral para exercer a representa\u00e7\u00e3o pol\u00edtica. Trata-se de um caminho fundamental para se enfrentar a nociva desconfian\u00e7a sobre a pol\u00edtica, especialmente em rela\u00e7\u00e3o aos seus representantes.<\/p>\n<p>Escolher bem os merecedores da confian\u00e7a social para o exerc\u00edcio da representa\u00e7\u00e3o pol\u00edtica \u00e9 importante. Igualmente necess\u00e1rio \u00e9 exigir dos eleitos um qualificado desempenho, com avalia\u00e7\u00f5es que devem ocorrer tamb\u00e9m ap\u00f3s o sufr\u00e1gio nas urnas. A administra\u00e7\u00e3o p\u00fablica, representa\u00e7\u00e3o pol\u00edtica delegada, tem por finalidade suprema e sublime o servi\u00e7o a todos os cidad\u00e3os. Para reconhecer essa finalidade, aqueles que foram eleitos precisam ter uma sensibilidade human\u00edstica que os inspire na dedica\u00e7\u00e3o aos pobres. Assim, alcan\u00e7ar\u00e3o inteligentes intui\u00e7\u00f5es para oferecer respostas a problemas b\u00e1sicos, promovendo mais respeito \u00e0 vida humana, com o equil\u00edbrio inegoci\u00e1vel do meio ambiente, a partir de um novo modo de viver na casa comum.<\/p>\n<p>Os representantes pol\u00edticos, reconhecendo-se aprendizes, devem permanentemente se esfor\u00e7ar para exercerem as suas responsabilidades \u00e0 altura do Estado. H\u00e1 de se ter cuidado para que governos e legisla\u00e7\u00f5es n\u00e3o prejudiquem o Estado \u2013 promotor da cidadania, em fidelidade \u00e0 hist\u00f3ria e \u00e0 identidade de um povo, com suas riquezas culturais e religiosas. A cidadania, quando adequadamente promovida pelo Estado, faz das diferen\u00e7as uma riqueza, impulsionando o desenvolvimento integral. Assim, representantes pol\u00edticos qualificados agem na contram\u00e3o de divis\u00f5es e de polariza\u00e7\u00f5es que empobrecem e fragilizam uma sociedade, levando-a a pagar um alto pre\u00e7o em passivos sociais e humanit\u00e1rios.<\/p>\n<p>A Doutrina Social da Igreja \u00e9 s\u00e1bia ao sublinhar que o papel de quem trabalha na administra\u00e7\u00e3o p\u00fablica \u00e9 contribuir com todos os cidad\u00e3os, em esp\u00edrito de servi\u00e7o. Neste horizonte, h\u00e1 de se considerar que a comunidade pol\u00edtica precisa estar intrinsecamente coligada \u00e0 sociedade civil. Reconhecer, ainda, que a sociedade civil tem primazia sobre a comunidade pol\u00edtica \u2013 elas s\u00e3o interligadas e interdependentes, mas n\u00e3o iguais na ordem hier\u00e1rquica de uma na\u00e7\u00e3o. Reafirma-se como princ\u00edpio inegoci\u00e1vel que a comunidade pol\u00edtica \u00e9 constitu\u00edda para estar a servi\u00e7o da sociedade civil, pois a comunidade pol\u00edtica se origina e se constitui a partir da sociedade civil. Os cidad\u00e3os t\u00eam direito, e at\u00e9 a obriga\u00e7\u00e3o, de exigir que os pol\u00edticos cumpram bem as suas responsabilidades, com adequada for\u00e7a moral. Aqueles que foram eleitos nas urnas t\u00eam que se pautar pelo reconhecimento, respeito e promo\u00e7\u00e3o dos valores essenciais \u2013 a exemplo dos princ\u00edpios que se alicer\u00e7am na f\u00e9 crist\u00e3 \u2013 buscando constituir nova ordem social. A delega\u00e7\u00e3o da representa\u00e7\u00e3o pol\u00edtica n\u00e3o pode gerar pesadelos e retrocessos. Ao inv\u00e9s disso, deve contribuir para que essa representa\u00e7\u00e3o pol\u00edtica seja incondicional servidora do bem comum, da justi\u00e7a e da paz.<\/p>\n<hr \/>\n<p><strong>Dom Walmor Oliveira de Azevedo<\/strong> <em>\u00e9 Arcebispo de Belo Horizonte (MG) e presidente da Confer\u00eancia Nacional dos Bispos do Brasil<\/em><\/p>\n","protected":false},"excerpt":{"rendered":"<p>Artigo de Dom Walmor Oliveira de Azevedo <\/p>\n","protected":false},"author":3,"featured_media":192485,"comment_status":"open","ping_status":"open","sticky":false,"template":"","format":"standard","meta":{"footnotes":""},"categories":[26],"tags":[271],"yoast_head":"<!-- This site is optimized with the Yoast SEO plugin v19.4 - https:\/\/yoast.com\/wordpress\/plugins\/seo\/ -->\n<title>Delegar representa\u00e7\u00e3o - Vida Crist\u00e3 - Franciscanos<\/title>\n<meta name=\"robots\" content=\"index, follow, max-snippet:-1, max-image-preview:large, max-video-preview:-1\" \/>\n<link rel=\"canonical\" href=\"https:\/\/franciscanos.org.br\/vidacrista\/delegar-representacao\/\" \/>\n<meta property=\"og:locale\" content=\"pt_BR\" \/>\n<meta property=\"og:type\" content=\"article\" \/>\n<meta property=\"og:title\" content=\"Delegar representa\u00e7\u00e3o - Vida Crist\u00e3 - Franciscanos\" \/>\n<meta property=\"og:description\" content=\"Artigo de Dom Walmor Oliveira de Azevedo\" \/>\n<meta property=\"og:url\" content=\"https:\/\/franciscanos.org.br\/vidacrista\/delegar-representacao\/\" \/>\n<meta property=\"og:site_name\" content=\"Vida Crist\u00e3 - Franciscanos\" \/>\n<meta property=\"article:published_time\" content=\"2022-10-08T08:59:11+00:00\" \/>\n<meta property=\"article:modified_time\" content=\"2022-10-08T09:00:00+00:00\" \/>\n<meta property=\"og:image\" content=\"https:\/\/franciscanos.org.br\/vidacrista\/wp-content\/uploads\/2022\/10\/artigo_08.png\" \/>\n\t<meta property=\"og:image:width\" content=\"840\" \/>\n\t<meta property=\"og:image:height\" content=\"450\" \/>\n\t<meta property=\"og:image:type\" content=\"image\/png\" \/>\n<meta name=\"author\" content=\"moacir\" \/>\n<meta name=\"twitter:card\" content=\"summary_large_image\" \/>\n<meta name=\"twitter:label1\" content=\"Escrito por\" \/>\n\t<meta name=\"twitter:data1\" content=\"moacir\" \/>\n\t<meta name=\"twitter:label2\" content=\"Est. tempo de leitura\" \/>\n\t<meta name=\"twitter:data2\" content=\"5 minutos\" \/>\n<script type=\"application\/ld+json\" class=\"yoast-schema-graph\">{\"@context\":\"https:\/\/schema.org\",\"@graph\":[{\"@type\":\"WebSite\",\"@id\":\"https:\/\/franciscanos.org.br\/vidacrista\/#website\",\"url\":\"https:\/\/franciscanos.org.br\/vidacrista\/\",\"name\":\"Vida Crist\u00e3 - Franciscanos\",\"description\":\"Prov\u00edncia Franciscana da Imaculada Concei\u00e7\u00e3o do Brasil - Ordem dos Frades Menores\",\"potentialAction\":[{\"@type\":\"SearchAction\",\"target\":{\"@type\":\"EntryPoint\",\"urlTemplate\":\"https:\/\/franciscanos.org.br\/vidacrista\/?s={search_term_string}\"},\"query-input\":\"required name=search_term_string\"}],\"inLanguage\":\"pt-BR\"},{\"@type\":\"WebPage\",\"@id\":\"https:\/\/franciscanos.org.br\/vidacrista\/delegar-representacao\/\",\"url\":\"https:\/\/franciscanos.org.br\/vidacrista\/delegar-representacao\/\",\"name\":\"Delegar representa\u00e7\u00e3o - Vida Crist\u00e3 - Franciscanos\",\"isPartOf\":{\"@id\":\"https:\/\/franciscanos.org.br\/vidacrista\/#website\"},\"datePublished\":\"2022-10-08T08:59:11+00:00\",\"dateModified\":\"2022-10-08T09:00:00+00:00\",\"author\":{\"@id\":\"https:\/\/franciscanos.org.br\/vidacrista\/#\/schema\/person\/1880bdd2c350b735648725ef7614736a\"},\"breadcrumb\":{\"@id\":\"https:\/\/franciscanos.org.br\/vidacrista\/delegar-representacao\/#breadcrumb\"},\"inLanguage\":\"pt-BR\",\"potentialAction\":[{\"@type\":\"ReadAction\",\"target\":[\"https:\/\/franciscanos.org.br\/vidacrista\/delegar-representacao\/\"]}]},{\"@type\":\"BreadcrumbList\",\"@id\":\"https:\/\/franciscanos.org.br\/vidacrista\/delegar-representacao\/#breadcrumb\",\"itemListElement\":[{\"@type\":\"ListItem\",\"position\":1,\"name\":\"Home\",\"item\":\"https:\/\/franciscanos.org.br\/vidacrista\/\"},{\"@type\":\"ListItem\",\"position\":2,\"name\":\"Delegar representa\u00e7\u00e3o\"}]},{\"@type\":\"Person\",\"@id\":\"https:\/\/franciscanos.org.br\/vidacrista\/#\/schema\/person\/1880bdd2c350b735648725ef7614736a\",\"name\":\"moacir\",\"image\":{\"@type\":\"ImageObject\",\"inLanguage\":\"pt-BR\",\"@id\":\"https:\/\/franciscanos.org.br\/vidacrista\/#\/schema\/person\/image\/\",\"url\":\"https:\/\/secure.gravatar.com\/avatar\/d08aa2ce4c8dd416d4479aa8536fcf64?s=96&d=mm&r=g\",\"contentUrl\":\"https:\/\/secure.gravatar.com\/avatar\/d08aa2ce4c8dd416d4479aa8536fcf64?s=96&d=mm&r=g\",\"caption\":\"moacir\"},\"url\":\"https:\/\/franciscanos.org.br\/vidacrista\/author\/moacir\/\"}]}<\/script>\n<!-- \/ Yoast SEO plugin. -->","yoast_head_json":{"title":"Delegar representa\u00e7\u00e3o - Vida Crist\u00e3 - Franciscanos","robots":{"index":"index","follow":"follow","max-snippet":"max-snippet:-1","max-image-preview":"max-image-preview:large","max-video-preview":"max-video-preview:-1"},"canonical":"https:\/\/franciscanos.org.br\/vidacrista\/delegar-representacao\/","og_locale":"pt_BR","og_type":"article","og_title":"Delegar representa\u00e7\u00e3o - Vida Crist\u00e3 - Franciscanos","og_description":"Artigo de Dom Walmor Oliveira de Azevedo","og_url":"https:\/\/franciscanos.org.br\/vidacrista\/delegar-representacao\/","og_site_name":"Vida Crist\u00e3 - Franciscanos","article_published_time":"2022-10-08T08:59:11+00:00","article_modified_time":"2022-10-08T09:00:00+00:00","og_image":[{"width":840,"height":450,"url":"https:\/\/franciscanos.org.br\/vidacrista\/wp-content\/uploads\/2022\/10\/artigo_08.png","type":"image\/png"}],"author":"moacir","twitter_card":"summary_large_image","twitter_misc":{"Escrito por":"moacir","Est. tempo de leitura":"5 minutos"},"schema":{"@context":"https:\/\/schema.org","@graph":[{"@type":"WebSite","@id":"https:\/\/franciscanos.org.br\/vidacrista\/#website","url":"https:\/\/franciscanos.org.br\/vidacrista\/","name":"Vida Crist\u00e3 - Franciscanos","description":"Prov\u00edncia Franciscana da Imaculada Concei\u00e7\u00e3o do Brasil - Ordem dos Frades Menores","potentialAction":[{"@type":"SearchAction","target":{"@type":"EntryPoint","urlTemplate":"https:\/\/franciscanos.org.br\/vidacrista\/?s={search_term_string}"},"query-input":"required name=search_term_string"}],"inLanguage":"pt-BR"},{"@type":"WebPage","@id":"https:\/\/franciscanos.org.br\/vidacrista\/delegar-representacao\/","url":"https:\/\/franciscanos.org.br\/vidacrista\/delegar-representacao\/","name":"Delegar representa\u00e7\u00e3o - Vida Crist\u00e3 - Franciscanos","isPartOf":{"@id":"https:\/\/franciscanos.org.br\/vidacrista\/#website"},"datePublished":"2022-10-08T08:59:11+00:00","dateModified":"2022-10-08T09:00:00+00:00","author":{"@id":"https:\/\/franciscanos.org.br\/vidacrista\/#\/schema\/person\/1880bdd2c350b735648725ef7614736a"},"breadcrumb":{"@id":"https:\/\/franciscanos.org.br\/vidacrista\/delegar-representacao\/#breadcrumb"},"inLanguage":"pt-BR","potentialAction":[{"@type":"ReadAction","target":["https:\/\/franciscanos.org.br\/vidacrista\/delegar-representacao\/"]}]},{"@type":"BreadcrumbList","@id":"https:\/\/franciscanos.org.br\/vidacrista\/delegar-representacao\/#breadcrumb","itemListElement":[{"@type":"ListItem","position":1,"name":"Home","item":"https:\/\/franciscanos.org.br\/vidacrista\/"},{"@type":"ListItem","position":2,"name":"Delegar representa\u00e7\u00e3o"}]},{"@type":"Person","@id":"https:\/\/franciscanos.org.br\/vidacrista\/#\/schema\/person\/1880bdd2c350b735648725ef7614736a","name":"moacir","image":{"@type":"ImageObject","inLanguage":"pt-BR","@id":"https:\/\/franciscanos.org.br\/vidacrista\/#\/schema\/person\/image\/","url":"https:\/\/secure.gravatar.com\/avatar\/d08aa2ce4c8dd416d4479aa8536fcf64?s=96&d=mm&r=g","contentUrl":"https:\/\/secure.gravatar.com\/avatar\/d08aa2ce4c8dd416d4479aa8536fcf64?s=96&d=mm&r=g","caption":"moacir"},"url":"https:\/\/franciscanos.org.br\/vidacrista\/author\/moacir\/"}]}},"_links":{"self":[{"href":"https:\/\/franciscanos.org.br\/vidacrista\/wp-json\/wp\/v2\/posts\/192484"}],"collection":[{"href":"https:\/\/franciscanos.org.br\/vidacrista\/wp-json\/wp\/v2\/posts"}],"about":[{"href":"https:\/\/franciscanos.org.br\/vidacrista\/wp-json\/wp\/v2\/types\/post"}],"author":[{"embeddable":true,"href":"https:\/\/franciscanos.org.br\/vidacrista\/wp-json\/wp\/v2\/users\/3"}],"replies":[{"embeddable":true,"href":"https:\/\/franciscanos.org.br\/vidacrista\/wp-json\/wp\/v2\/comments?post=192484"}],"version-history":[{"count":2,"href":"https:\/\/franciscanos.org.br\/vidacrista\/wp-json\/wp\/v2\/posts\/192484\/revisions"}],"predecessor-version":[{"id":192487,"href":"https:\/\/franciscanos.org.br\/vidacrista\/wp-json\/wp\/v2\/posts\/192484\/revisions\/192487"}],"wp:featuredmedia":[{"embeddable":true,"href":"https:\/\/franciscanos.org.br\/vidacrista\/wp-json\/wp\/v2\/media\/192485"}],"wp:attachment":[{"href":"https:\/\/franciscanos.org.br\/vidacrista\/wp-json\/wp\/v2\/media?parent=192484"}],"wp:term":[{"taxonomy":"category","embeddable":true,"href":"https:\/\/franciscanos.org.br\/vidacrista\/wp-json\/wp\/v2\/categories?post=192484"},{"taxonomy":"post_tag","embeddable":true,"href":"https:\/\/franciscanos.org.br\/vidacrista\/wp-json\/wp\/v2\/tags?post=192484"}],"curies":[{"name":"wp","href":"https:\/\/api.w.org\/{rel}","templated":true}]}}