{"id":192481,"date":"2022-10-03T07:18:15","date_gmt":"2022-10-03T10:18:15","guid":{"rendered":"https:\/\/franciscanos.org.br\/vidacrista\/?p=192481"},"modified":"2022-10-03T07:18:15","modified_gmt":"2022-10-03T10:18:15","slug":"para-onde-se-caminha","status":"publish","type":"post","link":"https:\/\/franciscanos.org.br\/vidacrista\/para-onde-se-caminha\/","title":{"rendered":"Para onde se caminha?"},"content":{"rendered":"<div id=\"attachment_192482\" style=\"width: 850px\" class=\"wp-caption alignnone\"><img aria-describedby=\"caption-attachment-192482\" decoding=\"async\" loading=\"lazy\" class=\"wp-image-192482 size-full\" src=\"https:\/\/franciscanos.org.br\/vidacrista\/wp-content\/uploads\/2022\/10\/artigo_03.png\" alt=\"\" width=\"840\" height=\"450\" srcset=\"https:\/\/franciscanos.org.br\/vidacrista\/wp-content\/uploads\/2022\/10\/artigo_03.png 840w, https:\/\/franciscanos.org.br\/vidacrista\/wp-content\/uploads\/2022\/10\/artigo_03-450x241.png 450w, https:\/\/franciscanos.org.br\/vidacrista\/wp-content\/uploads\/2022\/10\/artigo_03-768x411.png 768w, https:\/\/franciscanos.org.br\/vidacrista\/wp-content\/uploads\/2022\/10\/artigo_03-150x80.png 150w\" sizes=\"(max-width: 840px) 100vw, 840px\" \/><p id=\"caption-attachment-192482\" class=\"wp-caption-text\">\u00a0 \u00a0 \u00a0 \u00a0 \u00a0 \u00a0 \u00a0 \u00a0 \u00a0 \u00a0 \u00a0 \u00a0 \u00a0 \u00a0 \u00a0 \u00a0 \u00a0 \u00a0 \u00a0 \u00a0 \u00a0Imagem ilustrativa: Canva (<a href=\"http:\/\/www.canva.com\/pt_br\/modelos\">www.canva.com\/pt_br\/modelos<\/a>)<\/p><\/div>\n<p><strong>Dom Walmor Oliveira de Azevedo<\/strong><\/p>\n<p>Perguntas contam decisivamente na defini\u00e7\u00e3o de rumos e nos discernimentos para escolhas que incidem sobre a vida. Perguntar \u00e9 t\u00e3o essencial quanto responder bem. Por vezes, conta mais a clarivid\u00eancia da pergunta \u2013 capaz de contribuir para a lucidez decisiva da resposta. Para onde se caminha? Uma interroga\u00e7\u00e3o que precisa incidir nas dimens\u00f5es pessoal, familiar e social. A resposta revela valores escolhidos, princ\u00edpios respeitados e pr\u00e1ticas comportamentais inspiradoras. N\u00e3o se pode caminhar por qualquer via ou dire\u00e7\u00e3o. A irresponsabilidade na defini\u00e7\u00e3o do percurso a ser seguido pode levar a preju\u00edzos pesados que demandam, al\u00e9m de longo tempo, muitos esfor\u00e7os e investimentos para superar fracassos. Para onde se caminha? Quest\u00e3o que incide diretamente na exist\u00eancia humana, configurando rumos e consequ\u00eancias. Essa pergunta remete \u00e0 responsabilidade de cada pessoa na configura\u00e7\u00e3o de uma adequada resposta.<\/p>\n<p>Reagir \u00e0 interpela\u00e7\u00e3o \u2013 Para onde se caminha? \u2013 \u00e9 tarefa cada vez mais dif\u00edcil, considerando, dentre outros, os riscos que surgem com a cultura tecnol\u00f3gica. H\u00e1, por exemplo, uma expressiva dissemina\u00e7\u00e3o de not\u00edcias falsas \u2013 a mentira passando-se por verdade. Sabe-se ainda que o ambiente digital \u00e9 tamb\u00e9m lugar onde muitos espalham o \u00f3dio, ou buscam construir a pr\u00f3pria imagem, alcan\u00e7ar reconhecimento, pela destrui\u00e7\u00e3o perversa da inteireza moral de seu semelhante. Deixa-se de lado o compromisso com a verdade para se esconder em um covarde anonimato, buscando propagar ju\u00edzos destrutivos. Perde-se o compromisso com o bem do outro, o bem de todos. No lugar desse compromisso, torna-se cada vez mais habitual a perversidade de quem v\u00ea no semelhante um concorrente. Uma vis\u00e3o equivocada, pois todos s\u00e3o oper\u00e1rios na mesma vinha, cujos frutos e abund\u00e2ncia dependem da coopera\u00e7\u00e3o m\u00fatua e da participa\u00e7\u00e3o criativa de cada um.<\/p>\n<p>Nessa crescente tend\u00eancia de se buscar destruir o outro, com quem se diverge, cai em desuso a pergunta feita por Jesus Mestre aos acusadores da mulher ad\u00faltera. Jesus, com a sua pergunta, indicou que jogasse a primeira pedra quem n\u00e3o tivesse pecado. O questionamento do Mestre alcan\u00e7ou efeito estupendo pois fez com que todos sa\u00edssem, um a um, certamente convictos de seus pr\u00f3prios limites. Uma li\u00e7\u00e3o que precisa ser aprendida na contemporaneidade, pois rumos sombrios s\u00e3o tomados quando n\u00e3o se pensa na edifica\u00e7\u00e3o do semelhante: \u00e9 preciso zelar pela conviv\u00eancia humana e cidad\u00e3. O compromisso com esse zelo inclui muitos exerc\u00edcios, inclusive uma reflex\u00e3o cotidiana a partir dessa pergunta: para onde se caminha? Pode-se caminhar na dire\u00e7\u00e3o das \u201csombras de um mundo fechado\u201d, ou buscar gerar um \u201cmundo aberto\u201d, como nos diz o Papa Francisco, nos cap\u00edtulos primeiro e terceiro de sua Carta Enc\u00edclica, Fratelli Tutti, sobre a amizade social. Somente se pode caminhar adequadamente, em dire\u00e7\u00e3o a metas frutuosas quando o ser humano compreende que s\u00f3 pode alcan\u00e7ar a sua plenitude na sincera oferta de si mesmo.<\/p>\n<p>A alegria de viver apenas se efetiva quando s\u00e3o encontrados rostos para amar. Esse encontro \u00e9 rem\u00e9dio que cura preconceitos e discrimina\u00e7\u00f5es, \u00f3dio e indiferen\u00e7as. Caminhar-se-\u00e1 na dire\u00e7\u00e3o de um \u201cmundo aberto\u201d na medida em que v\u00ednculos s\u00e3o criados em comunh\u00e3o e fraternidade, realidades mais fortes que a morte. Por isso, as rela\u00e7\u00f5es interpessoais precisam ganhar amplitude para al\u00e9m dos territ\u00f3rios da pr\u00f3pria fam\u00edlia ou de pequenos grupos. O Papa Francisco fala de uma esp\u00e9cie de lei de \u00eaxtase \u2013 \u201csair de si mesmo para encontrar nos outros um acrescentamento de ser\u201d. E lembra: \u201cA partir da intimidade de cada cora\u00e7\u00e3o, o amor cria v\u00ednculos e amplia a exist\u00eancia, quando arranca a pessoa de si mesma para o outro\u201d.<\/p>\n<p>Reconhecer, a partir da racionalidade e da espiritualidade, o valor \u00fanico do amor \u00e9 essencial para bem responder a esta pergunta: para onde se caminha? H\u00e1 de se investir na constitui\u00e7\u00e3o de uma estatura espiritual e humana que seja medida pelo amor. Assim, podem ser corrigidos descompassos, reorganizados racioc\u00ednios e redefinidas posturas, superando o que descompassa a vida e as limita\u00e7\u00f5es do viver humano. Consequentemente, encontra-se a cura para a enganosa perspectiva que leva tantas pessoas a pautarem a pr\u00f3pria conduta considerando que a vida se resume \u00e0 disputa por interesses. Uma vis\u00e3o distorcida que faz prevalecer o confronto \u2013 uns contra os outros, o tempo todo. A solid\u00e3o, os medos e inseguran\u00e7as, que s\u00e3o tamb\u00e9m consequ\u00eancias dessa perspectiva equivocada, levam a um caos insuport\u00e1vel. Para onde se caminha? Uma interroga\u00e7\u00e3o que n\u00e3o pode ser tratada de qualquer maneira, pois remete a responsabilidades cidad\u00e3s importantes, ao compromisso de cada um para que a humanidade tome novo rumo, a partir do encontro de qualificadas respostas.<\/p>\n<hr \/>\n<p><strong>Dom Walmor Oliveira de Azevedo<\/strong> <em>\u00e9 Arcebispo de Belo Horizonte (MG) e presidente da Confer\u00eancia Nacional dos Bispos do Brasil.<\/em><\/p>\n","protected":false},"excerpt":{"rendered":"<p>Artigo de Dom Walmor Oliveira de Azevedo <\/p>\n","protected":false},"author":3,"featured_media":192482,"comment_status":"open","ping_status":"open","sticky":false,"template":"","format":"standard","meta":{"footnotes":""},"categories":[26],"tags":[271],"yoast_head":"<!-- This site is optimized with the Yoast SEO plugin v19.4 - https:\/\/yoast.com\/wordpress\/plugins\/seo\/ -->\n<title>Para onde se caminha? - Vida Crist\u00e3 - Franciscanos<\/title>\n<meta name=\"robots\" content=\"index, follow, max-snippet:-1, max-image-preview:large, max-video-preview:-1\" \/>\n<link rel=\"canonical\" href=\"https:\/\/franciscanos.org.br\/vidacrista\/para-onde-se-caminha\/\" \/>\n<meta property=\"og:locale\" content=\"pt_BR\" \/>\n<meta property=\"og:type\" content=\"article\" \/>\n<meta property=\"og:title\" content=\"Para onde se caminha? - Vida Crist\u00e3 - Franciscanos\" \/>\n<meta property=\"og:description\" content=\"Artigo de Dom Walmor Oliveira de Azevedo\" \/>\n<meta property=\"og:url\" content=\"https:\/\/franciscanos.org.br\/vidacrista\/para-onde-se-caminha\/\" \/>\n<meta property=\"og:site_name\" content=\"Vida Crist\u00e3 - Franciscanos\" \/>\n<meta property=\"article:published_time\" content=\"2022-10-03T10:18:15+00:00\" \/>\n<meta property=\"og:image\" content=\"https:\/\/franciscanos.org.br\/vidacrista\/wp-content\/uploads\/2022\/10\/artigo_03.png\" \/>\n\t<meta property=\"og:image:width\" content=\"840\" \/>\n\t<meta property=\"og:image:height\" content=\"450\" \/>\n\t<meta property=\"og:image:type\" content=\"image\/png\" \/>\n<meta name=\"author\" content=\"moacir\" \/>\n<meta name=\"twitter:card\" content=\"summary_large_image\" \/>\n<meta name=\"twitter:label1\" content=\"Escrito por\" \/>\n\t<meta name=\"twitter:data1\" content=\"moacir\" \/>\n\t<meta name=\"twitter:label2\" content=\"Est. tempo de leitura\" \/>\n\t<meta name=\"twitter:data2\" content=\"5 minutos\" \/>\n<script type=\"application\/ld+json\" class=\"yoast-schema-graph\">{\"@context\":\"https:\/\/schema.org\",\"@graph\":[{\"@type\":\"WebSite\",\"@id\":\"https:\/\/franciscanos.org.br\/vidacrista\/#website\",\"url\":\"https:\/\/franciscanos.org.br\/vidacrista\/\",\"name\":\"Vida Crist\u00e3 - Franciscanos\",\"description\":\"Prov\u00edncia Franciscana da Imaculada Concei\u00e7\u00e3o do Brasil - Ordem dos Frades Menores\",\"potentialAction\":[{\"@type\":\"SearchAction\",\"target\":{\"@type\":\"EntryPoint\",\"urlTemplate\":\"https:\/\/franciscanos.org.br\/vidacrista\/?s={search_term_string}\"},\"query-input\":\"required name=search_term_string\"}],\"inLanguage\":\"pt-BR\"},{\"@type\":\"WebPage\",\"@id\":\"https:\/\/franciscanos.org.br\/vidacrista\/para-onde-se-caminha\/\",\"url\":\"https:\/\/franciscanos.org.br\/vidacrista\/para-onde-se-caminha\/\",\"name\":\"Para onde se caminha? - Vida Crist\u00e3 - Franciscanos\",\"isPartOf\":{\"@id\":\"https:\/\/franciscanos.org.br\/vidacrista\/#website\"},\"datePublished\":\"2022-10-03T10:18:15+00:00\",\"dateModified\":\"2022-10-03T10:18:15+00:00\",\"author\":{\"@id\":\"https:\/\/franciscanos.org.br\/vidacrista\/#\/schema\/person\/1880bdd2c350b735648725ef7614736a\"},\"breadcrumb\":{\"@id\":\"https:\/\/franciscanos.org.br\/vidacrista\/para-onde-se-caminha\/#breadcrumb\"},\"inLanguage\":\"pt-BR\",\"potentialAction\":[{\"@type\":\"ReadAction\",\"target\":[\"https:\/\/franciscanos.org.br\/vidacrista\/para-onde-se-caminha\/\"]}]},{\"@type\":\"BreadcrumbList\",\"@id\":\"https:\/\/franciscanos.org.br\/vidacrista\/para-onde-se-caminha\/#breadcrumb\",\"itemListElement\":[{\"@type\":\"ListItem\",\"position\":1,\"name\":\"Home\",\"item\":\"https:\/\/franciscanos.org.br\/vidacrista\/\"},{\"@type\":\"ListItem\",\"position\":2,\"name\":\"Para onde se caminha?\"}]},{\"@type\":\"Person\",\"@id\":\"https:\/\/franciscanos.org.br\/vidacrista\/#\/schema\/person\/1880bdd2c350b735648725ef7614736a\",\"name\":\"moacir\",\"image\":{\"@type\":\"ImageObject\",\"inLanguage\":\"pt-BR\",\"@id\":\"https:\/\/franciscanos.org.br\/vidacrista\/#\/schema\/person\/image\/\",\"url\":\"https:\/\/secure.gravatar.com\/avatar\/d08aa2ce4c8dd416d4479aa8536fcf64?s=96&d=mm&r=g\",\"contentUrl\":\"https:\/\/secure.gravatar.com\/avatar\/d08aa2ce4c8dd416d4479aa8536fcf64?s=96&d=mm&r=g\",\"caption\":\"moacir\"},\"url\":\"https:\/\/franciscanos.org.br\/vidacrista\/author\/moacir\/\"}]}<\/script>\n<!-- \/ Yoast SEO plugin. -->","yoast_head_json":{"title":"Para onde se caminha? - Vida Crist\u00e3 - Franciscanos","robots":{"index":"index","follow":"follow","max-snippet":"max-snippet:-1","max-image-preview":"max-image-preview:large","max-video-preview":"max-video-preview:-1"},"canonical":"https:\/\/franciscanos.org.br\/vidacrista\/para-onde-se-caminha\/","og_locale":"pt_BR","og_type":"article","og_title":"Para onde se caminha? - Vida Crist\u00e3 - Franciscanos","og_description":"Artigo de Dom Walmor Oliveira de Azevedo","og_url":"https:\/\/franciscanos.org.br\/vidacrista\/para-onde-se-caminha\/","og_site_name":"Vida Crist\u00e3 - Franciscanos","article_published_time":"2022-10-03T10:18:15+00:00","og_image":[{"width":840,"height":450,"url":"https:\/\/franciscanos.org.br\/vidacrista\/wp-content\/uploads\/2022\/10\/artigo_03.png","type":"image\/png"}],"author":"moacir","twitter_card":"summary_large_image","twitter_misc":{"Escrito por":"moacir","Est. tempo de leitura":"5 minutos"},"schema":{"@context":"https:\/\/schema.org","@graph":[{"@type":"WebSite","@id":"https:\/\/franciscanos.org.br\/vidacrista\/#website","url":"https:\/\/franciscanos.org.br\/vidacrista\/","name":"Vida Crist\u00e3 - Franciscanos","description":"Prov\u00edncia Franciscana da Imaculada Concei\u00e7\u00e3o do Brasil - Ordem dos Frades Menores","potentialAction":[{"@type":"SearchAction","target":{"@type":"EntryPoint","urlTemplate":"https:\/\/franciscanos.org.br\/vidacrista\/?s={search_term_string}"},"query-input":"required name=search_term_string"}],"inLanguage":"pt-BR"},{"@type":"WebPage","@id":"https:\/\/franciscanos.org.br\/vidacrista\/para-onde-se-caminha\/","url":"https:\/\/franciscanos.org.br\/vidacrista\/para-onde-se-caminha\/","name":"Para onde se caminha? - Vida Crist\u00e3 - Franciscanos","isPartOf":{"@id":"https:\/\/franciscanos.org.br\/vidacrista\/#website"},"datePublished":"2022-10-03T10:18:15+00:00","dateModified":"2022-10-03T10:18:15+00:00","author":{"@id":"https:\/\/franciscanos.org.br\/vidacrista\/#\/schema\/person\/1880bdd2c350b735648725ef7614736a"},"breadcrumb":{"@id":"https:\/\/franciscanos.org.br\/vidacrista\/para-onde-se-caminha\/#breadcrumb"},"inLanguage":"pt-BR","potentialAction":[{"@type":"ReadAction","target":["https:\/\/franciscanos.org.br\/vidacrista\/para-onde-se-caminha\/"]}]},{"@type":"BreadcrumbList","@id":"https:\/\/franciscanos.org.br\/vidacrista\/para-onde-se-caminha\/#breadcrumb","itemListElement":[{"@type":"ListItem","position":1,"name":"Home","item":"https:\/\/franciscanos.org.br\/vidacrista\/"},{"@type":"ListItem","position":2,"name":"Para onde se caminha?"}]},{"@type":"Person","@id":"https:\/\/franciscanos.org.br\/vidacrista\/#\/schema\/person\/1880bdd2c350b735648725ef7614736a","name":"moacir","image":{"@type":"ImageObject","inLanguage":"pt-BR","@id":"https:\/\/franciscanos.org.br\/vidacrista\/#\/schema\/person\/image\/","url":"https:\/\/secure.gravatar.com\/avatar\/d08aa2ce4c8dd416d4479aa8536fcf64?s=96&d=mm&r=g","contentUrl":"https:\/\/secure.gravatar.com\/avatar\/d08aa2ce4c8dd416d4479aa8536fcf64?s=96&d=mm&r=g","caption":"moacir"},"url":"https:\/\/franciscanos.org.br\/vidacrista\/author\/moacir\/"}]}},"_links":{"self":[{"href":"https:\/\/franciscanos.org.br\/vidacrista\/wp-json\/wp\/v2\/posts\/192481"}],"collection":[{"href":"https:\/\/franciscanos.org.br\/vidacrista\/wp-json\/wp\/v2\/posts"}],"about":[{"href":"https:\/\/franciscanos.org.br\/vidacrista\/wp-json\/wp\/v2\/types\/post"}],"author":[{"embeddable":true,"href":"https:\/\/franciscanos.org.br\/vidacrista\/wp-json\/wp\/v2\/users\/3"}],"replies":[{"embeddable":true,"href":"https:\/\/franciscanos.org.br\/vidacrista\/wp-json\/wp\/v2\/comments?post=192481"}],"version-history":[{"count":1,"href":"https:\/\/franciscanos.org.br\/vidacrista\/wp-json\/wp\/v2\/posts\/192481\/revisions"}],"predecessor-version":[{"id":192483,"href":"https:\/\/franciscanos.org.br\/vidacrista\/wp-json\/wp\/v2\/posts\/192481\/revisions\/192483"}],"wp:featuredmedia":[{"embeddable":true,"href":"https:\/\/franciscanos.org.br\/vidacrista\/wp-json\/wp\/v2\/media\/192482"}],"wp:attachment":[{"href":"https:\/\/franciscanos.org.br\/vidacrista\/wp-json\/wp\/v2\/media?parent=192481"}],"wp:term":[{"taxonomy":"category","embeddable":true,"href":"https:\/\/franciscanos.org.br\/vidacrista\/wp-json\/wp\/v2\/categories?post=192481"},{"taxonomy":"post_tag","embeddable":true,"href":"https:\/\/franciscanos.org.br\/vidacrista\/wp-json\/wp\/v2\/tags?post=192481"}],"curies":[{"name":"wp","href":"https:\/\/api.w.org\/{rel}","templated":true}]}}