{"id":192475,"date":"2022-09-30T14:58:34","date_gmt":"2022-09-30T17:58:34","guid":{"rendered":"https:\/\/franciscanos.org.br\/vidacrista\/?p=192475"},"modified":"2022-09-30T14:58:34","modified_gmt":"2022-09-30T17:58:34","slug":"contemplar-e-divulgar-o-amor-do-crucificado","status":"publish","type":"post","link":"https:\/\/franciscanos.org.br\/vidacrista\/contemplar-e-divulgar-o-amor-do-crucificado\/","title":{"rendered":"Contemplar e divulgar o amor do Crucificado"},"content":{"rendered":"<div id=\"attachment_192476\" style=\"width: 850px\" class=\"wp-caption alignnone\"><img aria-describedby=\"caption-attachment-192476\" decoding=\"async\" loading=\"lazy\" class=\"wp-image-192476 size-full\" src=\"https:\/\/franciscanos.org.br\/vidacrista\/wp-content\/uploads\/2022\/09\/sexta_primeira_30.jpg\" alt=\"\" width=\"840\" height=\"450\" srcset=\"https:\/\/franciscanos.org.br\/vidacrista\/wp-content\/uploads\/2022\/09\/sexta_primeira_30.jpg 840w, https:\/\/franciscanos.org.br\/vidacrista\/wp-content\/uploads\/2022\/09\/sexta_primeira_30-450x241.jpg 450w, https:\/\/franciscanos.org.br\/vidacrista\/wp-content\/uploads\/2022\/09\/sexta_primeira_30-768x411.jpg 768w, https:\/\/franciscanos.org.br\/vidacrista\/wp-content\/uploads\/2022\/09\/sexta_primeira_30-150x80.jpg 150w\" sizes=\"(max-width: 840px) 100vw, 840px\" \/><p id=\"caption-attachment-192476\" class=\"wp-caption-text\"><em>Imagem do Crucifixo da Via-sacra no Convento da Penha 2022<\/em><\/p><\/div>\n<p>O Amor do Senhor para com os homens precisa de resposta. A contempla\u00e7\u00e3o da cruz sempre nos pede gratid\u00e3o, cultivo de um esp\u00edrito de compun\u00e7\u00e3o, um olhar atento a todas as mortes. O Crucificado do Calv\u00e1rio e os crucificados de todos os dias est\u00e3o diante de nossos olhos. Fica sempre em n\u00f3s a convic\u00e7\u00e3o que o Cristo do cora\u00e7\u00e3o aberto precisa ser amado e seu amor divulgado enquanto houver for\u00e7a em nosso peito. Contemplar e divulgar esse amor. Contemplar, dar a vida pelos outros, \u00e0 maneira do Senhor.<\/p>\n<p>Natural que Jesus Cristo viesse a morrer. N\u00e3o era natural, no entanto, que morresse no sofrimento. N\u00e3o morre somente porque sua vida chega ao final. Morre para mostrar que n\u00e3o vive somente para ele: sua vida est\u00e1 orientada para o Pai. Deixar de viver porque era preciso morrer n\u00e3o fazia sentido para ele. Dar livremente sua vida para mostrar que vive para um outro, este o significado filial de sua morte. Como vai ele mostrar que d\u00e1 sua vida livremente? Aceitando o sofrimento da cruz. Jesus n\u00e3o foi for\u00e7ado a ser pregado no madeiro. O sofrimento aparece como express\u00e3o desse ato gratuito eu Jesus proclama: \u201cMinha vida ningu\u00e9m me tira, eu que a dou livremente\u201d. Um dom.<\/p>\n<p>Podemos compreender a morte de Jesus como vontade de solidariedade com os homens. Deus passa l\u00e1 por onde n\u00f3s passamos. Mais profundamente a morte neste aspecto doloroso que Jesus podia ter evitado significa, antes de tudo, gratuidade do dom da vida de Jesus, sinal por excel\u00eancia de seu amor.<\/p>\n<p>Morrer no sentido pascal significa aceitar de receber sua vida de um outro como tamb\u00e9m de dar a sua. Para os crist\u00e3os, morrer a si mesmo, n\u00e3o significa apenas de viver algumas coisas das vidas, mas aceitar de viver a nossa vida para n\u00f3s, mas para Deus.<\/p>\n<p>\u201cPai bom. Sempre te procurei. Tu estiveste bem na frente de todo o meu ser e de meu agir. Farei sempre tua vontade\u201d, \u00e9 o que Jesus tinha em sua mente. Assim sua morte foi dom. Dom irrestrito e definitivo para todo sempre. Dom atualizado a cada momento no mundo na celebra\u00e7\u00e3o da Eucaristia. \u201cMeu corpo dado, meu sangue derramado, sinais da eterna Alian\u00e7a, do Amor\u201d. Nossa morte foi vivida por Jesus de Nazar\u00e9. Por isso olhamos com compun\u00e7\u00e3o e gratid\u00e3o o peito aberto do Senhor.<\/p>\n<p>\u201cMinha vida, ningu\u00e9m me tira, sou eu que a dou livremente\u201d.<\/p>\n<hr \/>\n<p><strong>Texto de inspira\u00e7\u00e3o: Pierre Talec, Dieu vient de l\u2019avenir Le Centurion, Paris,p. 96-98<\/strong><\/p>\n<hr \/>\n<p><em>Frei Almir Guimar\u00e3es<\/em><\/p>\n","protected":false},"excerpt":{"rendered":"<p>Primeira Sexta-feira do M\u00eas<\/p>\n","protected":false},"author":3,"featured_media":192476,"comment_status":"open","ping_status":"open","sticky":false,"template":"","format":"standard","meta":{"footnotes":""},"categories":[105],"tags":[212],"yoast_head":"<!-- This site is optimized with the Yoast SEO plugin v19.4 - https:\/\/yoast.com\/wordpress\/plugins\/seo\/ -->\n<title>Contemplar e divulgar o amor do Crucificado - Vida Crist\u00e3 - Franciscanos<\/title>\n<meta name=\"robots\" content=\"index, follow, max-snippet:-1, max-image-preview:large, max-video-preview:-1\" \/>\n<link rel=\"canonical\" href=\"https:\/\/franciscanos.org.br\/vidacrista\/contemplar-e-divulgar-o-amor-do-crucificado\/\" \/>\n<meta property=\"og:locale\" content=\"pt_BR\" \/>\n<meta property=\"og:type\" content=\"article\" \/>\n<meta property=\"og:title\" content=\"Contemplar e divulgar o amor do Crucificado - Vida Crist\u00e3 - Franciscanos\" \/>\n<meta property=\"og:description\" content=\"Primeira Sexta-feira do M\u00eas\" \/>\n<meta property=\"og:url\" content=\"https:\/\/franciscanos.org.br\/vidacrista\/contemplar-e-divulgar-o-amor-do-crucificado\/\" \/>\n<meta property=\"og:site_name\" content=\"Vida Crist\u00e3 - Franciscanos\" \/>\n<meta property=\"article:published_time\" content=\"2022-09-30T17:58:34+00:00\" \/>\n<meta property=\"og:image\" content=\"https:\/\/franciscanos.org.br\/vidacrista\/wp-content\/uploads\/2022\/09\/sexta_primeira_30.jpg\" \/>\n\t<meta property=\"og:image:width\" content=\"840\" \/>\n\t<meta property=\"og:image:height\" content=\"450\" \/>\n\t<meta property=\"og:image:type\" content=\"image\/jpeg\" \/>\n<meta name=\"author\" content=\"moacir\" \/>\n<meta name=\"twitter:card\" content=\"summary_large_image\" \/>\n<meta name=\"twitter:label1\" content=\"Escrito por\" \/>\n\t<meta name=\"twitter:data1\" content=\"moacir\" \/>\n\t<meta name=\"twitter:label2\" content=\"Est. tempo de leitura\" \/>\n\t<meta name=\"twitter:data2\" content=\"3 minutos\" \/>\n<script type=\"application\/ld+json\" class=\"yoast-schema-graph\">{\"@context\":\"https:\/\/schema.org\",\"@graph\":[{\"@type\":\"WebSite\",\"@id\":\"https:\/\/franciscanos.org.br\/vidacrista\/#website\",\"url\":\"https:\/\/franciscanos.org.br\/vidacrista\/\",\"name\":\"Vida Crist\u00e3 - Franciscanos\",\"description\":\"Prov\u00edncia Franciscana da Imaculada Concei\u00e7\u00e3o do Brasil - Ordem dos Frades Menores\",\"potentialAction\":[{\"@type\":\"SearchAction\",\"target\":{\"@type\":\"EntryPoint\",\"urlTemplate\":\"https:\/\/franciscanos.org.br\/vidacrista\/?s={search_term_string}\"},\"query-input\":\"required name=search_term_string\"}],\"inLanguage\":\"pt-BR\"},{\"@type\":\"WebPage\",\"@id\":\"https:\/\/franciscanos.org.br\/vidacrista\/contemplar-e-divulgar-o-amor-do-crucificado\/\",\"url\":\"https:\/\/franciscanos.org.br\/vidacrista\/contemplar-e-divulgar-o-amor-do-crucificado\/\",\"name\":\"Contemplar e divulgar o amor do Crucificado - Vida Crist\u00e3 - Franciscanos\",\"isPartOf\":{\"@id\":\"https:\/\/franciscanos.org.br\/vidacrista\/#website\"},\"datePublished\":\"2022-09-30T17:58:34+00:00\",\"dateModified\":\"2022-09-30T17:58:34+00:00\",\"author\":{\"@id\":\"https:\/\/franciscanos.org.br\/vidacrista\/#\/schema\/person\/1880bdd2c350b735648725ef7614736a\"},\"breadcrumb\":{\"@id\":\"https:\/\/franciscanos.org.br\/vidacrista\/contemplar-e-divulgar-o-amor-do-crucificado\/#breadcrumb\"},\"inLanguage\":\"pt-BR\",\"potentialAction\":[{\"@type\":\"ReadAction\",\"target\":[\"https:\/\/franciscanos.org.br\/vidacrista\/contemplar-e-divulgar-o-amor-do-crucificado\/\"]}]},{\"@type\":\"BreadcrumbList\",\"@id\":\"https:\/\/franciscanos.org.br\/vidacrista\/contemplar-e-divulgar-o-amor-do-crucificado\/#breadcrumb\",\"itemListElement\":[{\"@type\":\"ListItem\",\"position\":1,\"name\":\"Home\",\"item\":\"https:\/\/franciscanos.org.br\/vidacrista\/\"},{\"@type\":\"ListItem\",\"position\":2,\"name\":\"Contemplar e divulgar o amor do Crucificado\"}]},{\"@type\":\"Person\",\"@id\":\"https:\/\/franciscanos.org.br\/vidacrista\/#\/schema\/person\/1880bdd2c350b735648725ef7614736a\",\"name\":\"moacir\",\"image\":{\"@type\":\"ImageObject\",\"inLanguage\":\"pt-BR\",\"@id\":\"https:\/\/franciscanos.org.br\/vidacrista\/#\/schema\/person\/image\/\",\"url\":\"https:\/\/secure.gravatar.com\/avatar\/d08aa2ce4c8dd416d4479aa8536fcf64?s=96&d=mm&r=g\",\"contentUrl\":\"https:\/\/secure.gravatar.com\/avatar\/d08aa2ce4c8dd416d4479aa8536fcf64?s=96&d=mm&r=g\",\"caption\":\"moacir\"},\"url\":\"https:\/\/franciscanos.org.br\/vidacrista\/author\/moacir\/\"}]}<\/script>\n<!-- \/ Yoast SEO plugin. -->","yoast_head_json":{"title":"Contemplar e divulgar o amor do Crucificado - Vida Crist\u00e3 - Franciscanos","robots":{"index":"index","follow":"follow","max-snippet":"max-snippet:-1","max-image-preview":"max-image-preview:large","max-video-preview":"max-video-preview:-1"},"canonical":"https:\/\/franciscanos.org.br\/vidacrista\/contemplar-e-divulgar-o-amor-do-crucificado\/","og_locale":"pt_BR","og_type":"article","og_title":"Contemplar e divulgar o amor do Crucificado - Vida Crist\u00e3 - Franciscanos","og_description":"Primeira Sexta-feira do M\u00eas","og_url":"https:\/\/franciscanos.org.br\/vidacrista\/contemplar-e-divulgar-o-amor-do-crucificado\/","og_site_name":"Vida Crist\u00e3 - Franciscanos","article_published_time":"2022-09-30T17:58:34+00:00","og_image":[{"width":840,"height":450,"url":"https:\/\/franciscanos.org.br\/vidacrista\/wp-content\/uploads\/2022\/09\/sexta_primeira_30.jpg","type":"image\/jpeg"}],"author":"moacir","twitter_card":"summary_large_image","twitter_misc":{"Escrito por":"moacir","Est. tempo de leitura":"3 minutos"},"schema":{"@context":"https:\/\/schema.org","@graph":[{"@type":"WebSite","@id":"https:\/\/franciscanos.org.br\/vidacrista\/#website","url":"https:\/\/franciscanos.org.br\/vidacrista\/","name":"Vida Crist\u00e3 - Franciscanos","description":"Prov\u00edncia Franciscana da Imaculada Concei\u00e7\u00e3o do Brasil - Ordem dos Frades Menores","potentialAction":[{"@type":"SearchAction","target":{"@type":"EntryPoint","urlTemplate":"https:\/\/franciscanos.org.br\/vidacrista\/?s={search_term_string}"},"query-input":"required name=search_term_string"}],"inLanguage":"pt-BR"},{"@type":"WebPage","@id":"https:\/\/franciscanos.org.br\/vidacrista\/contemplar-e-divulgar-o-amor-do-crucificado\/","url":"https:\/\/franciscanos.org.br\/vidacrista\/contemplar-e-divulgar-o-amor-do-crucificado\/","name":"Contemplar e divulgar o amor do Crucificado - Vida Crist\u00e3 - Franciscanos","isPartOf":{"@id":"https:\/\/franciscanos.org.br\/vidacrista\/#website"},"datePublished":"2022-09-30T17:58:34+00:00","dateModified":"2022-09-30T17:58:34+00:00","author":{"@id":"https:\/\/franciscanos.org.br\/vidacrista\/#\/schema\/person\/1880bdd2c350b735648725ef7614736a"},"breadcrumb":{"@id":"https:\/\/franciscanos.org.br\/vidacrista\/contemplar-e-divulgar-o-amor-do-crucificado\/#breadcrumb"},"inLanguage":"pt-BR","potentialAction":[{"@type":"ReadAction","target":["https:\/\/franciscanos.org.br\/vidacrista\/contemplar-e-divulgar-o-amor-do-crucificado\/"]}]},{"@type":"BreadcrumbList","@id":"https:\/\/franciscanos.org.br\/vidacrista\/contemplar-e-divulgar-o-amor-do-crucificado\/#breadcrumb","itemListElement":[{"@type":"ListItem","position":1,"name":"Home","item":"https:\/\/franciscanos.org.br\/vidacrista\/"},{"@type":"ListItem","position":2,"name":"Contemplar e divulgar o amor do Crucificado"}]},{"@type":"Person","@id":"https:\/\/franciscanos.org.br\/vidacrista\/#\/schema\/person\/1880bdd2c350b735648725ef7614736a","name":"moacir","image":{"@type":"ImageObject","inLanguage":"pt-BR","@id":"https:\/\/franciscanos.org.br\/vidacrista\/#\/schema\/person\/image\/","url":"https:\/\/secure.gravatar.com\/avatar\/d08aa2ce4c8dd416d4479aa8536fcf64?s=96&d=mm&r=g","contentUrl":"https:\/\/secure.gravatar.com\/avatar\/d08aa2ce4c8dd416d4479aa8536fcf64?s=96&d=mm&r=g","caption":"moacir"},"url":"https:\/\/franciscanos.org.br\/vidacrista\/author\/moacir\/"}]}},"_links":{"self":[{"href":"https:\/\/franciscanos.org.br\/vidacrista\/wp-json\/wp\/v2\/posts\/192475"}],"collection":[{"href":"https:\/\/franciscanos.org.br\/vidacrista\/wp-json\/wp\/v2\/posts"}],"about":[{"href":"https:\/\/franciscanos.org.br\/vidacrista\/wp-json\/wp\/v2\/types\/post"}],"author":[{"embeddable":true,"href":"https:\/\/franciscanos.org.br\/vidacrista\/wp-json\/wp\/v2\/users\/3"}],"replies":[{"embeddable":true,"href":"https:\/\/franciscanos.org.br\/vidacrista\/wp-json\/wp\/v2\/comments?post=192475"}],"version-history":[{"count":1,"href":"https:\/\/franciscanos.org.br\/vidacrista\/wp-json\/wp\/v2\/posts\/192475\/revisions"}],"predecessor-version":[{"id":192477,"href":"https:\/\/franciscanos.org.br\/vidacrista\/wp-json\/wp\/v2\/posts\/192475\/revisions\/192477"}],"wp:featuredmedia":[{"embeddable":true,"href":"https:\/\/franciscanos.org.br\/vidacrista\/wp-json\/wp\/v2\/media\/192476"}],"wp:attachment":[{"href":"https:\/\/franciscanos.org.br\/vidacrista\/wp-json\/wp\/v2\/media?parent=192475"}],"wp:term":[{"taxonomy":"category","embeddable":true,"href":"https:\/\/franciscanos.org.br\/vidacrista\/wp-json\/wp\/v2\/categories?post=192475"},{"taxonomy":"post_tag","embeddable":true,"href":"https:\/\/franciscanos.org.br\/vidacrista\/wp-json\/wp\/v2\/tags?post=192475"}],"curies":[{"name":"wp","href":"https:\/\/api.w.org\/{rel}","templated":true}]}}