{"id":192424,"date":"2022-09-24T08:36:59","date_gmt":"2022-09-24T11:36:59","guid":{"rendered":"https:\/\/franciscanos.org.br\/vidacrista\/?p=192424"},"modified":"2022-09-24T08:36:59","modified_gmt":"2022-09-24T11:36:59","slug":"primaverar-a-cidadania","status":"publish","type":"post","link":"https:\/\/franciscanos.org.br\/vidacrista\/primaverar-a-cidadania\/","title":{"rendered":"Primaverar a cidadania"},"content":{"rendered":"<p><img decoding=\"async\" loading=\"lazy\" class=\"alignnone wp-image-192425 size-full\" src=\"https:\/\/franciscanos.org.br\/vidacrista\/wp-content\/uploads\/2022\/09\/artigo_24.jpg\" alt=\"\" width=\"840\" height=\"450\" srcset=\"https:\/\/franciscanos.org.br\/vidacrista\/wp-content\/uploads\/2022\/09\/artigo_24.jpg 840w, https:\/\/franciscanos.org.br\/vidacrista\/wp-content\/uploads\/2022\/09\/artigo_24-450x241.jpg 450w, https:\/\/franciscanos.org.br\/vidacrista\/wp-content\/uploads\/2022\/09\/artigo_24-768x411.jpg 768w, https:\/\/franciscanos.org.br\/vidacrista\/wp-content\/uploads\/2022\/09\/artigo_24-150x80.jpg 150w\" sizes=\"(max-width: 840px) 100vw, 840px\" \/><\/p>\n<p><strong>Dom Walmor Oliveira de Azevedo<\/strong><\/p>\n<p>A chegada da primavera nestas terras tropicais pode n\u00e3o transmitir impacto semelhante \u00e0quele vivido nas regi\u00f5es de inverno rigoroso, mas guarda a cad\u00eancia de uma beleza que se constr\u00f3i suavemente e se mant\u00e9m. Essa beleza n\u00e3o sai de cena. Revela-se, em alguns momentos, de modo mais suave. Em outros, mais fortemente, produzindo flores e frutos. Tomada como met\u00e1fora, a primavera, esta\u00e7\u00e3o em que as belezas se revelam com maior for\u00e7a, precisa inspirar o momento atual da sociedade brasileira: \u00e9 tempo de primaverar a cidadania. Trata-se de uma interpela\u00e7\u00e3o a ser acolhida por todos que, assumindo a condi\u00e7\u00e3o de aprendizes, fecundados pela silenciosa generosidade da Cria\u00e7\u00e3o de Deus, possam trabalhar pelo desenvolvimento integral, alicer\u00e7ado em um novo humanismo.<\/p>\n<p>O compromisso com a primavera da cidadania ultrapassa a importante dedica\u00e7\u00e3o ao processo eleitoral, \u00e0 escolha de candidatos. Mas, evidentemente, inclui a responsabilidade de submeter ao crivo de ju\u00edzo clarividente as escolhas que ser\u00e3o efetivadas nas urnas. Afinal, para al\u00e9m de paix\u00f5es partid\u00e1rias, \u00e9 preciso identificar nomes que possam contribuir para a efetiva\u00e7\u00e3o da primavera da cidadania. Agora, o convite especial \u00e9 para reconhecer que a primavera da natureza \u00e9 uma universidade que possibilita muitos aprendizados. Suas li\u00e7\u00f5es convocam \u00e0 simplicidade que derruba o orgulho e a soberba \u2013 alicerces da viol\u00eancia \u2013 ao resgate da do\u00e7ura revelada no sentido intr\u00ednseco de generosidade \u2013 o bem que se faz ao semelhante. Indispens\u00e1vel \u00e9 ser aprendiz dessa universidade, para revestir a mente, a raz\u00e3o e o cora\u00e7\u00e3o com gestos e posturas que possam produzir os frutos da solidariedade universal e da amizade social. Primaverar a cidadania inclui, assim, promover o bem com atitudes, desempenhos, projetos e din\u00e2micas organizacionais \u2013 das realiza\u00e7\u00f5es mais simples \u00e0quelas mais engenhosas e trabalhosas.<\/p>\n<p>A promo\u00e7\u00e3o do bem pede que cada pessoa respeite princ\u00edpios human\u00edsticos e crist\u00e3os, para que n\u00e3o sejam perdidos os rumos que levam a reconhecer valores inquestion\u00e1veis e inegoci\u00e1veis. Preciosas refer\u00eancias est\u00e3o reunidas na Carta Magna que fundamenta o adequado exerc\u00edcio da cidadania brasileira, a Constitui\u00e7\u00e3o Federal. Chamada de Constitui\u00e7\u00e3o Cidad\u00e3, a Carta Magna inspira a participa\u00e7\u00e3o ampla da popula\u00e7\u00e3o na busca pelo bem comum, forjando novos entendimentos. A aplica\u00e7\u00e3o do que determina a Constitui\u00e7\u00e3o Federal ainda constitui um horizonte desafiador e busc\u00e1-lo \u00e9 essencial para primaverar a cidadania brasileira. A Carta Magna brasileira pede adequada interpreta\u00e7\u00e3o, efetiva e destemida aplica\u00e7\u00e3o, com for\u00e7a transformadora, por respeito ao bem comum, para impulsionar a justi\u00e7a, o direito e a verdade, considerando sempre como prioridade os pobres, indefesos e vulner\u00e1veis. A adequada interpreta\u00e7\u00e3o e aplica\u00e7\u00e3o da Constitui\u00e7\u00e3o pede qualifica\u00e7\u00e3o human\u00edstica, desmontando posturas cartoriais e olig\u00e1rquicas, a partir do compromisso com a igualdade social, em um caminho que merece, urgentemente, a dedica\u00e7\u00e3o dos crist\u00e3os.<\/p>\n<p>A heran\u00e7a crist\u00e3 bimilenar disponibiliza indica\u00e7\u00f5es, princ\u00edpios e experi\u00eancias com for\u00e7a para inspirar o urgente primaverar da cidadania. O ap\u00f3stolo Paulo, para exemplificar, lembra que os filhos de Deus foram agraciados pela palavra da reconcilia\u00e7\u00e3o. Em um mundo que precisa de paz, os crist\u00e3os testemunham a f\u00e9 exercendo o servi\u00e7o da reconcilia\u00e7\u00e3o, que inclui a promo\u00e7\u00e3o do entendimento, do di\u00e1logo e da a\u00e7\u00e3o sapiencial para corrigir rumos \u2013 implementar processos que marcam a sociedade com o sabor do Evangelho. Revisitar a heran\u00e7a crist\u00e3 \u00e9 trilhar o caminho da qualifica\u00e7\u00e3o human\u00edstica, articulando saberes \u2013 do espiritual ao emocional, para garantir lucidez nas muitas frentes de trabalho e alavancar o bem comum. Uma preciosa indica\u00e7\u00e3o de investimento human\u00edstico-espiritual \u00e9 deixar-se interpelar, sempre, pela Carta Magna do cristianismo: o Serm\u00e3o da Montanha, narrado por Mateus nos cap\u00edtulos cinco a sete de seu Evangelho.<\/p>\n<p>Uma din\u00e2mica formativa essencial para os crist\u00e3os, para todos aqueles que se convencem da necessidade e da urg\u00eancia de primaverar a cidadania.<\/p>\n<hr \/>\n<p><strong>Dom Walmor Oliveira de Azevedo<\/strong> <em>\u00e9 Arcebispo metropolitano de Belo Horizonte e Presidente da Confer\u00eancia Nacional dos Bispos do Brasil (CNBB).<\/em><\/p>\n","protected":false},"excerpt":{"rendered":"<p>Artigo de Dom Walmor Oliveira de Azevedo<\/p>\n","protected":false},"author":3,"featured_media":192425,"comment_status":"open","ping_status":"open","sticky":false,"template":"","format":"standard","meta":{"footnotes":""},"categories":[26],"tags":[271],"yoast_head":"<!-- This site is optimized with the Yoast SEO plugin v19.4 - https:\/\/yoast.com\/wordpress\/plugins\/seo\/ -->\n<title>Primaverar a cidadania - Vida Crist\u00e3 - Franciscanos<\/title>\n<meta name=\"robots\" content=\"index, follow, max-snippet:-1, max-image-preview:large, max-video-preview:-1\" \/>\n<link rel=\"canonical\" href=\"https:\/\/franciscanos.org.br\/vidacrista\/primaverar-a-cidadania\/\" \/>\n<meta property=\"og:locale\" content=\"pt_BR\" \/>\n<meta property=\"og:type\" content=\"article\" \/>\n<meta property=\"og:title\" content=\"Primaverar a cidadania - Vida Crist\u00e3 - Franciscanos\" \/>\n<meta property=\"og:description\" content=\"Artigo de Dom Walmor Oliveira de Azevedo\" \/>\n<meta property=\"og:url\" content=\"https:\/\/franciscanos.org.br\/vidacrista\/primaverar-a-cidadania\/\" \/>\n<meta property=\"og:site_name\" content=\"Vida Crist\u00e3 - Franciscanos\" \/>\n<meta property=\"article:published_time\" content=\"2022-09-24T11:36:59+00:00\" \/>\n<meta property=\"og:image\" content=\"https:\/\/franciscanos.org.br\/vidacrista\/wp-content\/uploads\/2022\/09\/artigo_24.jpg\" \/>\n\t<meta property=\"og:image:width\" content=\"840\" \/>\n\t<meta property=\"og:image:height\" content=\"450\" \/>\n\t<meta property=\"og:image:type\" content=\"image\/jpeg\" \/>\n<meta name=\"author\" content=\"moacir\" \/>\n<meta name=\"twitter:card\" content=\"summary_large_image\" \/>\n<meta name=\"twitter:label1\" content=\"Escrito por\" \/>\n\t<meta name=\"twitter:data1\" content=\"moacir\" \/>\n\t<meta name=\"twitter:label2\" content=\"Est. tempo de leitura\" \/>\n\t<meta name=\"twitter:data2\" content=\"4 minutos\" \/>\n<script type=\"application\/ld+json\" class=\"yoast-schema-graph\">{\"@context\":\"https:\/\/schema.org\",\"@graph\":[{\"@type\":\"WebSite\",\"@id\":\"https:\/\/franciscanos.org.br\/vidacrista\/#website\",\"url\":\"https:\/\/franciscanos.org.br\/vidacrista\/\",\"name\":\"Vida Crist\u00e3 - Franciscanos\",\"description\":\"Prov\u00edncia Franciscana da Imaculada Concei\u00e7\u00e3o do Brasil - Ordem dos Frades Menores\",\"potentialAction\":[{\"@type\":\"SearchAction\",\"target\":{\"@type\":\"EntryPoint\",\"urlTemplate\":\"https:\/\/franciscanos.org.br\/vidacrista\/?s={search_term_string}\"},\"query-input\":\"required name=search_term_string\"}],\"inLanguage\":\"pt-BR\"},{\"@type\":\"WebPage\",\"@id\":\"https:\/\/franciscanos.org.br\/vidacrista\/primaverar-a-cidadania\/\",\"url\":\"https:\/\/franciscanos.org.br\/vidacrista\/primaverar-a-cidadania\/\",\"name\":\"Primaverar a cidadania - Vida Crist\u00e3 - Franciscanos\",\"isPartOf\":{\"@id\":\"https:\/\/franciscanos.org.br\/vidacrista\/#website\"},\"datePublished\":\"2022-09-24T11:36:59+00:00\",\"dateModified\":\"2022-09-24T11:36:59+00:00\",\"author\":{\"@id\":\"https:\/\/franciscanos.org.br\/vidacrista\/#\/schema\/person\/1880bdd2c350b735648725ef7614736a\"},\"breadcrumb\":{\"@id\":\"https:\/\/franciscanos.org.br\/vidacrista\/primaverar-a-cidadania\/#breadcrumb\"},\"inLanguage\":\"pt-BR\",\"potentialAction\":[{\"@type\":\"ReadAction\",\"target\":[\"https:\/\/franciscanos.org.br\/vidacrista\/primaverar-a-cidadania\/\"]}]},{\"@type\":\"BreadcrumbList\",\"@id\":\"https:\/\/franciscanos.org.br\/vidacrista\/primaverar-a-cidadania\/#breadcrumb\",\"itemListElement\":[{\"@type\":\"ListItem\",\"position\":1,\"name\":\"Home\",\"item\":\"https:\/\/franciscanos.org.br\/vidacrista\/\"},{\"@type\":\"ListItem\",\"position\":2,\"name\":\"Primaverar a cidadania\"}]},{\"@type\":\"Person\",\"@id\":\"https:\/\/franciscanos.org.br\/vidacrista\/#\/schema\/person\/1880bdd2c350b735648725ef7614736a\",\"name\":\"moacir\",\"image\":{\"@type\":\"ImageObject\",\"inLanguage\":\"pt-BR\",\"@id\":\"https:\/\/franciscanos.org.br\/vidacrista\/#\/schema\/person\/image\/\",\"url\":\"https:\/\/secure.gravatar.com\/avatar\/d08aa2ce4c8dd416d4479aa8536fcf64?s=96&d=mm&r=g\",\"contentUrl\":\"https:\/\/secure.gravatar.com\/avatar\/d08aa2ce4c8dd416d4479aa8536fcf64?s=96&d=mm&r=g\",\"caption\":\"moacir\"},\"url\":\"https:\/\/franciscanos.org.br\/vidacrista\/author\/moacir\/\"}]}<\/script>\n<!-- \/ Yoast SEO plugin. -->","yoast_head_json":{"title":"Primaverar a cidadania - Vida Crist\u00e3 - Franciscanos","robots":{"index":"index","follow":"follow","max-snippet":"max-snippet:-1","max-image-preview":"max-image-preview:large","max-video-preview":"max-video-preview:-1"},"canonical":"https:\/\/franciscanos.org.br\/vidacrista\/primaverar-a-cidadania\/","og_locale":"pt_BR","og_type":"article","og_title":"Primaverar a cidadania - Vida Crist\u00e3 - Franciscanos","og_description":"Artigo de Dom Walmor Oliveira de Azevedo","og_url":"https:\/\/franciscanos.org.br\/vidacrista\/primaverar-a-cidadania\/","og_site_name":"Vida Crist\u00e3 - Franciscanos","article_published_time":"2022-09-24T11:36:59+00:00","og_image":[{"width":840,"height":450,"url":"https:\/\/franciscanos.org.br\/vidacrista\/wp-content\/uploads\/2022\/09\/artigo_24.jpg","type":"image\/jpeg"}],"author":"moacir","twitter_card":"summary_large_image","twitter_misc":{"Escrito por":"moacir","Est. tempo de leitura":"4 minutos"},"schema":{"@context":"https:\/\/schema.org","@graph":[{"@type":"WebSite","@id":"https:\/\/franciscanos.org.br\/vidacrista\/#website","url":"https:\/\/franciscanos.org.br\/vidacrista\/","name":"Vida Crist\u00e3 - Franciscanos","description":"Prov\u00edncia Franciscana da Imaculada Concei\u00e7\u00e3o do Brasil - Ordem dos Frades Menores","potentialAction":[{"@type":"SearchAction","target":{"@type":"EntryPoint","urlTemplate":"https:\/\/franciscanos.org.br\/vidacrista\/?s={search_term_string}"},"query-input":"required name=search_term_string"}],"inLanguage":"pt-BR"},{"@type":"WebPage","@id":"https:\/\/franciscanos.org.br\/vidacrista\/primaverar-a-cidadania\/","url":"https:\/\/franciscanos.org.br\/vidacrista\/primaverar-a-cidadania\/","name":"Primaverar a cidadania - Vida Crist\u00e3 - Franciscanos","isPartOf":{"@id":"https:\/\/franciscanos.org.br\/vidacrista\/#website"},"datePublished":"2022-09-24T11:36:59+00:00","dateModified":"2022-09-24T11:36:59+00:00","author":{"@id":"https:\/\/franciscanos.org.br\/vidacrista\/#\/schema\/person\/1880bdd2c350b735648725ef7614736a"},"breadcrumb":{"@id":"https:\/\/franciscanos.org.br\/vidacrista\/primaverar-a-cidadania\/#breadcrumb"},"inLanguage":"pt-BR","potentialAction":[{"@type":"ReadAction","target":["https:\/\/franciscanos.org.br\/vidacrista\/primaverar-a-cidadania\/"]}]},{"@type":"BreadcrumbList","@id":"https:\/\/franciscanos.org.br\/vidacrista\/primaverar-a-cidadania\/#breadcrumb","itemListElement":[{"@type":"ListItem","position":1,"name":"Home","item":"https:\/\/franciscanos.org.br\/vidacrista\/"},{"@type":"ListItem","position":2,"name":"Primaverar a cidadania"}]},{"@type":"Person","@id":"https:\/\/franciscanos.org.br\/vidacrista\/#\/schema\/person\/1880bdd2c350b735648725ef7614736a","name":"moacir","image":{"@type":"ImageObject","inLanguage":"pt-BR","@id":"https:\/\/franciscanos.org.br\/vidacrista\/#\/schema\/person\/image\/","url":"https:\/\/secure.gravatar.com\/avatar\/d08aa2ce4c8dd416d4479aa8536fcf64?s=96&d=mm&r=g","contentUrl":"https:\/\/secure.gravatar.com\/avatar\/d08aa2ce4c8dd416d4479aa8536fcf64?s=96&d=mm&r=g","caption":"moacir"},"url":"https:\/\/franciscanos.org.br\/vidacrista\/author\/moacir\/"}]}},"_links":{"self":[{"href":"https:\/\/franciscanos.org.br\/vidacrista\/wp-json\/wp\/v2\/posts\/192424"}],"collection":[{"href":"https:\/\/franciscanos.org.br\/vidacrista\/wp-json\/wp\/v2\/posts"}],"about":[{"href":"https:\/\/franciscanos.org.br\/vidacrista\/wp-json\/wp\/v2\/types\/post"}],"author":[{"embeddable":true,"href":"https:\/\/franciscanos.org.br\/vidacrista\/wp-json\/wp\/v2\/users\/3"}],"replies":[{"embeddable":true,"href":"https:\/\/franciscanos.org.br\/vidacrista\/wp-json\/wp\/v2\/comments?post=192424"}],"version-history":[{"count":1,"href":"https:\/\/franciscanos.org.br\/vidacrista\/wp-json\/wp\/v2\/posts\/192424\/revisions"}],"predecessor-version":[{"id":192426,"href":"https:\/\/franciscanos.org.br\/vidacrista\/wp-json\/wp\/v2\/posts\/192424\/revisions\/192426"}],"wp:featuredmedia":[{"embeddable":true,"href":"https:\/\/franciscanos.org.br\/vidacrista\/wp-json\/wp\/v2\/media\/192425"}],"wp:attachment":[{"href":"https:\/\/franciscanos.org.br\/vidacrista\/wp-json\/wp\/v2\/media?parent=192424"}],"wp:term":[{"taxonomy":"category","embeddable":true,"href":"https:\/\/franciscanos.org.br\/vidacrista\/wp-json\/wp\/v2\/categories?post=192424"},{"taxonomy":"post_tag","embeddable":true,"href":"https:\/\/franciscanos.org.br\/vidacrista\/wp-json\/wp\/v2\/tags?post=192424"}],"curies":[{"name":"wp","href":"https:\/\/api.w.org\/{rel}","templated":true}]}}