{"id":192408,"date":"2022-09-21T07:06:43","date_gmt":"2022-09-21T10:06:43","guid":{"rendered":"https:\/\/franciscanos.org.br\/vidacrista\/?p=192408"},"modified":"2022-09-21T07:09:06","modified_gmt":"2022-09-21T10:09:06","slug":"cuidar-do-outro-em-meio-a-sociedade-que-descuida","status":"publish","type":"post","link":"https:\/\/franciscanos.org.br\/vidacrista\/cuidar-do-outro-em-meio-a-sociedade-que-descuida\/","title":{"rendered":"Cuidar do outro em meio \u00e0 sociedade que descuida"},"content":{"rendered":"<p>&nbsp;<\/p>\n<p><img decoding=\"async\" loading=\"lazy\" class=\"alignnone wp-image-192412 size-full\" src=\"https:\/\/franciscanos.org.br\/vidacrista\/wp-content\/uploads\/2022\/09\/setembro_amarelo_d.png\" alt=\"\" width=\"840\" height=\"450\" srcset=\"https:\/\/franciscanos.org.br\/vidacrista\/wp-content\/uploads\/2022\/09\/setembro_amarelo_d.png 840w, https:\/\/franciscanos.org.br\/vidacrista\/wp-content\/uploads\/2022\/09\/setembro_amarelo_d-450x241.png 450w, https:\/\/franciscanos.org.br\/vidacrista\/wp-content\/uploads\/2022\/09\/setembro_amarelo_d-768x411.png 768w, https:\/\/franciscanos.org.br\/vidacrista\/wp-content\/uploads\/2022\/09\/setembro_amarelo_d-150x80.png 150w\" sizes=\"(max-width: 840px) 100vw, 840px\" \/><\/p>\n<p style=\"padding-left: 40px;\"><em><strong>\u201cO que fizer ao menor dos meus irm\u00e3os, \u00e9 a mim o fazeis\u201d.<\/strong> (Mt 25,40)<\/em><\/p>\n<p><strong>Robson Ribeiro de Oliveira Castro Chaves<\/strong><\/p>\n<p>Diante de tantos desafios e in\u00fameros problemas sociais, pol\u00edticos econ\u00f4micos e ambientais, o ser humano necessita escutar o pr\u00f3ximo. Como seria nossa vida se n\u00e3o fosse o cuidado com o outro? Pais e respons\u00e1veis demonstram carinho e cuidado com a crian\u00e7a quando nasce e se colocam atentos \u00e0s suas necessidades e fragilidades. N\u00f3s, ao crescermos, vamos moldando nossa personalidade e trilhando nossos pr\u00f3prios caminhos e destinos. Mas, infelizmente, diante de um modelo econ\u00f4mico excludente, estamos vivendo uma realidade em que o individuo n\u00e3o \u00e9 respeitado e \u00e9 apenas descartado.<\/p>\n<p>Em tempos de relativismos e desrespeito, o cuidado com o planeta e todos os seres vivos \u00e9 essencial para um futuro melhor. Desta forma, Papa Francisco nos apresenta a preocupa\u00e7\u00e3o com o modo como a humanidade vive hoje sob o poder tecnol\u00f3gico e que o ser humano se tornou um mero objeto a ser possu\u00eddo, dominado e consumido. (<em>cf. Laudato Si\u2019<\/em>, 106).<\/p>\n<p>Diante dos desafios, somos chamados a participar do processo de reinven\u00e7\u00e3o do cotidiano. Para tanto, \u00e9 necess\u00e1rio ter cuidado com a vida, respeitar o pr\u00f3ximo e, principalmente, as gera\u00e7\u00f5es. O m\u00eas de setembro \u00e9 destinado a Preven\u00e7\u00e3o ao Suic\u00eddio, um tema delicado e bem complexo. O suic\u00eddio aparece entre as 20 principais causas de morte no mundo, para pessoas de todas as idades. E pode ser definido como um ato deliberado executado pelo pr\u00f3prio indiv\u00edduo, cuja inten\u00e7\u00e3o seja a morte, entendendo que o ato do suic\u00eddio n\u00e3o \u00e9 uma busca de elimina\u00e7\u00e3o da vida, mas de eliminar o sofrimento.<\/p>\n<p>A Organiza\u00e7\u00e3o Mundial da sa\u00fade (OMS) divulgou em 17 de junho deste ano a informa\u00e7\u00e3o de que \u201ca depress\u00e3o e a ansiedade aumentaram mais de 25% apenas no primeiro ano da pandemia\u201d; esse dado acende a luz de alerta para a condi\u00e7\u00e3o de todos e todas ao longo de quase dois anos de pandemia. As pessoas com problemas psicol\u00f3gicos ou que passam por problemas como o suic\u00eddio precisam de apoio, com isso todos os 194 Estados Membros da OMS assinaram o Plano de A\u00e7\u00e3o Integral de Sa\u00fade Mental 2013\u20132030, que os compromete com metas globais para transformar a sa\u00fade mental.<\/p>\n<p>Para tanto, s\u00f3 ser\u00e1 poss\u00edvel uma real mudan\u00e7a se mudarmos a nossa conduta \u00e9tica e moral, pois uma conduta moral duvidosa, sem apre\u00e7o \u00e0 vida, nos leva a deixar de vivenciar os melhores momentos e, acima de tudo, desrespeitar aqueles que sofrem com algum problema e n\u00e3o darmos a devida import\u00e2ncia ao sofrimento das pessoas. \u00a0Por isso, ter esperan\u00e7a, ou esperan\u00e7ar, \u00e9 ter iniciativa, \u00e9 ir ao encontro, \u00e9 buscar ouvir os que mais precisam.<\/p>\n<p>\u00c9 preciso, urgentemente, se fazer ouvir e articular o maior crescimento da consci\u00eancia humana sobre o que \u00e9 ser humano. A forma como se trata o tema ainda \u00e9 um tabu. Durante s\u00e9culos de nossa hist\u00f3ria, por raz\u00f5es religiosas, morais e culturais, falar do tema do suic\u00eddio era algo proibido e, principalmente, um pecado, por esta raz\u00e3o, ainda temos medo e\/ou certa vergonha de comentar o assunto.<\/p>\n<p>De fato, ao falar desta realidade, estamos inseridos na sociedade que vive o problema forma global e n\u00e3o se deixa abrir ao debate consciente. O tabu sobre a quest\u00e3o do suic\u00eddio perdeu a for\u00e7a diante dos in\u00fameros casos de problemas oriundos da pandemia. Hoje, frente \u00e0 realidade, \u00e9 urgente refletir sobre o bem-estar do pr\u00f3ximo e n\u00e3o apenas do nosso. \u00c9 a partir desta concep\u00e7\u00e3o que devemos observar a realidade sem receios e entender como tratar o outro, principalmente na escuta enquanto membro da sociedade e no per\u00edodo pand\u00eamico que vivemos e estamos ainda vivendo.<\/p>\n<p>\u00c9 preciso cultivar o caminho \u00e9tico, sem preconceitos e coment\u00e1rios maldosos. Que a nossa conduta moral seja pautada por regras que devem ser respeitadas por cada um. Para tanto, \u00e9 preciso se comprometer com a cultura do encontro e do di\u00e1logo para que possamos nos comprometer com a vida de cada um e ser mais solid\u00e1rios com a dor e a realidade do outro.<\/p>\n<p>Assim, dotados dessa responsabilidade \u00e9 urgente pensar que os projetos de forma\u00e7\u00e3o da educa\u00e7\u00e3o para o humanismo solid\u00e1rio t\u00eam por foco principal a a\u00e7\u00e3o consciente de cada um na constru\u00e7\u00e3o de uma Educa\u00e7\u00e3o para o humanismo solid\u00e1rio e que haja uma verdadeira inclus\u00e3o de todos nesta realidade. O tema do m\u00eas de setembro \u00e9 uma forma de falar com respeito da realidade do suic\u00eddio.<\/p>\n<p>Nesse contexto, precisamos observar o caminho que seguimos e os exemplos que podemos dar em nossa realidade. Entre eles temos que alimentar o desejo de uma sociedade mais humana e exercitar o amor ao pr\u00f3ximo por meio de gestos de solidariedade.<\/p>\n<p>Devemos seguir o exemplo de Jesus: sua \u00e9tica, seu comportamento, seu car\u00e1ter, seu modo de ser e de agir. Ele assumiu uma conduta aut\u00eantica em uma sociedade contr\u00e1ria a tudo que ele pregava. Ele veio transformar o mundo, a come\u00e7ar pela sociedade de sua \u00e9poca. Assim, tratar o pr\u00f3ximo com respeito \u00e9 fazer valer o amor criador de Deus e sua proposta para o ser humano: <strong>\u201cO que fizer ao menor dos meus irm\u00e3os, \u00e9 a mim o fazeis\u201d.<\/strong> (Mt 25,40). Por isso, cuidar do outro, escut\u00e1-lo e fazer um processo de encontro \u00e9 a base das nossas rela\u00e7\u00f5es.<\/p>\n<hr \/>\n<p><strong>Robson Ribeiro de Oliveira Castro Chaves<\/strong>\u00a0<em>\u00e9 mestre em Teologia pela Faculdade Jesu\u00edta de Filosofia e Teologia (FAJE), em BH, professor de teologia no Instituto Teol\u00f3gico Franciscano (ITF), em Petr\u00f3polis (RJ) e membro do Conselho Regional de Forma\u00e7\u00e3o (CRF) \u2013 LESTE II do CNLB.<\/em><\/p>\n","protected":false},"excerpt":{"rendered":"<p>Artigo de Robson Ribeiro de Oliveira Castro<\/p>\n","protected":false},"author":3,"featured_media":192412,"comment_status":"open","ping_status":"open","sticky":false,"template":"","format":"standard","meta":{"footnotes":""},"categories":[26],"tags":[328],"yoast_head":"<!-- This site is optimized with the Yoast SEO plugin v19.4 - https:\/\/yoast.com\/wordpress\/plugins\/seo\/ -->\n<title>Cuidar do outro em meio \u00e0 sociedade que descuida - Vida Crist\u00e3 - Franciscanos<\/title>\n<meta name=\"robots\" content=\"index, follow, max-snippet:-1, max-image-preview:large, max-video-preview:-1\" \/>\n<link rel=\"canonical\" href=\"https:\/\/franciscanos.org.br\/vidacrista\/cuidar-do-outro-em-meio-a-sociedade-que-descuida\/\" \/>\n<meta property=\"og:locale\" content=\"pt_BR\" \/>\n<meta property=\"og:type\" content=\"article\" \/>\n<meta property=\"og:title\" content=\"Cuidar do outro em meio \u00e0 sociedade que descuida - Vida Crist\u00e3 - Franciscanos\" \/>\n<meta property=\"og:description\" content=\"Artigo de Robson Ribeiro de Oliveira Castro\" \/>\n<meta property=\"og:url\" content=\"https:\/\/franciscanos.org.br\/vidacrista\/cuidar-do-outro-em-meio-a-sociedade-que-descuida\/\" \/>\n<meta property=\"og:site_name\" content=\"Vida Crist\u00e3 - Franciscanos\" \/>\n<meta property=\"article:published_time\" content=\"2022-09-21T10:06:43+00:00\" \/>\n<meta property=\"article:modified_time\" content=\"2022-09-21T10:09:06+00:00\" \/>\n<meta property=\"og:image\" content=\"https:\/\/franciscanos.org.br\/vidacrista\/wp-content\/uploads\/2022\/09\/setembro_amarelo_d.png\" \/>\n\t<meta property=\"og:image:width\" content=\"840\" \/>\n\t<meta property=\"og:image:height\" content=\"450\" \/>\n\t<meta property=\"og:image:type\" content=\"image\/png\" \/>\n<meta name=\"author\" content=\"moacir\" \/>\n<meta name=\"twitter:card\" content=\"summary_large_image\" \/>\n<meta name=\"twitter:label1\" content=\"Escrito por\" \/>\n\t<meta name=\"twitter:data1\" content=\"moacir\" \/>\n\t<meta name=\"twitter:label2\" content=\"Est. tempo de leitura\" \/>\n\t<meta name=\"twitter:data2\" content=\"6 minutos\" \/>\n<script type=\"application\/ld+json\" class=\"yoast-schema-graph\">{\"@context\":\"https:\/\/schema.org\",\"@graph\":[{\"@type\":\"WebSite\",\"@id\":\"https:\/\/franciscanos.org.br\/vidacrista\/#website\",\"url\":\"https:\/\/franciscanos.org.br\/vidacrista\/\",\"name\":\"Vida Crist\u00e3 - Franciscanos\",\"description\":\"Prov\u00edncia Franciscana da Imaculada Concei\u00e7\u00e3o do Brasil - Ordem dos Frades Menores\",\"potentialAction\":[{\"@type\":\"SearchAction\",\"target\":{\"@type\":\"EntryPoint\",\"urlTemplate\":\"https:\/\/franciscanos.org.br\/vidacrista\/?s={search_term_string}\"},\"query-input\":\"required name=search_term_string\"}],\"inLanguage\":\"pt-BR\"},{\"@type\":\"WebPage\",\"@id\":\"https:\/\/franciscanos.org.br\/vidacrista\/cuidar-do-outro-em-meio-a-sociedade-que-descuida\/\",\"url\":\"https:\/\/franciscanos.org.br\/vidacrista\/cuidar-do-outro-em-meio-a-sociedade-que-descuida\/\",\"name\":\"Cuidar do outro em meio \u00e0 sociedade que descuida - Vida Crist\u00e3 - Franciscanos\",\"isPartOf\":{\"@id\":\"https:\/\/franciscanos.org.br\/vidacrista\/#website\"},\"datePublished\":\"2022-09-21T10:06:43+00:00\",\"dateModified\":\"2022-09-21T10:09:06+00:00\",\"author\":{\"@id\":\"https:\/\/franciscanos.org.br\/vidacrista\/#\/schema\/person\/1880bdd2c350b735648725ef7614736a\"},\"breadcrumb\":{\"@id\":\"https:\/\/franciscanos.org.br\/vidacrista\/cuidar-do-outro-em-meio-a-sociedade-que-descuida\/#breadcrumb\"},\"inLanguage\":\"pt-BR\",\"potentialAction\":[{\"@type\":\"ReadAction\",\"target\":[\"https:\/\/franciscanos.org.br\/vidacrista\/cuidar-do-outro-em-meio-a-sociedade-que-descuida\/\"]}]},{\"@type\":\"BreadcrumbList\",\"@id\":\"https:\/\/franciscanos.org.br\/vidacrista\/cuidar-do-outro-em-meio-a-sociedade-que-descuida\/#breadcrumb\",\"itemListElement\":[{\"@type\":\"ListItem\",\"position\":1,\"name\":\"Home\",\"item\":\"https:\/\/franciscanos.org.br\/vidacrista\/\"},{\"@type\":\"ListItem\",\"position\":2,\"name\":\"Cuidar do outro em meio \u00e0 sociedade que descuida\"}]},{\"@type\":\"Person\",\"@id\":\"https:\/\/franciscanos.org.br\/vidacrista\/#\/schema\/person\/1880bdd2c350b735648725ef7614736a\",\"name\":\"moacir\",\"image\":{\"@type\":\"ImageObject\",\"inLanguage\":\"pt-BR\",\"@id\":\"https:\/\/franciscanos.org.br\/vidacrista\/#\/schema\/person\/image\/\",\"url\":\"https:\/\/secure.gravatar.com\/avatar\/d08aa2ce4c8dd416d4479aa8536fcf64?s=96&d=mm&r=g\",\"contentUrl\":\"https:\/\/secure.gravatar.com\/avatar\/d08aa2ce4c8dd416d4479aa8536fcf64?s=96&d=mm&r=g\",\"caption\":\"moacir\"},\"url\":\"https:\/\/franciscanos.org.br\/vidacrista\/author\/moacir\/\"}]}<\/script>\n<!-- \/ Yoast SEO plugin. -->","yoast_head_json":{"title":"Cuidar do outro em meio \u00e0 sociedade que descuida - Vida Crist\u00e3 - Franciscanos","robots":{"index":"index","follow":"follow","max-snippet":"max-snippet:-1","max-image-preview":"max-image-preview:large","max-video-preview":"max-video-preview:-1"},"canonical":"https:\/\/franciscanos.org.br\/vidacrista\/cuidar-do-outro-em-meio-a-sociedade-que-descuida\/","og_locale":"pt_BR","og_type":"article","og_title":"Cuidar do outro em meio \u00e0 sociedade que descuida - Vida Crist\u00e3 - Franciscanos","og_description":"Artigo de Robson Ribeiro de Oliveira Castro","og_url":"https:\/\/franciscanos.org.br\/vidacrista\/cuidar-do-outro-em-meio-a-sociedade-que-descuida\/","og_site_name":"Vida Crist\u00e3 - Franciscanos","article_published_time":"2022-09-21T10:06:43+00:00","article_modified_time":"2022-09-21T10:09:06+00:00","og_image":[{"width":840,"height":450,"url":"https:\/\/franciscanos.org.br\/vidacrista\/wp-content\/uploads\/2022\/09\/setembro_amarelo_d.png","type":"image\/png"}],"author":"moacir","twitter_card":"summary_large_image","twitter_misc":{"Escrito por":"moacir","Est. tempo de leitura":"6 minutos"},"schema":{"@context":"https:\/\/schema.org","@graph":[{"@type":"WebSite","@id":"https:\/\/franciscanos.org.br\/vidacrista\/#website","url":"https:\/\/franciscanos.org.br\/vidacrista\/","name":"Vida Crist\u00e3 - Franciscanos","description":"Prov\u00edncia Franciscana da Imaculada Concei\u00e7\u00e3o do Brasil - Ordem dos Frades Menores","potentialAction":[{"@type":"SearchAction","target":{"@type":"EntryPoint","urlTemplate":"https:\/\/franciscanos.org.br\/vidacrista\/?s={search_term_string}"},"query-input":"required name=search_term_string"}],"inLanguage":"pt-BR"},{"@type":"WebPage","@id":"https:\/\/franciscanos.org.br\/vidacrista\/cuidar-do-outro-em-meio-a-sociedade-que-descuida\/","url":"https:\/\/franciscanos.org.br\/vidacrista\/cuidar-do-outro-em-meio-a-sociedade-que-descuida\/","name":"Cuidar do outro em meio \u00e0 sociedade que descuida - Vida Crist\u00e3 - Franciscanos","isPartOf":{"@id":"https:\/\/franciscanos.org.br\/vidacrista\/#website"},"datePublished":"2022-09-21T10:06:43+00:00","dateModified":"2022-09-21T10:09:06+00:00","author":{"@id":"https:\/\/franciscanos.org.br\/vidacrista\/#\/schema\/person\/1880bdd2c350b735648725ef7614736a"},"breadcrumb":{"@id":"https:\/\/franciscanos.org.br\/vidacrista\/cuidar-do-outro-em-meio-a-sociedade-que-descuida\/#breadcrumb"},"inLanguage":"pt-BR","potentialAction":[{"@type":"ReadAction","target":["https:\/\/franciscanos.org.br\/vidacrista\/cuidar-do-outro-em-meio-a-sociedade-que-descuida\/"]}]},{"@type":"BreadcrumbList","@id":"https:\/\/franciscanos.org.br\/vidacrista\/cuidar-do-outro-em-meio-a-sociedade-que-descuida\/#breadcrumb","itemListElement":[{"@type":"ListItem","position":1,"name":"Home","item":"https:\/\/franciscanos.org.br\/vidacrista\/"},{"@type":"ListItem","position":2,"name":"Cuidar do outro em meio \u00e0 sociedade que descuida"}]},{"@type":"Person","@id":"https:\/\/franciscanos.org.br\/vidacrista\/#\/schema\/person\/1880bdd2c350b735648725ef7614736a","name":"moacir","image":{"@type":"ImageObject","inLanguage":"pt-BR","@id":"https:\/\/franciscanos.org.br\/vidacrista\/#\/schema\/person\/image\/","url":"https:\/\/secure.gravatar.com\/avatar\/d08aa2ce4c8dd416d4479aa8536fcf64?s=96&d=mm&r=g","contentUrl":"https:\/\/secure.gravatar.com\/avatar\/d08aa2ce4c8dd416d4479aa8536fcf64?s=96&d=mm&r=g","caption":"moacir"},"url":"https:\/\/franciscanos.org.br\/vidacrista\/author\/moacir\/"}]}},"_links":{"self":[{"href":"https:\/\/franciscanos.org.br\/vidacrista\/wp-json\/wp\/v2\/posts\/192408"}],"collection":[{"href":"https:\/\/franciscanos.org.br\/vidacrista\/wp-json\/wp\/v2\/posts"}],"about":[{"href":"https:\/\/franciscanos.org.br\/vidacrista\/wp-json\/wp\/v2\/types\/post"}],"author":[{"embeddable":true,"href":"https:\/\/franciscanos.org.br\/vidacrista\/wp-json\/wp\/v2\/users\/3"}],"replies":[{"embeddable":true,"href":"https:\/\/franciscanos.org.br\/vidacrista\/wp-json\/wp\/v2\/comments?post=192408"}],"version-history":[{"count":3,"href":"https:\/\/franciscanos.org.br\/vidacrista\/wp-json\/wp\/v2\/posts\/192408\/revisions"}],"predecessor-version":[{"id":192413,"href":"https:\/\/franciscanos.org.br\/vidacrista\/wp-json\/wp\/v2\/posts\/192408\/revisions\/192413"}],"wp:featuredmedia":[{"embeddable":true,"href":"https:\/\/franciscanos.org.br\/vidacrista\/wp-json\/wp\/v2\/media\/192412"}],"wp:attachment":[{"href":"https:\/\/franciscanos.org.br\/vidacrista\/wp-json\/wp\/v2\/media?parent=192408"}],"wp:term":[{"taxonomy":"category","embeddable":true,"href":"https:\/\/franciscanos.org.br\/vidacrista\/wp-json\/wp\/v2\/categories?post=192408"},{"taxonomy":"post_tag","embeddable":true,"href":"https:\/\/franciscanos.org.br\/vidacrista\/wp-json\/wp\/v2\/tags?post=192408"}],"curies":[{"name":"wp","href":"https:\/\/api.w.org\/{rel}","templated":true}]}}