{"id":192405,"date":"2022-09-19T07:13:09","date_gmt":"2022-09-19T10:13:09","guid":{"rendered":"https:\/\/franciscanos.org.br\/vidacrista\/?p=192405"},"modified":"2022-09-19T07:13:09","modified_gmt":"2022-09-19T10:13:09","slug":"gestao-e-politica-melhor","status":"publish","type":"post","link":"https:\/\/franciscanos.org.br\/vidacrista\/gestao-e-politica-melhor\/","title":{"rendered":"Gest\u00e3o e pol\u00edtica melhor"},"content":{"rendered":"<div id=\"attachment_192406\" style=\"width: 850px\" class=\"wp-caption alignnone\"><img aria-describedby=\"caption-attachment-192406\" decoding=\"async\" loading=\"lazy\" class=\"wp-image-192406 size-full\" src=\"https:\/\/franciscanos.org.br\/vidacrista\/wp-content\/uploads\/2022\/09\/artigo_1909.png\" alt=\"\" width=\"840\" height=\"450\" srcset=\"https:\/\/franciscanos.org.br\/vidacrista\/wp-content\/uploads\/2022\/09\/artigo_1909.png 840w, https:\/\/franciscanos.org.br\/vidacrista\/wp-content\/uploads\/2022\/09\/artigo_1909-450x241.png 450w, https:\/\/franciscanos.org.br\/vidacrista\/wp-content\/uploads\/2022\/09\/artigo_1909-768x411.png 768w, https:\/\/franciscanos.org.br\/vidacrista\/wp-content\/uploads\/2022\/09\/artigo_1909-150x80.png 150w\" sizes=\"(max-width: 840px) 100vw, 840px\" \/><p id=\"caption-attachment-192406\" class=\"wp-caption-text\">\u00a0 \u00a0 \u00a0 \u00a0 \u00a0 \u00a0 \u00a0 \u00a0 \u00a0 \u00a0 \u00a0 \u00a0 \u00a0 \u00a0 \u00a0 \u00a0 \u00a0 \u00a0 \u00a0 \u00a0 \u00a0 \u00a0 \u00a0 \u00a0 \u00a0 \u00a0 \u00a0 \u00a0 \u00a0 \u00a0 \u00a0 \u00a0 \u00a0 \u00a0 \u00a0 \u00a0 \u00a0 \u00a0 \u00a0<em> \u00a0 \u00a0 \u00a0Imagem ilustrativa<\/em>: Canva (<a href=\"http:\/\/www.canva.com\/pt_br\/modelos\">www.canva.com\/pt_br\/modelos<\/a>)<\/p><\/div>\n<p><strong>Dom Walmor Oliveira de Azevedo<\/strong><\/p>\n<p>\u201cPol\u00edtica melhor\u201d j\u00e1 \u00e9 express\u00e3o consagrada a partir do Papa Francisco, na sua Carta Enc\u00edclica Fratelli Tutti, em um horizonte conceitual com for\u00e7a para qualificar a pol\u00edtica. H\u00e1 um conjunto de esfor\u00e7os e investimentos para encantar a pol\u00edtica \u2013 isto \u00e9, fazer dela, sempre mais, um servi\u00e7o alicer\u00e7ado na qualificada cidadania, promovendo din\u00e2micas que garantam justi\u00e7a e igualdade, uma compreens\u00e3o que articule diferen\u00e7as como riquezas na democracia. Nesta dire\u00e7\u00e3o, encontra-se a possibilidade de se fazer da pol\u00edtica um instrumento para a promo\u00e7\u00e3o de valores inegoci\u00e1veis, defendendo a vida, em todas as suas etapas, da concep\u00e7\u00e3o ao decl\u00ednio com a morte natural. A \u201cpol\u00edtica melhor\u201d articula efetivas contribui\u00e7\u00f5es para levar o mundo ao desenvolvimento \u2013 um lugar da fraternidade entre os povos, com seus segmentos sociopol\u00edticos, que precisam viver e testemunhar a amizade social, conforme sublinha o Papa Francisco na Carta Enc\u00edclica.<\/p>\n<p>O Papa Francisco tamb\u00e9m adverte que, infelizmente, muitas vezes, a pol\u00edtica pode dificultar a consolida\u00e7\u00e3o do caminho que leva a um mundo diferente. Esse mundo diferente deve ser compreendido como organiza\u00e7\u00e3o social e pol\u00edtica capaz de superar cen\u00e1rios de desigualdade social, com investimentos priorit\u00e1rios, dentre outros campos, na educa\u00e7\u00e3o, na supera\u00e7\u00e3o de preconceitos e discrimina\u00e7\u00f5es. Uma nova realidade marcada, ainda, pelo respeito \u00e0 liberdade religiosa e pela compet\u00eancia na promo\u00e7\u00e3o indispens\u00e1vel de valores \u00e9ticos. Para efetivar esse contexto almejado, torna-se importante considerar o conceito de gest\u00e3o, no amplo horizonte sobre o que significa a \u201cpol\u00edtica melhor\u201d. Essa considera\u00e7\u00e3o \u00e9 especial desafio para governantes e representantes do povo, que precisam oferecer respostas mais assertivas aos problemas enfrentados pela sociedade.<\/p>\n<p>A gest\u00e3o qualificada, moderna e capaz de levar a significativos resultados inclui muitos princ\u00edpios importantes, contemplando aqueles que s\u00e3o norteadores, essenciais para evitar que haja submiss\u00e3o \u00e0 l\u00f3gica do lucro, em uma economia que mata. Gest\u00e3o qualificada e moderna n\u00e3o \u00e9 aquela que simplesmente privilegia o dinheiro, em desfavor da igualdade social. Esse modelo de gest\u00e3o, na verdade, corre o risco de perpetrar crimes contra a sagrada e inviol\u00e1vel dignidade da pessoa humana. Para al\u00e9m de procedimentos t\u00e9cnicos, da importante dedica\u00e7\u00e3o em busca do adequado funcionamento da \u201cm\u00e1quina administrativa\u201d, \u00e9 preciso se comover com o rosto sofrido dos pobres, para servi-los prioritariamente. Trata-se de caminho para que todos sejam respeitados em seus direitos e deveres inalien\u00e1veis.<\/p>\n<p>Na gest\u00e3o s\u00e9ria e moralmente respeit\u00e1vel n\u00e3o se pode caminhar de modo insens\u00edvel em rela\u00e7\u00e3o aos pobres. A realidade dos que sofrem deve doer na alma de todos os cidad\u00e3os e cidad\u00e3s, para que ocorra tamb\u00e9m uma reabilita\u00e7\u00e3o \u00e9tica da pol\u00edtica. Os rostos dos pobres, ao serem enxergados com seriedade, revelam \u00e0 sociedade a dire\u00e7\u00e3o para o fortalecimento da democracia, por meio de uma economia solid\u00e1ria, de um desenvolvimento integral, sustent\u00e1vel. Assim, os muitos cen\u00e1rios de pobreza n\u00e3o podem simplesmente servir para compor a propaganda eleitoral. A realidade dos pobres deve estar permanentemente nos gabinetes e nas salas de reuni\u00f5es, para interpelar, dia e noite, aqueles que se submeteram ao voto. A dedica\u00e7\u00e3o aos que padecem comprova uma aut\u00eantica sensibilidade social, necess\u00e1ria n\u00e3o simplesmente para o funcionamento da m\u00e1quina p\u00fablica, mas tamb\u00e9m na gest\u00e3o da cultura \u2013 que abrange o conjunto de h\u00e1bitos, valores e pr\u00e1ticas relacionadas \u00e0 intera\u00e7\u00e3o do ser humano com o seu semelhante, com a natureza e com Deus. A cultura pede, pois, investimentos, de modo semelhante ao que ocorre com outros setores da economia.<\/p>\n<p>Percebe-se a incompet\u00eancia nos processos de gest\u00e3o quando a cultura n\u00e3o \u00e9 reconhecida em sua import\u00e2ncia, e o patrim\u00f4nio cultural, paisag\u00edstico e hist\u00f3rico que se herdou de antepassados, constru\u00eddo ao longo de s\u00e9culos, \u00e9 tratado com descaso. Perde-se muito pela miopia dos entendimentos que, por vezes, levam \u00e0 depreda\u00e7\u00e3o selvagem, ou \u00e0 indiferen\u00e7a em rela\u00e7\u00e3o a esse patrim\u00f4nio, sob o \u201cbaldaquino da ilus\u00e3o\u201d de que um povo pode se desenvolver sem a adequada valoriza\u00e7\u00e3o de seus bens culturais. A considera\u00e7\u00e3o da cultura, promovendo patrim\u00f4nios que fazem parte da identidade de um povo, constitui tamb\u00e9m crit\u00e9rio essencial para se exercer a gest\u00e3o no horizonte da \u201cpol\u00edtica melhor\u201d. Funcione bem a m\u00e1quina governamental, alicer\u00e7ados sejam os processos legislativos e administrativos, operadas as reformas indispens\u00e1veis e urgentes, a partir de uma profunda sensibilidade em rela\u00e7\u00e3o aos pobres e de uma interpelante riqueza vinda da cultura \u2013 do seu patrim\u00f4nio hist\u00f3rico, religioso, art\u00edstico e paisag\u00edstico \u2013 para ser edificado um novo tempo.<\/p>\n<hr \/>\n<p><strong>Dom Walmor Oliveira de Azevedo<\/strong> <em>\u00e9 Arcebispo metropolitano de Belo Horizonte e Presidente da Confer\u00eancia Nacional dos Bispos do Brasil (CNBB).<\/em><\/p>\n","protected":false},"excerpt":{"rendered":"<p>Artigo de Dom Walmor Oliveira de Azevedo<\/p>\n","protected":false},"author":3,"featured_media":192406,"comment_status":"open","ping_status":"open","sticky":false,"template":"","format":"standard","meta":{"footnotes":""},"categories":[26],"tags":[271],"yoast_head":"<!-- This site is optimized with the Yoast SEO plugin v19.4 - https:\/\/yoast.com\/wordpress\/plugins\/seo\/ -->\n<title>Gest\u00e3o e pol\u00edtica melhor - Vida Crist\u00e3 - Franciscanos<\/title>\n<meta name=\"robots\" content=\"index, follow, max-snippet:-1, max-image-preview:large, max-video-preview:-1\" \/>\n<link rel=\"canonical\" href=\"https:\/\/franciscanos.org.br\/vidacrista\/gestao-e-politica-melhor\/\" \/>\n<meta property=\"og:locale\" content=\"pt_BR\" \/>\n<meta property=\"og:type\" content=\"article\" \/>\n<meta property=\"og:title\" content=\"Gest\u00e3o e pol\u00edtica melhor - Vida Crist\u00e3 - Franciscanos\" \/>\n<meta property=\"og:description\" content=\"Artigo de Dom Walmor Oliveira de Azevedo\" \/>\n<meta property=\"og:url\" content=\"https:\/\/franciscanos.org.br\/vidacrista\/gestao-e-politica-melhor\/\" \/>\n<meta property=\"og:site_name\" content=\"Vida Crist\u00e3 - Franciscanos\" \/>\n<meta property=\"article:published_time\" content=\"2022-09-19T10:13:09+00:00\" \/>\n<meta property=\"og:image\" content=\"https:\/\/franciscanos.org.br\/vidacrista\/wp-content\/uploads\/2022\/09\/artigo_1909.png\" \/>\n\t<meta property=\"og:image:width\" content=\"840\" \/>\n\t<meta property=\"og:image:height\" content=\"450\" \/>\n\t<meta property=\"og:image:type\" content=\"image\/png\" \/>\n<meta name=\"author\" content=\"moacir\" \/>\n<meta name=\"twitter:card\" content=\"summary_large_image\" \/>\n<meta name=\"twitter:label1\" content=\"Escrito por\" \/>\n\t<meta name=\"twitter:data1\" content=\"moacir\" \/>\n\t<meta name=\"twitter:label2\" content=\"Est. tempo de leitura\" \/>\n\t<meta name=\"twitter:data2\" content=\"5 minutos\" \/>\n<script type=\"application\/ld+json\" class=\"yoast-schema-graph\">{\"@context\":\"https:\/\/schema.org\",\"@graph\":[{\"@type\":\"WebSite\",\"@id\":\"https:\/\/franciscanos.org.br\/vidacrista\/#website\",\"url\":\"https:\/\/franciscanos.org.br\/vidacrista\/\",\"name\":\"Vida Crist\u00e3 - Franciscanos\",\"description\":\"Prov\u00edncia Franciscana da Imaculada Concei\u00e7\u00e3o do Brasil - Ordem dos Frades Menores\",\"potentialAction\":[{\"@type\":\"SearchAction\",\"target\":{\"@type\":\"EntryPoint\",\"urlTemplate\":\"https:\/\/franciscanos.org.br\/vidacrista\/?s={search_term_string}\"},\"query-input\":\"required name=search_term_string\"}],\"inLanguage\":\"pt-BR\"},{\"@type\":\"WebPage\",\"@id\":\"https:\/\/franciscanos.org.br\/vidacrista\/gestao-e-politica-melhor\/\",\"url\":\"https:\/\/franciscanos.org.br\/vidacrista\/gestao-e-politica-melhor\/\",\"name\":\"Gest\u00e3o e pol\u00edtica melhor - Vida Crist\u00e3 - Franciscanos\",\"isPartOf\":{\"@id\":\"https:\/\/franciscanos.org.br\/vidacrista\/#website\"},\"datePublished\":\"2022-09-19T10:13:09+00:00\",\"dateModified\":\"2022-09-19T10:13:09+00:00\",\"author\":{\"@id\":\"https:\/\/franciscanos.org.br\/vidacrista\/#\/schema\/person\/1880bdd2c350b735648725ef7614736a\"},\"breadcrumb\":{\"@id\":\"https:\/\/franciscanos.org.br\/vidacrista\/gestao-e-politica-melhor\/#breadcrumb\"},\"inLanguage\":\"pt-BR\",\"potentialAction\":[{\"@type\":\"ReadAction\",\"target\":[\"https:\/\/franciscanos.org.br\/vidacrista\/gestao-e-politica-melhor\/\"]}]},{\"@type\":\"BreadcrumbList\",\"@id\":\"https:\/\/franciscanos.org.br\/vidacrista\/gestao-e-politica-melhor\/#breadcrumb\",\"itemListElement\":[{\"@type\":\"ListItem\",\"position\":1,\"name\":\"Home\",\"item\":\"https:\/\/franciscanos.org.br\/vidacrista\/\"},{\"@type\":\"ListItem\",\"position\":2,\"name\":\"Gest\u00e3o e pol\u00edtica melhor\"}]},{\"@type\":\"Person\",\"@id\":\"https:\/\/franciscanos.org.br\/vidacrista\/#\/schema\/person\/1880bdd2c350b735648725ef7614736a\",\"name\":\"moacir\",\"image\":{\"@type\":\"ImageObject\",\"inLanguage\":\"pt-BR\",\"@id\":\"https:\/\/franciscanos.org.br\/vidacrista\/#\/schema\/person\/image\/\",\"url\":\"https:\/\/secure.gravatar.com\/avatar\/d08aa2ce4c8dd416d4479aa8536fcf64?s=96&d=mm&r=g\",\"contentUrl\":\"https:\/\/secure.gravatar.com\/avatar\/d08aa2ce4c8dd416d4479aa8536fcf64?s=96&d=mm&r=g\",\"caption\":\"moacir\"},\"url\":\"https:\/\/franciscanos.org.br\/vidacrista\/author\/moacir\/\"}]}<\/script>\n<!-- \/ Yoast SEO plugin. -->","yoast_head_json":{"title":"Gest\u00e3o e pol\u00edtica melhor - Vida Crist\u00e3 - Franciscanos","robots":{"index":"index","follow":"follow","max-snippet":"max-snippet:-1","max-image-preview":"max-image-preview:large","max-video-preview":"max-video-preview:-1"},"canonical":"https:\/\/franciscanos.org.br\/vidacrista\/gestao-e-politica-melhor\/","og_locale":"pt_BR","og_type":"article","og_title":"Gest\u00e3o e pol\u00edtica melhor - Vida Crist\u00e3 - Franciscanos","og_description":"Artigo de Dom Walmor Oliveira de Azevedo","og_url":"https:\/\/franciscanos.org.br\/vidacrista\/gestao-e-politica-melhor\/","og_site_name":"Vida Crist\u00e3 - Franciscanos","article_published_time":"2022-09-19T10:13:09+00:00","og_image":[{"width":840,"height":450,"url":"https:\/\/franciscanos.org.br\/vidacrista\/wp-content\/uploads\/2022\/09\/artigo_1909.png","type":"image\/png"}],"author":"moacir","twitter_card":"summary_large_image","twitter_misc":{"Escrito por":"moacir","Est. tempo de leitura":"5 minutos"},"schema":{"@context":"https:\/\/schema.org","@graph":[{"@type":"WebSite","@id":"https:\/\/franciscanos.org.br\/vidacrista\/#website","url":"https:\/\/franciscanos.org.br\/vidacrista\/","name":"Vida Crist\u00e3 - Franciscanos","description":"Prov\u00edncia Franciscana da Imaculada Concei\u00e7\u00e3o do Brasil - Ordem dos Frades Menores","potentialAction":[{"@type":"SearchAction","target":{"@type":"EntryPoint","urlTemplate":"https:\/\/franciscanos.org.br\/vidacrista\/?s={search_term_string}"},"query-input":"required name=search_term_string"}],"inLanguage":"pt-BR"},{"@type":"WebPage","@id":"https:\/\/franciscanos.org.br\/vidacrista\/gestao-e-politica-melhor\/","url":"https:\/\/franciscanos.org.br\/vidacrista\/gestao-e-politica-melhor\/","name":"Gest\u00e3o e pol\u00edtica melhor - Vida Crist\u00e3 - Franciscanos","isPartOf":{"@id":"https:\/\/franciscanos.org.br\/vidacrista\/#website"},"datePublished":"2022-09-19T10:13:09+00:00","dateModified":"2022-09-19T10:13:09+00:00","author":{"@id":"https:\/\/franciscanos.org.br\/vidacrista\/#\/schema\/person\/1880bdd2c350b735648725ef7614736a"},"breadcrumb":{"@id":"https:\/\/franciscanos.org.br\/vidacrista\/gestao-e-politica-melhor\/#breadcrumb"},"inLanguage":"pt-BR","potentialAction":[{"@type":"ReadAction","target":["https:\/\/franciscanos.org.br\/vidacrista\/gestao-e-politica-melhor\/"]}]},{"@type":"BreadcrumbList","@id":"https:\/\/franciscanos.org.br\/vidacrista\/gestao-e-politica-melhor\/#breadcrumb","itemListElement":[{"@type":"ListItem","position":1,"name":"Home","item":"https:\/\/franciscanos.org.br\/vidacrista\/"},{"@type":"ListItem","position":2,"name":"Gest\u00e3o e pol\u00edtica melhor"}]},{"@type":"Person","@id":"https:\/\/franciscanos.org.br\/vidacrista\/#\/schema\/person\/1880bdd2c350b735648725ef7614736a","name":"moacir","image":{"@type":"ImageObject","inLanguage":"pt-BR","@id":"https:\/\/franciscanos.org.br\/vidacrista\/#\/schema\/person\/image\/","url":"https:\/\/secure.gravatar.com\/avatar\/d08aa2ce4c8dd416d4479aa8536fcf64?s=96&d=mm&r=g","contentUrl":"https:\/\/secure.gravatar.com\/avatar\/d08aa2ce4c8dd416d4479aa8536fcf64?s=96&d=mm&r=g","caption":"moacir"},"url":"https:\/\/franciscanos.org.br\/vidacrista\/author\/moacir\/"}]}},"_links":{"self":[{"href":"https:\/\/franciscanos.org.br\/vidacrista\/wp-json\/wp\/v2\/posts\/192405"}],"collection":[{"href":"https:\/\/franciscanos.org.br\/vidacrista\/wp-json\/wp\/v2\/posts"}],"about":[{"href":"https:\/\/franciscanos.org.br\/vidacrista\/wp-json\/wp\/v2\/types\/post"}],"author":[{"embeddable":true,"href":"https:\/\/franciscanos.org.br\/vidacrista\/wp-json\/wp\/v2\/users\/3"}],"replies":[{"embeddable":true,"href":"https:\/\/franciscanos.org.br\/vidacrista\/wp-json\/wp\/v2\/comments?post=192405"}],"version-history":[{"count":1,"href":"https:\/\/franciscanos.org.br\/vidacrista\/wp-json\/wp\/v2\/posts\/192405\/revisions"}],"predecessor-version":[{"id":192407,"href":"https:\/\/franciscanos.org.br\/vidacrista\/wp-json\/wp\/v2\/posts\/192405\/revisions\/192407"}],"wp:featuredmedia":[{"embeddable":true,"href":"https:\/\/franciscanos.org.br\/vidacrista\/wp-json\/wp\/v2\/media\/192406"}],"wp:attachment":[{"href":"https:\/\/franciscanos.org.br\/vidacrista\/wp-json\/wp\/v2\/media?parent=192405"}],"wp:term":[{"taxonomy":"category","embeddable":true,"href":"https:\/\/franciscanos.org.br\/vidacrista\/wp-json\/wp\/v2\/categories?post=192405"},{"taxonomy":"post_tag","embeddable":true,"href":"https:\/\/franciscanos.org.br\/vidacrista\/wp-json\/wp\/v2\/tags?post=192405"}],"curies":[{"name":"wp","href":"https:\/\/api.w.org\/{rel}","templated":true}]}}