{"id":192306,"date":"2022-09-05T08:17:16","date_gmt":"2022-09-05T11:17:16","guid":{"rendered":"https:\/\/franciscanos.org.br\/vidacrista\/?p=192306"},"modified":"2022-09-05T08:17:16","modified_gmt":"2022-09-05T11:17:16","slug":"devotamento-cidadao","status":"publish","type":"post","link":"https:\/\/franciscanos.org.br\/vidacrista\/devotamento-cidadao\/","title":{"rendered":"Devotamento cidad\u00e3o"},"content":{"rendered":"<div id=\"attachment_192307\" style=\"width: 850px\" class=\"wp-caption alignnone\"><img aria-describedby=\"caption-attachment-192307\" decoding=\"async\" loading=\"lazy\" class=\"wp-image-192307 size-full\" src=\"https:\/\/franciscanos.org.br\/vidacrista\/wp-content\/uploads\/2022\/09\/artigo_05.jpg\" alt=\"\" width=\"840\" height=\"450\" srcset=\"https:\/\/franciscanos.org.br\/vidacrista\/wp-content\/uploads\/2022\/09\/artigo_05.jpg 840w, https:\/\/franciscanos.org.br\/vidacrista\/wp-content\/uploads\/2022\/09\/artigo_05-450x241.jpg 450w, https:\/\/franciscanos.org.br\/vidacrista\/wp-content\/uploads\/2022\/09\/artigo_05-768x411.jpg 768w, https:\/\/franciscanos.org.br\/vidacrista\/wp-content\/uploads\/2022\/09\/artigo_05-150x80.jpg 150w\" sizes=\"(max-width: 840px) 100vw, 840px\" \/><p id=\"caption-attachment-192307\" class=\"wp-caption-text\"><em>&#8220;Independ\u00eancia ou Morte&#8221;, por Pedro Am\u00e9rico. Exposta no Museu Paulista (dom\u00ednio p\u00fablico, Wikipedia).<\/em><\/p><\/div>\n<p><strong>Dom Walmor Oliveira de Azevedo<\/strong><\/p>\n<p>O Bicenten\u00e1rio da Independ\u00eancia do Brasil merece muitas an\u00e1lises, de especialistas e t\u00e9cnicos, para bem orientar governantes e representantes pol\u00edticos, de modo a fortalecer institui\u00e7\u00f5es e segmentos que configuram o tecido cultural, pol\u00edtico e econ\u00f4mico do Brasil, com seus avan\u00e7os e retrocessos. As urg\u00eancias s\u00e3o muitas, especialmentequandos\u00e3o considerados os cen\u00e1rios de desigualdades sociais e os riscos \u00e0 democracia. As an\u00e1lises sobre o Bicenten\u00e1rio da Independ\u00eancia precisam contribuir para construir e fortalecer o devotamento cidad\u00e3o, priorizando a import\u00e2ncia insubstitu\u00edvel de cada cidad\u00e3opara edificar uma sociedade mais justa e solid\u00e1ria, por meio de uma pol\u00edtica melhor. Devotamento cidad\u00e3o refere-se, pois, \u00e0 contribui\u00e7\u00e3o participativa de cada pessoa nos processos permanentes que buscam promover o bem comum, a igualdade social, o sistema democr\u00e1tico e as rela\u00e7\u00f5es capazes de harmonizar diferen\u00e7as, tornando-as riquezas na busca pela paz.<\/p>\n<p>Isso porque este momento eleitoral com debates e entrevistas, esfor\u00e7os para evidenciar o \u201clado mais forte\u201d ou \u201cmais fraco\u201d, suas contradi\u00e7\u00f5es, oferecem contribui\u00e7\u00f5es para definir os nomes a serem escolhidos nas urnas, mas s\u00e3o insuficientes. Para alavancar rumos novos urgidos, ante a quantidade de demandas e car\u00eancias, \u00e9 imprescind\u00edvel a for\u00e7a que vem do devotamento cidad\u00e3o, capaz de construir e impulsionar horizontes novos para a hist\u00f3ria do Brasil. Esse devotamento n\u00e3o pode ser confundido com desatinos de posicionamentos ideol\u00f3gicos que afrontam a sacralidade da vida e a busca por igualdade social. Precisa estar na contram\u00e3o de l\u00f3gicas excludentes e preconceituosas, para vencer situa\u00e7\u00f5es insustent\u00e1veis, a exemplo daquela que esvazia o sentido pleno de cidadania para todos.<\/p>\n<p>Sabe-se que muitos desvarios, em diferentes lugares, alimentando persegui\u00e7\u00f5es, indiferen\u00e7as e manipula\u00e7\u00f5es, resultam da falta de substrato human\u00edstico, esvaziando o sentido aut\u00eanticododevotamento cidad\u00e3o, essencial para que todos se reconhe\u00e7am pertencentes a uma na\u00e7\u00e3o que busca, cotidianamente, consolidar a sua independ\u00eancia, a partir da riqueza de sua hist\u00f3ria, de valores culturais e princ\u00edpios morais inquestion\u00e1veis.<\/p>\n<p>Por isso, exercitar-se na m\u00fatuacompreens\u00e3o \u00e9 imprescind\u00edvel, investindo no di\u00e1logo, na configura\u00e7\u00e3o de narrativas construtivas, capazes de bem administrar confrontos. Assim \u00e9 poss\u00edvel se distanciar das polariza\u00e7\u00f5es que levam a viol\u00eancias f\u00edsicas e verbais. A Semana da P\u00e1tria renova o convite para que todos assumam o compromisso de exercitar-se no devotamento cidad\u00e3o, aquele que reconhece a p\u00e1tria como valor maior que partidos pol\u00edticos, mais importante que interesses olig\u00e1rquicos. Esse exercitar-se contempla o esfor\u00e7o para qualificar a cidadania, buscando oferecer contribui\u00e7\u00f5es relevantes no exerc\u00edcio da lideran\u00e7a nas mais variadas responsabilidades cotidianas. Deve-se, ainda, tratar o pr\u00f3ximo com rever\u00eancia, consider\u00e1-lo o mais importante, conforme o ensinamento magno da espiritualidade crist\u00e3.<\/p>\n<p>Muitas s\u00e3o as etapas de prepara\u00e7\u00e3o para sealcan\u00e7arum est\u00e1gio adequado de devotamento cidad\u00e3o.O primeiro passo ser\u00e1 ter consci\u00eancia da pr\u00f3pria import\u00e2ncia na configura\u00e7\u00e3o de uma sociedade renovada, mais justa, solid\u00e1ria e fraterna. Assim \u00e9 poss\u00edvel qualificar ainda mais as pr\u00f3prias atitudes \u2013 tudo fazer com seriedade, tecendo em si uma moralidade que reverencia o bem comum, reconhece a sua sacralidade e identifica as urg\u00eancias que afligem, principalmente, os mais pobres. No conjunto rico e plural das etapas a serem cumpridas para qualificar o devotamento cidad\u00e3o, tenha-se como ponto de partida o reconhecimento de que cada cidad\u00e3o \u00e9 obreiro da paz. E obreiro da paz \u00e9 quem assume a postura, simples e cotidiana, de fazer valer o respeito, movendo-se no caminho da solidariedade em rela\u00e7\u00e3o aos pobres e fragilizados. Isto significa cultivar no pr\u00f3prio cora\u00e7\u00e3o o anseio de promover a paz e de compreend\u00ea-la na sua dimens\u00e3o de justi\u00e7a e de igualdade social. A sociedade brasileira precisa contar com posturas altru\u00edstas emoldurando intui\u00e7\u00f5es criativas, capazes de mudar rumos \u2013 atitudes que expressam devotamento cidad\u00e3o.<\/p>\n<hr \/>\n<p><strong>Dom Walmor Oliveira de Azevedo<\/strong> <em>\u00e9 Arcebispo de Belo Horizonte (MG) e presidente da Confer\u00eancia Nacional dos Bispos do Brasil<\/em><\/p>\n","protected":false},"excerpt":{"rendered":"<p>Artigo de Dom Walmor Oliveira de Azevedo<\/p>\n","protected":false},"author":3,"featured_media":192307,"comment_status":"open","ping_status":"open","sticky":false,"template":"","format":"standard","meta":{"footnotes":""},"categories":[26],"tags":[271],"yoast_head":"<!-- This site is optimized with the Yoast SEO plugin v19.4 - https:\/\/yoast.com\/wordpress\/plugins\/seo\/ -->\n<title>Devotamento cidad\u00e3o - Vida Crist\u00e3 - Franciscanos<\/title>\n<meta name=\"robots\" content=\"index, follow, max-snippet:-1, max-image-preview:large, max-video-preview:-1\" \/>\n<link rel=\"canonical\" href=\"https:\/\/franciscanos.org.br\/vidacrista\/devotamento-cidadao\/\" \/>\n<meta property=\"og:locale\" content=\"pt_BR\" \/>\n<meta property=\"og:type\" content=\"article\" \/>\n<meta property=\"og:title\" content=\"Devotamento cidad\u00e3o - Vida Crist\u00e3 - Franciscanos\" \/>\n<meta property=\"og:description\" content=\"Artigo de Dom Walmor Oliveira de Azevedo\" \/>\n<meta property=\"og:url\" content=\"https:\/\/franciscanos.org.br\/vidacrista\/devotamento-cidadao\/\" \/>\n<meta property=\"og:site_name\" content=\"Vida Crist\u00e3 - Franciscanos\" \/>\n<meta property=\"article:published_time\" content=\"2022-09-05T11:17:16+00:00\" \/>\n<meta property=\"og:image\" content=\"https:\/\/franciscanos.org.br\/vidacrista\/wp-content\/uploads\/2022\/09\/artigo_05.jpg\" \/>\n\t<meta property=\"og:image:width\" content=\"840\" \/>\n\t<meta property=\"og:image:height\" content=\"450\" \/>\n\t<meta property=\"og:image:type\" content=\"image\/jpeg\" \/>\n<meta name=\"author\" content=\"moacir\" \/>\n<meta name=\"twitter:card\" content=\"summary_large_image\" \/>\n<meta name=\"twitter:label1\" content=\"Escrito por\" \/>\n\t<meta name=\"twitter:data1\" content=\"moacir\" \/>\n\t<meta name=\"twitter:label2\" content=\"Est. tempo de leitura\" \/>\n\t<meta name=\"twitter:data2\" content=\"4 minutos\" \/>\n<script type=\"application\/ld+json\" class=\"yoast-schema-graph\">{\"@context\":\"https:\/\/schema.org\",\"@graph\":[{\"@type\":\"WebSite\",\"@id\":\"https:\/\/franciscanos.org.br\/vidacrista\/#website\",\"url\":\"https:\/\/franciscanos.org.br\/vidacrista\/\",\"name\":\"Vida Crist\u00e3 - Franciscanos\",\"description\":\"Prov\u00edncia Franciscana da Imaculada Concei\u00e7\u00e3o do Brasil - Ordem dos Frades Menores\",\"potentialAction\":[{\"@type\":\"SearchAction\",\"target\":{\"@type\":\"EntryPoint\",\"urlTemplate\":\"https:\/\/franciscanos.org.br\/vidacrista\/?s={search_term_string}\"},\"query-input\":\"required name=search_term_string\"}],\"inLanguage\":\"pt-BR\"},{\"@type\":\"WebPage\",\"@id\":\"https:\/\/franciscanos.org.br\/vidacrista\/devotamento-cidadao\/\",\"url\":\"https:\/\/franciscanos.org.br\/vidacrista\/devotamento-cidadao\/\",\"name\":\"Devotamento cidad\u00e3o - Vida Crist\u00e3 - Franciscanos\",\"isPartOf\":{\"@id\":\"https:\/\/franciscanos.org.br\/vidacrista\/#website\"},\"datePublished\":\"2022-09-05T11:17:16+00:00\",\"dateModified\":\"2022-09-05T11:17:16+00:00\",\"author\":{\"@id\":\"https:\/\/franciscanos.org.br\/vidacrista\/#\/schema\/person\/1880bdd2c350b735648725ef7614736a\"},\"breadcrumb\":{\"@id\":\"https:\/\/franciscanos.org.br\/vidacrista\/devotamento-cidadao\/#breadcrumb\"},\"inLanguage\":\"pt-BR\",\"potentialAction\":[{\"@type\":\"ReadAction\",\"target\":[\"https:\/\/franciscanos.org.br\/vidacrista\/devotamento-cidadao\/\"]}]},{\"@type\":\"BreadcrumbList\",\"@id\":\"https:\/\/franciscanos.org.br\/vidacrista\/devotamento-cidadao\/#breadcrumb\",\"itemListElement\":[{\"@type\":\"ListItem\",\"position\":1,\"name\":\"Home\",\"item\":\"https:\/\/franciscanos.org.br\/vidacrista\/\"},{\"@type\":\"ListItem\",\"position\":2,\"name\":\"Devotamento cidad\u00e3o\"}]},{\"@type\":\"Person\",\"@id\":\"https:\/\/franciscanos.org.br\/vidacrista\/#\/schema\/person\/1880bdd2c350b735648725ef7614736a\",\"name\":\"moacir\",\"image\":{\"@type\":\"ImageObject\",\"inLanguage\":\"pt-BR\",\"@id\":\"https:\/\/franciscanos.org.br\/vidacrista\/#\/schema\/person\/image\/\",\"url\":\"https:\/\/secure.gravatar.com\/avatar\/d08aa2ce4c8dd416d4479aa8536fcf64?s=96&d=mm&r=g\",\"contentUrl\":\"https:\/\/secure.gravatar.com\/avatar\/d08aa2ce4c8dd416d4479aa8536fcf64?s=96&d=mm&r=g\",\"caption\":\"moacir\"},\"url\":\"https:\/\/franciscanos.org.br\/vidacrista\/author\/moacir\/\"}]}<\/script>\n<!-- \/ Yoast SEO plugin. -->","yoast_head_json":{"title":"Devotamento cidad\u00e3o - Vida Crist\u00e3 - Franciscanos","robots":{"index":"index","follow":"follow","max-snippet":"max-snippet:-1","max-image-preview":"max-image-preview:large","max-video-preview":"max-video-preview:-1"},"canonical":"https:\/\/franciscanos.org.br\/vidacrista\/devotamento-cidadao\/","og_locale":"pt_BR","og_type":"article","og_title":"Devotamento cidad\u00e3o - Vida Crist\u00e3 - Franciscanos","og_description":"Artigo de Dom Walmor Oliveira de Azevedo","og_url":"https:\/\/franciscanos.org.br\/vidacrista\/devotamento-cidadao\/","og_site_name":"Vida Crist\u00e3 - Franciscanos","article_published_time":"2022-09-05T11:17:16+00:00","og_image":[{"width":840,"height":450,"url":"https:\/\/franciscanos.org.br\/vidacrista\/wp-content\/uploads\/2022\/09\/artigo_05.jpg","type":"image\/jpeg"}],"author":"moacir","twitter_card":"summary_large_image","twitter_misc":{"Escrito por":"moacir","Est. tempo de leitura":"4 minutos"},"schema":{"@context":"https:\/\/schema.org","@graph":[{"@type":"WebSite","@id":"https:\/\/franciscanos.org.br\/vidacrista\/#website","url":"https:\/\/franciscanos.org.br\/vidacrista\/","name":"Vida Crist\u00e3 - Franciscanos","description":"Prov\u00edncia Franciscana da Imaculada Concei\u00e7\u00e3o do Brasil - Ordem dos Frades Menores","potentialAction":[{"@type":"SearchAction","target":{"@type":"EntryPoint","urlTemplate":"https:\/\/franciscanos.org.br\/vidacrista\/?s={search_term_string}"},"query-input":"required name=search_term_string"}],"inLanguage":"pt-BR"},{"@type":"WebPage","@id":"https:\/\/franciscanos.org.br\/vidacrista\/devotamento-cidadao\/","url":"https:\/\/franciscanos.org.br\/vidacrista\/devotamento-cidadao\/","name":"Devotamento cidad\u00e3o - Vida Crist\u00e3 - Franciscanos","isPartOf":{"@id":"https:\/\/franciscanos.org.br\/vidacrista\/#website"},"datePublished":"2022-09-05T11:17:16+00:00","dateModified":"2022-09-05T11:17:16+00:00","author":{"@id":"https:\/\/franciscanos.org.br\/vidacrista\/#\/schema\/person\/1880bdd2c350b735648725ef7614736a"},"breadcrumb":{"@id":"https:\/\/franciscanos.org.br\/vidacrista\/devotamento-cidadao\/#breadcrumb"},"inLanguage":"pt-BR","potentialAction":[{"@type":"ReadAction","target":["https:\/\/franciscanos.org.br\/vidacrista\/devotamento-cidadao\/"]}]},{"@type":"BreadcrumbList","@id":"https:\/\/franciscanos.org.br\/vidacrista\/devotamento-cidadao\/#breadcrumb","itemListElement":[{"@type":"ListItem","position":1,"name":"Home","item":"https:\/\/franciscanos.org.br\/vidacrista\/"},{"@type":"ListItem","position":2,"name":"Devotamento cidad\u00e3o"}]},{"@type":"Person","@id":"https:\/\/franciscanos.org.br\/vidacrista\/#\/schema\/person\/1880bdd2c350b735648725ef7614736a","name":"moacir","image":{"@type":"ImageObject","inLanguage":"pt-BR","@id":"https:\/\/franciscanos.org.br\/vidacrista\/#\/schema\/person\/image\/","url":"https:\/\/secure.gravatar.com\/avatar\/d08aa2ce4c8dd416d4479aa8536fcf64?s=96&d=mm&r=g","contentUrl":"https:\/\/secure.gravatar.com\/avatar\/d08aa2ce4c8dd416d4479aa8536fcf64?s=96&d=mm&r=g","caption":"moacir"},"url":"https:\/\/franciscanos.org.br\/vidacrista\/author\/moacir\/"}]}},"_links":{"self":[{"href":"https:\/\/franciscanos.org.br\/vidacrista\/wp-json\/wp\/v2\/posts\/192306"}],"collection":[{"href":"https:\/\/franciscanos.org.br\/vidacrista\/wp-json\/wp\/v2\/posts"}],"about":[{"href":"https:\/\/franciscanos.org.br\/vidacrista\/wp-json\/wp\/v2\/types\/post"}],"author":[{"embeddable":true,"href":"https:\/\/franciscanos.org.br\/vidacrista\/wp-json\/wp\/v2\/users\/3"}],"replies":[{"embeddable":true,"href":"https:\/\/franciscanos.org.br\/vidacrista\/wp-json\/wp\/v2\/comments?post=192306"}],"version-history":[{"count":1,"href":"https:\/\/franciscanos.org.br\/vidacrista\/wp-json\/wp\/v2\/posts\/192306\/revisions"}],"predecessor-version":[{"id":192308,"href":"https:\/\/franciscanos.org.br\/vidacrista\/wp-json\/wp\/v2\/posts\/192306\/revisions\/192308"}],"wp:featuredmedia":[{"embeddable":true,"href":"https:\/\/franciscanos.org.br\/vidacrista\/wp-json\/wp\/v2\/media\/192307"}],"wp:attachment":[{"href":"https:\/\/franciscanos.org.br\/vidacrista\/wp-json\/wp\/v2\/media?parent=192306"}],"wp:term":[{"taxonomy":"category","embeddable":true,"href":"https:\/\/franciscanos.org.br\/vidacrista\/wp-json\/wp\/v2\/categories?post=192306"},{"taxonomy":"post_tag","embeddable":true,"href":"https:\/\/franciscanos.org.br\/vidacrista\/wp-json\/wp\/v2\/tags?post=192306"}],"curies":[{"name":"wp","href":"https:\/\/api.w.org\/{rel}","templated":true}]}}