{"id":192295,"date":"2022-08-31T08:18:41","date_gmt":"2022-08-31T11:18:41","guid":{"rendered":"https:\/\/franciscanos.org.br\/vidacrista\/?p=192295"},"modified":"2022-08-31T08:18:41","modified_gmt":"2022-08-31T11:18:41","slug":"somente-a-fe-ilumina-nossas-mentes","status":"publish","type":"post","link":"https:\/\/franciscanos.org.br\/vidacrista\/somente-a-fe-ilumina-nossas-mentes\/","title":{"rendered":"Somente a f\u00e9 ilumina nossas mentes"},"content":{"rendered":"<div id=\"attachment_192296\" style=\"width: 850px\" class=\"wp-caption alignnone\"><img aria-describedby=\"caption-attachment-192296\" decoding=\"async\" loading=\"lazy\" class=\"wp-image-192296 size-full\" src=\"https:\/\/franciscanos.org.br\/vidacrista\/wp-content\/uploads\/2022\/08\/sexta_020922.jpg\" alt=\"\" width=\"840\" height=\"450\" srcset=\"https:\/\/franciscanos.org.br\/vidacrista\/wp-content\/uploads\/2022\/08\/sexta_020922.jpg 840w, https:\/\/franciscanos.org.br\/vidacrista\/wp-content\/uploads\/2022\/08\/sexta_020922-450x241.jpg 450w, https:\/\/franciscanos.org.br\/vidacrista\/wp-content\/uploads\/2022\/08\/sexta_020922-768x411.jpg 768w, https:\/\/franciscanos.org.br\/vidacrista\/wp-content\/uploads\/2022\/08\/sexta_020922-150x80.jpg 150w\" sizes=\"(max-width: 840px) 100vw, 840px\" \/><p id=\"caption-attachment-192296\" class=\"wp-caption-text\"><em>Jesus entre os dois ladr\u00f5es, Rubens (1619-1620) Museu Real de Belas Artes de Antu\u00e9rpia, dom\u00ednio p\u00fablico (wikipedia)<\/em><\/p><\/div>\n<h3>Inspirado em texto de Ghislain Lafont<\/h3>\n<p>Muitos de n\u00f3s, desde nossa inf\u00e2ncia, fomos nos familiarizando com temas da f\u00e9: Deus, a Trindade, Jesus, Eucaristia, perd\u00e3o, penit\u00eancia. At\u00e9 que ponto realmente toda a Boa Nova foi nos transformando? At\u00e9 que ponto cremos de verdade? Vejamos como se situa nossa f\u00e9 diante do sil\u00eancio de Deus na morte de Jesus, ou talvez o que ali viveu Jesus, ou como iluminar nossas noites a partir daquele sil\u00eancio do Pai no momento final da trajet\u00f3ria humana do Filho.<\/p>\n<p>Por que aquele sil\u00eancio do Pai? Todo o cen\u00e1rio da morte de Cristo, em S\u00e3o Marcos, se constr\u00f3i sobre o tema: \u201cDescer\u00e1? Descer\u00e1 ou n\u00e3o descer\u00e1?\u201d As pessoas passam e dizem: \u201cSe tu \u00e9s o Cristo, desce da cruz (Mc 15,30); o soldado romano d\u00e1 de beber ao Cristo e diz: \u201cEsperemos para ver se Elias fa\u00e7a com que ele des\u00e7a da cruz!\u201d(v. 36). Jesus continua suspenso, nada diz, n\u00e3o sente nada que liberasse seus bra\u00e7os e suas pernas, ele que anteriormente havia sentido uma for\u00e7a sair dele ao curar uma mulher. A escurid\u00e3o que tinha descido sobre a terra corresponde \u00e0 obscuridade que reina em seu cora\u00e7\u00e3o. \u00c9 a noite e ele morre. Desde o momento em que ele morreu o centuri\u00e3o exclama: \u201cVerdadeiramente este era o Filho de Deus\u201d (v.39). A divindade de Jesus se revela, n\u00e3o no fato de que ele pudesse ter descido da cruz, mas no fato de que ele foi at\u00e9 o fim no sil\u00eancio de Deus, at\u00e9 a morte e \u00e9 nesse momento que a mensagem passa. Quando Deus se cala, \u00e9 o momento da coragem, porque \u00e9 nesse momento que o Reino se estende sobre a terra. Certamente, Cristo no \u00edntimo n\u00e3o estava \u201cprocessando\u201d o Pai. Procurava, perguntava: \u201cPor que me abandonaste?\u201d(v.34).<\/p>\n<p>Vivendo nossas noites existenciais e nem sempre temos satisfat\u00f3rias explica\u00e7\u00f5es para o sofrimento e a morte de inocentes, ou simplesmente de tantos humanos que sofrem, pestes, pandemias, dores. O sofrimento e a morte n\u00e3o podem ser um caminho de desespero. Se o Filho de Deus tomou esse caminho n\u00e3o se trata realmente de um caminho de desespero: a Paix\u00e3o e a Morte de Cristo me impedem de me deixar esmagar pelo sofrimento do mundo. Se o Filho de Deus vindo ao mundo passou por isto, se os homens tamb\u00e9m passam por isso, \u00e9 que o sofrimento e a morte s\u00e3o caminhos de diviniza\u00e7\u00e3o.<\/p>\n<p>\u201cOs leitores me dir\u00e3o: \u2018Isso \u00e9 resposta f\u00e1cil\u2019. Direi: \u2018Encontrem uma melhor\u2019. Trata-se de uma resposta de esperan\u00e7a: nada do que sofrem os homens, aparentemente com um total \u201cn\u00e3o sentido\u201d, n\u00e3o \u00e9 um total \u201cn\u00e3o sentido\u201d. N\u00e3o temos o direito de desesperar, mesmo quando a situa\u00e7\u00e3o possa parecer, desesperadora: seria n\u00e3o acreditar no que fez Jesus., no que Jesus fez\u201d (Ghislain)<\/p>\n<p>N\u00e3o confundamos \u201cesperan\u00e7a\u201d com sentimento de \u201cbem estar\u201d. Esperan\u00e7a significa que posso confrontar qualquer sofrimento com o sofrimento de Cristo e sei que o sofrimento de Jesus Cristo d\u00e1 sentido a este sofrimento. Para n\u00f3s, crist\u00e3os, \u00e9 importante crer nisto. Somente se acreditarmos poderemos viver ao lado de pessoas que sofrem e aparecer como fermento de esperan\u00e7a.<\/p>\n<p>\u201cAntes de morrer, o Cardeal Veillot pedia que os padres n\u00e3o prodigalizassem consola\u00e7\u00f5es intempestivas e inoperantes sobre o tema a morte. Penso que n\u00e3o se trata de falar, mas de crer e de \u201cestar com\u201d. Quem cr\u00ea, diante do homem que sofre, que Jesus Cristo sofre neste homem, esse por sua f\u00e9, libera interiormente o outro, ou os outros; n\u00e3o tem necessidade de ver como e em por que: ele sabe que o liberta\u201d<\/p>\n<p><em>Fonte: &#8220;Jusqu\u2019au bout du silence de Dieu&#8221;, Ghislain Lafont, in Et la vie jaillira, Lectures Chr\u00e9tiennes &#8211; \u00c9ditions Abbaye d\u2019Orval, p.88-89<\/em><\/p>\n<hr \/>\n<p><em>Frei Almir Ribeiro Guimar\u00e3es<\/em><\/p>\n<p>&nbsp;<\/p>\n","protected":false},"excerpt":{"rendered":"<p>Primeira Sexta-feira do M\u00eas<\/p>\n","protected":false},"author":3,"featured_media":192296,"comment_status":"open","ping_status":"open","sticky":false,"template":"","format":"standard","meta":{"footnotes":""},"categories":[105],"tags":[212],"yoast_head":"<!-- This site is optimized with the Yoast SEO plugin v19.4 - https:\/\/yoast.com\/wordpress\/plugins\/seo\/ -->\n<title>Somente a f\u00e9 ilumina nossas mentes - Vida Crist\u00e3 - Franciscanos<\/title>\n<meta name=\"robots\" content=\"index, follow, max-snippet:-1, max-image-preview:large, max-video-preview:-1\" \/>\n<link rel=\"canonical\" href=\"https:\/\/franciscanos.org.br\/vidacrista\/somente-a-fe-ilumina-nossas-mentes\/\" \/>\n<meta property=\"og:locale\" content=\"pt_BR\" \/>\n<meta property=\"og:type\" content=\"article\" \/>\n<meta property=\"og:title\" content=\"Somente a f\u00e9 ilumina nossas mentes - Vida Crist\u00e3 - Franciscanos\" \/>\n<meta property=\"og:description\" content=\"Primeira Sexta-feira do M\u00eas\" \/>\n<meta property=\"og:url\" content=\"https:\/\/franciscanos.org.br\/vidacrista\/somente-a-fe-ilumina-nossas-mentes\/\" \/>\n<meta property=\"og:site_name\" content=\"Vida Crist\u00e3 - Franciscanos\" \/>\n<meta property=\"article:published_time\" content=\"2022-08-31T11:18:41+00:00\" \/>\n<meta property=\"og:image\" content=\"https:\/\/franciscanos.org.br\/vidacrista\/wp-content\/uploads\/2022\/08\/sexta_020922.jpg\" \/>\n\t<meta property=\"og:image:width\" content=\"840\" \/>\n\t<meta property=\"og:image:height\" content=\"450\" \/>\n\t<meta property=\"og:image:type\" content=\"image\/jpeg\" \/>\n<meta name=\"author\" content=\"moacir\" \/>\n<meta name=\"twitter:card\" content=\"summary_large_image\" \/>\n<meta name=\"twitter:label1\" content=\"Escrito por\" \/>\n\t<meta name=\"twitter:data1\" content=\"moacir\" \/>\n\t<meta name=\"twitter:label2\" content=\"Est. tempo de leitura\" \/>\n\t<meta name=\"twitter:data2\" content=\"4 minutos\" \/>\n<script type=\"application\/ld+json\" class=\"yoast-schema-graph\">{\"@context\":\"https:\/\/schema.org\",\"@graph\":[{\"@type\":\"WebSite\",\"@id\":\"https:\/\/franciscanos.org.br\/vidacrista\/#website\",\"url\":\"https:\/\/franciscanos.org.br\/vidacrista\/\",\"name\":\"Vida Crist\u00e3 - Franciscanos\",\"description\":\"Prov\u00edncia Franciscana da Imaculada Concei\u00e7\u00e3o do Brasil - Ordem dos Frades Menores\",\"potentialAction\":[{\"@type\":\"SearchAction\",\"target\":{\"@type\":\"EntryPoint\",\"urlTemplate\":\"https:\/\/franciscanos.org.br\/vidacrista\/?s={search_term_string}\"},\"query-input\":\"required name=search_term_string\"}],\"inLanguage\":\"pt-BR\"},{\"@type\":\"WebPage\",\"@id\":\"https:\/\/franciscanos.org.br\/vidacrista\/somente-a-fe-ilumina-nossas-mentes\/\",\"url\":\"https:\/\/franciscanos.org.br\/vidacrista\/somente-a-fe-ilumina-nossas-mentes\/\",\"name\":\"Somente a f\u00e9 ilumina nossas mentes - Vida Crist\u00e3 - Franciscanos\",\"isPartOf\":{\"@id\":\"https:\/\/franciscanos.org.br\/vidacrista\/#website\"},\"datePublished\":\"2022-08-31T11:18:41+00:00\",\"dateModified\":\"2022-08-31T11:18:41+00:00\",\"author\":{\"@id\":\"https:\/\/franciscanos.org.br\/vidacrista\/#\/schema\/person\/1880bdd2c350b735648725ef7614736a\"},\"breadcrumb\":{\"@id\":\"https:\/\/franciscanos.org.br\/vidacrista\/somente-a-fe-ilumina-nossas-mentes\/#breadcrumb\"},\"inLanguage\":\"pt-BR\",\"potentialAction\":[{\"@type\":\"ReadAction\",\"target\":[\"https:\/\/franciscanos.org.br\/vidacrista\/somente-a-fe-ilumina-nossas-mentes\/\"]}]},{\"@type\":\"BreadcrumbList\",\"@id\":\"https:\/\/franciscanos.org.br\/vidacrista\/somente-a-fe-ilumina-nossas-mentes\/#breadcrumb\",\"itemListElement\":[{\"@type\":\"ListItem\",\"position\":1,\"name\":\"Home\",\"item\":\"https:\/\/franciscanos.org.br\/vidacrista\/\"},{\"@type\":\"ListItem\",\"position\":2,\"name\":\"Somente a f\u00e9 ilumina nossas mentes\"}]},{\"@type\":\"Person\",\"@id\":\"https:\/\/franciscanos.org.br\/vidacrista\/#\/schema\/person\/1880bdd2c350b735648725ef7614736a\",\"name\":\"moacir\",\"image\":{\"@type\":\"ImageObject\",\"inLanguage\":\"pt-BR\",\"@id\":\"https:\/\/franciscanos.org.br\/vidacrista\/#\/schema\/person\/image\/\",\"url\":\"https:\/\/secure.gravatar.com\/avatar\/d08aa2ce4c8dd416d4479aa8536fcf64?s=96&d=mm&r=g\",\"contentUrl\":\"https:\/\/secure.gravatar.com\/avatar\/d08aa2ce4c8dd416d4479aa8536fcf64?s=96&d=mm&r=g\",\"caption\":\"moacir\"},\"url\":\"https:\/\/franciscanos.org.br\/vidacrista\/author\/moacir\/\"}]}<\/script>\n<!-- \/ Yoast SEO plugin. -->","yoast_head_json":{"title":"Somente a f\u00e9 ilumina nossas mentes - Vida Crist\u00e3 - Franciscanos","robots":{"index":"index","follow":"follow","max-snippet":"max-snippet:-1","max-image-preview":"max-image-preview:large","max-video-preview":"max-video-preview:-1"},"canonical":"https:\/\/franciscanos.org.br\/vidacrista\/somente-a-fe-ilumina-nossas-mentes\/","og_locale":"pt_BR","og_type":"article","og_title":"Somente a f\u00e9 ilumina nossas mentes - Vida Crist\u00e3 - Franciscanos","og_description":"Primeira Sexta-feira do M\u00eas","og_url":"https:\/\/franciscanos.org.br\/vidacrista\/somente-a-fe-ilumina-nossas-mentes\/","og_site_name":"Vida Crist\u00e3 - Franciscanos","article_published_time":"2022-08-31T11:18:41+00:00","og_image":[{"width":840,"height":450,"url":"https:\/\/franciscanos.org.br\/vidacrista\/wp-content\/uploads\/2022\/08\/sexta_020922.jpg","type":"image\/jpeg"}],"author":"moacir","twitter_card":"summary_large_image","twitter_misc":{"Escrito por":"moacir","Est. tempo de leitura":"4 minutos"},"schema":{"@context":"https:\/\/schema.org","@graph":[{"@type":"WebSite","@id":"https:\/\/franciscanos.org.br\/vidacrista\/#website","url":"https:\/\/franciscanos.org.br\/vidacrista\/","name":"Vida Crist\u00e3 - Franciscanos","description":"Prov\u00edncia Franciscana da Imaculada Concei\u00e7\u00e3o do Brasil - Ordem dos Frades Menores","potentialAction":[{"@type":"SearchAction","target":{"@type":"EntryPoint","urlTemplate":"https:\/\/franciscanos.org.br\/vidacrista\/?s={search_term_string}"},"query-input":"required name=search_term_string"}],"inLanguage":"pt-BR"},{"@type":"WebPage","@id":"https:\/\/franciscanos.org.br\/vidacrista\/somente-a-fe-ilumina-nossas-mentes\/","url":"https:\/\/franciscanos.org.br\/vidacrista\/somente-a-fe-ilumina-nossas-mentes\/","name":"Somente a f\u00e9 ilumina nossas mentes - Vida Crist\u00e3 - Franciscanos","isPartOf":{"@id":"https:\/\/franciscanos.org.br\/vidacrista\/#website"},"datePublished":"2022-08-31T11:18:41+00:00","dateModified":"2022-08-31T11:18:41+00:00","author":{"@id":"https:\/\/franciscanos.org.br\/vidacrista\/#\/schema\/person\/1880bdd2c350b735648725ef7614736a"},"breadcrumb":{"@id":"https:\/\/franciscanos.org.br\/vidacrista\/somente-a-fe-ilumina-nossas-mentes\/#breadcrumb"},"inLanguage":"pt-BR","potentialAction":[{"@type":"ReadAction","target":["https:\/\/franciscanos.org.br\/vidacrista\/somente-a-fe-ilumina-nossas-mentes\/"]}]},{"@type":"BreadcrumbList","@id":"https:\/\/franciscanos.org.br\/vidacrista\/somente-a-fe-ilumina-nossas-mentes\/#breadcrumb","itemListElement":[{"@type":"ListItem","position":1,"name":"Home","item":"https:\/\/franciscanos.org.br\/vidacrista\/"},{"@type":"ListItem","position":2,"name":"Somente a f\u00e9 ilumina nossas mentes"}]},{"@type":"Person","@id":"https:\/\/franciscanos.org.br\/vidacrista\/#\/schema\/person\/1880bdd2c350b735648725ef7614736a","name":"moacir","image":{"@type":"ImageObject","inLanguage":"pt-BR","@id":"https:\/\/franciscanos.org.br\/vidacrista\/#\/schema\/person\/image\/","url":"https:\/\/secure.gravatar.com\/avatar\/d08aa2ce4c8dd416d4479aa8536fcf64?s=96&d=mm&r=g","contentUrl":"https:\/\/secure.gravatar.com\/avatar\/d08aa2ce4c8dd416d4479aa8536fcf64?s=96&d=mm&r=g","caption":"moacir"},"url":"https:\/\/franciscanos.org.br\/vidacrista\/author\/moacir\/"}]}},"_links":{"self":[{"href":"https:\/\/franciscanos.org.br\/vidacrista\/wp-json\/wp\/v2\/posts\/192295"}],"collection":[{"href":"https:\/\/franciscanos.org.br\/vidacrista\/wp-json\/wp\/v2\/posts"}],"about":[{"href":"https:\/\/franciscanos.org.br\/vidacrista\/wp-json\/wp\/v2\/types\/post"}],"author":[{"embeddable":true,"href":"https:\/\/franciscanos.org.br\/vidacrista\/wp-json\/wp\/v2\/users\/3"}],"replies":[{"embeddable":true,"href":"https:\/\/franciscanos.org.br\/vidacrista\/wp-json\/wp\/v2\/comments?post=192295"}],"version-history":[{"count":1,"href":"https:\/\/franciscanos.org.br\/vidacrista\/wp-json\/wp\/v2\/posts\/192295\/revisions"}],"predecessor-version":[{"id":192297,"href":"https:\/\/franciscanos.org.br\/vidacrista\/wp-json\/wp\/v2\/posts\/192295\/revisions\/192297"}],"wp:featuredmedia":[{"embeddable":true,"href":"https:\/\/franciscanos.org.br\/vidacrista\/wp-json\/wp\/v2\/media\/192296"}],"wp:attachment":[{"href":"https:\/\/franciscanos.org.br\/vidacrista\/wp-json\/wp\/v2\/media?parent=192295"}],"wp:term":[{"taxonomy":"category","embeddable":true,"href":"https:\/\/franciscanos.org.br\/vidacrista\/wp-json\/wp\/v2\/categories?post=192295"},{"taxonomy":"post_tag","embeddable":true,"href":"https:\/\/franciscanos.org.br\/vidacrista\/wp-json\/wp\/v2\/tags?post=192295"}],"curies":[{"name":"wp","href":"https:\/\/api.w.org\/{rel}","templated":true}]}}