{"id":192270,"date":"2022-08-22T09:59:49","date_gmt":"2022-08-22T12:59:49","guid":{"rendered":"https:\/\/franciscanos.org.br\/vidacrista\/?p=192270"},"modified":"2022-08-22T09:59:49","modified_gmt":"2022-08-22T12:59:49","slug":"dialogo-pelo-bem-maior","status":"publish","type":"post","link":"https:\/\/franciscanos.org.br\/vidacrista\/dialogo-pelo-bem-maior\/","title":{"rendered":"Di\u00e1logo pelo bem maior"},"content":{"rendered":"<div id=\"attachment_192271\" style=\"width: 850px\" class=\"wp-caption alignnone\"><img aria-describedby=\"caption-attachment-192271\" decoding=\"async\" loading=\"lazy\" class=\"wp-image-192271 size-full\" src=\"https:\/\/franciscanos.org.br\/vidacrista\/wp-content\/uploads\/2022\/08\/artigo_22.png\" alt=\"\" width=\"840\" height=\"450\" srcset=\"https:\/\/franciscanos.org.br\/vidacrista\/wp-content\/uploads\/2022\/08\/artigo_22.png 840w, https:\/\/franciscanos.org.br\/vidacrista\/wp-content\/uploads\/2022\/08\/artigo_22-450x241.png 450w, https:\/\/franciscanos.org.br\/vidacrista\/wp-content\/uploads\/2022\/08\/artigo_22-768x411.png 768w, https:\/\/franciscanos.org.br\/vidacrista\/wp-content\/uploads\/2022\/08\/artigo_22-150x80.png 150w\" sizes=\"(max-width: 840px) 100vw, 840px\" \/><p id=\"caption-attachment-192271\" class=\"wp-caption-text\">\u00a0 \u00a0 \u00a0 \u00a0 \u00a0 \u00a0 \u00a0 \u00a0 \u00a0 \u00a0 \u00a0 \u00a0 \u00a0 \u00a0 \u00a0 \u00a0 \u00a0 \u00a0 \u00a0 \u00a0 \u00a0 \u00a0 \u00a0 \u00a0 \u00a0 \u00a0 \u00a0 \u00a0 \u00a0 \u00a0 \u00a0 \u00a0 \u00a0<em> Imagem ilustrativa:<\/em> Canva (<a href=\"http:\/\/www.canva.com\/pt_br\/modelos\">www.canva.com\/pt_br\/modelos<\/a>)<\/p><\/div>\n<p><strong>Dom Walmor Oliveira de Azevedo<\/strong><\/p>\n<p>Tecer redes de di\u00e1logos pelo bem maior \u00e9 uma responsabilidade que precisa envolver cidad\u00e3os e cidad\u00e3s, considerando a urgente necessidade de superar problemas sociais. A sociedade \u00e9 complexa e requer din\u00e2micas essenciais para o resgate de valores capazes de substituir cen\u00e1rios abomin\u00e1veis \u2013 dentre eles a desigualdade social e viol\u00eancia crescente. Especificamente, \u00e9 preciso superar a \u201cbabel\u201d contempor\u00e2nea. Essa \u201cbabel\u201d \u00e9 resultado de uma inabilidade generalizada para se lidar com o conjunto de subjetividades, de perspectivas de grupos e institui\u00e7\u00f5es, que constituem a sociedade. Na aus\u00eancia de par\u00e2metros inegoci\u00e1veis, muitos deles detalhados na Doutrina Social da Igreja, n\u00e3o se avan\u00e7ar\u00e1 no estabelecimento de di\u00e1logos pelo bem maior. Ao inv\u00e9s disso, prevalecer\u00e1 a m\u00e1goa que estimula rea\u00e7\u00f5es de vingan\u00e7a ou desencadeia a indiferen\u00e7a. Ser\u00e3o naturalizadas atitudes ego\u00edstas que levam a perdas de tudo que j\u00e1 foi conquistado para o bem de todos. Na pluralidade de perspectivas, urgente \u00e9 investir em refer\u00eancias capazes de alinhar entendimentos, em vista de di\u00e1logos pelo bem maior.<\/p>\n<p>A busca pela consolida\u00e7\u00e3o dessas refer\u00eancias \u00e9 caminho longo, mas tamb\u00e9m um amplo horizonte, que precisa enfatizar a import\u00e2ncia de cada pessoa cultivar em si um cora\u00e7\u00e3o de paz. Viver em \u201cp\u00e9 de guerra\u201d, conforme se diz popularmente, impede o di\u00e1logo essencial ao alcance do bem maior. Esse bem, constru\u00eddo a partir de cora\u00e7\u00f5es da paz, remedia desencontros, ajusta entendimentos e produz uma compreens\u00e3o capaz de reconhecer que a vida se arquiteta a partir de ciclos que se abrem e se fecham. Nesse sentido, aqueles que cultivam cora\u00e7\u00e3o de paz capacitam-se para bem escutar o conselho de Jesus aos seus disc\u00edpulos, ante as muitas labutas e conquistas da vida. Todos, orienta o mestre, devem se considerar servidores, e, como simples servos, dizer com alegria: \u201cFez-se o que se devia fazer\u201d. Assim, um sentimento saud\u00e1vel fecunda o ciclo novo que se abre, inspira di\u00e1logos para o bem maior.<\/p>\n<p>A contribui\u00e7\u00e3o cidad\u00e3 para que sejam constitu\u00eddos di\u00e1logos essenciais ao bem maior exige profundo respeito a cada pessoa. Trata-se de condi\u00e7\u00e3o inegoci\u00e1vel para se promover a paz, levando \u00e0 urgente edifica\u00e7\u00e3o de alicerces para sustentar um aut\u00eantico humanismo integral. A constru\u00e7\u00e3o de um futuro mais sereno depende essencialmente desta atitude de cada pessoa: cultivar um cora\u00e7\u00e3o de paz. Essa atitude n\u00e3o constitui simplesmente uma a\u00e7\u00e3o pol\u00edtica, tamb\u00e9m n\u00e3o se trata apenas de civilidade emoldurada pela nobreza de atos, posturas e ditos. A paz no cora\u00e7\u00e3o humano \u00e9 efeito da a\u00e7\u00e3o divina, um dom de Deus. H\u00e1 uma l\u00f3gica moral inscrita na interioridade de cada pessoa que ilumina a exist\u00eancia, inspira a conviv\u00eancia entre os povos, determinantemente contribuindo para que sejam efetivados di\u00e1logos promotores do bem maior.<\/p>\n<p>S\u00f3 dialoga para o bem quem considera \u201ccl\u00e1usula p\u00e9trea\u201d o princ\u00edpio da igualdade essencial entre os seres humanos \u2013 todos filhos e filhas de Deus. Essa dignidade comum \u00e9, pois, alicer\u00e7ada em uma pedra transcendente que n\u00e3o permite atitudes e sentimentos discriminat\u00f3rios, excludentes, em nenhuma circunst\u00e2ncia. Assim, se percebe que n\u00e3o basta simplesmente buscar ganhos individuais, desconsiderando o pr\u00f3ximo. No conjunto de ensinamentos da Igreja Cat\u00f3lica inscreve-se a convic\u00e7\u00e3o de que, na raiz das in\u00fameras tens\u00f5es que amea\u00e7am a paz, est\u00e3o justamente as incont\u00e1veis situa\u00e7\u00f5es de injusti\u00e7a. Os di\u00e1logos pelo bem maior, capazes de tecer a paz, precisam ultrapassar interesses de grupos, o atendimento de \u201ccaprichos\u201d pessoais ou partid\u00e1rios, para verdadeiramente priorizar o que gera igualdade e fraternidade. Para isso, cada pessoa deve incomodar-se com as perversas desigualdades no acesso a bens essenciais \u2013 comida, \u00e1gua, casa, sa\u00fade, dentre outros. Superar essas desigualdades que ferem os direitos humanos \u00e9 a prioridade quando se pensa em di\u00e1logos pelo bem maior, que s\u00e3o essenciais \u00e0 \u201cecologia da paz\u201d.<\/p>\n<p>A Doutrina da Igreja focaliza, ao lado do conceito de ecologia relacionado \u00e0 natureza, a ecologia humana, vinculada ao contexto social, que para ser bem cuidado exige adequadas pol\u00edticas p\u00fablicas. E o cora\u00e7\u00e3o de paz de cada pessoa \u00e9 insubstitu\u00edvel para enfrentar, colaborativamente, os desafios deste tempo, na contram\u00e3o das polariza\u00e7\u00f5es, do fechamento ao di\u00e1logo e da mesquinha defesa dos pr\u00f3prios interesses. Cada pessoa, esperan\u00e7osamente, cultive um cora\u00e7\u00e3o de paz, inspirando di\u00e1logos pelo bem maior.<\/p>\n<p>Dom Walmor Oliveira de Azevedo \u00e9 Arcebispo de Belo Horizonte (MG) e presidente da Confer\u00eancia Nacional dos Bispos do Brasil (CNBB)<\/p>\n","protected":false},"excerpt":{"rendered":"<p>Artigo de Dom Walmor Oliveira de Azevedo<\/p>\n","protected":false},"author":3,"featured_media":192271,"comment_status":"open","ping_status":"open","sticky":false,"template":"","format":"standard","meta":{"footnotes":""},"categories":[26],"tags":[271],"yoast_head":"<!-- This site is optimized with the Yoast SEO plugin v19.4 - https:\/\/yoast.com\/wordpress\/plugins\/seo\/ -->\n<title>Di\u00e1logo pelo bem maior - Vida Crist\u00e3 - Franciscanos<\/title>\n<meta name=\"robots\" content=\"index, follow, max-snippet:-1, max-image-preview:large, max-video-preview:-1\" \/>\n<link rel=\"canonical\" href=\"https:\/\/franciscanos.org.br\/vidacrista\/dialogo-pelo-bem-maior\/\" \/>\n<meta property=\"og:locale\" content=\"pt_BR\" \/>\n<meta property=\"og:type\" content=\"article\" \/>\n<meta property=\"og:title\" content=\"Di\u00e1logo pelo bem maior - Vida Crist\u00e3 - Franciscanos\" \/>\n<meta property=\"og:description\" content=\"Artigo de Dom Walmor Oliveira de Azevedo\" \/>\n<meta property=\"og:url\" content=\"https:\/\/franciscanos.org.br\/vidacrista\/dialogo-pelo-bem-maior\/\" \/>\n<meta property=\"og:site_name\" content=\"Vida Crist\u00e3 - Franciscanos\" \/>\n<meta property=\"article:published_time\" content=\"2022-08-22T12:59:49+00:00\" \/>\n<meta property=\"og:image\" content=\"https:\/\/franciscanos.org.br\/vidacrista\/wp-content\/uploads\/2022\/08\/artigo_22.png\" \/>\n\t<meta property=\"og:image:width\" content=\"840\" \/>\n\t<meta property=\"og:image:height\" content=\"450\" \/>\n\t<meta property=\"og:image:type\" content=\"image\/png\" \/>\n<meta name=\"author\" content=\"moacir\" \/>\n<meta name=\"twitter:card\" content=\"summary_large_image\" \/>\n<meta name=\"twitter:label1\" content=\"Escrito por\" \/>\n\t<meta name=\"twitter:data1\" content=\"moacir\" \/>\n\t<meta name=\"twitter:label2\" content=\"Est. tempo de leitura\" \/>\n\t<meta name=\"twitter:data2\" content=\"5 minutos\" \/>\n<script type=\"application\/ld+json\" class=\"yoast-schema-graph\">{\"@context\":\"https:\/\/schema.org\",\"@graph\":[{\"@type\":\"WebSite\",\"@id\":\"https:\/\/franciscanos.org.br\/vidacrista\/#website\",\"url\":\"https:\/\/franciscanos.org.br\/vidacrista\/\",\"name\":\"Vida Crist\u00e3 - Franciscanos\",\"description\":\"Prov\u00edncia Franciscana da Imaculada Concei\u00e7\u00e3o do Brasil - Ordem dos Frades Menores\",\"potentialAction\":[{\"@type\":\"SearchAction\",\"target\":{\"@type\":\"EntryPoint\",\"urlTemplate\":\"https:\/\/franciscanos.org.br\/vidacrista\/?s={search_term_string}\"},\"query-input\":\"required name=search_term_string\"}],\"inLanguage\":\"pt-BR\"},{\"@type\":\"WebPage\",\"@id\":\"https:\/\/franciscanos.org.br\/vidacrista\/dialogo-pelo-bem-maior\/\",\"url\":\"https:\/\/franciscanos.org.br\/vidacrista\/dialogo-pelo-bem-maior\/\",\"name\":\"Di\u00e1logo pelo bem maior - Vida Crist\u00e3 - Franciscanos\",\"isPartOf\":{\"@id\":\"https:\/\/franciscanos.org.br\/vidacrista\/#website\"},\"datePublished\":\"2022-08-22T12:59:49+00:00\",\"dateModified\":\"2022-08-22T12:59:49+00:00\",\"author\":{\"@id\":\"https:\/\/franciscanos.org.br\/vidacrista\/#\/schema\/person\/1880bdd2c350b735648725ef7614736a\"},\"breadcrumb\":{\"@id\":\"https:\/\/franciscanos.org.br\/vidacrista\/dialogo-pelo-bem-maior\/#breadcrumb\"},\"inLanguage\":\"pt-BR\",\"potentialAction\":[{\"@type\":\"ReadAction\",\"target\":[\"https:\/\/franciscanos.org.br\/vidacrista\/dialogo-pelo-bem-maior\/\"]}]},{\"@type\":\"BreadcrumbList\",\"@id\":\"https:\/\/franciscanos.org.br\/vidacrista\/dialogo-pelo-bem-maior\/#breadcrumb\",\"itemListElement\":[{\"@type\":\"ListItem\",\"position\":1,\"name\":\"Home\",\"item\":\"https:\/\/franciscanos.org.br\/vidacrista\/\"},{\"@type\":\"ListItem\",\"position\":2,\"name\":\"Di\u00e1logo pelo bem maior\"}]},{\"@type\":\"Person\",\"@id\":\"https:\/\/franciscanos.org.br\/vidacrista\/#\/schema\/person\/1880bdd2c350b735648725ef7614736a\",\"name\":\"moacir\",\"image\":{\"@type\":\"ImageObject\",\"inLanguage\":\"pt-BR\",\"@id\":\"https:\/\/franciscanos.org.br\/vidacrista\/#\/schema\/person\/image\/\",\"url\":\"https:\/\/secure.gravatar.com\/avatar\/d08aa2ce4c8dd416d4479aa8536fcf64?s=96&d=mm&r=g\",\"contentUrl\":\"https:\/\/secure.gravatar.com\/avatar\/d08aa2ce4c8dd416d4479aa8536fcf64?s=96&d=mm&r=g\",\"caption\":\"moacir\"},\"url\":\"https:\/\/franciscanos.org.br\/vidacrista\/author\/moacir\/\"}]}<\/script>\n<!-- \/ Yoast SEO plugin. -->","yoast_head_json":{"title":"Di\u00e1logo pelo bem maior - Vida Crist\u00e3 - Franciscanos","robots":{"index":"index","follow":"follow","max-snippet":"max-snippet:-1","max-image-preview":"max-image-preview:large","max-video-preview":"max-video-preview:-1"},"canonical":"https:\/\/franciscanos.org.br\/vidacrista\/dialogo-pelo-bem-maior\/","og_locale":"pt_BR","og_type":"article","og_title":"Di\u00e1logo pelo bem maior - Vida Crist\u00e3 - Franciscanos","og_description":"Artigo de Dom Walmor Oliveira de Azevedo","og_url":"https:\/\/franciscanos.org.br\/vidacrista\/dialogo-pelo-bem-maior\/","og_site_name":"Vida Crist\u00e3 - Franciscanos","article_published_time":"2022-08-22T12:59:49+00:00","og_image":[{"width":840,"height":450,"url":"https:\/\/franciscanos.org.br\/vidacrista\/wp-content\/uploads\/2022\/08\/artigo_22.png","type":"image\/png"}],"author":"moacir","twitter_card":"summary_large_image","twitter_misc":{"Escrito por":"moacir","Est. tempo de leitura":"5 minutos"},"schema":{"@context":"https:\/\/schema.org","@graph":[{"@type":"WebSite","@id":"https:\/\/franciscanos.org.br\/vidacrista\/#website","url":"https:\/\/franciscanos.org.br\/vidacrista\/","name":"Vida Crist\u00e3 - Franciscanos","description":"Prov\u00edncia Franciscana da Imaculada Concei\u00e7\u00e3o do Brasil - Ordem dos Frades Menores","potentialAction":[{"@type":"SearchAction","target":{"@type":"EntryPoint","urlTemplate":"https:\/\/franciscanos.org.br\/vidacrista\/?s={search_term_string}"},"query-input":"required name=search_term_string"}],"inLanguage":"pt-BR"},{"@type":"WebPage","@id":"https:\/\/franciscanos.org.br\/vidacrista\/dialogo-pelo-bem-maior\/","url":"https:\/\/franciscanos.org.br\/vidacrista\/dialogo-pelo-bem-maior\/","name":"Di\u00e1logo pelo bem maior - Vida Crist\u00e3 - Franciscanos","isPartOf":{"@id":"https:\/\/franciscanos.org.br\/vidacrista\/#website"},"datePublished":"2022-08-22T12:59:49+00:00","dateModified":"2022-08-22T12:59:49+00:00","author":{"@id":"https:\/\/franciscanos.org.br\/vidacrista\/#\/schema\/person\/1880bdd2c350b735648725ef7614736a"},"breadcrumb":{"@id":"https:\/\/franciscanos.org.br\/vidacrista\/dialogo-pelo-bem-maior\/#breadcrumb"},"inLanguage":"pt-BR","potentialAction":[{"@type":"ReadAction","target":["https:\/\/franciscanos.org.br\/vidacrista\/dialogo-pelo-bem-maior\/"]}]},{"@type":"BreadcrumbList","@id":"https:\/\/franciscanos.org.br\/vidacrista\/dialogo-pelo-bem-maior\/#breadcrumb","itemListElement":[{"@type":"ListItem","position":1,"name":"Home","item":"https:\/\/franciscanos.org.br\/vidacrista\/"},{"@type":"ListItem","position":2,"name":"Di\u00e1logo pelo bem maior"}]},{"@type":"Person","@id":"https:\/\/franciscanos.org.br\/vidacrista\/#\/schema\/person\/1880bdd2c350b735648725ef7614736a","name":"moacir","image":{"@type":"ImageObject","inLanguage":"pt-BR","@id":"https:\/\/franciscanos.org.br\/vidacrista\/#\/schema\/person\/image\/","url":"https:\/\/secure.gravatar.com\/avatar\/d08aa2ce4c8dd416d4479aa8536fcf64?s=96&d=mm&r=g","contentUrl":"https:\/\/secure.gravatar.com\/avatar\/d08aa2ce4c8dd416d4479aa8536fcf64?s=96&d=mm&r=g","caption":"moacir"},"url":"https:\/\/franciscanos.org.br\/vidacrista\/author\/moacir\/"}]}},"_links":{"self":[{"href":"https:\/\/franciscanos.org.br\/vidacrista\/wp-json\/wp\/v2\/posts\/192270"}],"collection":[{"href":"https:\/\/franciscanos.org.br\/vidacrista\/wp-json\/wp\/v2\/posts"}],"about":[{"href":"https:\/\/franciscanos.org.br\/vidacrista\/wp-json\/wp\/v2\/types\/post"}],"author":[{"embeddable":true,"href":"https:\/\/franciscanos.org.br\/vidacrista\/wp-json\/wp\/v2\/users\/3"}],"replies":[{"embeddable":true,"href":"https:\/\/franciscanos.org.br\/vidacrista\/wp-json\/wp\/v2\/comments?post=192270"}],"version-history":[{"count":1,"href":"https:\/\/franciscanos.org.br\/vidacrista\/wp-json\/wp\/v2\/posts\/192270\/revisions"}],"predecessor-version":[{"id":192272,"href":"https:\/\/franciscanos.org.br\/vidacrista\/wp-json\/wp\/v2\/posts\/192270\/revisions\/192272"}],"wp:featuredmedia":[{"embeddable":true,"href":"https:\/\/franciscanos.org.br\/vidacrista\/wp-json\/wp\/v2\/media\/192271"}],"wp:attachment":[{"href":"https:\/\/franciscanos.org.br\/vidacrista\/wp-json\/wp\/v2\/media?parent=192270"}],"wp:term":[{"taxonomy":"category","embeddable":true,"href":"https:\/\/franciscanos.org.br\/vidacrista\/wp-json\/wp\/v2\/categories?post=192270"},{"taxonomy":"post_tag","embeddable":true,"href":"https:\/\/franciscanos.org.br\/vidacrista\/wp-json\/wp\/v2\/tags?post=192270"}],"curies":[{"name":"wp","href":"https:\/\/api.w.org\/{rel}","templated":true}]}}