{"id":192172,"date":"2022-08-06T07:56:11","date_gmt":"2022-08-06T10:56:11","guid":{"rendered":"https:\/\/franciscanos.org.br\/vidacrista\/?p=192172"},"modified":"2022-08-06T07:56:11","modified_gmt":"2022-08-06T10:56:11","slug":"palavras-boas","status":"publish","type":"post","link":"https:\/\/franciscanos.org.br\/vidacrista\/palavras-boas\/","title":{"rendered":"Palavras boas"},"content":{"rendered":"<div id=\"attachment_192173\" style=\"width: 850px\" class=\"wp-caption alignnone\"><img aria-describedby=\"caption-attachment-192173\" decoding=\"async\" loading=\"lazy\" class=\"wp-image-192173 size-full\" src=\"https:\/\/franciscanos.org.br\/vidacrista\/wp-content\/uploads\/2022\/08\/artigo_0608.jpg\" alt=\"\" width=\"840\" height=\"450\" srcset=\"https:\/\/franciscanos.org.br\/vidacrista\/wp-content\/uploads\/2022\/08\/artigo_0608.jpg 840w, https:\/\/franciscanos.org.br\/vidacrista\/wp-content\/uploads\/2022\/08\/artigo_0608-450x241.jpg 450w, https:\/\/franciscanos.org.br\/vidacrista\/wp-content\/uploads\/2022\/08\/artigo_0608-768x411.jpg 768w, https:\/\/franciscanos.org.br\/vidacrista\/wp-content\/uploads\/2022\/08\/artigo_0608-150x80.jpg 150w\" sizes=\"(max-width: 840px) 100vw, 840px\" \/><p id=\"caption-attachment-192173\" class=\"wp-caption-text\"><em>Sao Paulo e as ep\u00edstolas, pintura atribu\u00edda a Valentin de Boulogne, s\u00e9culo 17, dom\u00ednio p\u00fablico <\/em><\/p><\/div>\n<p><strong>Dom Walmor Oliveira de Azevedo<\/strong><\/p>\n<p>O ap\u00f3stolo Paulo, grande educador e catequista nas primeiras comunidades crist\u00e3s, partilha heran\u00e7as perenes, atualizados ensinamentos para mente e cora\u00e7\u00e3o dos crist\u00e3os, dos homens e mulheres de boa vontade. Paulo disse, na bela e atual carta aos Ef\u00e9sios: \u201cDe vossa boca n\u00e3o saia nenhuma palavra maliciosa, mas somente palavras boas, capazes de edificar e fazer bem a quem ouve\u201d. Essa recomenda\u00e7\u00e3o preciosa \u00e9 rem\u00e9dio que cura o exerc\u00edcio da cidadania em tempos de not\u00edcias falsas, emolduradas pelas facilidades e velocidades na circula\u00e7\u00e3o de opini\u00f5es, ju\u00edzos e outros enunciados nas redes sociais. As li\u00e7\u00f5es de Paulo refor\u00e7am que o direito \u00e0 liberdade de se expressar n\u00e3o desobriga os crist\u00e3os de cuidar daquilo que ser\u00e1 dito, em qualquer circunst\u00e2ncia.<\/p>\n<p>Reconhe\u00e7a-se a responsabilidade sobre o que se expressa, os poss\u00edveis impactos provocados por tudo aquilo que se diz. Todos, particularmente os crist\u00e3os, s\u00e3o instados a refletir e a discernir bem \u2013 antes de emitir ju\u00edzos, pronunciar palavras, considerando a for\u00e7a determinante da linguagem. A palavra expressa, dentro da liberdade cidad\u00e3, tem consequ\u00eancias que n\u00e3o podem ser relativizadas. \u00c9 capaz de edificar e de destruir, causar confus\u00f5es e animosidades. O direito de express\u00e3o \u00e9 sagrado, mas as palavras n\u00e3o devem estar contaminadas por sentimentos alinhados \u00e0s estreitezas humanas, nem por vis\u00f5es parciais, manipuladas. A sociedade \u00e9 edificada \u2013 com avan\u00e7os na promo\u00e7\u00e3o do desenvolvimento integral, na supera\u00e7\u00e3o de equ\u00edvocos nos campos da pol\u00edtica e da economia, na promo\u00e7\u00e3o da igualdade social \u2013 com a for\u00e7a de palavras que geram clarivid\u00eancias, indicando solu\u00e7\u00f5es na prioriza\u00e7\u00e3o do bem comum.<\/p>\n<p>As palavras tecem o tergiversar que \u00e9 pr\u00f3prio da pol\u00edtica, comp\u00f5em discursos pol\u00edtico-partid\u00e1rios. S\u00e3o essenciais na constru\u00e7\u00e3o de entendimentos para discernir a respeito de escolhas. As palavras possibilitam a viv\u00eancia civilizada, o relacionamento entre pessoas e grupos. A instru\u00e7\u00e3o do ap\u00f3stolo Paulo precisa, pois, ser \u201cregra de ouro\u201d, especialmente quando se considera este ano eleitoral. Essa \u201cregra de ouro\u201d aplicada e vivenciada poder\u00e1 reorientar a vida cidad\u00e3, contribuindo para a supera\u00e7\u00e3o de amargos atrasos sociais. Sem o adequado uso das palavras, os atrasos se agravar\u00e3o, n\u00e3o ser\u00e3o alcan\u00e7adas solu\u00e7\u00f5es para os problemas contempor\u00e2neos. A postura adequada, diz o ap\u00f3stolo, \u00e9 abandonar a mentira e sempre dizer a verdade. E dizer a verdade n\u00e3o significa se achar no direito de espalhar desaforos, de buscar vit\u00f3rias ou a pr\u00f3pria defesa a partir de discursos que alimentam o \u00f3dio, os preconceitos. Trata-se de uma irracionalidade a estrat\u00e9gia de se gerenciar a pr\u00f3pria imagem, tentando conquistar credibilidade, a partir da dissemina\u00e7\u00e3o de inverdades, de difama\u00e7\u00f5es sobre os outros.<\/p>\n<p>Especificamente quando se considera a tergiversa\u00e7\u00e3o pr\u00f3pria da pol\u00edtica, todos os cidad\u00e3os, especialmente os crist\u00e3os \u2013 por um compromisso de f\u00e9 -, devem sempre buscar a promo\u00e7\u00e3o do bem, combatendo narrativas, e at\u00e9 mesmo provid\u00eancias legislativas, que buscam simplesmente manipular opini\u00f5es, por meio de din\u00e2micas destrutivas. A perman\u00eancia de mentalidades e procedimentos dentro dessas din\u00e2micas das manipula\u00e7\u00f5es leva a atrasos civilizat\u00f3rios, ao crescimento da viol\u00eancia, impondo preju\u00edzos a todos, especialmente aos pobres. A sociedade precisa reconhecer que s\u00e3o favor\u00e1veis as condi\u00e7\u00f5es para a abertura de novos ciclos, mas \u00e9 imprescind\u00edvel que sejam vencidos apegos pelo poder, por situa\u00e7\u00f5es que beneficiam apenas oligarquias e, especialmente, sejam assumidas as responsabilidades pelas palavras expressas, para qualificar o relacionamento humano.<\/p>\n<p>Neste horizonte, os crist\u00e3os t\u00eam obriga\u00e7\u00e3o, por princ\u00edpios e valores \u00e9tico-morais, de contribu\u00edrem determinantemente para que a liberdade de express\u00e3o seja exercida sempre de modo adequado. Retoma o ap\u00f3stolo Paulo, aconselhando: \u201cN\u00e3o se ponha o sol sobre vossa ira, e n\u00e3o deis lugar ao diabo\u201d. O Ap\u00f3stolo contribui para ser vivida a experi\u00eancia espiritual e humana de n\u00e3o fazer da pr\u00f3pria boca \u201cuma caverna\u201d de palavras maliciosas, mas fonte de palavras que edificam, enraizadas na experi\u00eancia de uma vida em Deus, pela paix\u00e3o, morte e ressurrei\u00e7\u00e3o de Cristo Jesus. Cada um priorize edificar, por gestos e palavras, a pr\u00f3pria estatura segundo a estatura de Cristo. Um percurso que pode come\u00e7ar exitosamente ao obedecer a recomenda\u00e7\u00e3o: \u201cDe vossa boca n\u00e3o saia nenhuma palavra maliciosa, mas somente palavras boas, capazes de edificar e fazer bem a quem ouve.\u201d<\/p>\n<hr \/>\n<p><strong>Dom Walmor Oliveira de Azevedo<\/strong> <em>\u00e9 Arcebispo de Belo Horizonte (MG) e presidente da Confer\u00eancia Nacional dos Bispos do Brasil (CNBB)<\/em><\/p>\n","protected":false},"excerpt":{"rendered":"<p>Artigo de Dom Walmor Oliveira de Azevedo<\/p>\n","protected":false},"author":3,"featured_media":192173,"comment_status":"open","ping_status":"open","sticky":false,"template":"","format":"standard","meta":{"footnotes":""},"categories":[26],"tags":[271],"yoast_head":"<!-- This site is optimized with the Yoast SEO plugin v19.4 - https:\/\/yoast.com\/wordpress\/plugins\/seo\/ -->\n<title>Palavras boas - Vida Crist\u00e3 - Franciscanos<\/title>\n<meta name=\"robots\" content=\"index, follow, max-snippet:-1, max-image-preview:large, max-video-preview:-1\" \/>\n<link rel=\"canonical\" href=\"https:\/\/franciscanos.org.br\/vidacrista\/palavras-boas\/\" \/>\n<meta property=\"og:locale\" content=\"pt_BR\" \/>\n<meta property=\"og:type\" content=\"article\" \/>\n<meta property=\"og:title\" content=\"Palavras boas - Vida Crist\u00e3 - Franciscanos\" \/>\n<meta property=\"og:description\" content=\"Artigo de Dom Walmor Oliveira de Azevedo\" \/>\n<meta property=\"og:url\" content=\"https:\/\/franciscanos.org.br\/vidacrista\/palavras-boas\/\" \/>\n<meta property=\"og:site_name\" content=\"Vida Crist\u00e3 - Franciscanos\" \/>\n<meta property=\"article:published_time\" content=\"2022-08-06T10:56:11+00:00\" \/>\n<meta property=\"og:image\" content=\"https:\/\/franciscanos.org.br\/vidacrista\/wp-content\/uploads\/2022\/08\/artigo_0608.jpg\" \/>\n\t<meta property=\"og:image:width\" content=\"840\" \/>\n\t<meta property=\"og:image:height\" content=\"450\" \/>\n\t<meta property=\"og:image:type\" content=\"image\/jpeg\" \/>\n<meta name=\"author\" content=\"moacir\" \/>\n<meta name=\"twitter:card\" content=\"summary_large_image\" \/>\n<meta name=\"twitter:label1\" content=\"Escrito por\" \/>\n\t<meta name=\"twitter:data1\" content=\"moacir\" \/>\n\t<meta name=\"twitter:label2\" content=\"Est. tempo de leitura\" \/>\n\t<meta name=\"twitter:data2\" content=\"5 minutos\" \/>\n<script type=\"application\/ld+json\" class=\"yoast-schema-graph\">{\"@context\":\"https:\/\/schema.org\",\"@graph\":[{\"@type\":\"WebSite\",\"@id\":\"https:\/\/franciscanos.org.br\/vidacrista\/#website\",\"url\":\"https:\/\/franciscanos.org.br\/vidacrista\/\",\"name\":\"Vida Crist\u00e3 - Franciscanos\",\"description\":\"Prov\u00edncia Franciscana da Imaculada Concei\u00e7\u00e3o do Brasil - Ordem dos Frades Menores\",\"potentialAction\":[{\"@type\":\"SearchAction\",\"target\":{\"@type\":\"EntryPoint\",\"urlTemplate\":\"https:\/\/franciscanos.org.br\/vidacrista\/?s={search_term_string}\"},\"query-input\":\"required name=search_term_string\"}],\"inLanguage\":\"pt-BR\"},{\"@type\":\"WebPage\",\"@id\":\"https:\/\/franciscanos.org.br\/vidacrista\/palavras-boas\/\",\"url\":\"https:\/\/franciscanos.org.br\/vidacrista\/palavras-boas\/\",\"name\":\"Palavras boas - Vida Crist\u00e3 - Franciscanos\",\"isPartOf\":{\"@id\":\"https:\/\/franciscanos.org.br\/vidacrista\/#website\"},\"datePublished\":\"2022-08-06T10:56:11+00:00\",\"dateModified\":\"2022-08-06T10:56:11+00:00\",\"author\":{\"@id\":\"https:\/\/franciscanos.org.br\/vidacrista\/#\/schema\/person\/1880bdd2c350b735648725ef7614736a\"},\"breadcrumb\":{\"@id\":\"https:\/\/franciscanos.org.br\/vidacrista\/palavras-boas\/#breadcrumb\"},\"inLanguage\":\"pt-BR\",\"potentialAction\":[{\"@type\":\"ReadAction\",\"target\":[\"https:\/\/franciscanos.org.br\/vidacrista\/palavras-boas\/\"]}]},{\"@type\":\"BreadcrumbList\",\"@id\":\"https:\/\/franciscanos.org.br\/vidacrista\/palavras-boas\/#breadcrumb\",\"itemListElement\":[{\"@type\":\"ListItem\",\"position\":1,\"name\":\"Home\",\"item\":\"https:\/\/franciscanos.org.br\/vidacrista\/\"},{\"@type\":\"ListItem\",\"position\":2,\"name\":\"Palavras boas\"}]},{\"@type\":\"Person\",\"@id\":\"https:\/\/franciscanos.org.br\/vidacrista\/#\/schema\/person\/1880bdd2c350b735648725ef7614736a\",\"name\":\"moacir\",\"image\":{\"@type\":\"ImageObject\",\"inLanguage\":\"pt-BR\",\"@id\":\"https:\/\/franciscanos.org.br\/vidacrista\/#\/schema\/person\/image\/\",\"url\":\"https:\/\/secure.gravatar.com\/avatar\/d08aa2ce4c8dd416d4479aa8536fcf64?s=96&d=mm&r=g\",\"contentUrl\":\"https:\/\/secure.gravatar.com\/avatar\/d08aa2ce4c8dd416d4479aa8536fcf64?s=96&d=mm&r=g\",\"caption\":\"moacir\"},\"url\":\"https:\/\/franciscanos.org.br\/vidacrista\/author\/moacir\/\"}]}<\/script>\n<!-- \/ Yoast SEO plugin. -->","yoast_head_json":{"title":"Palavras boas - Vida Crist\u00e3 - Franciscanos","robots":{"index":"index","follow":"follow","max-snippet":"max-snippet:-1","max-image-preview":"max-image-preview:large","max-video-preview":"max-video-preview:-1"},"canonical":"https:\/\/franciscanos.org.br\/vidacrista\/palavras-boas\/","og_locale":"pt_BR","og_type":"article","og_title":"Palavras boas - Vida Crist\u00e3 - Franciscanos","og_description":"Artigo de Dom Walmor Oliveira de Azevedo","og_url":"https:\/\/franciscanos.org.br\/vidacrista\/palavras-boas\/","og_site_name":"Vida Crist\u00e3 - Franciscanos","article_published_time":"2022-08-06T10:56:11+00:00","og_image":[{"width":840,"height":450,"url":"https:\/\/franciscanos.org.br\/vidacrista\/wp-content\/uploads\/2022\/08\/artigo_0608.jpg","type":"image\/jpeg"}],"author":"moacir","twitter_card":"summary_large_image","twitter_misc":{"Escrito por":"moacir","Est. tempo de leitura":"5 minutos"},"schema":{"@context":"https:\/\/schema.org","@graph":[{"@type":"WebSite","@id":"https:\/\/franciscanos.org.br\/vidacrista\/#website","url":"https:\/\/franciscanos.org.br\/vidacrista\/","name":"Vida Crist\u00e3 - Franciscanos","description":"Prov\u00edncia Franciscana da Imaculada Concei\u00e7\u00e3o do Brasil - Ordem dos Frades Menores","potentialAction":[{"@type":"SearchAction","target":{"@type":"EntryPoint","urlTemplate":"https:\/\/franciscanos.org.br\/vidacrista\/?s={search_term_string}"},"query-input":"required name=search_term_string"}],"inLanguage":"pt-BR"},{"@type":"WebPage","@id":"https:\/\/franciscanos.org.br\/vidacrista\/palavras-boas\/","url":"https:\/\/franciscanos.org.br\/vidacrista\/palavras-boas\/","name":"Palavras boas - Vida Crist\u00e3 - Franciscanos","isPartOf":{"@id":"https:\/\/franciscanos.org.br\/vidacrista\/#website"},"datePublished":"2022-08-06T10:56:11+00:00","dateModified":"2022-08-06T10:56:11+00:00","author":{"@id":"https:\/\/franciscanos.org.br\/vidacrista\/#\/schema\/person\/1880bdd2c350b735648725ef7614736a"},"breadcrumb":{"@id":"https:\/\/franciscanos.org.br\/vidacrista\/palavras-boas\/#breadcrumb"},"inLanguage":"pt-BR","potentialAction":[{"@type":"ReadAction","target":["https:\/\/franciscanos.org.br\/vidacrista\/palavras-boas\/"]}]},{"@type":"BreadcrumbList","@id":"https:\/\/franciscanos.org.br\/vidacrista\/palavras-boas\/#breadcrumb","itemListElement":[{"@type":"ListItem","position":1,"name":"Home","item":"https:\/\/franciscanos.org.br\/vidacrista\/"},{"@type":"ListItem","position":2,"name":"Palavras boas"}]},{"@type":"Person","@id":"https:\/\/franciscanos.org.br\/vidacrista\/#\/schema\/person\/1880bdd2c350b735648725ef7614736a","name":"moacir","image":{"@type":"ImageObject","inLanguage":"pt-BR","@id":"https:\/\/franciscanos.org.br\/vidacrista\/#\/schema\/person\/image\/","url":"https:\/\/secure.gravatar.com\/avatar\/d08aa2ce4c8dd416d4479aa8536fcf64?s=96&d=mm&r=g","contentUrl":"https:\/\/secure.gravatar.com\/avatar\/d08aa2ce4c8dd416d4479aa8536fcf64?s=96&d=mm&r=g","caption":"moacir"},"url":"https:\/\/franciscanos.org.br\/vidacrista\/author\/moacir\/"}]}},"_links":{"self":[{"href":"https:\/\/franciscanos.org.br\/vidacrista\/wp-json\/wp\/v2\/posts\/192172"}],"collection":[{"href":"https:\/\/franciscanos.org.br\/vidacrista\/wp-json\/wp\/v2\/posts"}],"about":[{"href":"https:\/\/franciscanos.org.br\/vidacrista\/wp-json\/wp\/v2\/types\/post"}],"author":[{"embeddable":true,"href":"https:\/\/franciscanos.org.br\/vidacrista\/wp-json\/wp\/v2\/users\/3"}],"replies":[{"embeddable":true,"href":"https:\/\/franciscanos.org.br\/vidacrista\/wp-json\/wp\/v2\/comments?post=192172"}],"version-history":[{"count":1,"href":"https:\/\/franciscanos.org.br\/vidacrista\/wp-json\/wp\/v2\/posts\/192172\/revisions"}],"predecessor-version":[{"id":192174,"href":"https:\/\/franciscanos.org.br\/vidacrista\/wp-json\/wp\/v2\/posts\/192172\/revisions\/192174"}],"wp:featuredmedia":[{"embeddable":true,"href":"https:\/\/franciscanos.org.br\/vidacrista\/wp-json\/wp\/v2\/media\/192173"}],"wp:attachment":[{"href":"https:\/\/franciscanos.org.br\/vidacrista\/wp-json\/wp\/v2\/media?parent=192172"}],"wp:term":[{"taxonomy":"category","embeddable":true,"href":"https:\/\/franciscanos.org.br\/vidacrista\/wp-json\/wp\/v2\/categories?post=192172"},{"taxonomy":"post_tag","embeddable":true,"href":"https:\/\/franciscanos.org.br\/vidacrista\/wp-json\/wp\/v2\/tags?post=192172"}],"curies":[{"name":"wp","href":"https:\/\/api.w.org\/{rel}","templated":true}]}}