{"id":192169,"date":"2022-08-05T08:40:24","date_gmt":"2022-08-05T11:40:24","guid":{"rendered":"https:\/\/franciscanos.org.br\/vidacrista\/?p=192169"},"modified":"2022-08-31T08:19:18","modified_gmt":"2022-08-31T11:19:18","slug":"a-paciencia-do-senhor","status":"publish","type":"post","link":"https:\/\/franciscanos.org.br\/vidacrista\/a-paciencia-do-senhor\/","title":{"rendered":"A paci\u00eancia do Senhor"},"content":{"rendered":"<div id=\"attachment_192170\" style=\"width: 850px\" class=\"wp-caption alignnone\"><img aria-describedby=\"caption-attachment-192170\" decoding=\"async\" loading=\"lazy\" class=\"wp-image-192170 size-full\" src=\"https:\/\/franciscanos.org.br\/vidacrista\/wp-content\/uploads\/2022\/08\/sagrado_05.jpg\" alt=\"\" width=\"840\" height=\"450\" srcset=\"https:\/\/franciscanos.org.br\/vidacrista\/wp-content\/uploads\/2022\/08\/sagrado_05.jpg 840w, https:\/\/franciscanos.org.br\/vidacrista\/wp-content\/uploads\/2022\/08\/sagrado_05-450x241.jpg 450w, https:\/\/franciscanos.org.br\/vidacrista\/wp-content\/uploads\/2022\/08\/sagrado_05-768x411.jpg 768w, https:\/\/franciscanos.org.br\/vidacrista\/wp-content\/uploads\/2022\/08\/sagrado_05-150x80.jpg 150w\" sizes=\"(max-width: 840px) 100vw, 840px\" \/><p id=\"caption-attachment-192170\" class=\"wp-caption-text\"><em> \u00a0 Imagem: Catholic Pictures<\/em> (<a href=\"https:\/\/www.cathopic.com\">https:\/\/www.cathopic.com<\/a>)<\/p><\/div>\n<p>S\u00e3o Cipriano, bispo (+258), escreveu um Tratado sobre o Bem da Paci\u00eancia. Transcrevemos alguns de seus pensamentos que nos colocam diante da magnanimidade do Cora\u00e7\u00e3o de Jesus, do Paciente Jesus.<\/p>\n<p>\u201cCom poder divino Jesus presidiu aos disc\u00edpulos, n\u00e3o como servos, mas benigno e manso, amou-os com caridade fraterna. Dignou-se tamb\u00e9m lavar os p\u00e9s dos ap\u00f3stolos para que, enquanto Senhor junto dos servos, ensinasse com seu exemplo de que modo deveriam agir.<\/p>\n<p>N\u00e3o \u00e9 de admirar que junto de seus companheiros obedientes se mostrasse de tal maneira que p\u00f4de suportar Judas ao extremo. Com paci\u00eancia infinita, toma alimento com o inimigo, sabendo-o inimigo dom\u00e9stico, sem publicamente se manifestar, nem recusar o \u00f3sculo do traidor.<\/p>\n<p>Durante a pr\u00f3pria paix\u00e3o e cruz, antes que chegasse \u00e0 crueldade da morte e a efus\u00e3o do sangue, ouviu pacientemente as inj\u00farias das palavras e tolerou as blasf\u00eamias. Recebeu daqueles que o insultavam. escarros, ele que com saliva, pouco antes, abrira os olhos ao cego. Foi flagelado quem, pela for\u00e7a do pr\u00f3prio nome flagela o pr\u00f3prio diabo. Foi coroado de espinhos quem, com flores eternas, coroa os m\u00e1rtires. Sofreu a\u00e7oites na face com palmas, quem concede as verdadeiras palmas aos vencedores. Foi despojado da veste terrena quem aos outros veste com a imortalidade. Foi alimentado com fel quem oferece alimento celeste. Foi saciado com vinagre em sua sede, que brindou os outros com bebida salutar.<\/p>\n<p>Ele, inocente, justo, a pr\u00f3pria inoc\u00eancia e a pr\u00f3pria justi\u00e7a, \u00e9 julgado entre criminosos e, com falsos testemunhos, \u00e9 esmagado, ele que \u00e9 a pr\u00f3pria verdade. \u00c9 julgado quem h\u00e1 de julgar. Ele, a Palavra de Deus, em sil\u00eancio \u00e9 levado ao sacrif\u00edcio. E quando, junto \u00e0 cruz do Senhor, as estrelas se confundem, os elementos se perturbam, a terra treme, a noite encerra o dia, ele n\u00e3o fala e n\u00e3o se move, nem manifesta sua majestade, nem ao menos durante a pr\u00f3pria paix\u00e3o. At\u00e9 o fim, sempre perseverante e continuamente tudo \u00e9 tolerado, para que se consuma em Cristo a plena e perfeita paci\u00eancia.<\/p>\n<p><em>Transcrito do Lecion\u00e1rio Mon\u00e1stico II, p.544-545<\/em><\/p>\n<hr \/>\n<p><em>Frei Almir Ribeiro Guimar\u00e3es<\/em><\/p>\n","protected":false},"excerpt":{"rendered":"<p>Primeira Sexta-feira do M\u00eas<\/p>\n","protected":false},"author":3,"featured_media":192170,"comment_status":"open","ping_status":"open","sticky":false,"template":"","format":"standard","meta":{"footnotes":""},"categories":[105],"tags":[106],"yoast_head":"<!-- This site is optimized with the Yoast SEO plugin v19.4 - https:\/\/yoast.com\/wordpress\/plugins\/seo\/ -->\n<title>A paci\u00eancia do Senhor - Vida Crist\u00e3 - Franciscanos<\/title>\n<meta name=\"robots\" content=\"index, follow, max-snippet:-1, max-image-preview:large, max-video-preview:-1\" \/>\n<link rel=\"canonical\" href=\"https:\/\/franciscanos.org.br\/vidacrista\/a-paciencia-do-senhor\/\" \/>\n<meta property=\"og:locale\" content=\"pt_BR\" \/>\n<meta property=\"og:type\" content=\"article\" \/>\n<meta property=\"og:title\" content=\"A paci\u00eancia do Senhor - Vida Crist\u00e3 - Franciscanos\" \/>\n<meta property=\"og:description\" content=\"Primeira Sexta-feira do M\u00eas\" \/>\n<meta property=\"og:url\" content=\"https:\/\/franciscanos.org.br\/vidacrista\/a-paciencia-do-senhor\/\" \/>\n<meta property=\"og:site_name\" content=\"Vida Crist\u00e3 - Franciscanos\" \/>\n<meta property=\"article:published_time\" content=\"2022-08-05T11:40:24+00:00\" \/>\n<meta property=\"article:modified_time\" content=\"2022-08-31T11:19:18+00:00\" \/>\n<meta property=\"og:image\" content=\"https:\/\/franciscanos.org.br\/vidacrista\/wp-content\/uploads\/2022\/08\/sagrado_05.jpg\" \/>\n\t<meta property=\"og:image:width\" content=\"840\" \/>\n\t<meta property=\"og:image:height\" content=\"450\" \/>\n\t<meta property=\"og:image:type\" content=\"image\/jpeg\" \/>\n<meta name=\"author\" content=\"moacir\" \/>\n<meta name=\"twitter:card\" content=\"summary_large_image\" \/>\n<meta name=\"twitter:label1\" content=\"Escrito por\" \/>\n\t<meta name=\"twitter:data1\" content=\"moacir\" \/>\n\t<meta name=\"twitter:label2\" content=\"Est. tempo de leitura\" \/>\n\t<meta name=\"twitter:data2\" content=\"3 minutos\" \/>\n<script type=\"application\/ld+json\" class=\"yoast-schema-graph\">{\"@context\":\"https:\/\/schema.org\",\"@graph\":[{\"@type\":\"WebSite\",\"@id\":\"https:\/\/franciscanos.org.br\/vidacrista\/#website\",\"url\":\"https:\/\/franciscanos.org.br\/vidacrista\/\",\"name\":\"Vida Crist\u00e3 - Franciscanos\",\"description\":\"Prov\u00edncia Franciscana da Imaculada Concei\u00e7\u00e3o do Brasil - Ordem dos Frades Menores\",\"potentialAction\":[{\"@type\":\"SearchAction\",\"target\":{\"@type\":\"EntryPoint\",\"urlTemplate\":\"https:\/\/franciscanos.org.br\/vidacrista\/?s={search_term_string}\"},\"query-input\":\"required name=search_term_string\"}],\"inLanguage\":\"pt-BR\"},{\"@type\":\"WebPage\",\"@id\":\"https:\/\/franciscanos.org.br\/vidacrista\/a-paciencia-do-senhor\/\",\"url\":\"https:\/\/franciscanos.org.br\/vidacrista\/a-paciencia-do-senhor\/\",\"name\":\"A paci\u00eancia do Senhor - Vida Crist\u00e3 - Franciscanos\",\"isPartOf\":{\"@id\":\"https:\/\/franciscanos.org.br\/vidacrista\/#website\"},\"datePublished\":\"2022-08-05T11:40:24+00:00\",\"dateModified\":\"2022-08-31T11:19:18+00:00\",\"author\":{\"@id\":\"https:\/\/franciscanos.org.br\/vidacrista\/#\/schema\/person\/1880bdd2c350b735648725ef7614736a\"},\"breadcrumb\":{\"@id\":\"https:\/\/franciscanos.org.br\/vidacrista\/a-paciencia-do-senhor\/#breadcrumb\"},\"inLanguage\":\"pt-BR\",\"potentialAction\":[{\"@type\":\"ReadAction\",\"target\":[\"https:\/\/franciscanos.org.br\/vidacrista\/a-paciencia-do-senhor\/\"]}]},{\"@type\":\"BreadcrumbList\",\"@id\":\"https:\/\/franciscanos.org.br\/vidacrista\/a-paciencia-do-senhor\/#breadcrumb\",\"itemListElement\":[{\"@type\":\"ListItem\",\"position\":1,\"name\":\"Home\",\"item\":\"https:\/\/franciscanos.org.br\/vidacrista\/\"},{\"@type\":\"ListItem\",\"position\":2,\"name\":\"A paci\u00eancia do Senhor\"}]},{\"@type\":\"Person\",\"@id\":\"https:\/\/franciscanos.org.br\/vidacrista\/#\/schema\/person\/1880bdd2c350b735648725ef7614736a\",\"name\":\"moacir\",\"image\":{\"@type\":\"ImageObject\",\"inLanguage\":\"pt-BR\",\"@id\":\"https:\/\/franciscanos.org.br\/vidacrista\/#\/schema\/person\/image\/\",\"url\":\"https:\/\/secure.gravatar.com\/avatar\/d08aa2ce4c8dd416d4479aa8536fcf64?s=96&d=mm&r=g\",\"contentUrl\":\"https:\/\/secure.gravatar.com\/avatar\/d08aa2ce4c8dd416d4479aa8536fcf64?s=96&d=mm&r=g\",\"caption\":\"moacir\"},\"url\":\"https:\/\/franciscanos.org.br\/vidacrista\/author\/moacir\/\"}]}<\/script>\n<!-- \/ Yoast SEO plugin. -->","yoast_head_json":{"title":"A paci\u00eancia do Senhor - Vida Crist\u00e3 - Franciscanos","robots":{"index":"index","follow":"follow","max-snippet":"max-snippet:-1","max-image-preview":"max-image-preview:large","max-video-preview":"max-video-preview:-1"},"canonical":"https:\/\/franciscanos.org.br\/vidacrista\/a-paciencia-do-senhor\/","og_locale":"pt_BR","og_type":"article","og_title":"A paci\u00eancia do Senhor - Vida Crist\u00e3 - Franciscanos","og_description":"Primeira Sexta-feira do M\u00eas","og_url":"https:\/\/franciscanos.org.br\/vidacrista\/a-paciencia-do-senhor\/","og_site_name":"Vida Crist\u00e3 - Franciscanos","article_published_time":"2022-08-05T11:40:24+00:00","article_modified_time":"2022-08-31T11:19:18+00:00","og_image":[{"width":840,"height":450,"url":"https:\/\/franciscanos.org.br\/vidacrista\/wp-content\/uploads\/2022\/08\/sagrado_05.jpg","type":"image\/jpeg"}],"author":"moacir","twitter_card":"summary_large_image","twitter_misc":{"Escrito por":"moacir","Est. tempo de leitura":"3 minutos"},"schema":{"@context":"https:\/\/schema.org","@graph":[{"@type":"WebSite","@id":"https:\/\/franciscanos.org.br\/vidacrista\/#website","url":"https:\/\/franciscanos.org.br\/vidacrista\/","name":"Vida Crist\u00e3 - Franciscanos","description":"Prov\u00edncia Franciscana da Imaculada Concei\u00e7\u00e3o do Brasil - Ordem dos Frades Menores","potentialAction":[{"@type":"SearchAction","target":{"@type":"EntryPoint","urlTemplate":"https:\/\/franciscanos.org.br\/vidacrista\/?s={search_term_string}"},"query-input":"required name=search_term_string"}],"inLanguage":"pt-BR"},{"@type":"WebPage","@id":"https:\/\/franciscanos.org.br\/vidacrista\/a-paciencia-do-senhor\/","url":"https:\/\/franciscanos.org.br\/vidacrista\/a-paciencia-do-senhor\/","name":"A paci\u00eancia do Senhor - Vida Crist\u00e3 - Franciscanos","isPartOf":{"@id":"https:\/\/franciscanos.org.br\/vidacrista\/#website"},"datePublished":"2022-08-05T11:40:24+00:00","dateModified":"2022-08-31T11:19:18+00:00","author":{"@id":"https:\/\/franciscanos.org.br\/vidacrista\/#\/schema\/person\/1880bdd2c350b735648725ef7614736a"},"breadcrumb":{"@id":"https:\/\/franciscanos.org.br\/vidacrista\/a-paciencia-do-senhor\/#breadcrumb"},"inLanguage":"pt-BR","potentialAction":[{"@type":"ReadAction","target":["https:\/\/franciscanos.org.br\/vidacrista\/a-paciencia-do-senhor\/"]}]},{"@type":"BreadcrumbList","@id":"https:\/\/franciscanos.org.br\/vidacrista\/a-paciencia-do-senhor\/#breadcrumb","itemListElement":[{"@type":"ListItem","position":1,"name":"Home","item":"https:\/\/franciscanos.org.br\/vidacrista\/"},{"@type":"ListItem","position":2,"name":"A paci\u00eancia do Senhor"}]},{"@type":"Person","@id":"https:\/\/franciscanos.org.br\/vidacrista\/#\/schema\/person\/1880bdd2c350b735648725ef7614736a","name":"moacir","image":{"@type":"ImageObject","inLanguage":"pt-BR","@id":"https:\/\/franciscanos.org.br\/vidacrista\/#\/schema\/person\/image\/","url":"https:\/\/secure.gravatar.com\/avatar\/d08aa2ce4c8dd416d4479aa8536fcf64?s=96&d=mm&r=g","contentUrl":"https:\/\/secure.gravatar.com\/avatar\/d08aa2ce4c8dd416d4479aa8536fcf64?s=96&d=mm&r=g","caption":"moacir"},"url":"https:\/\/franciscanos.org.br\/vidacrista\/author\/moacir\/"}]}},"_links":{"self":[{"href":"https:\/\/franciscanos.org.br\/vidacrista\/wp-json\/wp\/v2\/posts\/192169"}],"collection":[{"href":"https:\/\/franciscanos.org.br\/vidacrista\/wp-json\/wp\/v2\/posts"}],"about":[{"href":"https:\/\/franciscanos.org.br\/vidacrista\/wp-json\/wp\/v2\/types\/post"}],"author":[{"embeddable":true,"href":"https:\/\/franciscanos.org.br\/vidacrista\/wp-json\/wp\/v2\/users\/3"}],"replies":[{"embeddable":true,"href":"https:\/\/franciscanos.org.br\/vidacrista\/wp-json\/wp\/v2\/comments?post=192169"}],"version-history":[{"count":2,"href":"https:\/\/franciscanos.org.br\/vidacrista\/wp-json\/wp\/v2\/posts\/192169\/revisions"}],"predecessor-version":[{"id":192298,"href":"https:\/\/franciscanos.org.br\/vidacrista\/wp-json\/wp\/v2\/posts\/192169\/revisions\/192298"}],"wp:featuredmedia":[{"embeddable":true,"href":"https:\/\/franciscanos.org.br\/vidacrista\/wp-json\/wp\/v2\/media\/192170"}],"wp:attachment":[{"href":"https:\/\/franciscanos.org.br\/vidacrista\/wp-json\/wp\/v2\/media?parent=192169"}],"wp:term":[{"taxonomy":"category","embeddable":true,"href":"https:\/\/franciscanos.org.br\/vidacrista\/wp-json\/wp\/v2\/categories?post=192169"},{"taxonomy":"post_tag","embeddable":true,"href":"https:\/\/franciscanos.org.br\/vidacrista\/wp-json\/wp\/v2\/tags?post=192169"}],"curies":[{"name":"wp","href":"https:\/\/api.w.org\/{rel}","templated":true}]}}