{"id":192147,"date":"2022-07-20T17:35:28","date_gmt":"2022-07-20T20:35:28","guid":{"rendered":"https:\/\/franciscanos.org.br\/vidacrista\/?p=192147"},"modified":"2022-07-20T17:35:28","modified_gmt":"2022-07-20T20:35:28","slug":"francisco-de-assis-o-amigo","status":"publish","type":"post","link":"https:\/\/franciscanos.org.br\/vidacrista\/francisco-de-assis-o-amigo\/","title":{"rendered":"Francisco de Assis, o amigo"},"content":{"rendered":"<div id=\"attachment_192148\" style=\"width: 850px\" class=\"wp-caption alignnone\"><img aria-describedby=\"caption-attachment-192148\" decoding=\"async\" loading=\"lazy\" class=\"wp-image-192148 size-full\" src=\"https:\/\/franciscanos.org.br\/vidacrista\/wp-content\/uploads\/2022\/07\/clara_francisco.jpg\" alt=\"\" width=\"840\" height=\"466\" srcset=\"https:\/\/franciscanos.org.br\/vidacrista\/wp-content\/uploads\/2022\/07\/clara_francisco.jpg 840w, https:\/\/franciscanos.org.br\/vidacrista\/wp-content\/uploads\/2022\/07\/clara_francisco-450x250.jpg 450w, https:\/\/franciscanos.org.br\/vidacrista\/wp-content\/uploads\/2022\/07\/clara_francisco-768x426.jpg 768w, https:\/\/franciscanos.org.br\/vidacrista\/wp-content\/uploads\/2022\/07\/clara_francisco-150x83.jpg 150w\" sizes=\"(max-width: 840px) 100vw, 840px\" \/><p id=\"caption-attachment-192148\" class=\"wp-caption-text\">\u00a0 \u00a0 \u00a0 \u00a0 \u00a0 \u00a0 \u00a0 \u00a0 \u00a0 \u00a0 \u00a0 \u00a0 \u00a0 \u00a0 \u00a0 \u00a0 \u00a0 \u00a0 \u00a0 \u00a0 \u00a0 \u00a0 \u00a0 \u00a0 \u00a0 \u00a0 \u00a0<em> \u00a0 \u00a0 \u00a0 \u00a0 \u00a0 \u00a0 \u00a0 Imagem: Reprodu\u00e7\u00e3o do filme &#8220;Clara e Francisco&#8221;<\/em><\/p><\/div>\n<p>Francisco de Assis, amigo de Clara, amigo de Le\u00e3o, de Rufino, de \u00c2ngelo, de Jacoba de Settesoli, dos animais, do sol, da lua, da \u00e1gua e do vento. Francisco amigo de tudo o que podia dividir com ele uma nova vida. Sua amizade \u00e9 vitalidade de fraternidade, sair e chegar para perto de tudo que se constitui um novo modo de relacionar-se. Seu jeito peregrino encontra no caminho valores que aproximam pessoas e todo ser criado. Amizade como comunh\u00e3o de mesma busca, re\u00fane amigos que dividem sonhos.<\/p>\n<p>Amigo tem essa energia que vem da liberdade da escolha feita pelo cora\u00e7\u00e3o e n\u00e3o pela ancestralidade, embora certos amigos j\u00e1 est\u00e3o destinados \u00e0 nossa vida desde os in\u00edcios dos tempos. Clara de Assis, por exemplo, parecia uma conhecida desde as origens das intui\u00e7\u00f5es. Amigos fazem parte dos sonhos que Deus sonhou para n\u00f3s. Aproximam confid\u00eancias de f\u00e9 e amor, trazem a ben\u00e9fica energia de coragem, de pot\u00eancia das coisas que brotam do cora\u00e7\u00e3o, capaz de criar e transformar.<br \/>\nAmigo n\u00e3o precisa de coisas, mas de cora\u00e7\u00f5es. Permeavam os encontros de humanidade e santidade. Amigo n\u00e3o tem refer\u00eancia de sangue biol\u00f3gico ou parental, mas recebe nas veias uma transfus\u00e3o de ideais parecidos, de la\u00e7os, direitos conquistados na partilha, dist\u00e2ncia vivida na intensa proximidade.<\/p>\n<p>Francisco amigo nos ensinou a levar a individualidade e a totalidade para fazer a festa de estar juntos. Com seus amigos fez encontros decisivos e eles escreveram uma Legenda toda de sua vida. Amizade \u00e9 olhar no espelho e ver tantas faces sorrindo na mesma transpar\u00eancia e dizendo que a cruz e mais leve quando n\u00e3o \u00e9 carregada sozinha. Por isso, \u00e9 testament\u00e1rio dizer que o Senhor nos deu amigos-irm\u00e3os, construtores da Paz e facilitadores do Bem!<br \/>\nFeliz dia para quem todo dia se faz Amigo!<\/p>\n<hr \/>\n<p><em>Frei Vitorio Mazzuco<\/em><\/p>\n","protected":false},"excerpt":{"rendered":"<p>Artigo de Frei Vitorio Mazzuco<\/p>\n","protected":false},"author":3,"featured_media":192148,"comment_status":"open","ping_status":"open","sticky":false,"template":"","format":"standard","meta":{"footnotes":""},"categories":[26],"tags":[203],"yoast_head":"<!-- This site is optimized with the Yoast SEO plugin v19.4 - https:\/\/yoast.com\/wordpress\/plugins\/seo\/ -->\n<title>Francisco de Assis, o amigo - Vida Crist\u00e3 - Franciscanos<\/title>\n<meta name=\"robots\" content=\"index, follow, max-snippet:-1, max-image-preview:large, max-video-preview:-1\" \/>\n<link rel=\"canonical\" href=\"https:\/\/franciscanos.org.br\/vidacrista\/francisco-de-assis-o-amigo\/\" \/>\n<meta property=\"og:locale\" content=\"pt_BR\" \/>\n<meta property=\"og:type\" content=\"article\" \/>\n<meta property=\"og:title\" content=\"Francisco de Assis, o amigo - Vida Crist\u00e3 - Franciscanos\" \/>\n<meta property=\"og:description\" content=\"Artigo de Frei Vitorio Mazzuco\" \/>\n<meta property=\"og:url\" content=\"https:\/\/franciscanos.org.br\/vidacrista\/francisco-de-assis-o-amigo\/\" \/>\n<meta property=\"og:site_name\" content=\"Vida Crist\u00e3 - Franciscanos\" \/>\n<meta property=\"article:published_time\" content=\"2022-07-20T20:35:28+00:00\" \/>\n<meta property=\"og:image\" content=\"https:\/\/franciscanos.org.br\/vidacrista\/wp-content\/uploads\/2022\/07\/clara_francisco.jpg\" \/>\n\t<meta property=\"og:image:width\" content=\"840\" \/>\n\t<meta property=\"og:image:height\" content=\"466\" \/>\n\t<meta property=\"og:image:type\" content=\"image\/jpeg\" \/>\n<meta name=\"author\" content=\"moacir\" \/>\n<meta name=\"twitter:card\" content=\"summary_large_image\" \/>\n<meta name=\"twitter:label1\" content=\"Escrito por\" \/>\n\t<meta name=\"twitter:data1\" content=\"moacir\" \/>\n\t<meta name=\"twitter:label2\" content=\"Est. tempo de leitura\" \/>\n\t<meta name=\"twitter:data2\" content=\"2 minutos\" \/>\n<script type=\"application\/ld+json\" class=\"yoast-schema-graph\">{\"@context\":\"https:\/\/schema.org\",\"@graph\":[{\"@type\":\"WebSite\",\"@id\":\"https:\/\/franciscanos.org.br\/vidacrista\/#website\",\"url\":\"https:\/\/franciscanos.org.br\/vidacrista\/\",\"name\":\"Vida Crist\u00e3 - Franciscanos\",\"description\":\"Prov\u00edncia Franciscana da Imaculada Concei\u00e7\u00e3o do Brasil - Ordem dos Frades Menores\",\"potentialAction\":[{\"@type\":\"SearchAction\",\"target\":{\"@type\":\"EntryPoint\",\"urlTemplate\":\"https:\/\/franciscanos.org.br\/vidacrista\/?s={search_term_string}\"},\"query-input\":\"required name=search_term_string\"}],\"inLanguage\":\"pt-BR\"},{\"@type\":\"WebPage\",\"@id\":\"https:\/\/franciscanos.org.br\/vidacrista\/francisco-de-assis-o-amigo\/\",\"url\":\"https:\/\/franciscanos.org.br\/vidacrista\/francisco-de-assis-o-amigo\/\",\"name\":\"Francisco de Assis, o amigo - Vida Crist\u00e3 - Franciscanos\",\"isPartOf\":{\"@id\":\"https:\/\/franciscanos.org.br\/vidacrista\/#website\"},\"datePublished\":\"2022-07-20T20:35:28+00:00\",\"dateModified\":\"2022-07-20T20:35:28+00:00\",\"author\":{\"@id\":\"https:\/\/franciscanos.org.br\/vidacrista\/#\/schema\/person\/1880bdd2c350b735648725ef7614736a\"},\"breadcrumb\":{\"@id\":\"https:\/\/franciscanos.org.br\/vidacrista\/francisco-de-assis-o-amigo\/#breadcrumb\"},\"inLanguage\":\"pt-BR\",\"potentialAction\":[{\"@type\":\"ReadAction\",\"target\":[\"https:\/\/franciscanos.org.br\/vidacrista\/francisco-de-assis-o-amigo\/\"]}]},{\"@type\":\"BreadcrumbList\",\"@id\":\"https:\/\/franciscanos.org.br\/vidacrista\/francisco-de-assis-o-amigo\/#breadcrumb\",\"itemListElement\":[{\"@type\":\"ListItem\",\"position\":1,\"name\":\"Home\",\"item\":\"https:\/\/franciscanos.org.br\/vidacrista\/\"},{\"@type\":\"ListItem\",\"position\":2,\"name\":\"Francisco de Assis, o amigo\"}]},{\"@type\":\"Person\",\"@id\":\"https:\/\/franciscanos.org.br\/vidacrista\/#\/schema\/person\/1880bdd2c350b735648725ef7614736a\",\"name\":\"moacir\",\"image\":{\"@type\":\"ImageObject\",\"inLanguage\":\"pt-BR\",\"@id\":\"https:\/\/franciscanos.org.br\/vidacrista\/#\/schema\/person\/image\/\",\"url\":\"https:\/\/secure.gravatar.com\/avatar\/d08aa2ce4c8dd416d4479aa8536fcf64?s=96&d=mm&r=g\",\"contentUrl\":\"https:\/\/secure.gravatar.com\/avatar\/d08aa2ce4c8dd416d4479aa8536fcf64?s=96&d=mm&r=g\",\"caption\":\"moacir\"},\"url\":\"https:\/\/franciscanos.org.br\/vidacrista\/author\/moacir\/\"}]}<\/script>\n<!-- \/ Yoast SEO plugin. -->","yoast_head_json":{"title":"Francisco de Assis, o amigo - Vida Crist\u00e3 - Franciscanos","robots":{"index":"index","follow":"follow","max-snippet":"max-snippet:-1","max-image-preview":"max-image-preview:large","max-video-preview":"max-video-preview:-1"},"canonical":"https:\/\/franciscanos.org.br\/vidacrista\/francisco-de-assis-o-amigo\/","og_locale":"pt_BR","og_type":"article","og_title":"Francisco de Assis, o amigo - Vida Crist\u00e3 - Franciscanos","og_description":"Artigo de Frei Vitorio Mazzuco","og_url":"https:\/\/franciscanos.org.br\/vidacrista\/francisco-de-assis-o-amigo\/","og_site_name":"Vida Crist\u00e3 - Franciscanos","article_published_time":"2022-07-20T20:35:28+00:00","og_image":[{"width":840,"height":466,"url":"https:\/\/franciscanos.org.br\/vidacrista\/wp-content\/uploads\/2022\/07\/clara_francisco.jpg","type":"image\/jpeg"}],"author":"moacir","twitter_card":"summary_large_image","twitter_misc":{"Escrito por":"moacir","Est. tempo de leitura":"2 minutos"},"schema":{"@context":"https:\/\/schema.org","@graph":[{"@type":"WebSite","@id":"https:\/\/franciscanos.org.br\/vidacrista\/#website","url":"https:\/\/franciscanos.org.br\/vidacrista\/","name":"Vida Crist\u00e3 - Franciscanos","description":"Prov\u00edncia Franciscana da Imaculada Concei\u00e7\u00e3o do Brasil - Ordem dos Frades Menores","potentialAction":[{"@type":"SearchAction","target":{"@type":"EntryPoint","urlTemplate":"https:\/\/franciscanos.org.br\/vidacrista\/?s={search_term_string}"},"query-input":"required name=search_term_string"}],"inLanguage":"pt-BR"},{"@type":"WebPage","@id":"https:\/\/franciscanos.org.br\/vidacrista\/francisco-de-assis-o-amigo\/","url":"https:\/\/franciscanos.org.br\/vidacrista\/francisco-de-assis-o-amigo\/","name":"Francisco de Assis, o amigo - Vida Crist\u00e3 - Franciscanos","isPartOf":{"@id":"https:\/\/franciscanos.org.br\/vidacrista\/#website"},"datePublished":"2022-07-20T20:35:28+00:00","dateModified":"2022-07-20T20:35:28+00:00","author":{"@id":"https:\/\/franciscanos.org.br\/vidacrista\/#\/schema\/person\/1880bdd2c350b735648725ef7614736a"},"breadcrumb":{"@id":"https:\/\/franciscanos.org.br\/vidacrista\/francisco-de-assis-o-amigo\/#breadcrumb"},"inLanguage":"pt-BR","potentialAction":[{"@type":"ReadAction","target":["https:\/\/franciscanos.org.br\/vidacrista\/francisco-de-assis-o-amigo\/"]}]},{"@type":"BreadcrumbList","@id":"https:\/\/franciscanos.org.br\/vidacrista\/francisco-de-assis-o-amigo\/#breadcrumb","itemListElement":[{"@type":"ListItem","position":1,"name":"Home","item":"https:\/\/franciscanos.org.br\/vidacrista\/"},{"@type":"ListItem","position":2,"name":"Francisco de Assis, o amigo"}]},{"@type":"Person","@id":"https:\/\/franciscanos.org.br\/vidacrista\/#\/schema\/person\/1880bdd2c350b735648725ef7614736a","name":"moacir","image":{"@type":"ImageObject","inLanguage":"pt-BR","@id":"https:\/\/franciscanos.org.br\/vidacrista\/#\/schema\/person\/image\/","url":"https:\/\/secure.gravatar.com\/avatar\/d08aa2ce4c8dd416d4479aa8536fcf64?s=96&d=mm&r=g","contentUrl":"https:\/\/secure.gravatar.com\/avatar\/d08aa2ce4c8dd416d4479aa8536fcf64?s=96&d=mm&r=g","caption":"moacir"},"url":"https:\/\/franciscanos.org.br\/vidacrista\/author\/moacir\/"}]}},"_links":{"self":[{"href":"https:\/\/franciscanos.org.br\/vidacrista\/wp-json\/wp\/v2\/posts\/192147"}],"collection":[{"href":"https:\/\/franciscanos.org.br\/vidacrista\/wp-json\/wp\/v2\/posts"}],"about":[{"href":"https:\/\/franciscanos.org.br\/vidacrista\/wp-json\/wp\/v2\/types\/post"}],"author":[{"embeddable":true,"href":"https:\/\/franciscanos.org.br\/vidacrista\/wp-json\/wp\/v2\/users\/3"}],"replies":[{"embeddable":true,"href":"https:\/\/franciscanos.org.br\/vidacrista\/wp-json\/wp\/v2\/comments?post=192147"}],"version-history":[{"count":1,"href":"https:\/\/franciscanos.org.br\/vidacrista\/wp-json\/wp\/v2\/posts\/192147\/revisions"}],"predecessor-version":[{"id":192149,"href":"https:\/\/franciscanos.org.br\/vidacrista\/wp-json\/wp\/v2\/posts\/192147\/revisions\/192149"}],"wp:featuredmedia":[{"embeddable":true,"href":"https:\/\/franciscanos.org.br\/vidacrista\/wp-json\/wp\/v2\/media\/192148"}],"wp:attachment":[{"href":"https:\/\/franciscanos.org.br\/vidacrista\/wp-json\/wp\/v2\/media?parent=192147"}],"wp:term":[{"taxonomy":"category","embeddable":true,"href":"https:\/\/franciscanos.org.br\/vidacrista\/wp-json\/wp\/v2\/categories?post=192147"},{"taxonomy":"post_tag","embeddable":true,"href":"https:\/\/franciscanos.org.br\/vidacrista\/wp-json\/wp\/v2\/tags?post=192147"}],"curies":[{"name":"wp","href":"https:\/\/api.w.org\/{rel}","templated":true}]}}