{"id":192087,"date":"2022-07-11T08:30:55","date_gmt":"2022-07-11T11:30:55","guid":{"rendered":"https:\/\/franciscanos.org.br\/vidacrista\/?p=192087"},"modified":"2022-07-11T08:30:55","modified_gmt":"2022-07-11T11:30:55","slug":"a-justa-medida-comece-consigo-mesmo-e-respeite-a-terra","status":"publish","type":"post","link":"https:\/\/franciscanos.org.br\/vidacrista\/a-justa-medida-comece-consigo-mesmo-e-respeite-a-terra\/","title":{"rendered":"A justa medida: comece consigo mesmo e respeite a Terra"},"content":{"rendered":"<div id=\"attachment_192088\" style=\"width: 850px\" class=\"wp-caption alignnone\"><img aria-describedby=\"caption-attachment-192088\" decoding=\"async\" loading=\"lazy\" class=\"wp-image-192088 size-full\" src=\"https:\/\/franciscanos.org.br\/vidacrista\/wp-content\/uploads\/2022\/07\/artigo_1107.png\" alt=\"\" width=\"840\" height=\"450\" srcset=\"https:\/\/franciscanos.org.br\/vidacrista\/wp-content\/uploads\/2022\/07\/artigo_1107.png 840w, https:\/\/franciscanos.org.br\/vidacrista\/wp-content\/uploads\/2022\/07\/artigo_1107-450x241.png 450w, https:\/\/franciscanos.org.br\/vidacrista\/wp-content\/uploads\/2022\/07\/artigo_1107-768x411.png 768w, https:\/\/franciscanos.org.br\/vidacrista\/wp-content\/uploads\/2022\/07\/artigo_1107-150x80.png 150w\" sizes=\"(max-width: 840px) 100vw, 840px\" \/><p id=\"caption-attachment-192088\" class=\"wp-caption-text\">\u00a0 \u00a0 \u00a0 \u00a0 \u00a0 \u00a0 \u00a0 \u00a0 \u00a0 \u00a0 \u00a0 \u00a0 \u00a0 \u00a0 \u00a0 \u00a0 \u00a0 \u00a0 \u00a0 \u00a0 \u00a0 \u00a0 \u00a0 \u00a0 \u00a0 \u00a0 \u00a0 \u00a0 \u00a0 \u00a0 \u00a0 \u00a0Imagem ilustrativa: Canva (<a href=\"http:\/\/www.canva.com\/pt_br\/modelos\">www.canva.com\/pt_br\/modelos<\/a>)<\/p><\/div>\n<p><strong>Leonardo Boff<\/strong><\/p>\n<p>As mudan\u00e7as e a pr\u00f3pria hist\u00f3ria n\u00e3o se fazem mecanicamente. Sempre ocorrem dentro de condicionamentos do passado e do presente. Mas nunca eximem a atua\u00e7\u00e3o dos sujeitos hist\u00f3ricos que usam sua liberdade e tomam posi\u00e7\u00f5es. S\u00e3o eles, inseridos num determinado contexto, que fazem a hist\u00f3ria. O mesmo vale para o resgate da<em> justa medida<\/em> t\u00e3o urgente para os tempos atuais.<\/p>\n<p>A justa medida est\u00e1 presente em todas as \u00e9ticas mundiais. O verdadeiro humanismo somente se d\u00e1 se ele se fundar na modera\u00e7\u00e3o, no caminho do meio, e na<em> justa medida.<\/em><\/p>\n<p>Por onde come\u00e7ar?<\/p>\n<p><strong>Comece consigo mesmo<\/strong><\/p>\n<p>Fundamentais s\u00e3o as mudan\u00e7as pessoais, as assim chamadas revolu\u00e7\u00f5es moleculares que marcam o primeiro passo para qualquer processo de transforma\u00e7\u00e3o. Esta s\u00f3 ser\u00e1 efetiva se a pessoa se dispuser a oper\u00e1-las em sua pr\u00f3pria vida. Nesse quesito devemos ser concretos: o excesso de marketing faz com que as pessoas sejam seduzidas pelo consumo e percam a justa medida; o excesso de selfies denota narcisismo; o tempo dedicado a viajar por pura curiosidade pelos programas da internet e outros do g\u00eanero s\u00e3o demonstra\u00e7\u00f5es de falta da justa medida. Ref\u00e9ns da virtualidade negamo-nos o gosto do encontro e da amizade. Bem observou o Papa Francisco na enc\u00edclica Todos irm\u00e3os e irm\u00e3s: \u201cOs meios digitais privam-nos dos gestos f\u00edsicos, express\u00f5es do rosto, sil\u00eancios, linguagem corp\u00f3rea e at\u00e9 o perfume, o tremor das m\u00e3os, o rubor, a transpira\u00e7\u00e3o, porque tudo isso fala e faz parte da comunica\u00e7\u00e3o humana\u201d (n.43).<\/p>\n<p>Tais meios nos fazem pr\u00f3ximos, mas n\u00e3o irm\u00e3os. Constituem princ\u00edpios da f\u00edsica qu\u00e2ntica e da nova cosmog\u00eanese ver toda a realidade, tamb\u00e9m a mat\u00e9ria, como formas de energia em distintos graus de densidade e sempre em teias de rela\u00e7\u00f5es. Consoante esta compreens\u00e3o, nada existe fora das rela\u00e7\u00f5es, nenhum ato feito pela pessoa fica retido nela. A energia que emite, circula por todas as teias, fortalecendo-as e desta forma acelerando a constru\u00e7\u00e3o da Casa Comum.<\/p>\n<p>Disso se deriva o fato de que nenhum ato humano se reduz ao pessoal mas sempre implica o social e o global porque estamos permanentemente conectados com eles. Vejamos algumas express\u00f5es desta dimens\u00e3o da <em>justa medida<\/em> no \u00e2mbito pessoal.<\/p>\n<p>Antes de mais nada, cada pessoa deve minimamente conhecer-se a si mesma, suas puls\u00f5es, suas energias interiores, se positivas ou negativas. H\u00e1 pessoas que, por natureza, s\u00e3o mais impulsivas e dadas a perder a justa medida. H\u00e1 outras, por natureza, mais tranquilas e face a situa\u00e7\u00f5es conflitivas n\u00e3o perdem a justa medida.<\/p>\n<p>Manter a <em>justa medida<\/em> nestes casos, representa um ato sapiencial: sabe quando falar e quando calar; aprende a dominar seus impulsos e pensa e repensa antes de agir. Outros conscientemente fazem um esfor\u00e7o significativo para conter-se e guardar a justa medida. Revela assim maturidade e capacidade de autodom\u00ednio.<\/p>\n<p>Poder\u00edamos identificar a<em> justa medid<\/em>a tamb\u00e9m no \u00e2mbito do exerc\u00edcio do poder, na condu\u00e7\u00e3o de uma comunidade, na lideran\u00e7a pol\u00edtica e mesmo nos embates de ideias.<\/p>\n<p><strong>Refazer o contrato natural com a Terra<\/strong><\/p>\n<p>Como participantes da natureza e com a capacidade de intervir nela, faz-se mister uma refer\u00eancia importante sobre o Contrato Natural entre a Terra e a Humanidade. Esse contrato \u00e9 dado e n\u00e3o feito. Ao existirmos, recebemos tudo o que precisamos da M\u00e3e Terra, o solo,o ar, as \u00e1guas, toda sorte de alimentos, os climas favor\u00e1veis \u00e0 vida, numa palavra, todos os componentes que permitem a vida subsistir e se reproduzir. Como em todo o contrato, vigora sempre uma contrapartida: cada qual deve cumprir a sua parte.<\/p>\n<p>Inicialmente os seres humanos viviam o <em>contrato natural<\/em> sem precisar pensar nele. A M\u00e3e Terra lhes oferecia em abund\u00e2ncia os meios de vida. A M\u00e3e Terra era amada, zelosamente respeitada e cuidada em seus ritmos naturais.<\/p>\n<p>Isso foi feito de modo exemplar sob o matriarcado, h\u00e1 pelo menos 20 mil anos. As mulheres sentiam especial co-naturalidade com a M\u00e3e Terra, pois ambas geravam vida.<\/p>\n<p>Tempos se passaram e o homem-masculinizado, acumulou poder e imp\u00f4s a sua vontade e seus prop\u00f3sitos. Dominou as mulheres e junto com elas, submeteu tamb\u00e9m a natureza. Lenta mas de forma crescente se rompeu o Contrato Natural. A <em>Matriz Relacional<\/em>, aquela sagrada rela\u00e7\u00e3o de todos com todos se perdeu. O ser humano sentiu-se dono da natureza e n\u00e3o parte dela.<\/p>\n<p>A Terra j\u00e1 n\u00e3o era tida como M\u00e3e generosa, mas como uma \u201ccoisa extensa\u201d sem prop\u00f3sito, qual celeiro cheio de recursos, dispon\u00edveis ao bel-prazer dos homens.<\/p>\n<p>Nos tempos atuais o Contrato Natural foi totalmente rompido a ponto de a Terra fazer sentir a gravidade desta ruptura pelos desarranjos naturais que come\u00e7aram a aparecer. Os humanos, consoante a natureza todo contrato, deixaram de cuidar da M\u00e3e Terra, de seus biomas, de suas florestas, de suas \u00e1guas e de seus solos. Antes, a agrediram.<\/p>\n<p>O atual alarme clim\u00e1tico planet\u00e1rio \u00e9 uma das express\u00f5es do sepultamento do Contrato Natural. Hoje, mais do que nunca, urge refazer o Contrato Natural. Este implica de nossa parte um sentimento de respeito, de cuidado, de sinergia e do estabelecimento de um la\u00e7o afetivo com a Terra e com todos os seus elementos. Aqui emerge o valor eminente da <em>justa medida<\/em>, da <em>autoconten\u00e7\u00e3o<\/em> de nosso impulso de possuir mais e mais, de <em>respeitar<\/em> a identidade de cada ser e tamb\u00e9m de seus direitos intr\u00ednsecos.<\/p>\n<p>Se n\u00e3o restabelecermos os termos justos deste <em>Contrato Natural<\/em> e o articularmos com <em>Contrato Social<\/em> (aquele que regula a sociedade), em v\u00e3o aplicaremos ci\u00eancia e t\u00e9cnica para recuperar os danos j\u00e1 perpetrados. O decisivo consiste em fundar um la\u00e7o afetivo com a Terra e trat\u00e1-la como a M\u00e3e Terra, a Magna Mater, a Pacha Mama e Gaia. S\u00f3 a <em>justa medida<\/em> e a <em>sinergia<\/em> entre ambas as grandezas, abriremos uma janela para um futuro esperan\u00e7ador.<\/p>\n<hr \/>\n<p><strong>Leonardo Boff<\/strong> <em>escreveu &#8220;O doloroso parto da M\u00e3e Terra: uma sociedade de fraternidade sem fronteiras e de amizade social&#8221;, Vozes, 2021.<\/em><\/p>\n","protected":false},"excerpt":{"rendered":"<p>Artigo de Leonardo Boff<\/p>\n","protected":false},"author":3,"featured_media":192088,"comment_status":"open","ping_status":"open","sticky":false,"template":"","format":"standard","meta":{"footnotes":""},"categories":[26],"tags":[59],"yoast_head":"<!-- This site is optimized with the Yoast SEO plugin v19.4 - https:\/\/yoast.com\/wordpress\/plugins\/seo\/ -->\n<title>A justa medida: comece consigo mesmo e respeite a Terra - Vida Crist\u00e3 - Franciscanos<\/title>\n<meta name=\"robots\" content=\"index, follow, max-snippet:-1, max-image-preview:large, max-video-preview:-1\" \/>\n<link rel=\"canonical\" href=\"https:\/\/franciscanos.org.br\/vidacrista\/a-justa-medida-comece-consigo-mesmo-e-respeite-a-terra\/\" \/>\n<meta property=\"og:locale\" content=\"pt_BR\" \/>\n<meta property=\"og:type\" content=\"article\" \/>\n<meta property=\"og:title\" content=\"A justa medida: comece consigo mesmo e respeite a Terra - Vida Crist\u00e3 - Franciscanos\" \/>\n<meta property=\"og:description\" content=\"Artigo de Leonardo Boff\" \/>\n<meta property=\"og:url\" content=\"https:\/\/franciscanos.org.br\/vidacrista\/a-justa-medida-comece-consigo-mesmo-e-respeite-a-terra\/\" \/>\n<meta property=\"og:site_name\" content=\"Vida Crist\u00e3 - Franciscanos\" \/>\n<meta property=\"article:published_time\" content=\"2022-07-11T11:30:55+00:00\" \/>\n<meta property=\"og:image\" content=\"https:\/\/franciscanos.org.br\/vidacrista\/wp-content\/uploads\/2022\/07\/artigo_1107.png\" \/>\n\t<meta property=\"og:image:width\" content=\"840\" \/>\n\t<meta property=\"og:image:height\" content=\"450\" \/>\n\t<meta property=\"og:image:type\" content=\"image\/png\" \/>\n<meta name=\"author\" content=\"moacir\" \/>\n<meta name=\"twitter:card\" content=\"summary_large_image\" \/>\n<meta name=\"twitter:label1\" content=\"Escrito por\" \/>\n\t<meta name=\"twitter:data1\" content=\"moacir\" \/>\n\t<meta name=\"twitter:label2\" content=\"Est. tempo de leitura\" \/>\n\t<meta name=\"twitter:data2\" content=\"5 minutos\" \/>\n<script type=\"application\/ld+json\" class=\"yoast-schema-graph\">{\"@context\":\"https:\/\/schema.org\",\"@graph\":[{\"@type\":\"WebSite\",\"@id\":\"https:\/\/franciscanos.org.br\/vidacrista\/#website\",\"url\":\"https:\/\/franciscanos.org.br\/vidacrista\/\",\"name\":\"Vida Crist\u00e3 - Franciscanos\",\"description\":\"Prov\u00edncia Franciscana da Imaculada Concei\u00e7\u00e3o do Brasil - Ordem dos Frades Menores\",\"potentialAction\":[{\"@type\":\"SearchAction\",\"target\":{\"@type\":\"EntryPoint\",\"urlTemplate\":\"https:\/\/franciscanos.org.br\/vidacrista\/?s={search_term_string}\"},\"query-input\":\"required name=search_term_string\"}],\"inLanguage\":\"pt-BR\"},{\"@type\":\"WebPage\",\"@id\":\"https:\/\/franciscanos.org.br\/vidacrista\/a-justa-medida-comece-consigo-mesmo-e-respeite-a-terra\/\",\"url\":\"https:\/\/franciscanos.org.br\/vidacrista\/a-justa-medida-comece-consigo-mesmo-e-respeite-a-terra\/\",\"name\":\"A justa medida: comece consigo mesmo e respeite a Terra - Vida Crist\u00e3 - Franciscanos\",\"isPartOf\":{\"@id\":\"https:\/\/franciscanos.org.br\/vidacrista\/#website\"},\"datePublished\":\"2022-07-11T11:30:55+00:00\",\"dateModified\":\"2022-07-11T11:30:55+00:00\",\"author\":{\"@id\":\"https:\/\/franciscanos.org.br\/vidacrista\/#\/schema\/person\/1880bdd2c350b735648725ef7614736a\"},\"breadcrumb\":{\"@id\":\"https:\/\/franciscanos.org.br\/vidacrista\/a-justa-medida-comece-consigo-mesmo-e-respeite-a-terra\/#breadcrumb\"},\"inLanguage\":\"pt-BR\",\"potentialAction\":[{\"@type\":\"ReadAction\",\"target\":[\"https:\/\/franciscanos.org.br\/vidacrista\/a-justa-medida-comece-consigo-mesmo-e-respeite-a-terra\/\"]}]},{\"@type\":\"BreadcrumbList\",\"@id\":\"https:\/\/franciscanos.org.br\/vidacrista\/a-justa-medida-comece-consigo-mesmo-e-respeite-a-terra\/#breadcrumb\",\"itemListElement\":[{\"@type\":\"ListItem\",\"position\":1,\"name\":\"Home\",\"item\":\"https:\/\/franciscanos.org.br\/vidacrista\/\"},{\"@type\":\"ListItem\",\"position\":2,\"name\":\"A justa medida: comece consigo mesmo e respeite a Terra\"}]},{\"@type\":\"Person\",\"@id\":\"https:\/\/franciscanos.org.br\/vidacrista\/#\/schema\/person\/1880bdd2c350b735648725ef7614736a\",\"name\":\"moacir\",\"image\":{\"@type\":\"ImageObject\",\"inLanguage\":\"pt-BR\",\"@id\":\"https:\/\/franciscanos.org.br\/vidacrista\/#\/schema\/person\/image\/\",\"url\":\"https:\/\/secure.gravatar.com\/avatar\/d08aa2ce4c8dd416d4479aa8536fcf64?s=96&d=mm&r=g\",\"contentUrl\":\"https:\/\/secure.gravatar.com\/avatar\/d08aa2ce4c8dd416d4479aa8536fcf64?s=96&d=mm&r=g\",\"caption\":\"moacir\"},\"url\":\"https:\/\/franciscanos.org.br\/vidacrista\/author\/moacir\/\"}]}<\/script>\n<!-- \/ Yoast SEO plugin. -->","yoast_head_json":{"title":"A justa medida: comece consigo mesmo e respeite a Terra - Vida Crist\u00e3 - Franciscanos","robots":{"index":"index","follow":"follow","max-snippet":"max-snippet:-1","max-image-preview":"max-image-preview:large","max-video-preview":"max-video-preview:-1"},"canonical":"https:\/\/franciscanos.org.br\/vidacrista\/a-justa-medida-comece-consigo-mesmo-e-respeite-a-terra\/","og_locale":"pt_BR","og_type":"article","og_title":"A justa medida: comece consigo mesmo e respeite a Terra - Vida Crist\u00e3 - Franciscanos","og_description":"Artigo de Leonardo Boff","og_url":"https:\/\/franciscanos.org.br\/vidacrista\/a-justa-medida-comece-consigo-mesmo-e-respeite-a-terra\/","og_site_name":"Vida Crist\u00e3 - Franciscanos","article_published_time":"2022-07-11T11:30:55+00:00","og_image":[{"width":840,"height":450,"url":"https:\/\/franciscanos.org.br\/vidacrista\/wp-content\/uploads\/2022\/07\/artigo_1107.png","type":"image\/png"}],"author":"moacir","twitter_card":"summary_large_image","twitter_misc":{"Escrito por":"moacir","Est. tempo de leitura":"5 minutos"},"schema":{"@context":"https:\/\/schema.org","@graph":[{"@type":"WebSite","@id":"https:\/\/franciscanos.org.br\/vidacrista\/#website","url":"https:\/\/franciscanos.org.br\/vidacrista\/","name":"Vida Crist\u00e3 - Franciscanos","description":"Prov\u00edncia Franciscana da Imaculada Concei\u00e7\u00e3o do Brasil - Ordem dos Frades Menores","potentialAction":[{"@type":"SearchAction","target":{"@type":"EntryPoint","urlTemplate":"https:\/\/franciscanos.org.br\/vidacrista\/?s={search_term_string}"},"query-input":"required name=search_term_string"}],"inLanguage":"pt-BR"},{"@type":"WebPage","@id":"https:\/\/franciscanos.org.br\/vidacrista\/a-justa-medida-comece-consigo-mesmo-e-respeite-a-terra\/","url":"https:\/\/franciscanos.org.br\/vidacrista\/a-justa-medida-comece-consigo-mesmo-e-respeite-a-terra\/","name":"A justa medida: comece consigo mesmo e respeite a Terra - Vida Crist\u00e3 - Franciscanos","isPartOf":{"@id":"https:\/\/franciscanos.org.br\/vidacrista\/#website"},"datePublished":"2022-07-11T11:30:55+00:00","dateModified":"2022-07-11T11:30:55+00:00","author":{"@id":"https:\/\/franciscanos.org.br\/vidacrista\/#\/schema\/person\/1880bdd2c350b735648725ef7614736a"},"breadcrumb":{"@id":"https:\/\/franciscanos.org.br\/vidacrista\/a-justa-medida-comece-consigo-mesmo-e-respeite-a-terra\/#breadcrumb"},"inLanguage":"pt-BR","potentialAction":[{"@type":"ReadAction","target":["https:\/\/franciscanos.org.br\/vidacrista\/a-justa-medida-comece-consigo-mesmo-e-respeite-a-terra\/"]}]},{"@type":"BreadcrumbList","@id":"https:\/\/franciscanos.org.br\/vidacrista\/a-justa-medida-comece-consigo-mesmo-e-respeite-a-terra\/#breadcrumb","itemListElement":[{"@type":"ListItem","position":1,"name":"Home","item":"https:\/\/franciscanos.org.br\/vidacrista\/"},{"@type":"ListItem","position":2,"name":"A justa medida: comece consigo mesmo e respeite a Terra"}]},{"@type":"Person","@id":"https:\/\/franciscanos.org.br\/vidacrista\/#\/schema\/person\/1880bdd2c350b735648725ef7614736a","name":"moacir","image":{"@type":"ImageObject","inLanguage":"pt-BR","@id":"https:\/\/franciscanos.org.br\/vidacrista\/#\/schema\/person\/image\/","url":"https:\/\/secure.gravatar.com\/avatar\/d08aa2ce4c8dd416d4479aa8536fcf64?s=96&d=mm&r=g","contentUrl":"https:\/\/secure.gravatar.com\/avatar\/d08aa2ce4c8dd416d4479aa8536fcf64?s=96&d=mm&r=g","caption":"moacir"},"url":"https:\/\/franciscanos.org.br\/vidacrista\/author\/moacir\/"}]}},"_links":{"self":[{"href":"https:\/\/franciscanos.org.br\/vidacrista\/wp-json\/wp\/v2\/posts\/192087"}],"collection":[{"href":"https:\/\/franciscanos.org.br\/vidacrista\/wp-json\/wp\/v2\/posts"}],"about":[{"href":"https:\/\/franciscanos.org.br\/vidacrista\/wp-json\/wp\/v2\/types\/post"}],"author":[{"embeddable":true,"href":"https:\/\/franciscanos.org.br\/vidacrista\/wp-json\/wp\/v2\/users\/3"}],"replies":[{"embeddable":true,"href":"https:\/\/franciscanos.org.br\/vidacrista\/wp-json\/wp\/v2\/comments?post=192087"}],"version-history":[{"count":1,"href":"https:\/\/franciscanos.org.br\/vidacrista\/wp-json\/wp\/v2\/posts\/192087\/revisions"}],"predecessor-version":[{"id":192089,"href":"https:\/\/franciscanos.org.br\/vidacrista\/wp-json\/wp\/v2\/posts\/192087\/revisions\/192089"}],"wp:featuredmedia":[{"embeddable":true,"href":"https:\/\/franciscanos.org.br\/vidacrista\/wp-json\/wp\/v2\/media\/192088"}],"wp:attachment":[{"href":"https:\/\/franciscanos.org.br\/vidacrista\/wp-json\/wp\/v2\/media?parent=192087"}],"wp:term":[{"taxonomy":"category","embeddable":true,"href":"https:\/\/franciscanos.org.br\/vidacrista\/wp-json\/wp\/v2\/categories?post=192087"},{"taxonomy":"post_tag","embeddable":true,"href":"https:\/\/franciscanos.org.br\/vidacrista\/wp-json\/wp\/v2\/tags?post=192087"}],"curies":[{"name":"wp","href":"https:\/\/api.w.org\/{rel}","templated":true}]}}