{"id":192077,"date":"2022-07-08T09:44:14","date_gmt":"2022-07-08T12:44:14","guid":{"rendered":"https:\/\/franciscanos.org.br\/vidacrista\/?p=192077"},"modified":"2022-07-08T09:44:14","modified_gmt":"2022-07-08T12:44:14","slug":"o-frio-fisico-e-a-friagem-espiritual","status":"publish","type":"post","link":"https:\/\/franciscanos.org.br\/vidacrista\/o-frio-fisico-e-a-friagem-espiritual\/","title":{"rendered":"O frio f\u00edsico e a friagem espiritual"},"content":{"rendered":"<div id=\"attachment_192078\" style=\"width: 850px\" class=\"wp-caption alignnone\"><img aria-describedby=\"caption-attachment-192078\" decoding=\"async\" loading=\"lazy\" class=\"wp-image-192078 size-full\" src=\"https:\/\/franciscanos.org.br\/vidacrista\/wp-content\/uploads\/2022\/07\/artigo_0807.png\" alt=\"\" width=\"840\" height=\"449\" srcset=\"https:\/\/franciscanos.org.br\/vidacrista\/wp-content\/uploads\/2022\/07\/artigo_0807.png 840w, https:\/\/franciscanos.org.br\/vidacrista\/wp-content\/uploads\/2022\/07\/artigo_0807-450x241.png 450w, https:\/\/franciscanos.org.br\/vidacrista\/wp-content\/uploads\/2022\/07\/artigo_0807-768x411.png 768w, https:\/\/franciscanos.org.br\/vidacrista\/wp-content\/uploads\/2022\/07\/artigo_0807-150x80.png 150w\" sizes=\"(max-width: 840px) 100vw, 840px\" \/><p id=\"caption-attachment-192078\" class=\"wp-caption-text\">\u00a0 \u00a0 \u00a0 \u00a0 \u00a0 \u00a0 \u00a0 \u00a0 \u00a0 \u00a0 \u00a0 \u00a0 \u00a0 \u00a0 \u00a0 \u00a0 \u00a0 \u00a0 \u00a0 \u00a0 \u00a0 \u00a0 \u00a0 \u00a0 \u00a0 \u00a0<em> Imagem ilustrativa: Canva (<a href=\"http:\/\/www.canva.com\/pt_br\/modelos\">www.canva.com\/pt_br\/modelos<\/a>)<\/em><\/p><\/div>\n<p><strong>Frei Luiz Iakovacz<\/strong><\/p>\n<p>Ambos necessitam de cuidados e ambos fazem parte do mesmo corpo. S\u00e3o as duas pernas que o movimentam e os dois bra\u00e7os que executam trabalhos, em perfeita sintonia.<\/p>\n<p>Quando Jesus diz a Nicodemos \u201co que nasce da carne \u00e9 carne e o que nasce do espirito \u00e9 esp\u00edrito\u201d (Jo 3,6), n\u00e3o significa dicotomia ou paralelismo. A \u00b4carne \u00b4 \u00e9 tudo o que se refere \u00e0 materialidade (comida, roupa, sa\u00fade, moradia&#8230;). S\u00e3o os direitos e deveres de cidadania que conduzem a uma vida digna.<\/p>\n<p>Esta, por\u00e9m, est\u00e1 subordinada \u00e0 espiritualidade. Quando Deus criou o ser humano, \u00b4modelou-o com argila do solo\u00b4; era como se fosse um boneco est\u00e1tico. Mas, ao \u00b4soprar seu h\u00e1lito, tornou-se um ser vivente\u00b4 (cf. Gn 2,7).<\/p>\n<p>Ap\u00f3s a multiplica\u00e7\u00e3o dos p\u00e3es que saciou o povo \u2013 Jesus prop\u00f5e um \u00b4p\u00e3o que dura eternamente, um novo man\u00e1 que \u00e9 Ele mesmo\u00b4. Tal ensinamento criou resist\u00eancia nos ouvintes e muitos o abandonaram (cf. Jo 6,1-66).<\/p>\n<p>No Serm\u00e3o da Montanha, Cristo prioriza a vida interior, sem menosprezar a corporeidade: \u201cProcurai, em primeiro lugar o Reino de Deus e sua justi\u00e7a e tudo o mais vos ser\u00e1 dado por acr\u00e9scimo\u201d (Mt 6,33).<\/p>\n<p>\u00c9 necess\u00e1rio que haja uma vigil\u00e2ncia constante, porque a materialidade, expressa num capitalismo sofisticado e atraente, prop\u00f5e que a seguran\u00e7a da vida e sua felicidade, est\u00e1 no ac\u00famulo de bens materiais, ao ponto de dispensar o pr\u00f3prio Deus.<\/p>\n<p>Jesus faz este mesmo alerta, numa par\u00e1bola, em que um propriet\u00e1rio abasteceu todos os seus celeiros e disse: \u00b4oh, minha alma, tens uma enorme quantidade de bens! Repousa, alegra-te, come, bebe, divirta-te\u00b4.<\/p>\n<p>Jesus o chama de \u00b4insensato\u00b4 porque, daqui a pouco, a materialidade do corpo voltar\u00e1 ao p\u00f3. Para quem ficar\u00e1 o que foi acumulado?!<\/p>\n<p>E conclui: \u201cassim acontece com aquele que ajunta tesouros para si e n\u00e3o \u00e9 rico para Deus\u201d (cf. Lc 12,16-21).<\/p>\n<p>O materialismo capitalista, tamb\u00e9m, n\u00e3o nos deixa ver a realidade que est\u00e1 nosso redor.<\/p>\n<p>Jesus conta a par\u00e1bola do \u2018rico opulento e o pobre L\u00e1zaro\u2019. O primeiro s\u00f3 pensa em roupas sofisticadas e banquetes di\u00e1rios. Este frenesi da vida social, o deixou obcecado ao ponto de n\u00e3o ver o L\u00e1zaro que, na porta de sua casa, pedia comida e rem\u00e9dio para as feridas.<\/p>\n<p>Os c\u00e3es faziam-lhe companhia e lambiam as \u00falceras. Foram mais humanos que o dono da casa (cf. Lc 16,19-31).<\/p>\n<p>Por outro lado, o rico Zaqueu, ap\u00f3s o encontro pessoal com o Cristo, prometeu devolver o que roubara e que daria metade dos bens aos pobres. Jesus n\u00e3o lhe pediu, ele mesmo o fez. Isto lhe mereceu o conhecido mote \u201choje entrou a salva\u00e7\u00e3o nesta casa\u201d (cf. Lc 19,1-10).<\/p>\n<p>Algu\u00e9m poder\u00e1 afirmar que Zaqueu agiu assim, pois estava possu\u00eddo de uma incontida alegria em receber Jesus em sua casa e conversar, pessoalmente, com ele. E hoje?! Como ver Jesus?!<\/p>\n<p>Se possuirmos, de fato, o \u00b4sopro de Deus\u00b4, podemos v\u00ea-Lo na pr\u00e1tica da crist\u00e3 e amorosa caridade: comida, roupa, solidariedade, defesa da dignidade humana&#8230;feita por amor ao Reino.<\/p>\n<p>\u00c0queles que assim agirem, Ele dir\u00e1: \u201cVinde e tomai posse do Reino [&#8230;] Tudo o que fizestes a um desses pequeninos foi a mim que o fizeste\u201d (Mt 25,40). Em Lucas, Ele faz esta proposta: \u201cFazei amigos com o dinheiro da iniquidade para que, quando este vier a faltar, eles vos recebam nas tendas eternas\u201d (Lc16,9).<\/p>\n<p>Por fim, o que Francisco tem a dizer sobre as vestes?!<\/p>\n<p>Assim escreveu ele: \u201cOs frades usem roupas vis e podem remend\u00e1-las com retalhos, com a b\u00ean\u00e7\u00e3o de Deus. Admoesto e exorto a n\u00e3o desprezarem nem julgarem aqueles que usam vestes macias e tomam comidas e bebidas finas\u201d (Rb 2,17-18; Rnb 2,13-24).<\/p>\n<p>Era assim que viviam os pastores e camponeses, com roupas vis. Os remendos s\u00e3o refor\u00e7os para aquecer melhor determinadas partes o corpo (coluna, abd\u00f4men, cora\u00e7\u00e3o&#8230;).<\/p>\n<p>Francisco, tamb\u00e9m, tem um jeito <em>sui generis<\/em> para aquecer o corpo. Assim escreve Tomas de Celano: \u201cEsse homem aquecia-se mais com o fogo divino que tinha por dentro, do que com a roupa que recobria o corpo. [&#8230;] Quando o esp\u00edrito est\u00e1 morno, a carne e o sangue precisam procurar o que \u00e9 pr\u00f3prio para aquecerem-se\u201d (2 Cel 69,1-4).<\/p>\n<p><em>Mutatis mutandi,<\/em> Francisco diz que o mesmo acontece na prega\u00e7\u00e3o. Quando esta \u00e9 preparada com a medita\u00e7\u00e3o e a ora\u00e7\u00e3o, da boca do pregador saem palavras aquecidas que atingem o cora\u00e7\u00e3o dos ouvintes.<\/p>\n<p>Jesus fez \u201carder o cora\u00e7\u00e3o dos disc\u00edpulos de Ema\u00fas\u201d (Lc 24,32).<\/p>\n<p>Resta-nos suplicar: Senhor Deus, que o teu \u201csopro nos torne seres vivos\u201d (Gn 2,7) para levarmos a bom termo a obra iniciada\u201d por Cristo e Francisco. Am\u00e9m!<\/p>\n<hr \/>\n<p><strong>Frei Luiz Iakovacz, OFM<\/strong>, <em>frade desta Prov\u00edncia da Imaculada, \u00e9 coordenador da Fraternidade Santo Ant\u00f4nio de Santana Galv\u00e3o de Colatina (ES).<\/em><\/p>\n","protected":false},"excerpt":{"rendered":"<p>Artigo de Frei Luiz Iakovacz<\/p>\n","protected":false},"author":3,"featured_media":192078,"comment_status":"open","ping_status":"open","sticky":false,"template":"","format":"standard","meta":{"footnotes":""},"categories":[26],"tags":[208],"yoast_head":"<!-- This site is optimized with the Yoast SEO plugin v19.4 - https:\/\/yoast.com\/wordpress\/plugins\/seo\/ -->\n<title>O frio f\u00edsico e a friagem espiritual - Vida Crist\u00e3 - Franciscanos<\/title>\n<meta name=\"robots\" content=\"index, follow, max-snippet:-1, max-image-preview:large, max-video-preview:-1\" \/>\n<link rel=\"canonical\" href=\"https:\/\/franciscanos.org.br\/vidacrista\/o-frio-fisico-e-a-friagem-espiritual\/\" \/>\n<meta property=\"og:locale\" content=\"pt_BR\" \/>\n<meta property=\"og:type\" content=\"article\" \/>\n<meta property=\"og:title\" content=\"O frio f\u00edsico e a friagem espiritual - Vida Crist\u00e3 - Franciscanos\" \/>\n<meta property=\"og:description\" content=\"Artigo de Frei Luiz Iakovacz\" \/>\n<meta property=\"og:url\" content=\"https:\/\/franciscanos.org.br\/vidacrista\/o-frio-fisico-e-a-friagem-espiritual\/\" \/>\n<meta property=\"og:site_name\" content=\"Vida Crist\u00e3 - Franciscanos\" \/>\n<meta property=\"article:published_time\" content=\"2022-07-08T12:44:14+00:00\" \/>\n<meta property=\"og:image\" content=\"https:\/\/franciscanos.org.br\/vidacrista\/wp-content\/uploads\/2022\/07\/artigo_0807.png\" \/>\n\t<meta property=\"og:image:width\" content=\"840\" \/>\n\t<meta property=\"og:image:height\" content=\"449\" \/>\n\t<meta property=\"og:image:type\" content=\"image\/png\" \/>\n<meta name=\"author\" content=\"moacir\" \/>\n<meta name=\"twitter:card\" content=\"summary_large_image\" \/>\n<meta name=\"twitter:label1\" content=\"Escrito por\" \/>\n\t<meta name=\"twitter:data1\" content=\"moacir\" \/>\n\t<meta name=\"twitter:label2\" content=\"Est. tempo de leitura\" \/>\n\t<meta name=\"twitter:data2\" content=\"4 minutos\" \/>\n<script type=\"application\/ld+json\" class=\"yoast-schema-graph\">{\"@context\":\"https:\/\/schema.org\",\"@graph\":[{\"@type\":\"WebSite\",\"@id\":\"https:\/\/franciscanos.org.br\/vidacrista\/#website\",\"url\":\"https:\/\/franciscanos.org.br\/vidacrista\/\",\"name\":\"Vida Crist\u00e3 - Franciscanos\",\"description\":\"Prov\u00edncia Franciscana da Imaculada Concei\u00e7\u00e3o do Brasil - Ordem dos Frades Menores\",\"potentialAction\":[{\"@type\":\"SearchAction\",\"target\":{\"@type\":\"EntryPoint\",\"urlTemplate\":\"https:\/\/franciscanos.org.br\/vidacrista\/?s={search_term_string}\"},\"query-input\":\"required name=search_term_string\"}],\"inLanguage\":\"pt-BR\"},{\"@type\":\"WebPage\",\"@id\":\"https:\/\/franciscanos.org.br\/vidacrista\/o-frio-fisico-e-a-friagem-espiritual\/\",\"url\":\"https:\/\/franciscanos.org.br\/vidacrista\/o-frio-fisico-e-a-friagem-espiritual\/\",\"name\":\"O frio f\u00edsico e a friagem espiritual - Vida Crist\u00e3 - Franciscanos\",\"isPartOf\":{\"@id\":\"https:\/\/franciscanos.org.br\/vidacrista\/#website\"},\"datePublished\":\"2022-07-08T12:44:14+00:00\",\"dateModified\":\"2022-07-08T12:44:14+00:00\",\"author\":{\"@id\":\"https:\/\/franciscanos.org.br\/vidacrista\/#\/schema\/person\/1880bdd2c350b735648725ef7614736a\"},\"breadcrumb\":{\"@id\":\"https:\/\/franciscanos.org.br\/vidacrista\/o-frio-fisico-e-a-friagem-espiritual\/#breadcrumb\"},\"inLanguage\":\"pt-BR\",\"potentialAction\":[{\"@type\":\"ReadAction\",\"target\":[\"https:\/\/franciscanos.org.br\/vidacrista\/o-frio-fisico-e-a-friagem-espiritual\/\"]}]},{\"@type\":\"BreadcrumbList\",\"@id\":\"https:\/\/franciscanos.org.br\/vidacrista\/o-frio-fisico-e-a-friagem-espiritual\/#breadcrumb\",\"itemListElement\":[{\"@type\":\"ListItem\",\"position\":1,\"name\":\"Home\",\"item\":\"https:\/\/franciscanos.org.br\/vidacrista\/\"},{\"@type\":\"ListItem\",\"position\":2,\"name\":\"O frio f\u00edsico e a friagem espiritual\"}]},{\"@type\":\"Person\",\"@id\":\"https:\/\/franciscanos.org.br\/vidacrista\/#\/schema\/person\/1880bdd2c350b735648725ef7614736a\",\"name\":\"moacir\",\"image\":{\"@type\":\"ImageObject\",\"inLanguage\":\"pt-BR\",\"@id\":\"https:\/\/franciscanos.org.br\/vidacrista\/#\/schema\/person\/image\/\",\"url\":\"https:\/\/secure.gravatar.com\/avatar\/d08aa2ce4c8dd416d4479aa8536fcf64?s=96&d=mm&r=g\",\"contentUrl\":\"https:\/\/secure.gravatar.com\/avatar\/d08aa2ce4c8dd416d4479aa8536fcf64?s=96&d=mm&r=g\",\"caption\":\"moacir\"},\"url\":\"https:\/\/franciscanos.org.br\/vidacrista\/author\/moacir\/\"}]}<\/script>\n<!-- \/ Yoast SEO plugin. -->","yoast_head_json":{"title":"O frio f\u00edsico e a friagem espiritual - Vida Crist\u00e3 - Franciscanos","robots":{"index":"index","follow":"follow","max-snippet":"max-snippet:-1","max-image-preview":"max-image-preview:large","max-video-preview":"max-video-preview:-1"},"canonical":"https:\/\/franciscanos.org.br\/vidacrista\/o-frio-fisico-e-a-friagem-espiritual\/","og_locale":"pt_BR","og_type":"article","og_title":"O frio f\u00edsico e a friagem espiritual - Vida Crist\u00e3 - Franciscanos","og_description":"Artigo de Frei Luiz Iakovacz","og_url":"https:\/\/franciscanos.org.br\/vidacrista\/o-frio-fisico-e-a-friagem-espiritual\/","og_site_name":"Vida Crist\u00e3 - Franciscanos","article_published_time":"2022-07-08T12:44:14+00:00","og_image":[{"width":840,"height":449,"url":"https:\/\/franciscanos.org.br\/vidacrista\/wp-content\/uploads\/2022\/07\/artigo_0807.png","type":"image\/png"}],"author":"moacir","twitter_card":"summary_large_image","twitter_misc":{"Escrito por":"moacir","Est. tempo de leitura":"4 minutos"},"schema":{"@context":"https:\/\/schema.org","@graph":[{"@type":"WebSite","@id":"https:\/\/franciscanos.org.br\/vidacrista\/#website","url":"https:\/\/franciscanos.org.br\/vidacrista\/","name":"Vida Crist\u00e3 - Franciscanos","description":"Prov\u00edncia Franciscana da Imaculada Concei\u00e7\u00e3o do Brasil - Ordem dos Frades Menores","potentialAction":[{"@type":"SearchAction","target":{"@type":"EntryPoint","urlTemplate":"https:\/\/franciscanos.org.br\/vidacrista\/?s={search_term_string}"},"query-input":"required name=search_term_string"}],"inLanguage":"pt-BR"},{"@type":"WebPage","@id":"https:\/\/franciscanos.org.br\/vidacrista\/o-frio-fisico-e-a-friagem-espiritual\/","url":"https:\/\/franciscanos.org.br\/vidacrista\/o-frio-fisico-e-a-friagem-espiritual\/","name":"O frio f\u00edsico e a friagem espiritual - Vida Crist\u00e3 - Franciscanos","isPartOf":{"@id":"https:\/\/franciscanos.org.br\/vidacrista\/#website"},"datePublished":"2022-07-08T12:44:14+00:00","dateModified":"2022-07-08T12:44:14+00:00","author":{"@id":"https:\/\/franciscanos.org.br\/vidacrista\/#\/schema\/person\/1880bdd2c350b735648725ef7614736a"},"breadcrumb":{"@id":"https:\/\/franciscanos.org.br\/vidacrista\/o-frio-fisico-e-a-friagem-espiritual\/#breadcrumb"},"inLanguage":"pt-BR","potentialAction":[{"@type":"ReadAction","target":["https:\/\/franciscanos.org.br\/vidacrista\/o-frio-fisico-e-a-friagem-espiritual\/"]}]},{"@type":"BreadcrumbList","@id":"https:\/\/franciscanos.org.br\/vidacrista\/o-frio-fisico-e-a-friagem-espiritual\/#breadcrumb","itemListElement":[{"@type":"ListItem","position":1,"name":"Home","item":"https:\/\/franciscanos.org.br\/vidacrista\/"},{"@type":"ListItem","position":2,"name":"O frio f\u00edsico e a friagem espiritual"}]},{"@type":"Person","@id":"https:\/\/franciscanos.org.br\/vidacrista\/#\/schema\/person\/1880bdd2c350b735648725ef7614736a","name":"moacir","image":{"@type":"ImageObject","inLanguage":"pt-BR","@id":"https:\/\/franciscanos.org.br\/vidacrista\/#\/schema\/person\/image\/","url":"https:\/\/secure.gravatar.com\/avatar\/d08aa2ce4c8dd416d4479aa8536fcf64?s=96&d=mm&r=g","contentUrl":"https:\/\/secure.gravatar.com\/avatar\/d08aa2ce4c8dd416d4479aa8536fcf64?s=96&d=mm&r=g","caption":"moacir"},"url":"https:\/\/franciscanos.org.br\/vidacrista\/author\/moacir\/"}]}},"_links":{"self":[{"href":"https:\/\/franciscanos.org.br\/vidacrista\/wp-json\/wp\/v2\/posts\/192077"}],"collection":[{"href":"https:\/\/franciscanos.org.br\/vidacrista\/wp-json\/wp\/v2\/posts"}],"about":[{"href":"https:\/\/franciscanos.org.br\/vidacrista\/wp-json\/wp\/v2\/types\/post"}],"author":[{"embeddable":true,"href":"https:\/\/franciscanos.org.br\/vidacrista\/wp-json\/wp\/v2\/users\/3"}],"replies":[{"embeddable":true,"href":"https:\/\/franciscanos.org.br\/vidacrista\/wp-json\/wp\/v2\/comments?post=192077"}],"version-history":[{"count":1,"href":"https:\/\/franciscanos.org.br\/vidacrista\/wp-json\/wp\/v2\/posts\/192077\/revisions"}],"predecessor-version":[{"id":192079,"href":"https:\/\/franciscanos.org.br\/vidacrista\/wp-json\/wp\/v2\/posts\/192077\/revisions\/192079"}],"wp:featuredmedia":[{"embeddable":true,"href":"https:\/\/franciscanos.org.br\/vidacrista\/wp-json\/wp\/v2\/media\/192078"}],"wp:attachment":[{"href":"https:\/\/franciscanos.org.br\/vidacrista\/wp-json\/wp\/v2\/media?parent=192077"}],"wp:term":[{"taxonomy":"category","embeddable":true,"href":"https:\/\/franciscanos.org.br\/vidacrista\/wp-json\/wp\/v2\/categories?post=192077"},{"taxonomy":"post_tag","embeddable":true,"href":"https:\/\/franciscanos.org.br\/vidacrista\/wp-json\/wp\/v2\/tags?post=192077"}],"curies":[{"name":"wp","href":"https:\/\/api.w.org\/{rel}","templated":true}]}}