{"id":192061,"date":"2022-07-05T08:38:19","date_gmt":"2022-07-05T11:38:19","guid":{"rendered":"https:\/\/franciscanos.org.br\/vidacrista\/?p=192061"},"modified":"2022-07-05T08:44:15","modified_gmt":"2022-07-05T11:44:15","slug":"misericordia-e-o-outro-nome-de-deus-na-inspiracao-do-sl-144","status":"publish","type":"post","link":"https:\/\/franciscanos.org.br\/vidacrista\/misericordia-e-o-outro-nome-de-deus-na-inspiracao-do-sl-144\/","title":{"rendered":"Miseric\u00f3rdia \u00e9 o outro nome de Deus, na inspira\u00e7\u00e3o do Sl 144"},"content":{"rendered":"<p><img decoding=\"async\" loading=\"lazy\" class=\"alignnone size-full wp-image-192062\" src=\"https:\/\/franciscanos.org.br\/vidacrista\/wp-content\/uploads\/2022\/07\/artigo_05.jpg\" alt=\"\" width=\"840\" height=\"450\" srcset=\"https:\/\/franciscanos.org.br\/vidacrista\/wp-content\/uploads\/2022\/07\/artigo_05.jpg 840w, https:\/\/franciscanos.org.br\/vidacrista\/wp-content\/uploads\/2022\/07\/artigo_05-450x241.jpg 450w, https:\/\/franciscanos.org.br\/vidacrista\/wp-content\/uploads\/2022\/07\/artigo_05-768x411.jpg 768w, https:\/\/franciscanos.org.br\/vidacrista\/wp-content\/uploads\/2022\/07\/artigo_05-150x80.jpg 150w\" sizes=\"(max-width: 840px) 100vw, 840px\" \/><\/p>\n<p><em>Frei Jacir de Freitas Faria <a href=\"#_ftn1\" name=\"_ftnref1\"><strong>[1]<\/strong><\/a><\/em><\/p>\n<p><em>O texto sobre o qual vamos refletir hoje \u00e9 o Sl 144. Estamos diante de uma poesia de a\u00e7\u00e3o de Gra\u00e7as <\/em>a Deus misericordioso. O salmista \u00e9 um poeta. Cada poeta uma poesia. Cada poesia um poeta. S\u00e3o v\u00e1rias as poesias, v\u00e1rios os poetas e v\u00e1rios s\u00e3o os modos de nos dirigirmos a Deus com uma prece. No livro dos Salmos, ou melhor, de hinos, pois nem todo salmo \u00e9 um salmo, constam 150 ora\u00e7\u00f5es. Salmo era um instrumento de oito cordas usado para certos tipos de hinos. Como \u00e9 predominante, eles deram nome ao livro b\u00edblico.<\/p>\n<p><iframe loading=\"lazy\" title=\"YouTube video player\" src=\"https:\/\/www.youtube.com\/embed\/feguYGaTFuI\" width=\"100%\" height=\"500\" frameborder=\"0\" allowfullscreen=\"allowfullscreen\"><span data-mce-type=\"bookmark\" style=\"display: inline-block; width: 0px; overflow: hidden; line-height: 0;\" class=\"mce_SELRES_start\">\ufeff<\/span><\/iframe><\/p>\n<p>Poesia se l\u00ea como poesia. Buscar o \u00e2mago de um texto \u00e9 encontrar a profundidade de quem o produziu. Rezar com os Salmos \u00e9 o mesmo que \u201cbeber no pr\u00f3prio po\u00e7o\u201d de nossa espiritualidade. \u00c9 reviver a experi\u00eancia com o Sagrado, feita a partir do divino que mora dentro de cada ser humano e que o capacita a se relacionar, viver e amar. Os Salmos s\u00e3o a express\u00e3o vis\u00edvel do tempo de Deus (c\u00f3smico) que fez morada no tempo do ser humano (cronol\u00f3gico).<\/p>\n<p>Duas palavras-chave conduzem o salmista ou a comunidade que produziu o Sl 144, a miseric\u00f3rdia e a piedade. Uma terceira complementa a ora\u00e7\u00e3o, a ternura. \u201cA tua ternura Senhor vem me abra\u00e7ar. E atua bondade infinita me perdoar\u201d, assim como cantou um dos poetas de nosso tempo, Padre Zezinho, com a m\u00fasica \u201cA Ti meu Deus\u201d. <em>Amor, justi\u00e7a e compaix\u00e3o elucidam essa tr\u00edade. <\/em><\/p>\n<p><em>Que rela\u00e7\u00e3o existe entre a miseric\u00f3rdia e a justi\u00e7a no mundo b\u00edblico e em nosso tempo? Como e por que agir com miseric\u00f3rdia? Essas quest\u00f5es-chave para compreender o sentido da miseric\u00f3rdia. <\/em><\/p>\n<p>Na B\u00edblia encontramos os substantivos para falar de miseric\u00f3rdia: <em>h\u00e9sed<\/em> e <em>rahamim<\/em>. <em>H\u00e9sed <\/em>foi traduzido para o grego por <em>\u00c9leos, <\/em>e tem rela\u00e7\u00e3o com o \u00fatero da mulher que gera a vida, nas suas entranhas maternas. Por isso, miseric\u00f3rdia \u00e9 como o amor da mulher m\u00e3e, pois ela ama sem pedir nada em troca. Ama porque ama, com ternura, piedade e compreens\u00e3o.<\/p>\n<p>Um detalhe interessante \u00e9 que 90% do uso de miseric\u00f3rdia na B\u00edblia se refere ao agir misericordioso de Deus. Ao ser humano resta o desafio de ser misericordioso como Deus. Miseric\u00f3rdia, em portugu\u00eas, \u00e9 a tradu\u00e7\u00e3o para o latim de <em>h\u00e9sed. <\/em><strong>Miseric\u00f3rdia<\/strong> \u00e9 composto dos termos <em>miser<\/em> e <em>cor<\/em>. <em>Miser<\/em> \u00e9 a condi\u00e7\u00e3o extremada de sofrimento e de ang\u00fastia de algu\u00e9m que suplica por miseric\u00f3rdia. <em>Cor<\/em> \u00e9 o cora\u00e7\u00e3o que, pr\u00f3ximo \u00e0 mis\u00e9ria, se sente queimado, destru\u00eddo por um fogo causado pela injusti\u00e7a. O miser\u00e1vel \u00e9 o que suplica por algo que lhe falta ou que lhe foi tirado injustamente. Deus \u00e9 justi\u00e7a. Portanto, miseric\u00f3rdia, a ess\u00eancia de Deus \u00e9 fazer justi\u00e7a. Esse modo de conceber Deus est\u00e1 presente tamb\u00e9m na tradu\u00e7\u00e3o grega do hebraico h\u00e9sed para <em>\u00e9leos<\/em>, que significa ter compaix\u00e3o diante do sofrimento do outro. De <em>\u00e9leos<\/em> surgiu outro termo grego para dizer esmola, <em>eleemos\u00fane<\/em>. O espanhol conservou essa origem grega ao dizer <em>limosna<\/em> para esmola. Assim, esmola, miseric\u00f3rdia e justi\u00e7a e Deus s\u00e3o modos diferentes para dizer a mesma coisa. Miseric\u00f3rdia tem a ver com justi\u00e7a que \u00e9 o outro nome de Deus!<\/p>\n<p>Para n\u00f3s crist\u00e3os, depois de Santo Agostinho, que ligou esmola com caridade, ficou dif\u00edcil associar a justi\u00e7a com a miseric\u00f3rdia. O melhor seria dizer fazer esmola, conforme o pensamento judaico, que \u201cdar esmola\u201d. Fazer esmola \u00e9 fazer justi\u00e7a, praticar a miseric\u00f3rdia divina. \u00c9 transformar a nossa realidade social, ferida pela falta de compaix\u00e3o da sociedade, de nossos pol\u00edticos, dos empres\u00e1rios, dos ricos etc. Na perspectiva da ora\u00e7\u00e3o, ter a compaix\u00e3o como Deus \u00e9 rezar, louvando-O pela sua misericordiosa e suplicando-Lhe que nos ensine a agir com miseric\u00f3rdia, com justi\u00e7a, perd\u00e3o e paci\u00eancia sempre.<\/p>\n<p>Na contram\u00e3o do Direito Can\u00f4nico da Igreja Cat\u00f3lica que cita somente duas vezes o substantivo miseric\u00f3rdia, o Papa Francisco marcou o seu pontificado com a institui\u00e7\u00e3o do ano da miseric\u00f3rdia, em 2016. \u00a0Para ele, \u00e9 urgente fazer miseric\u00f3rdia em todos os \u00e2mbitos da vida humana, neste nosso tempo em que o perd\u00e3o \u00e9 um h\u00f3spede raro em nossas vidas. Ele afirmou: \u201cSomente uma Igreja misericordiosa resplandece. Se tiv\u00e9ssemos que esquecer, embora apenas por um instante, que a miseric\u00f3rdia \u00e9 \u2018aquilo que mais agrada a Deus\u2019, cada esfor\u00e7o nosso seria em v\u00e3o, porque nos converter\u00edamos em escravos das nossas institui\u00e7\u00f5es e de nossas estruturas, por mais renovadas que possam ser, mas sempre ser\u00edamos escravos\u201d.<em> <a href=\"#_ftn2\" name=\"_ftnref2\"><strong>[2]<\/strong><\/a><\/em> Para o Papa Francisco, miss\u00e3o \u00e9 caminhar para periferia levando a miseric\u00f3rdia<\/p>\n<p>Rezar falando de um Deus miseric\u00f3rdia n\u00e3o foi dif\u00edcil para os judeus do Primeiro Testamento, muito menos para os crist\u00e3os do Segundo Testamento, ap\u00f3s ter entendido que Jesus era Miseric\u00f3rdia de Deus no meio deles. Diferentemente dos salmistas que falam naturalmente de rela\u00e7\u00e3o com Deus, vendo em tudo a sua a\u00e7\u00e3o, n\u00f3s, ao contr\u00e1rio, n\u00e3o percebemos a realidade desse mesmo modo. A ora\u00e7\u00e3o para n\u00f3s \u00e9 um problema. Na realidade p\u00f3s-moderna, reconhecer-se diante de Deus \u00e9 problem\u00e1tico. Muitas vezes, a ora\u00e7\u00e3o n\u00e3o explicita nossa experi\u00eancia de vida. Vivemos em nossos dias um longo per\u00edodo de incertezas ou, por que n\u00e3o dizer, de muitas certezas incertas. Cinquenta milh\u00f5es de brasileiros n\u00e3o t\u00eam nas suas mesas o que comer no dia a dia. Triste realidade de um pa\u00eds rico em minerais, petr\u00f3leo, gr\u00e3os etc. em contraste com o enriquecimento de uma minoria \u2018amiga do rei\u2019, \u00e1vida de um poder que mata em nome de Deus. Falta miseric\u00f3rdia, falta justi\u00e7a social. Falta fazer esmola. Falta o perd\u00e3o. Falta ser misericordioso como o Deus de Israel e de Jesus Cristo.<\/p>\n<p>Na ora\u00e7\u00e3o carregamos a certeza de que a nossa meta \u00e9 chegar ao tempo de Deus, o eterno, infinito e ilimitado. Mas tamb\u00e9m n\u00e3o basta sonhar com o al\u00e9m se n\u00e3o transformamos a nossa realidade social, religiosa, pol\u00edtica, humana a partir da miseric\u00f3rdia. Am\u00e9m!<\/p>\n<hr \/>\n<p><a href=\"#_ftnref1\" name=\"_ftn1\">[1]<\/a>Doutor em Teologia B\u00edblica pela FAJE (BH). Mestre em Ci\u00eancias B\u00edblicas (Exegese) pelo Pontif\u00edcio Instituto B\u00edblico de Roma. Professor de Exegese B\u00edblica. \u00c9 membro da Associa\u00e7\u00e3o Brasileira de Pesquisa B\u00edblica (ABIB). Sacerdote Franciscano. Autor de dez livros e coautor de quinze. Youtube: Frei Jacir B\u00edblia e Apocrifos. <a href=\"https:\/\/www.youtube.com\/channel\/UCwbSE97jnR6jQwHRigX1KlQ\">https:\/\/www.youtube.com\/channel\/UCwbSE97jnR6jQwHRigX1KlQ<\/a><\/p>\n<p><a href=\"#_ftnref2\" name=\"_ftn2\">[2]<\/a> Dispon\u00edvel em: <a href=\"https:\/\/www.ihu.unisinos.br\/noticias\/550052-a-misericordia-e-urgente-neste-nosso-tempo-o-perdao-e-um-hospede-raro-diz-o-papa-francisco\">https:\/\/www.ihu.unisinos.br\/noticias\/550052-a-misericordia-e-urgente-neste-nosso-tempo-o-perdao-e-um-hospede-raro-diz-o-papa-francisco<\/a> Acesso em 22 jun. 2022.<\/p>\n","protected":false},"excerpt":{"rendered":"<p>Artigo de Frei Jacir de Freitas Faria<\/p>\n","protected":false},"author":3,"featured_media":192062,"comment_status":"open","ping_status":"open","sticky":false,"template":"","format":"standard","meta":{"footnotes":""},"categories":[26],"tags":[43],"yoast_head":"<!-- This site is optimized with the Yoast SEO plugin v19.4 - https:\/\/yoast.com\/wordpress\/plugins\/seo\/ -->\n<title>Miseric\u00f3rdia \u00e9 o outro nome de Deus, na inspira\u00e7\u00e3o do Sl 144 - Vida Crist\u00e3 - Franciscanos<\/title>\n<meta name=\"robots\" content=\"index, follow, max-snippet:-1, max-image-preview:large, max-video-preview:-1\" \/>\n<link rel=\"canonical\" href=\"https:\/\/franciscanos.org.br\/vidacrista\/misericordia-e-o-outro-nome-de-deus-na-inspiracao-do-sl-144\/\" \/>\n<meta property=\"og:locale\" content=\"pt_BR\" \/>\n<meta property=\"og:type\" content=\"article\" \/>\n<meta property=\"og:title\" content=\"Miseric\u00f3rdia \u00e9 o outro nome de Deus, na inspira\u00e7\u00e3o do Sl 144 - Vida Crist\u00e3 - Franciscanos\" \/>\n<meta property=\"og:description\" content=\"Artigo de Frei Jacir de Freitas Faria\" \/>\n<meta property=\"og:url\" content=\"https:\/\/franciscanos.org.br\/vidacrista\/misericordia-e-o-outro-nome-de-deus-na-inspiracao-do-sl-144\/\" \/>\n<meta property=\"og:site_name\" content=\"Vida Crist\u00e3 - Franciscanos\" \/>\n<meta property=\"article:published_time\" content=\"2022-07-05T11:38:19+00:00\" \/>\n<meta property=\"article:modified_time\" content=\"2022-07-05T11:44:15+00:00\" \/>\n<meta property=\"og:image\" content=\"https:\/\/franciscanos.org.br\/vidacrista\/wp-content\/uploads\/2022\/07\/artigo_05.jpg\" \/>\n\t<meta property=\"og:image:width\" content=\"840\" \/>\n\t<meta property=\"og:image:height\" content=\"450\" \/>\n\t<meta property=\"og:image:type\" content=\"image\/jpeg\" \/>\n<meta name=\"author\" content=\"moacir\" \/>\n<meta name=\"twitter:card\" content=\"summary_large_image\" \/>\n<meta name=\"twitter:label1\" content=\"Escrito por\" \/>\n\t<meta name=\"twitter:data1\" content=\"moacir\" \/>\n\t<meta name=\"twitter:label2\" content=\"Est. tempo de leitura\" \/>\n\t<meta name=\"twitter:data2\" content=\"6 minutos\" \/>\n<script type=\"application\/ld+json\" class=\"yoast-schema-graph\">{\"@context\":\"https:\/\/schema.org\",\"@graph\":[{\"@type\":\"WebSite\",\"@id\":\"https:\/\/franciscanos.org.br\/vidacrista\/#website\",\"url\":\"https:\/\/franciscanos.org.br\/vidacrista\/\",\"name\":\"Vida Crist\u00e3 - Franciscanos\",\"description\":\"Prov\u00edncia Franciscana da Imaculada Concei\u00e7\u00e3o do Brasil - Ordem dos Frades Menores\",\"potentialAction\":[{\"@type\":\"SearchAction\",\"target\":{\"@type\":\"EntryPoint\",\"urlTemplate\":\"https:\/\/franciscanos.org.br\/vidacrista\/?s={search_term_string}\"},\"query-input\":\"required name=search_term_string\"}],\"inLanguage\":\"pt-BR\"},{\"@type\":\"WebPage\",\"@id\":\"https:\/\/franciscanos.org.br\/vidacrista\/misericordia-e-o-outro-nome-de-deus-na-inspiracao-do-sl-144\/\",\"url\":\"https:\/\/franciscanos.org.br\/vidacrista\/misericordia-e-o-outro-nome-de-deus-na-inspiracao-do-sl-144\/\",\"name\":\"Miseric\u00f3rdia \u00e9 o outro nome de Deus, na inspira\u00e7\u00e3o do Sl 144 - Vida Crist\u00e3 - Franciscanos\",\"isPartOf\":{\"@id\":\"https:\/\/franciscanos.org.br\/vidacrista\/#website\"},\"datePublished\":\"2022-07-05T11:38:19+00:00\",\"dateModified\":\"2022-07-05T11:44:15+00:00\",\"author\":{\"@id\":\"https:\/\/franciscanos.org.br\/vidacrista\/#\/schema\/person\/1880bdd2c350b735648725ef7614736a\"},\"breadcrumb\":{\"@id\":\"https:\/\/franciscanos.org.br\/vidacrista\/misericordia-e-o-outro-nome-de-deus-na-inspiracao-do-sl-144\/#breadcrumb\"},\"inLanguage\":\"pt-BR\",\"potentialAction\":[{\"@type\":\"ReadAction\",\"target\":[\"https:\/\/franciscanos.org.br\/vidacrista\/misericordia-e-o-outro-nome-de-deus-na-inspiracao-do-sl-144\/\"]}]},{\"@type\":\"BreadcrumbList\",\"@id\":\"https:\/\/franciscanos.org.br\/vidacrista\/misericordia-e-o-outro-nome-de-deus-na-inspiracao-do-sl-144\/#breadcrumb\",\"itemListElement\":[{\"@type\":\"ListItem\",\"position\":1,\"name\":\"Home\",\"item\":\"https:\/\/franciscanos.org.br\/vidacrista\/\"},{\"@type\":\"ListItem\",\"position\":2,\"name\":\"Miseric\u00f3rdia \u00e9 o outro nome de Deus, na inspira\u00e7\u00e3o do Sl 144\"}]},{\"@type\":\"Person\",\"@id\":\"https:\/\/franciscanos.org.br\/vidacrista\/#\/schema\/person\/1880bdd2c350b735648725ef7614736a\",\"name\":\"moacir\",\"image\":{\"@type\":\"ImageObject\",\"inLanguage\":\"pt-BR\",\"@id\":\"https:\/\/franciscanos.org.br\/vidacrista\/#\/schema\/person\/image\/\",\"url\":\"https:\/\/secure.gravatar.com\/avatar\/d08aa2ce4c8dd416d4479aa8536fcf64?s=96&d=mm&r=g\",\"contentUrl\":\"https:\/\/secure.gravatar.com\/avatar\/d08aa2ce4c8dd416d4479aa8536fcf64?s=96&d=mm&r=g\",\"caption\":\"moacir\"},\"url\":\"https:\/\/franciscanos.org.br\/vidacrista\/author\/moacir\/\"}]}<\/script>\n<!-- \/ Yoast SEO plugin. -->","yoast_head_json":{"title":"Miseric\u00f3rdia \u00e9 o outro nome de Deus, na inspira\u00e7\u00e3o do Sl 144 - Vida Crist\u00e3 - Franciscanos","robots":{"index":"index","follow":"follow","max-snippet":"max-snippet:-1","max-image-preview":"max-image-preview:large","max-video-preview":"max-video-preview:-1"},"canonical":"https:\/\/franciscanos.org.br\/vidacrista\/misericordia-e-o-outro-nome-de-deus-na-inspiracao-do-sl-144\/","og_locale":"pt_BR","og_type":"article","og_title":"Miseric\u00f3rdia \u00e9 o outro nome de Deus, na inspira\u00e7\u00e3o do Sl 144 - Vida Crist\u00e3 - Franciscanos","og_description":"Artigo de Frei Jacir de Freitas Faria","og_url":"https:\/\/franciscanos.org.br\/vidacrista\/misericordia-e-o-outro-nome-de-deus-na-inspiracao-do-sl-144\/","og_site_name":"Vida Crist\u00e3 - Franciscanos","article_published_time":"2022-07-05T11:38:19+00:00","article_modified_time":"2022-07-05T11:44:15+00:00","og_image":[{"width":840,"height":450,"url":"https:\/\/franciscanos.org.br\/vidacrista\/wp-content\/uploads\/2022\/07\/artigo_05.jpg","type":"image\/jpeg"}],"author":"moacir","twitter_card":"summary_large_image","twitter_misc":{"Escrito por":"moacir","Est. tempo de leitura":"6 minutos"},"schema":{"@context":"https:\/\/schema.org","@graph":[{"@type":"WebSite","@id":"https:\/\/franciscanos.org.br\/vidacrista\/#website","url":"https:\/\/franciscanos.org.br\/vidacrista\/","name":"Vida Crist\u00e3 - Franciscanos","description":"Prov\u00edncia Franciscana da Imaculada Concei\u00e7\u00e3o do Brasil - Ordem dos Frades Menores","potentialAction":[{"@type":"SearchAction","target":{"@type":"EntryPoint","urlTemplate":"https:\/\/franciscanos.org.br\/vidacrista\/?s={search_term_string}"},"query-input":"required name=search_term_string"}],"inLanguage":"pt-BR"},{"@type":"WebPage","@id":"https:\/\/franciscanos.org.br\/vidacrista\/misericordia-e-o-outro-nome-de-deus-na-inspiracao-do-sl-144\/","url":"https:\/\/franciscanos.org.br\/vidacrista\/misericordia-e-o-outro-nome-de-deus-na-inspiracao-do-sl-144\/","name":"Miseric\u00f3rdia \u00e9 o outro nome de Deus, na inspira\u00e7\u00e3o do Sl 144 - Vida Crist\u00e3 - Franciscanos","isPartOf":{"@id":"https:\/\/franciscanos.org.br\/vidacrista\/#website"},"datePublished":"2022-07-05T11:38:19+00:00","dateModified":"2022-07-05T11:44:15+00:00","author":{"@id":"https:\/\/franciscanos.org.br\/vidacrista\/#\/schema\/person\/1880bdd2c350b735648725ef7614736a"},"breadcrumb":{"@id":"https:\/\/franciscanos.org.br\/vidacrista\/misericordia-e-o-outro-nome-de-deus-na-inspiracao-do-sl-144\/#breadcrumb"},"inLanguage":"pt-BR","potentialAction":[{"@type":"ReadAction","target":["https:\/\/franciscanos.org.br\/vidacrista\/misericordia-e-o-outro-nome-de-deus-na-inspiracao-do-sl-144\/"]}]},{"@type":"BreadcrumbList","@id":"https:\/\/franciscanos.org.br\/vidacrista\/misericordia-e-o-outro-nome-de-deus-na-inspiracao-do-sl-144\/#breadcrumb","itemListElement":[{"@type":"ListItem","position":1,"name":"Home","item":"https:\/\/franciscanos.org.br\/vidacrista\/"},{"@type":"ListItem","position":2,"name":"Miseric\u00f3rdia \u00e9 o outro nome de Deus, na inspira\u00e7\u00e3o do Sl 144"}]},{"@type":"Person","@id":"https:\/\/franciscanos.org.br\/vidacrista\/#\/schema\/person\/1880bdd2c350b735648725ef7614736a","name":"moacir","image":{"@type":"ImageObject","inLanguage":"pt-BR","@id":"https:\/\/franciscanos.org.br\/vidacrista\/#\/schema\/person\/image\/","url":"https:\/\/secure.gravatar.com\/avatar\/d08aa2ce4c8dd416d4479aa8536fcf64?s=96&d=mm&r=g","contentUrl":"https:\/\/secure.gravatar.com\/avatar\/d08aa2ce4c8dd416d4479aa8536fcf64?s=96&d=mm&r=g","caption":"moacir"},"url":"https:\/\/franciscanos.org.br\/vidacrista\/author\/moacir\/"}]}},"_links":{"self":[{"href":"https:\/\/franciscanos.org.br\/vidacrista\/wp-json\/wp\/v2\/posts\/192061"}],"collection":[{"href":"https:\/\/franciscanos.org.br\/vidacrista\/wp-json\/wp\/v2\/posts"}],"about":[{"href":"https:\/\/franciscanos.org.br\/vidacrista\/wp-json\/wp\/v2\/types\/post"}],"author":[{"embeddable":true,"href":"https:\/\/franciscanos.org.br\/vidacrista\/wp-json\/wp\/v2\/users\/3"}],"replies":[{"embeddable":true,"href":"https:\/\/franciscanos.org.br\/vidacrista\/wp-json\/wp\/v2\/comments?post=192061"}],"version-history":[{"count":2,"href":"https:\/\/franciscanos.org.br\/vidacrista\/wp-json\/wp\/v2\/posts\/192061\/revisions"}],"predecessor-version":[{"id":192064,"href":"https:\/\/franciscanos.org.br\/vidacrista\/wp-json\/wp\/v2\/posts\/192061\/revisions\/192064"}],"wp:featuredmedia":[{"embeddable":true,"href":"https:\/\/franciscanos.org.br\/vidacrista\/wp-json\/wp\/v2\/media\/192062"}],"wp:attachment":[{"href":"https:\/\/franciscanos.org.br\/vidacrista\/wp-json\/wp\/v2\/media?parent=192061"}],"wp:term":[{"taxonomy":"category","embeddable":true,"href":"https:\/\/franciscanos.org.br\/vidacrista\/wp-json\/wp\/v2\/categories?post=192061"},{"taxonomy":"post_tag","embeddable":true,"href":"https:\/\/franciscanos.org.br\/vidacrista\/wp-json\/wp\/v2\/tags?post=192061"}],"curies":[{"name":"wp","href":"https:\/\/api.w.org\/{rel}","templated":true}]}}