{"id":192058,"date":"2022-07-02T08:57:52","date_gmt":"2022-07-02T11:57:52","guid":{"rendered":"https:\/\/franciscanos.org.br\/vidacrista\/?p=192058"},"modified":"2022-07-02T08:57:52","modified_gmt":"2022-07-02T11:57:52","slug":"pauta-do-novo-humanismo","status":"publish","type":"post","link":"https:\/\/franciscanos.org.br\/vidacrista\/pauta-do-novo-humanismo\/","title":{"rendered":"Pauta do novo humanismo"},"content":{"rendered":"<div id=\"attachment_192059\" style=\"width: 850px\" class=\"wp-caption alignnone\"><img aria-describedby=\"caption-attachment-192059\" decoding=\"async\" loading=\"lazy\" class=\"wp-image-192059 size-full\" src=\"https:\/\/franciscanos.org.br\/vidacrista\/wp-content\/uploads\/2022\/07\/artigo_02.png\" alt=\"\" width=\"840\" height=\"450\" srcset=\"https:\/\/franciscanos.org.br\/vidacrista\/wp-content\/uploads\/2022\/07\/artigo_02.png 840w, https:\/\/franciscanos.org.br\/vidacrista\/wp-content\/uploads\/2022\/07\/artigo_02-450x241.png 450w, https:\/\/franciscanos.org.br\/vidacrista\/wp-content\/uploads\/2022\/07\/artigo_02-768x411.png 768w, https:\/\/franciscanos.org.br\/vidacrista\/wp-content\/uploads\/2022\/07\/artigo_02-150x80.png 150w\" sizes=\"(max-width: 840px) 100vw, 840px\" \/><p id=\"caption-attachment-192059\" class=\"wp-caption-text\">\u00a0 \u00a0 \u00a0 \u00a0 \u00a0 \u00a0 \u00a0 \u00a0 \u00a0 \u00a0 \u00a0 \u00a0 \u00a0 \u00a0 \u00a0 \u00a0 \u00a0 \u00a0 \u00a0 \u00a0 \u00a0 \u00a0 \u00a0 \u00a0 \u00a0 \u00a0 \u00a0 \u00a0 \u00a0 \u00a0 \u00a0 \u00a0 \u00a0 \u00a0 \u00a0 \u00a0 \u00a0 \u00a0 \u00a0 <em>Imagem ilustrativa:<\/em><strong> Canva<\/strong> (<a href=\"http:\/\/www.canva.com\/pt_br\/modelos\">www.canva.com\/pt_br\/modelos<\/a>)<\/p><\/div>\n<p><strong>Dom Walmor Oliveira de Azevedo<\/strong><\/p>\n<p>Investir na consolida\u00e7\u00e3o do novo humanismo, proposto pelo Papa Francisco, \u00e9 uma urg\u00eancia capaz de corrigir os rumos da civiliza\u00e7\u00e3o. Especialmente, trata-se de movimento que contribui para formar l\u00edderes promotores do di\u00e1logo, comprometidos com a constru\u00e7\u00e3o de um tempo melhor. A busca por um novo humanismo, que tem envolvido estudiosos e pesquisadores, frequentemente inspirando rodas de conversas, \u00e9 ainda um projeto, mas constitui um broto de esperan\u00e7a, \u201cluz no fim do t\u00fanel\u201d. Permanecer distante, sem se envolver na efetiva\u00e7\u00e3o desse projeto, por pouco compreender o que significa um novo humanismo, significa contribuir para o ac\u00famulo de preju\u00edzos na contemporaneidade. \u00c9 preciso buscar uma rea\u00e7\u00e3o para trilhar caminhos diferentes.<\/p>\n<p>Individualmente ou em grupo torna-se importante compreender o significado de um novo humanismo, com suas potencialidades para reverter perdas na cultura, na hist\u00f3ria e nos patrim\u00f4nios relevantes. O esvaziamento human\u00edstico da exist\u00eancia revela-se na animaliza\u00e7\u00e3o das rela\u00e7\u00f5es, com o assombroso recrudescimento de diferentes tipos de viol\u00eancia, naturalizando preconceitos e discrimina\u00e7\u00f5es. Dentre essas muitas viol\u00eancias, inscreve-se aquela que se manifesta na indiferen\u00e7a em rela\u00e7\u00e3o aos que sofrem. Ela se torna especialmente grave quando a fome de muitos passa a ser normalizada, n\u00e3o gerando o necess\u00e1rio inc\u00f4modo para atitudes cidad\u00e3s mais assertivas. Consequentemente, prevalece certa in\u00e9rcia ou, no m\u00e1ximo, gestos pontuais.<\/p>\n<p>Outra consequ\u00eancia do esvaziamento human\u00edstico \u00e9 o instinto de autofagia que se verifica quando segmentos da sociedade destroem o pr\u00f3prio patrim\u00f4nio, com uma enfurecida cegueira que n\u00e3o os permite enxergar as consequ\u00eancias de suas atitudes. S\u00e3o, assim, capazes de destruir em pouco tempo o que se edificou ao longo de d\u00e9cadas e at\u00e9 de s\u00e9culos, movidos por uma incompet\u00eancia humana perigosa e desleal \u2013 rifam por pouco o que vale muito, negociam o inegoci\u00e1vel. Tamb\u00e9m n\u00e3o s\u00e3o raras as manifesta\u00e7\u00f5es de autoritarismo que sinalizam esvaziamentos human\u00edsticos. Essas manifesta\u00e7\u00f5es nada mais s\u00e3o do que tentativas para encobrir a realidade, explicitando a car\u00eancia de um senso human\u00edstico, com impactos nas rela\u00e7\u00f5es.<\/p>\n<p>A superficialidade humana nas impaci\u00eancias de todo tipo, pelas redes digitais e nos encontros presenciais, inviabiliza a sincera constitui\u00e7\u00e3o dos la\u00e7os de fraternidade. Por isso mesmo, ainda que por abordagens simples, e sem a profundidade de reflex\u00f5es filos\u00f3fico-antropol\u00f3gicas, \u00e9 preciso, cotidianamente, se dedicar \u00e0 pauta do novo humanismo. \u00c9 incontestavelmente urgente produzir adequada rea\u00e7\u00e3o a discursos destrutivos, superando negacionismos, \u00f3dios e autoritarismos. Ao inv\u00e9s da destrui\u00e7\u00e3o e do caos, a humanidade precisa construir o caminho que leve ao desenvolvimento integral. E a pauta do novo humanismo pode proporcionar \u00e0 sociedade um discurso de uni\u00e3o, com capacidade para ajudar na constitui\u00e7\u00e3o e no fortalecimento de la\u00e7os fraternos. O mundo pol\u00edtico precisa ser fecundado por esse tom unificador, para dar conta de sua importante e insubstitu\u00edvel tarefa, intuindo legisla\u00e7\u00f5es e pr\u00e1ticas capazes de promover o bem comum. Nessa dire\u00e7\u00e3o, \u00e9 importante e determinante priorizar o ser humano, reconhecendo e dedicando-se especialmente aos clamores dos pobres e sofredores. Uma prioridade na contram\u00e3o de l\u00f3gicas com a aridez e a frieza da ilimitada gan\u00e2ncia pelo lucro.<\/p>\n<p>A considera\u00e7\u00e3o da pauta de um novo humanismo aponta, especificamente, para a necessidade de se dedicar aten\u00e7\u00e3o \u00e0 cultura que fortemente incide sobre a vida. A dimens\u00e3o cultural \u00e9 fonte de sensibiliza\u00e7\u00e3o human\u00edstica. Contempla tamb\u00e9m o adequado tratamento da pol\u00edtica, pela qualidade das rela\u00e7\u00f5es no respeito incondicional a direitos. No campo econ\u00f4mico, efetiva-se novo humanismo quando se vence perversidades e se busca a inclus\u00e3o, em um incondicional respeito ao meio ambiente. Este tempo grave exige, pois, criatividade para que sejam estabelecidas novas din\u00e2micas capazes de levar a grandes mudan\u00e7as civilizat\u00f3rias. Aqueles que se fundamentam em princ\u00edpios e valores imprescind\u00edveis \u2013 coerentes com o Evangelho de Jesus Cristo, sem manipula\u00e7\u00f5es e interpreta\u00e7\u00f5es fundamentalistas \u2013 s\u00e3o promotores das mudan\u00e7as almejadas. Cres\u00e7a o interesse pela pauta do novo humanismo, \u00fanica sa\u00edda para a crise enfrentada pela humanidade, investimento para a edifica\u00e7\u00e3o de um tempo novo.<\/p>\n<hr \/>\n<p><strong>Dom Walmor Oliveira de Azevedo<\/strong> <em>\u00e9 Arcebispo de Belo horizonte (MG) e presidente nacional da Confer\u00eancia dos Bispos do Brasil<\/em><\/p>\n","protected":false},"excerpt":{"rendered":"<p>Artigo de Dom Walmor Oliveira de Azevedo<\/p>\n","protected":false},"author":3,"featured_media":192059,"comment_status":"open","ping_status":"open","sticky":false,"template":"","format":"standard","meta":{"footnotes":""},"categories":[26],"tags":[271],"yoast_head":"<!-- This site is optimized with the Yoast SEO plugin v19.4 - https:\/\/yoast.com\/wordpress\/plugins\/seo\/ -->\n<title>Pauta do novo humanismo - Vida Crist\u00e3 - Franciscanos<\/title>\n<meta name=\"robots\" content=\"index, follow, max-snippet:-1, max-image-preview:large, max-video-preview:-1\" \/>\n<link rel=\"canonical\" href=\"https:\/\/franciscanos.org.br\/vidacrista\/pauta-do-novo-humanismo\/\" \/>\n<meta property=\"og:locale\" content=\"pt_BR\" \/>\n<meta property=\"og:type\" content=\"article\" \/>\n<meta property=\"og:title\" content=\"Pauta do novo humanismo - Vida Crist\u00e3 - Franciscanos\" \/>\n<meta property=\"og:description\" content=\"Artigo de Dom Walmor Oliveira de Azevedo\" \/>\n<meta property=\"og:url\" content=\"https:\/\/franciscanos.org.br\/vidacrista\/pauta-do-novo-humanismo\/\" \/>\n<meta property=\"og:site_name\" content=\"Vida Crist\u00e3 - Franciscanos\" \/>\n<meta property=\"article:published_time\" content=\"2022-07-02T11:57:52+00:00\" \/>\n<meta property=\"og:image\" content=\"https:\/\/franciscanos.org.br\/vidacrista\/wp-content\/uploads\/2022\/07\/artigo_02.png\" \/>\n\t<meta property=\"og:image:width\" content=\"840\" \/>\n\t<meta property=\"og:image:height\" content=\"450\" \/>\n\t<meta property=\"og:image:type\" content=\"image\/png\" \/>\n<meta name=\"author\" content=\"moacir\" \/>\n<meta name=\"twitter:card\" content=\"summary_large_image\" \/>\n<meta name=\"twitter:label1\" content=\"Escrito por\" \/>\n\t<meta name=\"twitter:data1\" content=\"moacir\" \/>\n\t<meta name=\"twitter:label2\" content=\"Est. tempo de leitura\" \/>\n\t<meta name=\"twitter:data2\" content=\"4 minutos\" \/>\n<script type=\"application\/ld+json\" class=\"yoast-schema-graph\">{\"@context\":\"https:\/\/schema.org\",\"@graph\":[{\"@type\":\"WebSite\",\"@id\":\"https:\/\/franciscanos.org.br\/vidacrista\/#website\",\"url\":\"https:\/\/franciscanos.org.br\/vidacrista\/\",\"name\":\"Vida Crist\u00e3 - Franciscanos\",\"description\":\"Prov\u00edncia Franciscana da Imaculada Concei\u00e7\u00e3o do Brasil - Ordem dos Frades Menores\",\"potentialAction\":[{\"@type\":\"SearchAction\",\"target\":{\"@type\":\"EntryPoint\",\"urlTemplate\":\"https:\/\/franciscanos.org.br\/vidacrista\/?s={search_term_string}\"},\"query-input\":\"required name=search_term_string\"}],\"inLanguage\":\"pt-BR\"},{\"@type\":\"WebPage\",\"@id\":\"https:\/\/franciscanos.org.br\/vidacrista\/pauta-do-novo-humanismo\/\",\"url\":\"https:\/\/franciscanos.org.br\/vidacrista\/pauta-do-novo-humanismo\/\",\"name\":\"Pauta do novo humanismo - Vida Crist\u00e3 - Franciscanos\",\"isPartOf\":{\"@id\":\"https:\/\/franciscanos.org.br\/vidacrista\/#website\"},\"datePublished\":\"2022-07-02T11:57:52+00:00\",\"dateModified\":\"2022-07-02T11:57:52+00:00\",\"author\":{\"@id\":\"https:\/\/franciscanos.org.br\/vidacrista\/#\/schema\/person\/1880bdd2c350b735648725ef7614736a\"},\"breadcrumb\":{\"@id\":\"https:\/\/franciscanos.org.br\/vidacrista\/pauta-do-novo-humanismo\/#breadcrumb\"},\"inLanguage\":\"pt-BR\",\"potentialAction\":[{\"@type\":\"ReadAction\",\"target\":[\"https:\/\/franciscanos.org.br\/vidacrista\/pauta-do-novo-humanismo\/\"]}]},{\"@type\":\"BreadcrumbList\",\"@id\":\"https:\/\/franciscanos.org.br\/vidacrista\/pauta-do-novo-humanismo\/#breadcrumb\",\"itemListElement\":[{\"@type\":\"ListItem\",\"position\":1,\"name\":\"Home\",\"item\":\"https:\/\/franciscanos.org.br\/vidacrista\/\"},{\"@type\":\"ListItem\",\"position\":2,\"name\":\"Pauta do novo humanismo\"}]},{\"@type\":\"Person\",\"@id\":\"https:\/\/franciscanos.org.br\/vidacrista\/#\/schema\/person\/1880bdd2c350b735648725ef7614736a\",\"name\":\"moacir\",\"image\":{\"@type\":\"ImageObject\",\"inLanguage\":\"pt-BR\",\"@id\":\"https:\/\/franciscanos.org.br\/vidacrista\/#\/schema\/person\/image\/\",\"url\":\"https:\/\/secure.gravatar.com\/avatar\/d08aa2ce4c8dd416d4479aa8536fcf64?s=96&d=mm&r=g\",\"contentUrl\":\"https:\/\/secure.gravatar.com\/avatar\/d08aa2ce4c8dd416d4479aa8536fcf64?s=96&d=mm&r=g\",\"caption\":\"moacir\"},\"url\":\"https:\/\/franciscanos.org.br\/vidacrista\/author\/moacir\/\"}]}<\/script>\n<!-- \/ Yoast SEO plugin. -->","yoast_head_json":{"title":"Pauta do novo humanismo - Vida Crist\u00e3 - Franciscanos","robots":{"index":"index","follow":"follow","max-snippet":"max-snippet:-1","max-image-preview":"max-image-preview:large","max-video-preview":"max-video-preview:-1"},"canonical":"https:\/\/franciscanos.org.br\/vidacrista\/pauta-do-novo-humanismo\/","og_locale":"pt_BR","og_type":"article","og_title":"Pauta do novo humanismo - Vida Crist\u00e3 - Franciscanos","og_description":"Artigo de Dom Walmor Oliveira de Azevedo","og_url":"https:\/\/franciscanos.org.br\/vidacrista\/pauta-do-novo-humanismo\/","og_site_name":"Vida Crist\u00e3 - Franciscanos","article_published_time":"2022-07-02T11:57:52+00:00","og_image":[{"width":840,"height":450,"url":"https:\/\/franciscanos.org.br\/vidacrista\/wp-content\/uploads\/2022\/07\/artigo_02.png","type":"image\/png"}],"author":"moacir","twitter_card":"summary_large_image","twitter_misc":{"Escrito por":"moacir","Est. tempo de leitura":"4 minutos"},"schema":{"@context":"https:\/\/schema.org","@graph":[{"@type":"WebSite","@id":"https:\/\/franciscanos.org.br\/vidacrista\/#website","url":"https:\/\/franciscanos.org.br\/vidacrista\/","name":"Vida Crist\u00e3 - Franciscanos","description":"Prov\u00edncia Franciscana da Imaculada Concei\u00e7\u00e3o do Brasil - Ordem dos Frades Menores","potentialAction":[{"@type":"SearchAction","target":{"@type":"EntryPoint","urlTemplate":"https:\/\/franciscanos.org.br\/vidacrista\/?s={search_term_string}"},"query-input":"required name=search_term_string"}],"inLanguage":"pt-BR"},{"@type":"WebPage","@id":"https:\/\/franciscanos.org.br\/vidacrista\/pauta-do-novo-humanismo\/","url":"https:\/\/franciscanos.org.br\/vidacrista\/pauta-do-novo-humanismo\/","name":"Pauta do novo humanismo - Vida Crist\u00e3 - Franciscanos","isPartOf":{"@id":"https:\/\/franciscanos.org.br\/vidacrista\/#website"},"datePublished":"2022-07-02T11:57:52+00:00","dateModified":"2022-07-02T11:57:52+00:00","author":{"@id":"https:\/\/franciscanos.org.br\/vidacrista\/#\/schema\/person\/1880bdd2c350b735648725ef7614736a"},"breadcrumb":{"@id":"https:\/\/franciscanos.org.br\/vidacrista\/pauta-do-novo-humanismo\/#breadcrumb"},"inLanguage":"pt-BR","potentialAction":[{"@type":"ReadAction","target":["https:\/\/franciscanos.org.br\/vidacrista\/pauta-do-novo-humanismo\/"]}]},{"@type":"BreadcrumbList","@id":"https:\/\/franciscanos.org.br\/vidacrista\/pauta-do-novo-humanismo\/#breadcrumb","itemListElement":[{"@type":"ListItem","position":1,"name":"Home","item":"https:\/\/franciscanos.org.br\/vidacrista\/"},{"@type":"ListItem","position":2,"name":"Pauta do novo humanismo"}]},{"@type":"Person","@id":"https:\/\/franciscanos.org.br\/vidacrista\/#\/schema\/person\/1880bdd2c350b735648725ef7614736a","name":"moacir","image":{"@type":"ImageObject","inLanguage":"pt-BR","@id":"https:\/\/franciscanos.org.br\/vidacrista\/#\/schema\/person\/image\/","url":"https:\/\/secure.gravatar.com\/avatar\/d08aa2ce4c8dd416d4479aa8536fcf64?s=96&d=mm&r=g","contentUrl":"https:\/\/secure.gravatar.com\/avatar\/d08aa2ce4c8dd416d4479aa8536fcf64?s=96&d=mm&r=g","caption":"moacir"},"url":"https:\/\/franciscanos.org.br\/vidacrista\/author\/moacir\/"}]}},"_links":{"self":[{"href":"https:\/\/franciscanos.org.br\/vidacrista\/wp-json\/wp\/v2\/posts\/192058"}],"collection":[{"href":"https:\/\/franciscanos.org.br\/vidacrista\/wp-json\/wp\/v2\/posts"}],"about":[{"href":"https:\/\/franciscanos.org.br\/vidacrista\/wp-json\/wp\/v2\/types\/post"}],"author":[{"embeddable":true,"href":"https:\/\/franciscanos.org.br\/vidacrista\/wp-json\/wp\/v2\/users\/3"}],"replies":[{"embeddable":true,"href":"https:\/\/franciscanos.org.br\/vidacrista\/wp-json\/wp\/v2\/comments?post=192058"}],"version-history":[{"count":1,"href":"https:\/\/franciscanos.org.br\/vidacrista\/wp-json\/wp\/v2\/posts\/192058\/revisions"}],"predecessor-version":[{"id":192060,"href":"https:\/\/franciscanos.org.br\/vidacrista\/wp-json\/wp\/v2\/posts\/192058\/revisions\/192060"}],"wp:featuredmedia":[{"embeddable":true,"href":"https:\/\/franciscanos.org.br\/vidacrista\/wp-json\/wp\/v2\/media\/192059"}],"wp:attachment":[{"href":"https:\/\/franciscanos.org.br\/vidacrista\/wp-json\/wp\/v2\/media?parent=192058"}],"wp:term":[{"taxonomy":"category","embeddable":true,"href":"https:\/\/franciscanos.org.br\/vidacrista\/wp-json\/wp\/v2\/categories?post=192058"},{"taxonomy":"post_tag","embeddable":true,"href":"https:\/\/franciscanos.org.br\/vidacrista\/wp-json\/wp\/v2\/tags?post=192058"}],"curies":[{"name":"wp","href":"https:\/\/api.w.org\/{rel}","templated":true}]}}