{"id":192055,"date":"2022-07-01T08:33:43","date_gmt":"2022-07-01T11:33:43","guid":{"rendered":"https:\/\/franciscanos.org.br\/vidacrista\/?p=192055"},"modified":"2022-07-01T08:33:43","modified_gmt":"2022-07-01T11:33:43","slug":"ter-compaixao","status":"publish","type":"post","link":"https:\/\/franciscanos.org.br\/vidacrista\/ter-compaixao\/","title":{"rendered":"Ter compaix\u00e3o"},"content":{"rendered":"<p><img decoding=\"async\" loading=\"lazy\" class=\"alignnone size-full wp-image-192056\" src=\"https:\/\/franciscanos.org.br\/vidacrista\/wp-content\/uploads\/2022\/07\/coracao_01.jpg\" alt=\"\" width=\"840\" height=\"450\" srcset=\"https:\/\/franciscanos.org.br\/vidacrista\/wp-content\/uploads\/2022\/07\/coracao_01.jpg 840w, https:\/\/franciscanos.org.br\/vidacrista\/wp-content\/uploads\/2022\/07\/coracao_01-450x241.jpg 450w, https:\/\/franciscanos.org.br\/vidacrista\/wp-content\/uploads\/2022\/07\/coracao_01-768x411.jpg 768w, https:\/\/franciscanos.org.br\/vidacrista\/wp-content\/uploads\/2022\/07\/coracao_01-150x80.jpg 150w\" sizes=\"(max-width: 840px) 100vw, 840px\" \/><\/p>\n<p>Sempre estamos arrumando, organizando, reorganizando nossa vida. Queremos atravessar o tempo da exist\u00eancia de uma tal maneira que tenhamos podido ser pessoas profundamente boas. N\u00e3o queremos fazer de conta. H\u00e1 um convite a sermos compassivos. Jesus sempre ensinou os seus a serem pessoas sens\u00edveis aos outros. Quando chamado, ele escuta, atende e ajuda. Um dos tra\u00e7os da figura de Jesus \u00e9, pois, a compaix\u00e3o. Compaix\u00e3o quer dizer <em>sofrer com..<\/em>., ter sensibilidade para a dor do outro e, com isso, tornar-se pr\u00f3ximo, escutar, olhar, adivinhar, fazer seus os apertos de cora\u00e7\u00e3o dos outros e colocar-se \u00e0 disposi\u00e7\u00e3o.<\/p>\n<p>O tempo da vida p\u00fablica do Senhor foi de andarilho. Percorreu lugares muito pequenos. Encanta-nos sempre o encontro do Senhor com a vi\u00fava de Naim que levava o filho morto para o cemit\u00e9rio. Vale a pena ler o texto todo em Lucas 7, 11-17. Jesus para \u00e0s portas da cidade e v\u00ea pessoas tristes, sobretudo a m\u00e3e do rapaz. Aproxima-se e tem compaix\u00e3o, <em>sofre com.<\/em>.. terras poeirentas, pobreza, morte. O texto diz que Jesus ficou comovido. O menino revive e \u00e9 entregue \u00e0 sua m\u00e3e. Mais tarde, no alto da cruz, ele entregar\u00e1 sua m\u00e3e a Jo\u00e3o para que ela n\u00e3o ficasse sozinha. Compaix\u00e3o&#8230;!<\/p>\n<p>Importa, antes de, tudo olhar as pessoas sem preconceitos. Deixar que elas se assentem na sala de nossa aten\u00e7\u00e3o, que ocupem lugar em n\u00f3s. Que deixemos de lado tanta inventividade em buscar vantagens para n\u00f3s e os nossos e pensar que h\u00e1 pessoas que esperam que nosso cora\u00e7\u00e3o tenha reflexo de sua dor. H\u00e1 pessoas que sofrem em segredo, h\u00e1 pobres envergonhados, h\u00e1 aqueles com muito peso a ser carregado, pessoas que est\u00e3o no limiar do suic\u00eddio e o desespero. Quem sabe bem perto de n\u00f3s.<\/p>\n<p>Brasil, terra de contrastes, ricos a mais n\u00e3o poder e vidas sendo ceifadas muito cedo. Essas pessoas sem rumo, matando e morrendo. Um olhar coletivo, uma compaix\u00e3o coletiva. Esses pobres meninos iniciados no tr\u00e1fico, essas mulheres que precisam ir ao necrot\u00e9rio identificar o marido morto com bala perdida, esse homem que depois da Covid ficou sozinho em sua casa no Morumbi ou na periferia mais cruel. <em>Sofrer com<\/em> mas acompanhar seu soerguimento, injetar no cora\u00e7\u00e3o dessas pessoas confian\u00e7a e esperan\u00e7a no amanh\u00e3.<\/p>\n<p>\u00c9 bom refletir nestas palavras de Pagola: \u201cPessoas sozinhas que ningu\u00e9m tem tempo de ouvir. Esposas e esposos que sofrem impotentes e sem ajuda o desmoronamento de seu amor. Jovens que abortam pressionadas pelo medo e pela inseguran\u00e7a sem o apoio e compreens\u00e3o de ningu\u00e9m. Pessoas que sofrem secretamente de sair de uma vida indigna. Pessoas afastadas que desejam reavir sua f\u00e9 e n\u00e3o sabem a quem, recorrer. Quem despertar\u00e1 em n\u00f3s a compaix\u00e3o?\u201d (O caminho aberto por Jesus. Marcos, p. 138).<\/p>\n<p><em>Jesus teve compaix\u00e3o da vi\u00fava de Naim.<\/em><\/p>\n<hr \/>\n<p><em>Frei Almir Ribeiro Guimar\u00e3es<\/em><\/p>\n","protected":false},"excerpt":{"rendered":"<p>Primeira Sexta-feira do M\u00eas<\/p>\n","protected":false},"author":3,"featured_media":192056,"comment_status":"open","ping_status":"open","sticky":false,"template":"","format":"standard","meta":{"footnotes":""},"categories":[105],"tags":[106],"yoast_head":"<!-- This site is optimized with the Yoast SEO plugin v19.4 - https:\/\/yoast.com\/wordpress\/plugins\/seo\/ -->\n<title>Ter compaix\u00e3o - Vida Crist\u00e3 - Franciscanos<\/title>\n<meta name=\"robots\" content=\"index, follow, max-snippet:-1, max-image-preview:large, max-video-preview:-1\" \/>\n<link rel=\"canonical\" href=\"https:\/\/franciscanos.org.br\/vidacrista\/ter-compaixao\/\" \/>\n<meta property=\"og:locale\" content=\"pt_BR\" \/>\n<meta property=\"og:type\" content=\"article\" \/>\n<meta property=\"og:title\" content=\"Ter compaix\u00e3o - Vida Crist\u00e3 - Franciscanos\" \/>\n<meta property=\"og:description\" content=\"Primeira Sexta-feira do M\u00eas\" \/>\n<meta property=\"og:url\" content=\"https:\/\/franciscanos.org.br\/vidacrista\/ter-compaixao\/\" \/>\n<meta property=\"og:site_name\" content=\"Vida Crist\u00e3 - Franciscanos\" \/>\n<meta property=\"article:published_time\" content=\"2022-07-01T11:33:43+00:00\" \/>\n<meta property=\"og:image\" content=\"https:\/\/franciscanos.org.br\/vidacrista\/wp-content\/uploads\/2022\/07\/coracao_01.jpg\" \/>\n\t<meta property=\"og:image:width\" content=\"840\" \/>\n\t<meta property=\"og:image:height\" content=\"450\" \/>\n\t<meta property=\"og:image:type\" content=\"image\/jpeg\" \/>\n<meta name=\"author\" content=\"moacir\" \/>\n<meta name=\"twitter:card\" content=\"summary_large_image\" \/>\n<meta name=\"twitter:label1\" content=\"Escrito por\" \/>\n\t<meta name=\"twitter:data1\" content=\"moacir\" \/>\n\t<meta name=\"twitter:label2\" content=\"Est. tempo de leitura\" \/>\n\t<meta name=\"twitter:data2\" content=\"2 minutos\" \/>\n<script type=\"application\/ld+json\" class=\"yoast-schema-graph\">{\"@context\":\"https:\/\/schema.org\",\"@graph\":[{\"@type\":\"WebSite\",\"@id\":\"https:\/\/franciscanos.org.br\/vidacrista\/#website\",\"url\":\"https:\/\/franciscanos.org.br\/vidacrista\/\",\"name\":\"Vida Crist\u00e3 - Franciscanos\",\"description\":\"Prov\u00edncia Franciscana da Imaculada Concei\u00e7\u00e3o do Brasil - Ordem dos Frades Menores\",\"potentialAction\":[{\"@type\":\"SearchAction\",\"target\":{\"@type\":\"EntryPoint\",\"urlTemplate\":\"https:\/\/franciscanos.org.br\/vidacrista\/?s={search_term_string}\"},\"query-input\":\"required name=search_term_string\"}],\"inLanguage\":\"pt-BR\"},{\"@type\":\"WebPage\",\"@id\":\"https:\/\/franciscanos.org.br\/vidacrista\/ter-compaixao\/\",\"url\":\"https:\/\/franciscanos.org.br\/vidacrista\/ter-compaixao\/\",\"name\":\"Ter compaix\u00e3o - Vida Crist\u00e3 - Franciscanos\",\"isPartOf\":{\"@id\":\"https:\/\/franciscanos.org.br\/vidacrista\/#website\"},\"datePublished\":\"2022-07-01T11:33:43+00:00\",\"dateModified\":\"2022-07-01T11:33:43+00:00\",\"author\":{\"@id\":\"https:\/\/franciscanos.org.br\/vidacrista\/#\/schema\/person\/1880bdd2c350b735648725ef7614736a\"},\"breadcrumb\":{\"@id\":\"https:\/\/franciscanos.org.br\/vidacrista\/ter-compaixao\/#breadcrumb\"},\"inLanguage\":\"pt-BR\",\"potentialAction\":[{\"@type\":\"ReadAction\",\"target\":[\"https:\/\/franciscanos.org.br\/vidacrista\/ter-compaixao\/\"]}]},{\"@type\":\"BreadcrumbList\",\"@id\":\"https:\/\/franciscanos.org.br\/vidacrista\/ter-compaixao\/#breadcrumb\",\"itemListElement\":[{\"@type\":\"ListItem\",\"position\":1,\"name\":\"Home\",\"item\":\"https:\/\/franciscanos.org.br\/vidacrista\/\"},{\"@type\":\"ListItem\",\"position\":2,\"name\":\"Ter compaix\u00e3o\"}]},{\"@type\":\"Person\",\"@id\":\"https:\/\/franciscanos.org.br\/vidacrista\/#\/schema\/person\/1880bdd2c350b735648725ef7614736a\",\"name\":\"moacir\",\"image\":{\"@type\":\"ImageObject\",\"inLanguage\":\"pt-BR\",\"@id\":\"https:\/\/franciscanos.org.br\/vidacrista\/#\/schema\/person\/image\/\",\"url\":\"https:\/\/secure.gravatar.com\/avatar\/d08aa2ce4c8dd416d4479aa8536fcf64?s=96&d=mm&r=g\",\"contentUrl\":\"https:\/\/secure.gravatar.com\/avatar\/d08aa2ce4c8dd416d4479aa8536fcf64?s=96&d=mm&r=g\",\"caption\":\"moacir\"},\"url\":\"https:\/\/franciscanos.org.br\/vidacrista\/author\/moacir\/\"}]}<\/script>\n<!-- \/ Yoast SEO plugin. -->","yoast_head_json":{"title":"Ter compaix\u00e3o - Vida Crist\u00e3 - Franciscanos","robots":{"index":"index","follow":"follow","max-snippet":"max-snippet:-1","max-image-preview":"max-image-preview:large","max-video-preview":"max-video-preview:-1"},"canonical":"https:\/\/franciscanos.org.br\/vidacrista\/ter-compaixao\/","og_locale":"pt_BR","og_type":"article","og_title":"Ter compaix\u00e3o - Vida Crist\u00e3 - Franciscanos","og_description":"Primeira Sexta-feira do M\u00eas","og_url":"https:\/\/franciscanos.org.br\/vidacrista\/ter-compaixao\/","og_site_name":"Vida Crist\u00e3 - Franciscanos","article_published_time":"2022-07-01T11:33:43+00:00","og_image":[{"width":840,"height":450,"url":"https:\/\/franciscanos.org.br\/vidacrista\/wp-content\/uploads\/2022\/07\/coracao_01.jpg","type":"image\/jpeg"}],"author":"moacir","twitter_card":"summary_large_image","twitter_misc":{"Escrito por":"moacir","Est. tempo de leitura":"2 minutos"},"schema":{"@context":"https:\/\/schema.org","@graph":[{"@type":"WebSite","@id":"https:\/\/franciscanos.org.br\/vidacrista\/#website","url":"https:\/\/franciscanos.org.br\/vidacrista\/","name":"Vida Crist\u00e3 - Franciscanos","description":"Prov\u00edncia Franciscana da Imaculada Concei\u00e7\u00e3o do Brasil - Ordem dos Frades Menores","potentialAction":[{"@type":"SearchAction","target":{"@type":"EntryPoint","urlTemplate":"https:\/\/franciscanos.org.br\/vidacrista\/?s={search_term_string}"},"query-input":"required name=search_term_string"}],"inLanguage":"pt-BR"},{"@type":"WebPage","@id":"https:\/\/franciscanos.org.br\/vidacrista\/ter-compaixao\/","url":"https:\/\/franciscanos.org.br\/vidacrista\/ter-compaixao\/","name":"Ter compaix\u00e3o - Vida Crist\u00e3 - Franciscanos","isPartOf":{"@id":"https:\/\/franciscanos.org.br\/vidacrista\/#website"},"datePublished":"2022-07-01T11:33:43+00:00","dateModified":"2022-07-01T11:33:43+00:00","author":{"@id":"https:\/\/franciscanos.org.br\/vidacrista\/#\/schema\/person\/1880bdd2c350b735648725ef7614736a"},"breadcrumb":{"@id":"https:\/\/franciscanos.org.br\/vidacrista\/ter-compaixao\/#breadcrumb"},"inLanguage":"pt-BR","potentialAction":[{"@type":"ReadAction","target":["https:\/\/franciscanos.org.br\/vidacrista\/ter-compaixao\/"]}]},{"@type":"BreadcrumbList","@id":"https:\/\/franciscanos.org.br\/vidacrista\/ter-compaixao\/#breadcrumb","itemListElement":[{"@type":"ListItem","position":1,"name":"Home","item":"https:\/\/franciscanos.org.br\/vidacrista\/"},{"@type":"ListItem","position":2,"name":"Ter compaix\u00e3o"}]},{"@type":"Person","@id":"https:\/\/franciscanos.org.br\/vidacrista\/#\/schema\/person\/1880bdd2c350b735648725ef7614736a","name":"moacir","image":{"@type":"ImageObject","inLanguage":"pt-BR","@id":"https:\/\/franciscanos.org.br\/vidacrista\/#\/schema\/person\/image\/","url":"https:\/\/secure.gravatar.com\/avatar\/d08aa2ce4c8dd416d4479aa8536fcf64?s=96&d=mm&r=g","contentUrl":"https:\/\/secure.gravatar.com\/avatar\/d08aa2ce4c8dd416d4479aa8536fcf64?s=96&d=mm&r=g","caption":"moacir"},"url":"https:\/\/franciscanos.org.br\/vidacrista\/author\/moacir\/"}]}},"_links":{"self":[{"href":"https:\/\/franciscanos.org.br\/vidacrista\/wp-json\/wp\/v2\/posts\/192055"}],"collection":[{"href":"https:\/\/franciscanos.org.br\/vidacrista\/wp-json\/wp\/v2\/posts"}],"about":[{"href":"https:\/\/franciscanos.org.br\/vidacrista\/wp-json\/wp\/v2\/types\/post"}],"author":[{"embeddable":true,"href":"https:\/\/franciscanos.org.br\/vidacrista\/wp-json\/wp\/v2\/users\/3"}],"replies":[{"embeddable":true,"href":"https:\/\/franciscanos.org.br\/vidacrista\/wp-json\/wp\/v2\/comments?post=192055"}],"version-history":[{"count":1,"href":"https:\/\/franciscanos.org.br\/vidacrista\/wp-json\/wp\/v2\/posts\/192055\/revisions"}],"predecessor-version":[{"id":192057,"href":"https:\/\/franciscanos.org.br\/vidacrista\/wp-json\/wp\/v2\/posts\/192055\/revisions\/192057"}],"wp:featuredmedia":[{"embeddable":true,"href":"https:\/\/franciscanos.org.br\/vidacrista\/wp-json\/wp\/v2\/media\/192056"}],"wp:attachment":[{"href":"https:\/\/franciscanos.org.br\/vidacrista\/wp-json\/wp\/v2\/media?parent=192055"}],"wp:term":[{"taxonomy":"category","embeddable":true,"href":"https:\/\/franciscanos.org.br\/vidacrista\/wp-json\/wp\/v2\/categories?post=192055"},{"taxonomy":"post_tag","embeddable":true,"href":"https:\/\/franciscanos.org.br\/vidacrista\/wp-json\/wp\/v2\/tags?post=192055"}],"curies":[{"name":"wp","href":"https:\/\/api.w.org\/{rel}","templated":true}]}}