{"id":192041,"date":"2022-06-28T08:14:34","date_gmt":"2022-06-28T11:14:34","guid":{"rendered":"https:\/\/franciscanos.org.br\/vidacrista\/?p=192041"},"modified":"2022-06-28T08:14:34","modified_gmt":"2022-06-28T11:14:34","slug":"educacao-e-possivel-ter-esperanca-em-tempos-pandemicos","status":"publish","type":"post","link":"https:\/\/franciscanos.org.br\/vidacrista\/educacao-e-possivel-ter-esperanca-em-tempos-pandemicos\/","title":{"rendered":"Educa\u00e7\u00e3o &#8211; \u00e9 poss\u00edvel ter esperan\u00e7a em tempos pand\u00eamicos?"},"content":{"rendered":"<div id=\"attachment_192042\" style=\"width: 850px\" class=\"wp-caption alignnone\"><img aria-describedby=\"caption-attachment-192042\" decoding=\"async\" loading=\"lazy\" class=\"wp-image-192042 size-full\" src=\"https:\/\/franciscanos.org.br\/vidacrista\/wp-content\/uploads\/2022\/06\/artigo_28.png\" alt=\"\" width=\"840\" height=\"451\" srcset=\"https:\/\/franciscanos.org.br\/vidacrista\/wp-content\/uploads\/2022\/06\/artigo_28.png 840w, https:\/\/franciscanos.org.br\/vidacrista\/wp-content\/uploads\/2022\/06\/artigo_28-450x242.png 450w, https:\/\/franciscanos.org.br\/vidacrista\/wp-content\/uploads\/2022\/06\/artigo_28-768x412.png 768w, https:\/\/franciscanos.org.br\/vidacrista\/wp-content\/uploads\/2022\/06\/artigo_28-150x81.png 150w\" sizes=\"(max-width: 840px) 100vw, 840px\" \/><p id=\"caption-attachment-192042\" class=\"wp-caption-text\">\u00a0 \u00a0 \u00a0 \u00a0 \u00a0 \u00a0 \u00a0 \u00a0 \u00a0 \u00a0 \u00a0 \u00a0 \u00a0 \u00a0 \u00a0 \u00a0 \u00a0 \u00a0 \u00a0 \u00a0 \u00a0 \u00a0 \u00a0 \u00a0 \u00a0 \u00a0 \u00a0 \u00a0 \u00a0 \u00a0 \u00a0 \u00a0 \u00a0 \u00a0 \u00a0<em> \u00a0 Imagem ilustrativa<\/em>: Canva (<a href=\"http:\/\/www.canva.com\/pt_br\/modelos\">www.canva.com\/pt_br\/modelos<\/a>)<\/p><\/div>\n<p><strong>Robson Ribeiro de Oliveira Castro Chaves<\/strong><\/p>\n<p>Vivemos um per\u00edodo p\u00f3s-pandemia e ainda n\u00e3o \u00e9 poss\u00edvel prever o caminho a ser seguido. M\u00eas a m\u00eas, semana a semana, nos deparamos com dificuldades que, diante do avan\u00e7o de casos, nos deixam apreensivos. Entretanto, mesmo com essa situa\u00e7\u00e3o, temos a convic\u00e7\u00e3o de que a vacina \u00e9 o melhor caminho para evitar as mortes que, no Brasil, superaram o alarmante n\u00famero de 4.000 mortos em um \u00fanico dia.<\/p>\n<p>Diante desse cen\u00e1rio inconstante, uma pergunta fica: Podemos ter esperan\u00e7a de dias melhores? A primeira condi\u00e7\u00e3o \u00e9 ter a esperan\u00e7a de uma consci\u00eancia humana em algo que \u00e9 maior: o bem de todos e todas, que, chamaremos de bem comum.<\/p>\n<p>Para tentar responder a essa pergunta, primeiro temos que contextualizar: Vivemos um per\u00edodo de grandes transforma\u00e7\u00f5es sociais, econ\u00f4micas, pol\u00edticas e educacionais. O ser humano se v\u00ea desnorteado diante de tantas situa\u00e7\u00f5es indesej\u00e1veis. Diante dos desafios, somos chamados a nos colocar no processo de reinven\u00e7\u00e3o do cotidiano, algo nunca antes pensado. Para tanto, \u00e9 necess\u00e1rio ter cuidado com a vida, respeitar o pr\u00f3ximo e, principalmente, as gera\u00e7\u00f5es.<\/p>\n<p>\u00c9 preciso, urgentemente, se fazer ouvir e articular o maior crescimento da consci\u00eancia humana sobre o que \u00e9 ser humano e a sua rela\u00e7\u00e3o com a educa\u00e7\u00e3o. Por isso, pensar em um eficiente processo educacional s\u00f3 ser\u00e1 poss\u00edvel diante de uma Educa\u00e7\u00e3o Integral do ser humano. Desse jeito, ainda h\u00e1 esperan\u00e7a? Retomo a pergunta para primeiro pensar em uma esperan\u00e7a em Deus, mas um aspecto de esperan\u00e7ar frente aos desafios. Por isso, esperan\u00e7ar em Deus nos ajuda a conhec\u00ea-lo melhor. Esperan\u00e7ar em Deus fortalece a nossa f\u00e9 e gera paci\u00eancia. Esperan\u00e7ar em Deus nos prepara para recebermos b\u00ean\u00e7\u00e3os maiores do que as que pedimos. Os planos de Deus s\u00e3o maiores do que os nossos planos. Esperan\u00e7ar em Deus possibilita a realiza\u00e7\u00e3o de grandes coisas em nossas vidas.<\/p>\n<p>Com essa proposta, diante desse contexto pand\u00eamico, se faz necess\u00e1ria uma transforma\u00e7\u00e3o na educa\u00e7\u00e3o. Por isso, a Campanha da Fraternidade 2022 com o tema \u201cFraternidade e Educa\u00e7\u00e3o\u201d nos convida a escutar os ensinamentos de Cristo, que se coloca como servo. Ele \u00e9 o Educador que nos d\u00e1 a condi\u00e7\u00e3o de aprender com nossas realidades e em nossos contextos, ou seja, observando a realidade de cada um.<\/p>\n<p>Para isso, com o intuito de mudar nossa conduta, precisamos ir al\u00e9m das aulas e dos cursos, criar uma rede de rela\u00e7\u00f5es humanas e abertas, capazes de ouvir. De nos ouvir! Ouvir nossas dificuldades e problemas como professores e, diante disso, n\u00e3o perder a esperan\u00e7a. A educa\u00e7\u00e3o hoje precisa criar crit\u00e9rios, por exemplo, o que \u00e9 importante para os alunos e como fazer com que eles voltem o seu olhar e interesse para a educa\u00e7\u00e3o? Uma pessoa s\u00e1bia n\u00e3o \u00e9 aquela que tudo sabe, mas \u00e9 o que sabe o que precisa saber. O conhecimento \u00e9 algo que \u00e9 vivo e n\u00e3o congelado, est\u00e1 em constante movimento.<\/p>\n<p>Com essa realidade, \u00e9 preciso cultivar o caminho \u00e9tico, respeitando as pessoas na sua individualidade e comprometendo-se com a realidade vivida e o respeito a todos. Dessa forma, teremos condi\u00e7\u00f5es de deixar um bom legado aos que est\u00e3o por vir, \u00e0s futuras gera\u00e7\u00f5es: pessoas melhores para o mundo consequentemente melhor.<\/p>\n<p>Infelizmente, ainda temos pessoas que negam a realidade e os problemas pelos quais passamos em mais de dois anos de pandemia e ainda estamos passando. Ou seja, h\u00e1 mais pessoas amaldi\u00e7oando a escurid\u00e3o do que acendendo velas para iluminar. Nessa met\u00e1fora \u00e9 n\u00edtida a necessidade de se movimentar agora e esperan\u00e7ar, como j\u00e1 disse Paulo Freire: \u201c\u00c9 preciso ter esperan\u00e7a, mas ter esperan\u00e7a do verbo esperan\u00e7ar; porque tem gente que tem esperan\u00e7a do verbo esperar. E esperan\u00e7a do verbo esperar n\u00e3o \u00e9 esperan\u00e7a, \u00e9 espera. Esperan\u00e7ar \u00e9 se levantar, esperan\u00e7ar \u00e9 ir atr\u00e1s, esperan\u00e7ar \u00e9 construir, esperan\u00e7ar \u00e9 n\u00e3o desistir! Esperan\u00e7ar \u00e9 levar adiante, esperan\u00e7ar \u00e9 juntar-se com outros para fazer de outro modo\u201d.<\/p>\n<p>Por isso, a nossa pergunta inicial tem uma resposta: Sim, \u00e9 poss\u00edvel ter esperan\u00e7a! Esperan\u00e7a no ser humano, na sociedade que luta por condi\u00e7\u00f5es melhores e, acima de tudo, esperan\u00e7a na educa\u00e7\u00e3o. Nesse contexto, quero trazer a fala de Viktor Frankl, em seu livro \u201cEm Busca De Sentido: Um psic\u00f3logo no campo de concentra\u00e7\u00e3o\u201d. Para Viktor, que sofreu nos campos de concentra\u00e7\u00e3o durante tr\u00eas anos, ele afirma que \u201ca vida tem um sentido potencial sob quaisquer circunst\u00e2ncias, mesmo as mais miser\u00e1veis\u201d (2008, p. 4). Diante dessa afirma\u00e7\u00e3o, o que realmente devemos fazer \u00e9 promover uma verdadeira e consciente mudan\u00e7a em nossas atitudes em rela\u00e7\u00e3o \u00e0 vida. Ele continua: \u201cO que importa \u00e9 tirar o melhor de cada situa\u00e7\u00e3o dada\u201d. (FRANKL, 2008, p. 75)<\/p>\n<p>Dessa forma, \u00e9 urgente retomar nosso prop\u00f3sito de vida e, acima de tudo, cuidar do outro,\u00a0 colocar-se a escut\u00e1-lo e a fazer um processo de encontro. Nesse aspecto, a educa\u00e7\u00e3o \u00e9 a condi\u00e7\u00e3o de uma grande conquista, pois \u00e9 com a educa\u00e7\u00e3o que temos as bases das nossas rela\u00e7\u00f5es. N\u00e3o podemos fugir disso, nem mesmo deixar de lado a realidade de uma sociedade que se preocupa somente com a realidade financeira e se esquece de escutar, de se colocar como aquele que serve, como Cristo fez.<\/p>\n<p>Por fim, em conson\u00e2ncia com a fala de Paulo Freire, a Exemplo de Jesus, quero trazer aqui uma singela recorda\u00e7\u00e3o de Dom Helder C\u00e2mara, \u201cDeixa-me acender cem vezes, mil vezes, um milh\u00e3o de vezes de esperan\u00e7a que ventos perversos e fortes teimam em apagar. Que grande e bela profiss\u00e3o: acendedor de esperan\u00e7a\u201d. Ecoando os pedidos de Francisco, \u201c\u00e9 tempo de olhar em frente com coragem e esperan\u00e7a. Que para isso, nos sustente a convic\u00e7\u00e3o de que habita na educa\u00e7\u00e3o a semente da esperan\u00e7a: uma esperan\u00e7a de paz e justi\u00e7a; uma esperan\u00e7a de beleza, de bondade; uma esperan\u00e7a de harmonia social!\u201d<\/p>\n<p>Que sejamos assim: esperan\u00e7osos. Que haja em n\u00f3s disposi\u00e7\u00e3o para acreditar em Deus, mesmo quando sua dire\u00e7\u00e3o \u00e9 inusitada!<\/p>\n<hr \/>\n<p><strong>Robson Ribeiro de Oliveira Castro Chaves<\/strong>\u00a0<em>\u00e9 mestre em Teologia pela Faculdade Jesu\u00edta de Filosofia e Teologia (FAJE), em BH, professor de teologia no Instituto Teol\u00f3gico Franciscano (ITF), em Petr\u00f3polis (RJ) e membro do Conselho Regional de Forma\u00e7\u00e3o (CRF) \u2013 LESTE II do CNLB.<\/em><\/p>\n","protected":false},"excerpt":{"rendered":"<p>Artigo de Robson Ribeiro de Oliveira Castro Chaves<\/p>\n","protected":false},"author":3,"featured_media":192042,"comment_status":"open","ping_status":"open","sticky":false,"template":"","format":"standard","meta":{"footnotes":""},"categories":[26],"tags":[355],"yoast_head":"<!-- This site is optimized with the Yoast SEO plugin v19.4 - https:\/\/yoast.com\/wordpress\/plugins\/seo\/ -->\n<title>Educa\u00e7\u00e3o - \u00e9 poss\u00edvel ter esperan\u00e7a em tempos pand\u00eamicos? - Vida Crist\u00e3 - Franciscanos<\/title>\n<meta name=\"robots\" content=\"index, follow, max-snippet:-1, max-image-preview:large, max-video-preview:-1\" \/>\n<link rel=\"canonical\" href=\"https:\/\/franciscanos.org.br\/vidacrista\/educacao-e-possivel-ter-esperanca-em-tempos-pandemicos\/\" \/>\n<meta property=\"og:locale\" content=\"pt_BR\" \/>\n<meta property=\"og:type\" content=\"article\" \/>\n<meta property=\"og:title\" content=\"Educa\u00e7\u00e3o - \u00e9 poss\u00edvel ter esperan\u00e7a em tempos pand\u00eamicos? - Vida Crist\u00e3 - Franciscanos\" \/>\n<meta property=\"og:description\" content=\"Artigo de Robson Ribeiro de Oliveira Castro Chaves\" \/>\n<meta property=\"og:url\" content=\"https:\/\/franciscanos.org.br\/vidacrista\/educacao-e-possivel-ter-esperanca-em-tempos-pandemicos\/\" \/>\n<meta property=\"og:site_name\" content=\"Vida Crist\u00e3 - Franciscanos\" \/>\n<meta property=\"article:published_time\" content=\"2022-06-28T11:14:34+00:00\" \/>\n<meta property=\"og:image\" content=\"https:\/\/franciscanos.org.br\/vidacrista\/wp-content\/uploads\/2022\/06\/artigo_28.png\" \/>\n\t<meta property=\"og:image:width\" content=\"840\" \/>\n\t<meta property=\"og:image:height\" content=\"451\" \/>\n\t<meta property=\"og:image:type\" content=\"image\/png\" \/>\n<meta name=\"author\" content=\"moacir\" \/>\n<meta name=\"twitter:card\" content=\"summary_large_image\" \/>\n<meta name=\"twitter:label1\" content=\"Escrito por\" \/>\n\t<meta name=\"twitter:data1\" content=\"moacir\" \/>\n\t<meta name=\"twitter:label2\" content=\"Est. tempo de leitura\" \/>\n\t<meta name=\"twitter:data2\" content=\"6 minutos\" \/>\n<script type=\"application\/ld+json\" class=\"yoast-schema-graph\">{\"@context\":\"https:\/\/schema.org\",\"@graph\":[{\"@type\":\"WebSite\",\"@id\":\"https:\/\/franciscanos.org.br\/vidacrista\/#website\",\"url\":\"https:\/\/franciscanos.org.br\/vidacrista\/\",\"name\":\"Vida Crist\u00e3 - Franciscanos\",\"description\":\"Prov\u00edncia Franciscana da Imaculada Concei\u00e7\u00e3o do Brasil - Ordem dos Frades Menores\",\"potentialAction\":[{\"@type\":\"SearchAction\",\"target\":{\"@type\":\"EntryPoint\",\"urlTemplate\":\"https:\/\/franciscanos.org.br\/vidacrista\/?s={search_term_string}\"},\"query-input\":\"required name=search_term_string\"}],\"inLanguage\":\"pt-BR\"},{\"@type\":\"WebPage\",\"@id\":\"https:\/\/franciscanos.org.br\/vidacrista\/educacao-e-possivel-ter-esperanca-em-tempos-pandemicos\/\",\"url\":\"https:\/\/franciscanos.org.br\/vidacrista\/educacao-e-possivel-ter-esperanca-em-tempos-pandemicos\/\",\"name\":\"Educa\u00e7\u00e3o - \u00e9 poss\u00edvel ter esperan\u00e7a em tempos pand\u00eamicos? - Vida Crist\u00e3 - Franciscanos\",\"isPartOf\":{\"@id\":\"https:\/\/franciscanos.org.br\/vidacrista\/#website\"},\"datePublished\":\"2022-06-28T11:14:34+00:00\",\"dateModified\":\"2022-06-28T11:14:34+00:00\",\"author\":{\"@id\":\"https:\/\/franciscanos.org.br\/vidacrista\/#\/schema\/person\/1880bdd2c350b735648725ef7614736a\"},\"breadcrumb\":{\"@id\":\"https:\/\/franciscanos.org.br\/vidacrista\/educacao-e-possivel-ter-esperanca-em-tempos-pandemicos\/#breadcrumb\"},\"inLanguage\":\"pt-BR\",\"potentialAction\":[{\"@type\":\"ReadAction\",\"target\":[\"https:\/\/franciscanos.org.br\/vidacrista\/educacao-e-possivel-ter-esperanca-em-tempos-pandemicos\/\"]}]},{\"@type\":\"BreadcrumbList\",\"@id\":\"https:\/\/franciscanos.org.br\/vidacrista\/educacao-e-possivel-ter-esperanca-em-tempos-pandemicos\/#breadcrumb\",\"itemListElement\":[{\"@type\":\"ListItem\",\"position\":1,\"name\":\"Home\",\"item\":\"https:\/\/franciscanos.org.br\/vidacrista\/\"},{\"@type\":\"ListItem\",\"position\":2,\"name\":\"Educa\u00e7\u00e3o &#8211; \u00e9 poss\u00edvel ter esperan\u00e7a em tempos pand\u00eamicos?\"}]},{\"@type\":\"Person\",\"@id\":\"https:\/\/franciscanos.org.br\/vidacrista\/#\/schema\/person\/1880bdd2c350b735648725ef7614736a\",\"name\":\"moacir\",\"image\":{\"@type\":\"ImageObject\",\"inLanguage\":\"pt-BR\",\"@id\":\"https:\/\/franciscanos.org.br\/vidacrista\/#\/schema\/person\/image\/\",\"url\":\"https:\/\/secure.gravatar.com\/avatar\/d08aa2ce4c8dd416d4479aa8536fcf64?s=96&d=mm&r=g\",\"contentUrl\":\"https:\/\/secure.gravatar.com\/avatar\/d08aa2ce4c8dd416d4479aa8536fcf64?s=96&d=mm&r=g\",\"caption\":\"moacir\"},\"url\":\"https:\/\/franciscanos.org.br\/vidacrista\/author\/moacir\/\"}]}<\/script>\n<!-- \/ Yoast SEO plugin. -->","yoast_head_json":{"title":"Educa\u00e7\u00e3o - \u00e9 poss\u00edvel ter esperan\u00e7a em tempos pand\u00eamicos? - Vida Crist\u00e3 - Franciscanos","robots":{"index":"index","follow":"follow","max-snippet":"max-snippet:-1","max-image-preview":"max-image-preview:large","max-video-preview":"max-video-preview:-1"},"canonical":"https:\/\/franciscanos.org.br\/vidacrista\/educacao-e-possivel-ter-esperanca-em-tempos-pandemicos\/","og_locale":"pt_BR","og_type":"article","og_title":"Educa\u00e7\u00e3o - \u00e9 poss\u00edvel ter esperan\u00e7a em tempos pand\u00eamicos? - Vida Crist\u00e3 - Franciscanos","og_description":"Artigo de Robson Ribeiro de Oliveira Castro Chaves","og_url":"https:\/\/franciscanos.org.br\/vidacrista\/educacao-e-possivel-ter-esperanca-em-tempos-pandemicos\/","og_site_name":"Vida Crist\u00e3 - Franciscanos","article_published_time":"2022-06-28T11:14:34+00:00","og_image":[{"width":840,"height":451,"url":"https:\/\/franciscanos.org.br\/vidacrista\/wp-content\/uploads\/2022\/06\/artigo_28.png","type":"image\/png"}],"author":"moacir","twitter_card":"summary_large_image","twitter_misc":{"Escrito por":"moacir","Est. tempo de leitura":"6 minutos"},"schema":{"@context":"https:\/\/schema.org","@graph":[{"@type":"WebSite","@id":"https:\/\/franciscanos.org.br\/vidacrista\/#website","url":"https:\/\/franciscanos.org.br\/vidacrista\/","name":"Vida Crist\u00e3 - Franciscanos","description":"Prov\u00edncia Franciscana da Imaculada Concei\u00e7\u00e3o do Brasil - Ordem dos Frades Menores","potentialAction":[{"@type":"SearchAction","target":{"@type":"EntryPoint","urlTemplate":"https:\/\/franciscanos.org.br\/vidacrista\/?s={search_term_string}"},"query-input":"required name=search_term_string"}],"inLanguage":"pt-BR"},{"@type":"WebPage","@id":"https:\/\/franciscanos.org.br\/vidacrista\/educacao-e-possivel-ter-esperanca-em-tempos-pandemicos\/","url":"https:\/\/franciscanos.org.br\/vidacrista\/educacao-e-possivel-ter-esperanca-em-tempos-pandemicos\/","name":"Educa\u00e7\u00e3o - \u00e9 poss\u00edvel ter esperan\u00e7a em tempos pand\u00eamicos? - Vida Crist\u00e3 - Franciscanos","isPartOf":{"@id":"https:\/\/franciscanos.org.br\/vidacrista\/#website"},"datePublished":"2022-06-28T11:14:34+00:00","dateModified":"2022-06-28T11:14:34+00:00","author":{"@id":"https:\/\/franciscanos.org.br\/vidacrista\/#\/schema\/person\/1880bdd2c350b735648725ef7614736a"},"breadcrumb":{"@id":"https:\/\/franciscanos.org.br\/vidacrista\/educacao-e-possivel-ter-esperanca-em-tempos-pandemicos\/#breadcrumb"},"inLanguage":"pt-BR","potentialAction":[{"@type":"ReadAction","target":["https:\/\/franciscanos.org.br\/vidacrista\/educacao-e-possivel-ter-esperanca-em-tempos-pandemicos\/"]}]},{"@type":"BreadcrumbList","@id":"https:\/\/franciscanos.org.br\/vidacrista\/educacao-e-possivel-ter-esperanca-em-tempos-pandemicos\/#breadcrumb","itemListElement":[{"@type":"ListItem","position":1,"name":"Home","item":"https:\/\/franciscanos.org.br\/vidacrista\/"},{"@type":"ListItem","position":2,"name":"Educa\u00e7\u00e3o &#8211; \u00e9 poss\u00edvel ter esperan\u00e7a em tempos pand\u00eamicos?"}]},{"@type":"Person","@id":"https:\/\/franciscanos.org.br\/vidacrista\/#\/schema\/person\/1880bdd2c350b735648725ef7614736a","name":"moacir","image":{"@type":"ImageObject","inLanguage":"pt-BR","@id":"https:\/\/franciscanos.org.br\/vidacrista\/#\/schema\/person\/image\/","url":"https:\/\/secure.gravatar.com\/avatar\/d08aa2ce4c8dd416d4479aa8536fcf64?s=96&d=mm&r=g","contentUrl":"https:\/\/secure.gravatar.com\/avatar\/d08aa2ce4c8dd416d4479aa8536fcf64?s=96&d=mm&r=g","caption":"moacir"},"url":"https:\/\/franciscanos.org.br\/vidacrista\/author\/moacir\/"}]}},"_links":{"self":[{"href":"https:\/\/franciscanos.org.br\/vidacrista\/wp-json\/wp\/v2\/posts\/192041"}],"collection":[{"href":"https:\/\/franciscanos.org.br\/vidacrista\/wp-json\/wp\/v2\/posts"}],"about":[{"href":"https:\/\/franciscanos.org.br\/vidacrista\/wp-json\/wp\/v2\/types\/post"}],"author":[{"embeddable":true,"href":"https:\/\/franciscanos.org.br\/vidacrista\/wp-json\/wp\/v2\/users\/3"}],"replies":[{"embeddable":true,"href":"https:\/\/franciscanos.org.br\/vidacrista\/wp-json\/wp\/v2\/comments?post=192041"}],"version-history":[{"count":1,"href":"https:\/\/franciscanos.org.br\/vidacrista\/wp-json\/wp\/v2\/posts\/192041\/revisions"}],"predecessor-version":[{"id":192043,"href":"https:\/\/franciscanos.org.br\/vidacrista\/wp-json\/wp\/v2\/posts\/192041\/revisions\/192043"}],"wp:featuredmedia":[{"embeddable":true,"href":"https:\/\/franciscanos.org.br\/vidacrista\/wp-json\/wp\/v2\/media\/192042"}],"wp:attachment":[{"href":"https:\/\/franciscanos.org.br\/vidacrista\/wp-json\/wp\/v2\/media?parent=192041"}],"wp:term":[{"taxonomy":"category","embeddable":true,"href":"https:\/\/franciscanos.org.br\/vidacrista\/wp-json\/wp\/v2\/categories?post=192041"},{"taxonomy":"post_tag","embeddable":true,"href":"https:\/\/franciscanos.org.br\/vidacrista\/wp-json\/wp\/v2\/tags?post=192041"}],"curies":[{"name":"wp","href":"https:\/\/api.w.org\/{rel}","templated":true}]}}