{"id":192019,"date":"2022-06-15T14:23:10","date_gmt":"2022-06-15T17:23:10","guid":{"rendered":"https:\/\/franciscanos.org.br\/vidacrista\/?p=192019"},"modified":"2022-06-15T14:23:10","modified_gmt":"2022-06-15T17:23:10","slug":"corpus-christis-a-devocao-o-porque-e-como-comungar-1cor-1123-26","status":"publish","type":"post","link":"https:\/\/franciscanos.org.br\/vidacrista\/corpus-christis-a-devocao-o-porque-e-como-comungar-1cor-1123-26\/","title":{"rendered":"Corpus Christis: a devo\u00e7\u00e3o, o porqu\u00ea e como comungar? (1Cor 11,23-26)"},"content":{"rendered":"<p><img decoding=\"async\" loading=\"lazy\" class=\"alignnone wp-image-192020 size-full\" src=\"https:\/\/franciscanos.org.br\/vidacrista\/wp-content\/uploads\/2022\/06\/artigo.jpg\" alt=\"\" width=\"840\" height=\"450\" srcset=\"https:\/\/franciscanos.org.br\/vidacrista\/wp-content\/uploads\/2022\/06\/artigo.jpg 840w, https:\/\/franciscanos.org.br\/vidacrista\/wp-content\/uploads\/2022\/06\/artigo-450x241.jpg 450w, https:\/\/franciscanos.org.br\/vidacrista\/wp-content\/uploads\/2022\/06\/artigo-768x411.jpg 768w, https:\/\/franciscanos.org.br\/vidacrista\/wp-content\/uploads\/2022\/06\/artigo-150x80.jpg 150w\" sizes=\"(max-width: 840px) 100vw, 840px\" \/><\/p>\n<p><strong>\u00a0<\/strong><em>Frei Jacir de Freitas Faria<\/em> <a href=\"#_ftn1\" name=\"_ftnref1\">[1]<\/a><\/p>\n<p>Celebramos a festa do Corpo e Sangue de Cristo, que em latim se diz <em>Corpus Christi<\/em>. Para compreender o sentido dessa celebra\u00e7\u00e3o, vamos tomar como refer\u00eancia um dos textos b\u00edblicos, 1Cor 11,23-26, que fala da celebra\u00e7\u00e3o da P\u00e1scoa de Jesus com os disc\u00edpulos, da qual originou a Eucaristia. Primeiramente, duas perguntas. Qual a rela\u00e7\u00e3o entre a Eucaristia e <em>Corpus Christi<\/em>? Por que e como comungar? Vejamos, primeiro, a hist\u00f3ria dessa celebra\u00e7\u00e3o que foi institu\u00edda na Igreja pelo decreto do papa Urbano IV, em 1264, no qual se afirma que a data deveria ser numa quinta-feira, sessenta dias ap\u00f3s a P\u00e1scoa crist\u00e3, de modo que fosse feita a mem\u00f3ria da institui\u00e7\u00e3o da Eucaristia por Jesus. Dessa forma, <em>Corpus Christi<\/em> tornou-se uma celebra\u00e7\u00e3o de car\u00e1ter devocional, uma vez que a verdadeira festa da Eucaristia da Igreja \u00e9 aquela que se celebra na noite da quinta-feira santa, quando se celebra a mem\u00f3ria da institui\u00e7\u00e3o da Eucaristia.<\/p>\n<p><iframe loading=\"lazy\" title=\"YouTube video player\" src=\"https:\/\/www.youtube.com\/embed\/_lR1pgPMqEw\" width=\"100%\" height=\"500\" frameborder=\"0\" allowfullscreen=\"allowfullscreen\"><span data-mce-type=\"bookmark\" style=\"display: inline-block; width: 0px; overflow: hidden; line-height: 0;\" class=\"mce_SELRES_start\">\ufeff<\/span><\/iframe><\/p>\n<p>Na sua origem, a festa de <em>Corpus Christi<\/em> veio da religiosa agostiniana e, mais tarde, santa Julian de Mont Cornillon (1193-1258). Conforme se difundiu na Europa, essa religiosa teve uma vis\u00e3o divina, na qual se exigia que se inclu\u00edsse no calend\u00e1rio da Igreja uma festa anual para comemorar o sacramento da Eucaristia.<\/p>\n<p>Tudo come\u00e7ou em 1230, na par\u00f3quia de Saint Martin, em Li\u00e8ge, B\u00e9lgica, onde se realizou uma prociss\u00e3o eucar\u00edstica no interior da igreja. Dezessete anos mais tarde, ela foi para as ruas e tornou-se festa nacional na B\u00e9lgica. Em 1264, essa celebra\u00e7\u00e3o do \u201ctriunfo eucar\u00edstico\u201d ganhou express\u00e3o mundial, sendo celebrada nas ruas, como desejava o papa.<\/p>\n<p>O Conc\u00edlio de Trento (1545-1563) &#8211; em resposta a Lutero que negava a transubstancia\u00e7\u00e3o, isto \u00e9, a presen\u00e7a real de Cristo na Eucaristia -, de certo modo, incentivou tais manifesta\u00e7\u00f5es para fazer frente \u00e0s ideias de Lutero. Foi dessa oposi\u00e7\u00e3o a Lutero que surgiu a adora\u00e7\u00e3o do Sant\u00edssimo e as grandes e solenes prociss\u00f5es eucar\u00edsticas.<\/p>\n<p>No in\u00edcio do cristianismo, uma das dimens\u00f5es mais acentuadas da Eucaristia era a da a\u00e7\u00e3o de gra\u00e7as da comunidade que se reunia para atender ao preceito do Senhor de celebrar a mem\u00f3ria de sua morte e ressurrei\u00e7\u00e3o. At\u00e9 o conc\u00edlio de Trento, muitas discuss\u00f5es foram feitas em torno ao modo sacramental da celebra\u00e7\u00e3o eucar\u00edstica. Na baixa Idade M\u00e9dia (sec. XI-XV), o acento recaiu sobre o car\u00e1ter milagroso, quase m\u00e1gico, da \u201cconsagra\u00e7\u00e3o\u201d do p\u00e3o e do vinho, desvinculado do conjunto da prece eucar\u00edstica. A dimens\u00e3o de ceia pascal (comer e beber juntos) cedeu \u00e0 de adora\u00e7\u00e3o. Para muitos, bastava ver a h\u00f3stia consagrada para ador\u00e1-la! Tamb\u00e9m, nesta \u00e9poca, a grande maioria dos fi\u00e9is n\u00e3o comungava mais durante a missa. Inclusive o termo \u201ccomunh\u00e3o espiritual\u201d adveio dessa compreens\u00e3o reducionista do mist\u00e9rio da Eucaristia. N\u00e3o foram poucos os fi\u00e9is que receberam a comunh\u00e3o eucar\u00edstica apenas como vi\u00e1tico, ou seja, momentos antes da morte.<\/p>\n<p>Textos b\u00edblico, de modo especial 1Cor 11,23-26, conforme mem\u00f3ria recebida pelo ap\u00f3stolo Paulo, Jesus tomou o p\u00e3o e disse: \u201cTomai, isto \u00e9 meu corpo\u201d. Tendo nas m\u00e3os uma das ta\u00e7as de vinho que os judeus tomavam na ceia pascal, no caso, aquela tomada depois da refei\u00e7\u00e3o, Jesus disse: \u201cIsto \u00e9 o meu sangue\u201d. Jesus se oferece como alimento (p\u00e3o) e sangue derramado em favor de muitos. O p\u00e3o \u00e9 o sustento da vida comunit\u00e1ria. O sangue, na vis\u00e3o judaica, representava a vida (Deus). Outros testemunhos relatam que as primeiras comunidades se reuniam aos domingos para uma \u201cceia do Senhor\u201d ou para a \u201cfra\u00e7\u00e3o do p\u00e3o\u201d. O nome Eucaristia, substituindo ceia do Senhor e fra\u00e7\u00e3o do p\u00e3o, apareceu somente entre os anos 90 e 110 E.C.<\/p>\n<p>A Eucaristia, al\u00e9m de ser celebra\u00e7\u00e3o do sacrif\u00edcio de Jesus na cruz \u00e9, tamb\u00e9m, mem\u00f3ria do evento salvador. Quem vai \u00e0 missa n\u00e3o o faz por sacrif\u00edcio pessoal, nem por obriga\u00e7\u00e3o, mas em aten\u00e7\u00e3o ao mandato de Cristo de celebrar o seu memorial: \u201cFazei isto em mem\u00f3ria de mim\u201d. Na comunidade reunida se d\u00e1 a presen\u00e7a real de Cristo na Eucaristia, ao celebrar o sacrif\u00edcio de Cristo, fazendo sua mem\u00f3ria, proclamando o ressuscitado, rendendo gra\u00e7as a Deus e se associando a Ele. Portanto, jamais podemos separar os sinais sacramentais do corpo e sangue Cristo da sacramentalidade da comunidade que se re\u00fane, pois o que se pede durante a prece eucar\u00edstica \u00e9 que comungando destes dons, ela (a comunidade) se torne um corpo eclesial, formando um corpo eclesial. Foi a teologia p\u00f3s-Conc\u00edlio Vaticano II (1962-1965), sem renegar a dimens\u00e3o sacrificial da eucaristia, que recuperou a dimens\u00e3o de ceia pascal, de memorial da paix\u00e3o e morte de Cristo da Eucaristia.<\/p>\n<p>E nessa perspectiva que vem resposta \u00e0 pergunta sobre o como e por que comungar. Portanto, podemos e devemos comungar pelo fim das desigualdades sociais e raciais, em solidariedade com e nos corpos desfigurados do \u2018corpo de Deus\u2019 que andam pelas ruas clamando pela paz e o bem de todos. \u201cComunh\u00e3o n\u00e3o \u00e9 pr\u00eamio para os perfeitos\u201d, como afirmou o Papa Francisco. E ele ainda acrescentou: \u201cA\u00a0comunh\u00e3o\u00a0\u00e9 um dom, um presente, \u00e9 a presen\u00e7a de Jesus na Igreja e na comunidade. Eu nunca neguei comunh\u00e3o a ningu\u00e9m\u201d.<a href=\"#_ftn2\" name=\"_ftnref2\">[2]<\/a> Termino pensando no recasados que vivem a f\u00e9 em comunidade e se negam a receber a comunh\u00e3o. Por qual motivo? N\u00e3o se justifica privar de receber o corpo de Cristo. Por fim, podemos e devemos comungar o corpo de Cristo que se fez carne e nos convoca ser solid\u00e1rios no altar da vida, nas ruas sem tapetes e nas igrejas dom\u00e9sticas, as fam\u00edlias. Am\u00e9m!<\/p>\n<hr \/>\n<p><a href=\"#_ftnref1\" name=\"_ftn1\">[1]<\/a>Doutor em Teologia B\u00edblica pela FAJE (BH). Mestre em Ci\u00eancias B\u00edblicas (Exegese) pelo Pontif\u00edcio Instituto B\u00edblico de Roma. Professor de Exegese B\u00edblica. \u00c9 membro da Associa\u00e7\u00e3o Brasileira de Pesquisa B\u00edblica (ABIB). Sacerdote Franciscano. Autor de dez livros e coautor de quinze. Youtube: Frei Jacir B\u00edblia e Apocrifos. <a href=\"https:\/\/www.youtube.com\/channel\/UCwbSE97jnR6jQwHRigX1KlQ\">https:\/\/www.youtube.com\/channel\/UCwbSE97jnR6jQwHRigX1KlQ<\/a><\/p>\n<p><a href=\"#_ftnref2\" name=\"_ftn2\">[2]<\/a> Dispon\u00edvel em: <a href=\"https:\/\/www.ihu.unisinos.br\/categorias\/612897-eu-nunca-recusei-a-eucaristia-a-ninguem-a-comunhao-nao-e-um-premio-para-os-perfeitos\">https:\/\/www.ihu.unisinos.br\/categorias\/612897-eu-nunca-recusei-a-eucaristia-a-ninguem-a-comunhao-nao-e-um-premio-para-os-perfeitos<\/a><\/p>\n","protected":false},"excerpt":{"rendered":"<p>Artigo de \u00a0Frei Jacir de Freitas Faria<\/p>\n","protected":false},"author":3,"featured_media":192020,"comment_status":"open","ping_status":"open","sticky":false,"template":"","format":"standard","meta":{"footnotes":""},"categories":[26],"tags":[43],"yoast_head":"<!-- This site is optimized with the Yoast SEO plugin v19.4 - https:\/\/yoast.com\/wordpress\/plugins\/seo\/ -->\n<title>Corpus Christis: a devo\u00e7\u00e3o, o porqu\u00ea e como comungar? (1Cor 11,23-26) - Vida Crist\u00e3 - Franciscanos<\/title>\n<meta name=\"robots\" content=\"index, follow, max-snippet:-1, max-image-preview:large, max-video-preview:-1\" \/>\n<link rel=\"canonical\" href=\"https:\/\/franciscanos.org.br\/vidacrista\/corpus-christis-a-devocao-o-porque-e-como-comungar-1cor-1123-26\/\" \/>\n<meta property=\"og:locale\" content=\"pt_BR\" \/>\n<meta property=\"og:type\" content=\"article\" \/>\n<meta property=\"og:title\" content=\"Corpus Christis: a devo\u00e7\u00e3o, o porqu\u00ea e como comungar? (1Cor 11,23-26) - Vida Crist\u00e3 - Franciscanos\" \/>\n<meta property=\"og:description\" content=\"Artigo de \u00a0Frei Jacir de Freitas Faria\" \/>\n<meta property=\"og:url\" content=\"https:\/\/franciscanos.org.br\/vidacrista\/corpus-christis-a-devocao-o-porque-e-como-comungar-1cor-1123-26\/\" \/>\n<meta property=\"og:site_name\" content=\"Vida Crist\u00e3 - Franciscanos\" \/>\n<meta property=\"article:published_time\" content=\"2022-06-15T17:23:10+00:00\" \/>\n<meta property=\"og:image\" content=\"https:\/\/franciscanos.org.br\/vidacrista\/wp-content\/uploads\/2022\/06\/artigo.jpg\" \/>\n\t<meta property=\"og:image:width\" content=\"840\" \/>\n\t<meta property=\"og:image:height\" content=\"450\" \/>\n\t<meta property=\"og:image:type\" content=\"image\/jpeg\" \/>\n<meta name=\"author\" content=\"moacir\" \/>\n<meta name=\"twitter:card\" content=\"summary_large_image\" \/>\n<meta name=\"twitter:label1\" content=\"Escrito por\" \/>\n\t<meta name=\"twitter:data1\" content=\"moacir\" \/>\n\t<meta name=\"twitter:label2\" content=\"Est. tempo de leitura\" \/>\n\t<meta name=\"twitter:data2\" content=\"5 minutos\" \/>\n<script type=\"application\/ld+json\" class=\"yoast-schema-graph\">{\"@context\":\"https:\/\/schema.org\",\"@graph\":[{\"@type\":\"WebSite\",\"@id\":\"https:\/\/franciscanos.org.br\/vidacrista\/#website\",\"url\":\"https:\/\/franciscanos.org.br\/vidacrista\/\",\"name\":\"Vida Crist\u00e3 - Franciscanos\",\"description\":\"Prov\u00edncia Franciscana da Imaculada Concei\u00e7\u00e3o do Brasil - Ordem dos Frades Menores\",\"potentialAction\":[{\"@type\":\"SearchAction\",\"target\":{\"@type\":\"EntryPoint\",\"urlTemplate\":\"https:\/\/franciscanos.org.br\/vidacrista\/?s={search_term_string}\"},\"query-input\":\"required name=search_term_string\"}],\"inLanguage\":\"pt-BR\"},{\"@type\":\"WebPage\",\"@id\":\"https:\/\/franciscanos.org.br\/vidacrista\/corpus-christis-a-devocao-o-porque-e-como-comungar-1cor-1123-26\/\",\"url\":\"https:\/\/franciscanos.org.br\/vidacrista\/corpus-christis-a-devocao-o-porque-e-como-comungar-1cor-1123-26\/\",\"name\":\"Corpus Christis: a devo\u00e7\u00e3o, o porqu\u00ea e como comungar? (1Cor 11,23-26) - Vida Crist\u00e3 - Franciscanos\",\"isPartOf\":{\"@id\":\"https:\/\/franciscanos.org.br\/vidacrista\/#website\"},\"datePublished\":\"2022-06-15T17:23:10+00:00\",\"dateModified\":\"2022-06-15T17:23:10+00:00\",\"author\":{\"@id\":\"https:\/\/franciscanos.org.br\/vidacrista\/#\/schema\/person\/1880bdd2c350b735648725ef7614736a\"},\"breadcrumb\":{\"@id\":\"https:\/\/franciscanos.org.br\/vidacrista\/corpus-christis-a-devocao-o-porque-e-como-comungar-1cor-1123-26\/#breadcrumb\"},\"inLanguage\":\"pt-BR\",\"potentialAction\":[{\"@type\":\"ReadAction\",\"target\":[\"https:\/\/franciscanos.org.br\/vidacrista\/corpus-christis-a-devocao-o-porque-e-como-comungar-1cor-1123-26\/\"]}]},{\"@type\":\"BreadcrumbList\",\"@id\":\"https:\/\/franciscanos.org.br\/vidacrista\/corpus-christis-a-devocao-o-porque-e-como-comungar-1cor-1123-26\/#breadcrumb\",\"itemListElement\":[{\"@type\":\"ListItem\",\"position\":1,\"name\":\"Home\",\"item\":\"https:\/\/franciscanos.org.br\/vidacrista\/\"},{\"@type\":\"ListItem\",\"position\":2,\"name\":\"Corpus Christis: a devo\u00e7\u00e3o, o porqu\u00ea e como comungar? (1Cor 11,23-26)\"}]},{\"@type\":\"Person\",\"@id\":\"https:\/\/franciscanos.org.br\/vidacrista\/#\/schema\/person\/1880bdd2c350b735648725ef7614736a\",\"name\":\"moacir\",\"image\":{\"@type\":\"ImageObject\",\"inLanguage\":\"pt-BR\",\"@id\":\"https:\/\/franciscanos.org.br\/vidacrista\/#\/schema\/person\/image\/\",\"url\":\"https:\/\/secure.gravatar.com\/avatar\/d08aa2ce4c8dd416d4479aa8536fcf64?s=96&d=mm&r=g\",\"contentUrl\":\"https:\/\/secure.gravatar.com\/avatar\/d08aa2ce4c8dd416d4479aa8536fcf64?s=96&d=mm&r=g\",\"caption\":\"moacir\"},\"url\":\"https:\/\/franciscanos.org.br\/vidacrista\/author\/moacir\/\"}]}<\/script>\n<!-- \/ Yoast SEO plugin. -->","yoast_head_json":{"title":"Corpus Christis: a devo\u00e7\u00e3o, o porqu\u00ea e como comungar? (1Cor 11,23-26) - Vida Crist\u00e3 - Franciscanos","robots":{"index":"index","follow":"follow","max-snippet":"max-snippet:-1","max-image-preview":"max-image-preview:large","max-video-preview":"max-video-preview:-1"},"canonical":"https:\/\/franciscanos.org.br\/vidacrista\/corpus-christis-a-devocao-o-porque-e-como-comungar-1cor-1123-26\/","og_locale":"pt_BR","og_type":"article","og_title":"Corpus Christis: a devo\u00e7\u00e3o, o porqu\u00ea e como comungar? (1Cor 11,23-26) - Vida Crist\u00e3 - Franciscanos","og_description":"Artigo de \u00a0Frei Jacir de Freitas Faria","og_url":"https:\/\/franciscanos.org.br\/vidacrista\/corpus-christis-a-devocao-o-porque-e-como-comungar-1cor-1123-26\/","og_site_name":"Vida Crist\u00e3 - Franciscanos","article_published_time":"2022-06-15T17:23:10+00:00","og_image":[{"width":840,"height":450,"url":"https:\/\/franciscanos.org.br\/vidacrista\/wp-content\/uploads\/2022\/06\/artigo.jpg","type":"image\/jpeg"}],"author":"moacir","twitter_card":"summary_large_image","twitter_misc":{"Escrito por":"moacir","Est. tempo de leitura":"5 minutos"},"schema":{"@context":"https:\/\/schema.org","@graph":[{"@type":"WebSite","@id":"https:\/\/franciscanos.org.br\/vidacrista\/#website","url":"https:\/\/franciscanos.org.br\/vidacrista\/","name":"Vida Crist\u00e3 - Franciscanos","description":"Prov\u00edncia Franciscana da Imaculada Concei\u00e7\u00e3o do Brasil - Ordem dos Frades Menores","potentialAction":[{"@type":"SearchAction","target":{"@type":"EntryPoint","urlTemplate":"https:\/\/franciscanos.org.br\/vidacrista\/?s={search_term_string}"},"query-input":"required name=search_term_string"}],"inLanguage":"pt-BR"},{"@type":"WebPage","@id":"https:\/\/franciscanos.org.br\/vidacrista\/corpus-christis-a-devocao-o-porque-e-como-comungar-1cor-1123-26\/","url":"https:\/\/franciscanos.org.br\/vidacrista\/corpus-christis-a-devocao-o-porque-e-como-comungar-1cor-1123-26\/","name":"Corpus Christis: a devo\u00e7\u00e3o, o porqu\u00ea e como comungar? (1Cor 11,23-26) - Vida Crist\u00e3 - Franciscanos","isPartOf":{"@id":"https:\/\/franciscanos.org.br\/vidacrista\/#website"},"datePublished":"2022-06-15T17:23:10+00:00","dateModified":"2022-06-15T17:23:10+00:00","author":{"@id":"https:\/\/franciscanos.org.br\/vidacrista\/#\/schema\/person\/1880bdd2c350b735648725ef7614736a"},"breadcrumb":{"@id":"https:\/\/franciscanos.org.br\/vidacrista\/corpus-christis-a-devocao-o-porque-e-como-comungar-1cor-1123-26\/#breadcrumb"},"inLanguage":"pt-BR","potentialAction":[{"@type":"ReadAction","target":["https:\/\/franciscanos.org.br\/vidacrista\/corpus-christis-a-devocao-o-porque-e-como-comungar-1cor-1123-26\/"]}]},{"@type":"BreadcrumbList","@id":"https:\/\/franciscanos.org.br\/vidacrista\/corpus-christis-a-devocao-o-porque-e-como-comungar-1cor-1123-26\/#breadcrumb","itemListElement":[{"@type":"ListItem","position":1,"name":"Home","item":"https:\/\/franciscanos.org.br\/vidacrista\/"},{"@type":"ListItem","position":2,"name":"Corpus Christis: a devo\u00e7\u00e3o, o porqu\u00ea e como comungar? (1Cor 11,23-26)"}]},{"@type":"Person","@id":"https:\/\/franciscanos.org.br\/vidacrista\/#\/schema\/person\/1880bdd2c350b735648725ef7614736a","name":"moacir","image":{"@type":"ImageObject","inLanguage":"pt-BR","@id":"https:\/\/franciscanos.org.br\/vidacrista\/#\/schema\/person\/image\/","url":"https:\/\/secure.gravatar.com\/avatar\/d08aa2ce4c8dd416d4479aa8536fcf64?s=96&d=mm&r=g","contentUrl":"https:\/\/secure.gravatar.com\/avatar\/d08aa2ce4c8dd416d4479aa8536fcf64?s=96&d=mm&r=g","caption":"moacir"},"url":"https:\/\/franciscanos.org.br\/vidacrista\/author\/moacir\/"}]}},"_links":{"self":[{"href":"https:\/\/franciscanos.org.br\/vidacrista\/wp-json\/wp\/v2\/posts\/192019"}],"collection":[{"href":"https:\/\/franciscanos.org.br\/vidacrista\/wp-json\/wp\/v2\/posts"}],"about":[{"href":"https:\/\/franciscanos.org.br\/vidacrista\/wp-json\/wp\/v2\/types\/post"}],"author":[{"embeddable":true,"href":"https:\/\/franciscanos.org.br\/vidacrista\/wp-json\/wp\/v2\/users\/3"}],"replies":[{"embeddable":true,"href":"https:\/\/franciscanos.org.br\/vidacrista\/wp-json\/wp\/v2\/comments?post=192019"}],"version-history":[{"count":1,"href":"https:\/\/franciscanos.org.br\/vidacrista\/wp-json\/wp\/v2\/posts\/192019\/revisions"}],"predecessor-version":[{"id":192021,"href":"https:\/\/franciscanos.org.br\/vidacrista\/wp-json\/wp\/v2\/posts\/192019\/revisions\/192021"}],"wp:featuredmedia":[{"embeddable":true,"href":"https:\/\/franciscanos.org.br\/vidacrista\/wp-json\/wp\/v2\/media\/192020"}],"wp:attachment":[{"href":"https:\/\/franciscanos.org.br\/vidacrista\/wp-json\/wp\/v2\/media?parent=192019"}],"wp:term":[{"taxonomy":"category","embeddable":true,"href":"https:\/\/franciscanos.org.br\/vidacrista\/wp-json\/wp\/v2\/categories?post=192019"},{"taxonomy":"post_tag","embeddable":true,"href":"https:\/\/franciscanos.org.br\/vidacrista\/wp-json\/wp\/v2\/tags?post=192019"}],"curies":[{"name":"wp","href":"https:\/\/api.w.org\/{rel}","templated":true}]}}