{"id":192002,"date":"2022-06-15T08:23:08","date_gmt":"2022-06-15T11:23:08","guid":{"rendered":"https:\/\/franciscanos.org.br\/vidacrista\/?p=192002"},"modified":"2022-06-15T08:23:08","modified_gmt":"2022-06-15T11:23:08","slug":"mundanismo-funcionalismo-e-pragmatismo-presentes-na-igreja","status":"publish","type":"post","link":"https:\/\/franciscanos.org.br\/vidacrista\/mundanismo-funcionalismo-e-pragmatismo-presentes-na-igreja\/","title":{"rendered":"Mundanismo, funcionalismo e pragmatismo presentes na Igreja"},"content":{"rendered":"<div id=\"attachment_192003\" style=\"width: 850px\" class=\"wp-caption alignnone\"><img aria-describedby=\"caption-attachment-192003\" decoding=\"async\" loading=\"lazy\" class=\"wp-image-192003 size-full\" src=\"https:\/\/franciscanos.org.br\/vidacrista\/wp-content\/uploads\/2022\/06\/vaticano_15.jpg\" alt=\"\" width=\"840\" height=\"450\" srcset=\"https:\/\/franciscanos.org.br\/vidacrista\/wp-content\/uploads\/2022\/06\/vaticano_15.jpg 840w, https:\/\/franciscanos.org.br\/vidacrista\/wp-content\/uploads\/2022\/06\/vaticano_15-450x241.jpg 450w, https:\/\/franciscanos.org.br\/vidacrista\/wp-content\/uploads\/2022\/06\/vaticano_15-768x411.jpg 768w, https:\/\/franciscanos.org.br\/vidacrista\/wp-content\/uploads\/2022\/06\/vaticano_15-150x80.jpg 150w\" sizes=\"(max-width: 840px) 100vw, 840px\" \/><p id=\"caption-attachment-192003\" class=\"wp-caption-text\">\u00a0 \u00a0 \u00a0 \u00a0 \u00a0 \u00a0 \u00a0 \u00a0 \u00a0 \u00a0 \u00a0 \u00a0 \u00a0 \u00a0 \u00a0 \u00a0 \u00a0 \u00a0 \u00a0 \u00a0 \u00a0 \u00a0 \u00a0 \u00a0 \u00a0 \u00a0 \u00a0 \u00a0 \u00a0 \u00a0 \u00a0 \u00a0 \u00a0 \u00a0 \u00a0 \u00a0 \u00a0 \u00a0 \u00a0 \u00a0 \u00a0 \u00a0 \u00a0 \u00a0 \u00a0 \u00a0 \u00a0 \u00a0 \u00a0 \u00a0 \u00a0 \u00a0 \u00a0 \u00a0 \u00a0 \u00a0 \u00a0 \u00a0 \u00a0 \u00a0 \u00a0 \u00a0 \u00a0 \u00a0 \u00a0 <em>\u00a0Imagem: Vatican Media<\/em><\/p><\/div>\n<p><strong>Robson Ribeiro de Oliveira Castro Chaves<\/strong><\/p>\n<p>Na missa do Crisma de 2022, na Quinta-feira Santa, 14 de abril de 2022, foi poss\u00edvel observar, mais uma vez, a forte cr\u00edtica que o Papa Francisco faz a todos e todas sobre o mundanismo. Ele n\u00e3o mede as palavras ao falar da nossa falta de f\u00e9 e critica aqueles que substituem o Cristo por \u00eddolos mundanos.<\/p>\n<p>Com isso, Francisco apresenta tr\u00eas riscos da atualidade: a mundanidade, o pragmatismo e o funcionalismo. A mundanidade se tornou algo cultuado hoje, a cultura do ef\u00eamero e da apar\u00eancia, ou seja, hoje s\u00f3 nos importamos com algo que \u00e9 cosm\u00e9tico, aquilo que \u00e9 relativo \u00e0 beleza humana e n\u00e3o h\u00e1 mais um desejo de se falar do car\u00e1ter \u00e9tico do ser humano e sua conduta.<\/p>\n<p>Nesta perspectiva do mundanismo, Papa Francisco assevera ao afirmar que um sacerdote mundano \u201cn\u00e3o passa de um pag\u00e3o clericalizado\u201d. Entretanto, tamb\u00e9m recorro aqui \u00e0 realidade de sermos membros de uma comunidade que s\u00f3 se preocupa com as apar\u00eancias, longe de se propor uma entrega em prol dos mais fragilizados e feridos da sociedade.<\/p>\n<p>Uma segunda quest\u00e3o apresentada por Francisco \u00e9 o pragmatismo. No contexto, Francisco apresenta o pragmatismo dos n\u00fameros. Desta forma, as pessoas s\u00e3o reduzidas a n\u00fameros, como foi vis\u00edvel em nossa realidade brasileira com a pandemia da Covid-19. Nesse per\u00edodo da pandemia, infelizmente, as vidas se tornaram mercadorias; o ser humano se tornou descart\u00e1vel diante do capitalismo que consome tudo e todos. A vida foi reduzida a nada, principalmente em uma vis\u00e3o consumista e anti\u00e9tica que s\u00f3 visa o lucro e descuida dos direitos humanos.<\/p>\n<p>Nesse contexto, devemos nos atentar para o que de fato importa: seguir os passos de Cristo. Jesus fez seu caminho; colocou-se no lugar do outro e, acima de tudo, ouvia aqueles que o procuravam. Ele sobe para Jerusal\u00e9m e, segundo os Evangelhos, desconserta a todos, desinstala as lideran\u00e7as que se julgavam intoc\u00e1veis e convoca aqueles que desejava ter por perto para continuar o seu projeto de vida e esperan\u00e7a (cf. Jo 10,10). Por isso, somos convidados a colocar nossos passos nos passos de Jesus.<\/p>\n<p>Um dos grandes desafios dos nossos dias \u00e9 o funcionalismo que deixa de lado o aspecto salv\u00edfico do Pai. Para Francisco, \u201co nosso Pai \u00e9 o Criador: n\u00e3o algu\u00e9m que faz apenas \u2018funcionar\u2019 as coisas, mas Algu\u00e9m que \u2018cria\u2019 como Pai, com ternura, ocupando-Se das suas criaturas e agindo para que o homem seja mais livre. O funcionalista n\u00e3o sabe alegrar-se com as gra\u00e7as que o Esp\u00edrito derrama sobre o seu povo e das quais poderia tamb\u00e9m \u2018alimentar-se\u2019 como trabalhador que recebe a sua recompensa; mas o sacerdote com mentalidade funcionalista tem o seu alimento que \u00e9 o pr\u00f3prio \u2018eu\u2019. No funcionalismo, deixamos de lado a adora\u00e7\u00e3o do Pai nas pequenas e grandes coisas da nossa vida e comprazemo-nos na efic\u00e1cia dos nossos programas, como fez David, quando, tentado por Satan\u00e1s, obstinou-se em realizar o recenseamento (cf. 1 Cro 21, 1). Estes s\u00e3o os enamorados do plano de rota, do plano do caminho, n\u00e3o do caminho\u201d.<\/p>\n<p>Somos desafiados a abra\u00e7ar a mesma causa do Reino abra\u00e7ada por Jesus; nossa voca\u00e7\u00e3o \u00e9 construir pontes e ser presen\u00e7a reconciliadora em situa\u00e7\u00f5es complexas, colocando-nos ao servi\u00e7o para criar, alimentar e sustentar os la\u00e7os humanos. \u00c9 urgente propagar o amor que Jesus anunciou, um amor sem medida e cheio de miseric\u00f3rdia.<\/p>\n<p>Francisco conclui afirmado que \u201cJesus \u00e9 o \u00fanico caminho para n\u00e3o nos enganarmos no conhecimento do que sentimos e para onde nos leva o nosso cora\u00e7\u00e3o; \u00e9 o \u00fanico caminho para um bom discernimento, confrontando-nos dia a dia com Jesus como se Ele estivesse tamb\u00e9m hoje sentado na nossa igreja paroquial e nos dissesse que hoje se cumpriu tudo o que acabamos de ouvir\u201d.<\/p>\n<p>Para tanto, Jesus deve ser nosso exemplo a ser seguido pela sua \u00e9tica e pelo seu comportamento. Jesus assumiu sua conduta em uma sociedade contr\u00e1ria a tudo que ele pregava. Assim, viver essa realidade \u00e9 se reencontrar com o essencial: a vida no Esp\u00edrito que \u00e9 Deus! Como o pr\u00f3prio Papa acrescenta que: \u201cN\u00e3o h\u00e1 recompensa maior do que a amizade com Jesus. N\u00e3o h\u00e1 paz maior do que o seu perd\u00e3o. N\u00e3o h\u00e1 pre\u00e7o mais elevado do que o seu precioso Sangue: n\u00e3o permitamos que seja aviltado com uma conduta indigna\u201d.<\/p>\n<p>Para tanto, \u00e9 necess\u00e1rio observar que Jesus veio transformar o mundo, a come\u00e7ar com a sociedade de sua \u00e9poca, desejava faz\u00ea-la refletir e mudar seu posicionamento frente ao legalismo exacerbado. Assim, tratar o pr\u00f3ximo com respeito \u00e9 fazer valer o amor criador de Deus e sua proposta de viv\u00eancia para o ser humano.<\/p>\n<p>Deste modo, frente aos problemas apresentados por Francisco, devemos nos colocar como ouvintes da palavra, atentos \u00e0s realidades, comprometidos com os menos favorecidos e sua condi\u00e7\u00e3o em nossa sociedade! Assim, somente nos despojando de nossas vestes e da nossa prepot\u00eancia \u00e9 que conseguiremos seguir adiante e n\u00e3o ter receio de anunciar o Reino de Deus.<\/p>\n<hr \/>\n<p><strong>Robson Ribeiro de Oliveira Castro Chaves<\/strong>\u00a0<em>\u00e9 mestre em Teologia pela Faculdade Jesu\u00edta de Filosofia e Teologia (FAJE), em BH, professor de teologia no Instituto Teol\u00f3gico Franciscano (ITF), em Petr\u00f3polis (RJ) e membro do Conselho Regional de Forma\u00e7\u00e3o (CRF) \u2013 LESTE II do CNLB.<\/em><\/p>\n","protected":false},"excerpt":{"rendered":"<p>Artigo de Robson Ribeiro de Oliveira Castro Chaves<\/p>\n","protected":false},"author":3,"featured_media":192003,"comment_status":"open","ping_status":"open","sticky":false,"template":"","format":"standard","meta":{"footnotes":""},"categories":[26],"tags":[355],"yoast_head":"<!-- This site is optimized with the Yoast SEO plugin v19.4 - https:\/\/yoast.com\/wordpress\/plugins\/seo\/ -->\n<title>Mundanismo, funcionalismo e pragmatismo presentes na Igreja - Vida Crist\u00e3 - Franciscanos<\/title>\n<meta name=\"robots\" content=\"index, follow, max-snippet:-1, max-image-preview:large, max-video-preview:-1\" \/>\n<link rel=\"canonical\" href=\"https:\/\/franciscanos.org.br\/vidacrista\/mundanismo-funcionalismo-e-pragmatismo-presentes-na-igreja\/\" \/>\n<meta property=\"og:locale\" content=\"pt_BR\" \/>\n<meta property=\"og:type\" content=\"article\" \/>\n<meta property=\"og:title\" content=\"Mundanismo, funcionalismo e pragmatismo presentes na Igreja - Vida Crist\u00e3 - Franciscanos\" \/>\n<meta property=\"og:description\" content=\"Artigo de Robson Ribeiro de Oliveira Castro Chaves\" \/>\n<meta property=\"og:url\" content=\"https:\/\/franciscanos.org.br\/vidacrista\/mundanismo-funcionalismo-e-pragmatismo-presentes-na-igreja\/\" \/>\n<meta property=\"og:site_name\" content=\"Vida Crist\u00e3 - Franciscanos\" \/>\n<meta property=\"article:published_time\" content=\"2022-06-15T11:23:08+00:00\" \/>\n<meta property=\"og:image\" content=\"https:\/\/franciscanos.org.br\/vidacrista\/wp-content\/uploads\/2022\/06\/vaticano_15.jpg\" \/>\n\t<meta property=\"og:image:width\" content=\"840\" \/>\n\t<meta property=\"og:image:height\" content=\"450\" \/>\n\t<meta property=\"og:image:type\" content=\"image\/jpeg\" \/>\n<meta name=\"author\" content=\"moacir\" \/>\n<meta name=\"twitter:card\" content=\"summary_large_image\" \/>\n<meta name=\"twitter:label1\" content=\"Escrito por\" \/>\n\t<meta name=\"twitter:data1\" content=\"moacir\" \/>\n\t<meta name=\"twitter:label2\" content=\"Est. tempo de leitura\" \/>\n\t<meta name=\"twitter:data2\" content=\"5 minutos\" \/>\n<script type=\"application\/ld+json\" class=\"yoast-schema-graph\">{\"@context\":\"https:\/\/schema.org\",\"@graph\":[{\"@type\":\"WebSite\",\"@id\":\"https:\/\/franciscanos.org.br\/vidacrista\/#website\",\"url\":\"https:\/\/franciscanos.org.br\/vidacrista\/\",\"name\":\"Vida Crist\u00e3 - Franciscanos\",\"description\":\"Prov\u00edncia Franciscana da Imaculada Concei\u00e7\u00e3o do Brasil - Ordem dos Frades Menores\",\"potentialAction\":[{\"@type\":\"SearchAction\",\"target\":{\"@type\":\"EntryPoint\",\"urlTemplate\":\"https:\/\/franciscanos.org.br\/vidacrista\/?s={search_term_string}\"},\"query-input\":\"required name=search_term_string\"}],\"inLanguage\":\"pt-BR\"},{\"@type\":\"WebPage\",\"@id\":\"https:\/\/franciscanos.org.br\/vidacrista\/mundanismo-funcionalismo-e-pragmatismo-presentes-na-igreja\/\",\"url\":\"https:\/\/franciscanos.org.br\/vidacrista\/mundanismo-funcionalismo-e-pragmatismo-presentes-na-igreja\/\",\"name\":\"Mundanismo, funcionalismo e pragmatismo presentes na Igreja - Vida Crist\u00e3 - Franciscanos\",\"isPartOf\":{\"@id\":\"https:\/\/franciscanos.org.br\/vidacrista\/#website\"},\"datePublished\":\"2022-06-15T11:23:08+00:00\",\"dateModified\":\"2022-06-15T11:23:08+00:00\",\"author\":{\"@id\":\"https:\/\/franciscanos.org.br\/vidacrista\/#\/schema\/person\/1880bdd2c350b735648725ef7614736a\"},\"breadcrumb\":{\"@id\":\"https:\/\/franciscanos.org.br\/vidacrista\/mundanismo-funcionalismo-e-pragmatismo-presentes-na-igreja\/#breadcrumb\"},\"inLanguage\":\"pt-BR\",\"potentialAction\":[{\"@type\":\"ReadAction\",\"target\":[\"https:\/\/franciscanos.org.br\/vidacrista\/mundanismo-funcionalismo-e-pragmatismo-presentes-na-igreja\/\"]}]},{\"@type\":\"BreadcrumbList\",\"@id\":\"https:\/\/franciscanos.org.br\/vidacrista\/mundanismo-funcionalismo-e-pragmatismo-presentes-na-igreja\/#breadcrumb\",\"itemListElement\":[{\"@type\":\"ListItem\",\"position\":1,\"name\":\"Home\",\"item\":\"https:\/\/franciscanos.org.br\/vidacrista\/\"},{\"@type\":\"ListItem\",\"position\":2,\"name\":\"Mundanismo, funcionalismo e pragmatismo presentes na Igreja\"}]},{\"@type\":\"Person\",\"@id\":\"https:\/\/franciscanos.org.br\/vidacrista\/#\/schema\/person\/1880bdd2c350b735648725ef7614736a\",\"name\":\"moacir\",\"image\":{\"@type\":\"ImageObject\",\"inLanguage\":\"pt-BR\",\"@id\":\"https:\/\/franciscanos.org.br\/vidacrista\/#\/schema\/person\/image\/\",\"url\":\"https:\/\/secure.gravatar.com\/avatar\/d08aa2ce4c8dd416d4479aa8536fcf64?s=96&d=mm&r=g\",\"contentUrl\":\"https:\/\/secure.gravatar.com\/avatar\/d08aa2ce4c8dd416d4479aa8536fcf64?s=96&d=mm&r=g\",\"caption\":\"moacir\"},\"url\":\"https:\/\/franciscanos.org.br\/vidacrista\/author\/moacir\/\"}]}<\/script>\n<!-- \/ Yoast SEO plugin. -->","yoast_head_json":{"title":"Mundanismo, funcionalismo e pragmatismo presentes na Igreja - Vida Crist\u00e3 - Franciscanos","robots":{"index":"index","follow":"follow","max-snippet":"max-snippet:-1","max-image-preview":"max-image-preview:large","max-video-preview":"max-video-preview:-1"},"canonical":"https:\/\/franciscanos.org.br\/vidacrista\/mundanismo-funcionalismo-e-pragmatismo-presentes-na-igreja\/","og_locale":"pt_BR","og_type":"article","og_title":"Mundanismo, funcionalismo e pragmatismo presentes na Igreja - Vida Crist\u00e3 - Franciscanos","og_description":"Artigo de Robson Ribeiro de Oliveira Castro Chaves","og_url":"https:\/\/franciscanos.org.br\/vidacrista\/mundanismo-funcionalismo-e-pragmatismo-presentes-na-igreja\/","og_site_name":"Vida Crist\u00e3 - Franciscanos","article_published_time":"2022-06-15T11:23:08+00:00","og_image":[{"width":840,"height":450,"url":"https:\/\/franciscanos.org.br\/vidacrista\/wp-content\/uploads\/2022\/06\/vaticano_15.jpg","type":"image\/jpeg"}],"author":"moacir","twitter_card":"summary_large_image","twitter_misc":{"Escrito por":"moacir","Est. tempo de leitura":"5 minutos"},"schema":{"@context":"https:\/\/schema.org","@graph":[{"@type":"WebSite","@id":"https:\/\/franciscanos.org.br\/vidacrista\/#website","url":"https:\/\/franciscanos.org.br\/vidacrista\/","name":"Vida Crist\u00e3 - Franciscanos","description":"Prov\u00edncia Franciscana da Imaculada Concei\u00e7\u00e3o do Brasil - Ordem dos Frades Menores","potentialAction":[{"@type":"SearchAction","target":{"@type":"EntryPoint","urlTemplate":"https:\/\/franciscanos.org.br\/vidacrista\/?s={search_term_string}"},"query-input":"required name=search_term_string"}],"inLanguage":"pt-BR"},{"@type":"WebPage","@id":"https:\/\/franciscanos.org.br\/vidacrista\/mundanismo-funcionalismo-e-pragmatismo-presentes-na-igreja\/","url":"https:\/\/franciscanos.org.br\/vidacrista\/mundanismo-funcionalismo-e-pragmatismo-presentes-na-igreja\/","name":"Mundanismo, funcionalismo e pragmatismo presentes na Igreja - Vida Crist\u00e3 - Franciscanos","isPartOf":{"@id":"https:\/\/franciscanos.org.br\/vidacrista\/#website"},"datePublished":"2022-06-15T11:23:08+00:00","dateModified":"2022-06-15T11:23:08+00:00","author":{"@id":"https:\/\/franciscanos.org.br\/vidacrista\/#\/schema\/person\/1880bdd2c350b735648725ef7614736a"},"breadcrumb":{"@id":"https:\/\/franciscanos.org.br\/vidacrista\/mundanismo-funcionalismo-e-pragmatismo-presentes-na-igreja\/#breadcrumb"},"inLanguage":"pt-BR","potentialAction":[{"@type":"ReadAction","target":["https:\/\/franciscanos.org.br\/vidacrista\/mundanismo-funcionalismo-e-pragmatismo-presentes-na-igreja\/"]}]},{"@type":"BreadcrumbList","@id":"https:\/\/franciscanos.org.br\/vidacrista\/mundanismo-funcionalismo-e-pragmatismo-presentes-na-igreja\/#breadcrumb","itemListElement":[{"@type":"ListItem","position":1,"name":"Home","item":"https:\/\/franciscanos.org.br\/vidacrista\/"},{"@type":"ListItem","position":2,"name":"Mundanismo, funcionalismo e pragmatismo presentes na Igreja"}]},{"@type":"Person","@id":"https:\/\/franciscanos.org.br\/vidacrista\/#\/schema\/person\/1880bdd2c350b735648725ef7614736a","name":"moacir","image":{"@type":"ImageObject","inLanguage":"pt-BR","@id":"https:\/\/franciscanos.org.br\/vidacrista\/#\/schema\/person\/image\/","url":"https:\/\/secure.gravatar.com\/avatar\/d08aa2ce4c8dd416d4479aa8536fcf64?s=96&d=mm&r=g","contentUrl":"https:\/\/secure.gravatar.com\/avatar\/d08aa2ce4c8dd416d4479aa8536fcf64?s=96&d=mm&r=g","caption":"moacir"},"url":"https:\/\/franciscanos.org.br\/vidacrista\/author\/moacir\/"}]}},"_links":{"self":[{"href":"https:\/\/franciscanos.org.br\/vidacrista\/wp-json\/wp\/v2\/posts\/192002"}],"collection":[{"href":"https:\/\/franciscanos.org.br\/vidacrista\/wp-json\/wp\/v2\/posts"}],"about":[{"href":"https:\/\/franciscanos.org.br\/vidacrista\/wp-json\/wp\/v2\/types\/post"}],"author":[{"embeddable":true,"href":"https:\/\/franciscanos.org.br\/vidacrista\/wp-json\/wp\/v2\/users\/3"}],"replies":[{"embeddable":true,"href":"https:\/\/franciscanos.org.br\/vidacrista\/wp-json\/wp\/v2\/comments?post=192002"}],"version-history":[{"count":1,"href":"https:\/\/franciscanos.org.br\/vidacrista\/wp-json\/wp\/v2\/posts\/192002\/revisions"}],"predecessor-version":[{"id":192004,"href":"https:\/\/franciscanos.org.br\/vidacrista\/wp-json\/wp\/v2\/posts\/192002\/revisions\/192004"}],"wp:featuredmedia":[{"embeddable":true,"href":"https:\/\/franciscanos.org.br\/vidacrista\/wp-json\/wp\/v2\/media\/192003"}],"wp:attachment":[{"href":"https:\/\/franciscanos.org.br\/vidacrista\/wp-json\/wp\/v2\/media?parent=192002"}],"wp:term":[{"taxonomy":"category","embeddable":true,"href":"https:\/\/franciscanos.org.br\/vidacrista\/wp-json\/wp\/v2\/categories?post=192002"},{"taxonomy":"post_tag","embeddable":true,"href":"https:\/\/franciscanos.org.br\/vidacrista\/wp-json\/wp\/v2\/tags?post=192002"}],"curies":[{"name":"wp","href":"https:\/\/api.w.org\/{rel}","templated":true}]}}