{"id":191993,"date":"2022-06-13T10:27:17","date_gmt":"2022-06-13T13:27:17","guid":{"rendered":"https:\/\/franciscanos.org.br\/vidacrista\/?p=191993"},"modified":"2022-06-13T10:29:31","modified_gmt":"2022-06-13T13:29:31","slug":"santo-antonio-e-o-casamento-do-pao-com-a-semente-em-missao-mc-426-34","status":"publish","type":"post","link":"https:\/\/franciscanos.org.br\/vidacrista\/santo-antonio-e-o-casamento-do-pao-com-a-semente-em-missao-mc-426-34\/","title":{"rendered":"Santo Ant\u00f4nio e o casamento do p\u00e3o com a semente em miss\u00e3o (Mc 4,26-34)"},"content":{"rendered":"<p><img decoding=\"async\" loading=\"lazy\" class=\"size-full wp-image-191994 alignnone\" src=\"https:\/\/franciscanos.org.br\/vidacrista\/wp-content\/uploads\/2022\/06\/antonio_1306.jpg\" alt=\"\" width=\"840\" height=\"450\" srcset=\"https:\/\/franciscanos.org.br\/vidacrista\/wp-content\/uploads\/2022\/06\/antonio_1306.jpg 840w, https:\/\/franciscanos.org.br\/vidacrista\/wp-content\/uploads\/2022\/06\/antonio_1306-450x241.jpg 450w, https:\/\/franciscanos.org.br\/vidacrista\/wp-content\/uploads\/2022\/06\/antonio_1306-768x411.jpg 768w, https:\/\/franciscanos.org.br\/vidacrista\/wp-content\/uploads\/2022\/06\/antonio_1306-150x80.jpg 150w\" sizes=\"(max-width: 840px) 100vw, 840px\" \/><\/p>\n<p><em>Prof. Dr. Frei Jacir de Freitas Faria, OFM<\/em><a href=\"#_ftn1\" name=\"_ftnref1\">[1]<\/a><\/p>\n<p>Santo Ant\u00f4nio nasceu Fernando, em 1195, em Lisboa (Portugal) e morreu Ant\u00f4nio, no 13 de junho de 1231, em P\u00e1dua (It\u00e1lia). Era de fam\u00edlia rica e morreu como pobre franciscano.<\/p>\n<p>Ouvindo o chamado de Deus, ele se fez frade agostiniano. Estudou a B\u00edblia. Com o objetivo de ser mission\u00e1rio, passou a ser um seguidor de S\u00e3o Francisco de Assis, seu mestre e amigo. Em viagem mission\u00e1ria que nunca chegou em Marrocos, na \u00c1frica, voltou para a Europa, indo para P\u00e1dua, norte da It\u00e1lia. Atuou como mission\u00e1rio do reino na Fran\u00e7a e na It\u00e1lia, numa Europa medieval marcada pelo medo da morte e do inferno.<\/p>\n<p><iframe loading=\"lazy\" title=\"YouTube video player\" src=\"https:\/\/www.youtube.com\/embed\/K9ojmaOpYTs\" width=\"100%\" height=\"500\" frameborder=\"0\" allowfullscreen=\"allowfullscreen\"><span data-mce-type=\"bookmark\" style=\"display: inline-block; width: 0px; overflow: hidden; line-height: 0;\" class=\"mce_SELRES_start\">\ufeff<\/span><\/iframe><\/p>\n<p>De sua vida iluminada pelas b\u00ean\u00e7\u00e3os divinas, quero destacar quatro imagin\u00e1rios populares que dizem respeito \u00e0 sua vida.<\/p>\n<ul>\n<li><strong>O Menino Jesus<\/strong> que apareceu para ele. Um menino com rosto de adulto. Coisa t\u00edpica da Idade M\u00e9dia. Te\u00f3logos pensavam que Jesus j\u00e1 era um adulto desde crian\u00e7a. O ser crian\u00e7a na Idade M\u00e9dia nada valia.<\/li>\n<li><strong>A B\u00edblia<\/strong> que foi objeto de estudo, de vida e fonte de sua inspira\u00e7\u00e3o no an\u00fancio do reino de Deus, na sua vida mission\u00e1ria. Os serm\u00f5es de Santo Ant\u00f4nio t\u00eam fundamentos b\u00edblicos e uma forte den\u00fancia contra os ricos, os exploradores do povo, na Baixa Idade M\u00e9dia. Em um dos seus serm\u00f5es, Ant\u00f4nio proclama com veem\u00eancia: \u201cA linguagem \u00e9 viva, quando falam as obras. Cessem, portanto, as palavras e falem as obras. \u00a0De palavras estamos cheios, mas de obras vazios; por este motivo nos amaldi\u00e7oa o Senhor, como amaldi\u00e7oou a figueira em que n\u00e3o encontrou fruto, mas somente folhas.\u201d<\/li>\n<li><strong>O p\u00e3o<\/strong> distribu\u00eddo aos pobres. Tradi\u00e7\u00e3o iniciada pelos frades a partir de dois milagres atribu\u00eddos a Santo Ant\u00f4nio. O primeiro foi o de uma m\u00e3e que promete, ap\u00f3s seu filho ser salvo de um afogamento por milagre de Santo Ant\u00f4nio, que daria a quantidade de farinha para fazer p\u00e3o para os pobres conforme o peso do seu filho. O segundo milagre foi o de uma comerciante que rezou e pediu a Santo Ant\u00f4nio que consertasse a fechadura engui\u00e7ada da porta de seu neg\u00f3cio. Ela prometeu dar trigo aos frades para fazer p\u00e3o para os pobres.<\/li>\n<li><strong>Casamento<\/strong> de mo\u00e7as que n\u00e3o conseguiam encontrar marido. Santo Ant\u00f4nio dava dinheiro para a mo\u00e7as pobres ter um dote e poder arrumar casamento. Uma pobre m\u00e3e, rezando a Santo Ant\u00f4nio em favor de sua filha, de modo que ele pudesse arrumar um casamento, caso contr\u00e1rio teria que se tornar prostituta. Quando rezava, um bilhete de Santo Ant\u00f4nio caiu da imagem, dizendo que a mo\u00e7a devia ir a um comerciante x e receber dele, em moedas, o valor do peso do bilhete. O tal bilhete pesou 400 escudos. Ela arrumou casamento e da\u00ed nasceu a tradi\u00e7\u00e3o de invocar a Santo Ant\u00f4nio para arrumar casamento.<\/li>\n<\/ul>\n<p>O evangelho de Mc 4, 26-34 nos apresenta quatro elementos que podem nos ajudar a compreender a miss\u00e3o de Santo Ant\u00f4nio, a saber:<\/p>\n<ul>\n<li><strong>Reino de<\/strong> <strong>Deus<\/strong>. Jesus est\u00e1 \u00e0 beira do mar, lugar do medo e do reino da morte. Jesus convoca os disc\u00edpulos e a povo a n\u00e3o ter medo. O reino, que era ele, j\u00e1 tinha chegado. Acreditem em mim, no Evangelho, pregava com ardor mission\u00e1rio. N\u00e3o percam a esperan\u00e7a, apesar da domina\u00e7\u00e3o romana.<\/li>\n<li><strong>Semente na terra<\/strong>. Nero, o sanguin\u00e1rio imperador romano havia jogado os crist\u00e3os para debaixo da terra, nas catacumbas de Roma. Marcos ensina que as comunidades podem e devem crescer por si s\u00f3, independentemente, do poder opressor.<\/li>\n<li><strong>Gr\u00e3o de mostarda<\/strong> que se torna a mais saliente das hortali\u00e7as, mesmo n\u00e3o sendo t\u00e3o visto como o cedro do L\u00edbano, do imagin\u00e1rio de Ezequiel.<\/li>\n<li><strong>Grande hortali\u00e7a<\/strong> que embeleza o sonho do Reino de Deus e nos d\u00e1 vigor para continuar no mundo. Quando acontecer\u00e1 o Reino? N\u00e3o sabemos. Necessitamos da paci\u00eancia que faz a semente germinar por si s\u00f3.<\/li>\n<\/ul>\n<p>O ser mission\u00e1rio, como Santo Ant\u00f4nio, nos passos de Jesus, exige de n\u00f3s atitudes de f\u00e9 e ousadia. Para ser mission\u00e1rio, como ele, a B\u00edblia \u00e9 nossa grande hortali\u00e7a que embeleza a nossa miss\u00e3o de anunciar o Reino de Deus num mundo marcado pelo sofrimento e injusti\u00e7as sociais, repleto de Neros que continuam nos matando. Neros que continuam mandando crist\u00e3os para a fogueira com o objetivo de iluminar as \u201cnoites romanas\u201d de seus egos inflamados, se julgando imorr\u00edveis, invenc\u00edveis, para n\u00e3o citar outras coisas horr\u00edveis&#8230;<\/p>\n<p>O p\u00e3o \u00e9 o alimento que nos mant\u00e9m vivos. Somos chamados a ser sementes na terra, fermento que cresce por si s\u00f3. Ser mission\u00e1rio \u00e9 distribuir o p\u00e3o, matar a fome. \u00c9 lutar para que haja sempre p\u00e3o em todas as mesas. Ser mission\u00e1rio \u00e9 anunciar Jesus, a crian\u00e7a e o adulto, o ressuscitado, que est\u00e1 vivo no meio de n\u00f3s, nos desinstala da sacristia de nossas Igrejas, acomodadas ao poder.<\/p>\n<p>O nosso casamento \u00e9 com a paz e o bem! Para que isso aconte\u00e7a, necessitamos muitos dotes de f\u00e9, ternura e esperan\u00e7a, de luta sem fim, sempre. Viva Santo Ant\u00f4nio!<\/p>\n<hr \/>\n<p><a href=\"#_ftnref1\" name=\"_ftn1\">[1]<\/a> Doutor em Teologia B\u00edblica pela FAJE-BH. Mestre em Ci\u00eancias B\u00edblicas (Exegese) pelo Pontif\u00edcio Instituto B\u00edblico de Roma. Professor de exegese b\u00edblica. Membro da Associa\u00e7\u00e3o Brasileira de Pesquisa B\u00edblica (ABIB). Sacerdote Franciscano. Autor de dez livros e coautor de quatorze. \u00daltimo livro: <strong>O Medo do Inferno e a arte de bem morrer<\/strong>: da devo\u00e7\u00e3o ap\u00f3crifa \u00e0 Dormi\u00e7\u00e3o de Maria \u00e0s irmandades de Nossa Senhora da Boa Morte (Vozes, 2019). No nosso canal no You Tube: Frei Jacir B\u00edblia e Ap\u00f3crifos ou <a href=\"https:\/\/www.youtube.com\/c\/FreiJacirdeFreitasFariaB%C3%ADbliaAp%C3%B3crifos\">https:\/\/www.youtube.com\/c\/FreiJacirdeFreitasFariaB%C3%ADbliaAp%C3%B3crifos<\/a><\/p>\n","protected":false},"excerpt":{"rendered":"<p>Artigo de Frei Jacir de Freitas Faria<\/p>\n","protected":false},"author":3,"featured_media":191994,"comment_status":"open","ping_status":"open","sticky":false,"template":"","format":"standard","meta":{"footnotes":""},"categories":[26],"tags":[43],"yoast_head":"<!-- This site is optimized with the Yoast SEO plugin v19.4 - https:\/\/yoast.com\/wordpress\/plugins\/seo\/ -->\n<title>Santo Ant\u00f4nio e o casamento do p\u00e3o com a semente em miss\u00e3o (Mc 4,26-34) - Vida Crist\u00e3 - Franciscanos<\/title>\n<meta name=\"robots\" content=\"index, follow, max-snippet:-1, max-image-preview:large, max-video-preview:-1\" \/>\n<link rel=\"canonical\" href=\"https:\/\/franciscanos.org.br\/vidacrista\/santo-antonio-e-o-casamento-do-pao-com-a-semente-em-missao-mc-426-34\/\" \/>\n<meta property=\"og:locale\" content=\"pt_BR\" \/>\n<meta property=\"og:type\" content=\"article\" \/>\n<meta property=\"og:title\" content=\"Santo Ant\u00f4nio e o casamento do p\u00e3o com a semente em miss\u00e3o (Mc 4,26-34) - Vida Crist\u00e3 - Franciscanos\" \/>\n<meta property=\"og:description\" content=\"Artigo de Frei Jacir de Freitas Faria\" \/>\n<meta property=\"og:url\" content=\"https:\/\/franciscanos.org.br\/vidacrista\/santo-antonio-e-o-casamento-do-pao-com-a-semente-em-missao-mc-426-34\/\" \/>\n<meta property=\"og:site_name\" content=\"Vida Crist\u00e3 - Franciscanos\" \/>\n<meta property=\"article:published_time\" content=\"2022-06-13T13:27:17+00:00\" \/>\n<meta property=\"article:modified_time\" content=\"2022-06-13T13:29:31+00:00\" \/>\n<meta property=\"og:image\" content=\"https:\/\/franciscanos.org.br\/vidacrista\/wp-content\/uploads\/2022\/06\/antonio_1306.jpg\" \/>\n\t<meta property=\"og:image:width\" content=\"840\" \/>\n\t<meta property=\"og:image:height\" content=\"450\" \/>\n\t<meta property=\"og:image:type\" content=\"image\/jpeg\" \/>\n<meta name=\"author\" content=\"moacir\" \/>\n<meta name=\"twitter:card\" content=\"summary_large_image\" \/>\n<meta name=\"twitter:label1\" content=\"Escrito por\" \/>\n\t<meta name=\"twitter:data1\" content=\"moacir\" \/>\n\t<meta name=\"twitter:label2\" content=\"Est. tempo de leitura\" \/>\n\t<meta name=\"twitter:data2\" content=\"5 minutos\" \/>\n<script type=\"application\/ld+json\" class=\"yoast-schema-graph\">{\"@context\":\"https:\/\/schema.org\",\"@graph\":[{\"@type\":\"WebSite\",\"@id\":\"https:\/\/franciscanos.org.br\/vidacrista\/#website\",\"url\":\"https:\/\/franciscanos.org.br\/vidacrista\/\",\"name\":\"Vida Crist\u00e3 - Franciscanos\",\"description\":\"Prov\u00edncia Franciscana da Imaculada Concei\u00e7\u00e3o do Brasil - Ordem dos Frades Menores\",\"potentialAction\":[{\"@type\":\"SearchAction\",\"target\":{\"@type\":\"EntryPoint\",\"urlTemplate\":\"https:\/\/franciscanos.org.br\/vidacrista\/?s={search_term_string}\"},\"query-input\":\"required name=search_term_string\"}],\"inLanguage\":\"pt-BR\"},{\"@type\":\"WebPage\",\"@id\":\"https:\/\/franciscanos.org.br\/vidacrista\/santo-antonio-e-o-casamento-do-pao-com-a-semente-em-missao-mc-426-34\/\",\"url\":\"https:\/\/franciscanos.org.br\/vidacrista\/santo-antonio-e-o-casamento-do-pao-com-a-semente-em-missao-mc-426-34\/\",\"name\":\"Santo Ant\u00f4nio e o casamento do p\u00e3o com a semente em miss\u00e3o (Mc 4,26-34) - Vida Crist\u00e3 - Franciscanos\",\"isPartOf\":{\"@id\":\"https:\/\/franciscanos.org.br\/vidacrista\/#website\"},\"datePublished\":\"2022-06-13T13:27:17+00:00\",\"dateModified\":\"2022-06-13T13:29:31+00:00\",\"author\":{\"@id\":\"https:\/\/franciscanos.org.br\/vidacrista\/#\/schema\/person\/1880bdd2c350b735648725ef7614736a\"},\"breadcrumb\":{\"@id\":\"https:\/\/franciscanos.org.br\/vidacrista\/santo-antonio-e-o-casamento-do-pao-com-a-semente-em-missao-mc-426-34\/#breadcrumb\"},\"inLanguage\":\"pt-BR\",\"potentialAction\":[{\"@type\":\"ReadAction\",\"target\":[\"https:\/\/franciscanos.org.br\/vidacrista\/santo-antonio-e-o-casamento-do-pao-com-a-semente-em-missao-mc-426-34\/\"]}]},{\"@type\":\"BreadcrumbList\",\"@id\":\"https:\/\/franciscanos.org.br\/vidacrista\/santo-antonio-e-o-casamento-do-pao-com-a-semente-em-missao-mc-426-34\/#breadcrumb\",\"itemListElement\":[{\"@type\":\"ListItem\",\"position\":1,\"name\":\"Home\",\"item\":\"https:\/\/franciscanos.org.br\/vidacrista\/\"},{\"@type\":\"ListItem\",\"position\":2,\"name\":\"Santo Ant\u00f4nio e o casamento do p\u00e3o com a semente em miss\u00e3o (Mc 4,26-34)\"}]},{\"@type\":\"Person\",\"@id\":\"https:\/\/franciscanos.org.br\/vidacrista\/#\/schema\/person\/1880bdd2c350b735648725ef7614736a\",\"name\":\"moacir\",\"image\":{\"@type\":\"ImageObject\",\"inLanguage\":\"pt-BR\",\"@id\":\"https:\/\/franciscanos.org.br\/vidacrista\/#\/schema\/person\/image\/\",\"url\":\"https:\/\/secure.gravatar.com\/avatar\/d08aa2ce4c8dd416d4479aa8536fcf64?s=96&d=mm&r=g\",\"contentUrl\":\"https:\/\/secure.gravatar.com\/avatar\/d08aa2ce4c8dd416d4479aa8536fcf64?s=96&d=mm&r=g\",\"caption\":\"moacir\"},\"url\":\"https:\/\/franciscanos.org.br\/vidacrista\/author\/moacir\/\"}]}<\/script>\n<!-- \/ Yoast SEO plugin. -->","yoast_head_json":{"title":"Santo Ant\u00f4nio e o casamento do p\u00e3o com a semente em miss\u00e3o (Mc 4,26-34) - Vida Crist\u00e3 - Franciscanos","robots":{"index":"index","follow":"follow","max-snippet":"max-snippet:-1","max-image-preview":"max-image-preview:large","max-video-preview":"max-video-preview:-1"},"canonical":"https:\/\/franciscanos.org.br\/vidacrista\/santo-antonio-e-o-casamento-do-pao-com-a-semente-em-missao-mc-426-34\/","og_locale":"pt_BR","og_type":"article","og_title":"Santo Ant\u00f4nio e o casamento do p\u00e3o com a semente em miss\u00e3o (Mc 4,26-34) - Vida Crist\u00e3 - Franciscanos","og_description":"Artigo de Frei Jacir de Freitas Faria","og_url":"https:\/\/franciscanos.org.br\/vidacrista\/santo-antonio-e-o-casamento-do-pao-com-a-semente-em-missao-mc-426-34\/","og_site_name":"Vida Crist\u00e3 - Franciscanos","article_published_time":"2022-06-13T13:27:17+00:00","article_modified_time":"2022-06-13T13:29:31+00:00","og_image":[{"width":840,"height":450,"url":"https:\/\/franciscanos.org.br\/vidacrista\/wp-content\/uploads\/2022\/06\/antonio_1306.jpg","type":"image\/jpeg"}],"author":"moacir","twitter_card":"summary_large_image","twitter_misc":{"Escrito por":"moacir","Est. tempo de leitura":"5 minutos"},"schema":{"@context":"https:\/\/schema.org","@graph":[{"@type":"WebSite","@id":"https:\/\/franciscanos.org.br\/vidacrista\/#website","url":"https:\/\/franciscanos.org.br\/vidacrista\/","name":"Vida Crist\u00e3 - Franciscanos","description":"Prov\u00edncia Franciscana da Imaculada Concei\u00e7\u00e3o do Brasil - Ordem dos Frades Menores","potentialAction":[{"@type":"SearchAction","target":{"@type":"EntryPoint","urlTemplate":"https:\/\/franciscanos.org.br\/vidacrista\/?s={search_term_string}"},"query-input":"required name=search_term_string"}],"inLanguage":"pt-BR"},{"@type":"WebPage","@id":"https:\/\/franciscanos.org.br\/vidacrista\/santo-antonio-e-o-casamento-do-pao-com-a-semente-em-missao-mc-426-34\/","url":"https:\/\/franciscanos.org.br\/vidacrista\/santo-antonio-e-o-casamento-do-pao-com-a-semente-em-missao-mc-426-34\/","name":"Santo Ant\u00f4nio e o casamento do p\u00e3o com a semente em miss\u00e3o (Mc 4,26-34) - Vida Crist\u00e3 - Franciscanos","isPartOf":{"@id":"https:\/\/franciscanos.org.br\/vidacrista\/#website"},"datePublished":"2022-06-13T13:27:17+00:00","dateModified":"2022-06-13T13:29:31+00:00","author":{"@id":"https:\/\/franciscanos.org.br\/vidacrista\/#\/schema\/person\/1880bdd2c350b735648725ef7614736a"},"breadcrumb":{"@id":"https:\/\/franciscanos.org.br\/vidacrista\/santo-antonio-e-o-casamento-do-pao-com-a-semente-em-missao-mc-426-34\/#breadcrumb"},"inLanguage":"pt-BR","potentialAction":[{"@type":"ReadAction","target":["https:\/\/franciscanos.org.br\/vidacrista\/santo-antonio-e-o-casamento-do-pao-com-a-semente-em-missao-mc-426-34\/"]}]},{"@type":"BreadcrumbList","@id":"https:\/\/franciscanos.org.br\/vidacrista\/santo-antonio-e-o-casamento-do-pao-com-a-semente-em-missao-mc-426-34\/#breadcrumb","itemListElement":[{"@type":"ListItem","position":1,"name":"Home","item":"https:\/\/franciscanos.org.br\/vidacrista\/"},{"@type":"ListItem","position":2,"name":"Santo Ant\u00f4nio e o casamento do p\u00e3o com a semente em miss\u00e3o (Mc 4,26-34)"}]},{"@type":"Person","@id":"https:\/\/franciscanos.org.br\/vidacrista\/#\/schema\/person\/1880bdd2c350b735648725ef7614736a","name":"moacir","image":{"@type":"ImageObject","inLanguage":"pt-BR","@id":"https:\/\/franciscanos.org.br\/vidacrista\/#\/schema\/person\/image\/","url":"https:\/\/secure.gravatar.com\/avatar\/d08aa2ce4c8dd416d4479aa8536fcf64?s=96&d=mm&r=g","contentUrl":"https:\/\/secure.gravatar.com\/avatar\/d08aa2ce4c8dd416d4479aa8536fcf64?s=96&d=mm&r=g","caption":"moacir"},"url":"https:\/\/franciscanos.org.br\/vidacrista\/author\/moacir\/"}]}},"_links":{"self":[{"href":"https:\/\/franciscanos.org.br\/vidacrista\/wp-json\/wp\/v2\/posts\/191993"}],"collection":[{"href":"https:\/\/franciscanos.org.br\/vidacrista\/wp-json\/wp\/v2\/posts"}],"about":[{"href":"https:\/\/franciscanos.org.br\/vidacrista\/wp-json\/wp\/v2\/types\/post"}],"author":[{"embeddable":true,"href":"https:\/\/franciscanos.org.br\/vidacrista\/wp-json\/wp\/v2\/users\/3"}],"replies":[{"embeddable":true,"href":"https:\/\/franciscanos.org.br\/vidacrista\/wp-json\/wp\/v2\/comments?post=191993"}],"version-history":[{"count":3,"href":"https:\/\/franciscanos.org.br\/vidacrista\/wp-json\/wp\/v2\/posts\/191993\/revisions"}],"predecessor-version":[{"id":192000,"href":"https:\/\/franciscanos.org.br\/vidacrista\/wp-json\/wp\/v2\/posts\/191993\/revisions\/192000"}],"wp:featuredmedia":[{"embeddable":true,"href":"https:\/\/franciscanos.org.br\/vidacrista\/wp-json\/wp\/v2\/media\/191994"}],"wp:attachment":[{"href":"https:\/\/franciscanos.org.br\/vidacrista\/wp-json\/wp\/v2\/media?parent=191993"}],"wp:term":[{"taxonomy":"category","embeddable":true,"href":"https:\/\/franciscanos.org.br\/vidacrista\/wp-json\/wp\/v2\/categories?post=191993"},{"taxonomy":"post_tag","embeddable":true,"href":"https:\/\/franciscanos.org.br\/vidacrista\/wp-json\/wp\/v2\/tags?post=191993"}],"curies":[{"name":"wp","href":"https:\/\/api.w.org\/{rel}","templated":true}]}}