{"id":191948,"date":"2022-06-08T07:32:40","date_gmt":"2022-06-08T10:32:40","guid":{"rendered":"https:\/\/franciscanos.org.br\/vidacrista\/?p=191948"},"modified":"2022-06-08T07:43:40","modified_gmt":"2022-06-08T10:43:40","slug":"sinodalidade-na-espiritualidade-franciscana","status":"publish","type":"post","link":"https:\/\/franciscanos.org.br\/vidacrista\/sinodalidade-na-espiritualidade-franciscana\/","title":{"rendered":"Sinodalidade na espiritualidade franciscana"},"content":{"rendered":"<div id=\"attachment_191949\" style=\"width: 1290px\" class=\"wp-caption alignnone\"><img aria-describedby=\"caption-attachment-191949\" decoding=\"async\" loading=\"lazy\" class=\"wp-image-191949 size-full\" src=\"https:\/\/franciscanos.org.br\/vidacrista\/wp-content\/uploads\/2022\/06\/artigo-1280.jpg\" alt=\"\" width=\"1280\" height=\"720\" srcset=\"https:\/\/franciscanos.org.br\/vidacrista\/wp-content\/uploads\/2022\/06\/artigo-1280.jpg 1280w, https:\/\/franciscanos.org.br\/vidacrista\/wp-content\/uploads\/2022\/06\/artigo-1280-450x253.jpg 450w, https:\/\/franciscanos.org.br\/vidacrista\/wp-content\/uploads\/2022\/06\/artigo-1280-1024x576.jpg 1024w, https:\/\/franciscanos.org.br\/vidacrista\/wp-content\/uploads\/2022\/06\/artigo-1280-768x432.jpg 768w, https:\/\/franciscanos.org.br\/vidacrista\/wp-content\/uploads\/2022\/06\/artigo-1280-150x84.jpg 150w\" sizes=\"(max-width: 1280px) 100vw, 1280px\" \/><p id=\"caption-attachment-191949\" class=\"wp-caption-text\"><em>\u00a0 \u00a0 \u00a0 \u00a0 \u00a0 \u00a0 \u00a0 \u00a0 \u00a0 \u00a0 \u00a0 \u00a0 \u00a0 \u00a0 \u00a0 \u00a0 \u00a0 \u00a0 \u00a0 \u00a0 \u00a0 \u00a0 \u00a0 \u00a0 \u00a0 \u00a0 \u00a0 \u00a0 \u00a0 \u00a0 \u00a0 \u00a0 \u00a0 \u00a0 \u00a0 \u00a0 \u00a0 \u00a0 \u00a0 \u00a0 \u00a0 \u00a0 \u00a0 \u00a0 \u00a0 \u00a0 \u00a0 \u00a0 \u00a0 \u00a0 \u00a0 \u00a0 \u00a0 \u00a0 \u00a0 \u00a0 \u00a0 \u00a0 \u00a0 \u00a0 \u00a0 \u00a0 \u00a0 \u00a0 \u00a0 \u00a0 \u00a0 \u00a0 \u00a0 \u00a0 \u00a0 \u00a0 \u00a0 \u00a0 \u00a0 \u00a0 \u00a0 \u00a0 \u00a0 \u00a0 \u00a0 \u00a0 \u00a0 \u00a0 \u00a0Imagem: Piero Casentini<\/em><\/p><\/div>\n<p><strong>Frei Fid\u00eancio Vanboemmel<\/strong><\/p>\n<p>A Igreja est\u00e1 perfazendo um caminho sinodal, iniciado no dia 09 de outubro de 2021, que se concluir\u00e1 em outubro de 2023. Na abertura do S\u00ednodo que trata da \u201cSINODALIDADE\u201d, o Papa Francisco pediu uma Igreja \u201cdiferente\u201d, uma Igreja que supere \u201cvis\u00f5es verticalizadas, distorcidas e parciais\u201d, e que \u201cnecessita de mudan\u00e7a estrutural para uma Igreja \u201csinodal\u201d, como um lugar aberto, onde todos se sintam em casa e possam participar\u201d. E ainda: \u201cO S\u00ednodo oferece-nos a oportunidade de nos tornarmos uma Igreja da escuta: uma Igreja da proximidade, que estabele\u00e7a, n\u00e3o s\u00f3 por palavras, mas com a presen\u00e7a, maiores la\u00e7os de amizade com a sociedade e o mundo\u201d. Por isso, a assembleia convocada pelo Papa Francisco tem como tema: \u201cPor uma Igreja Sinodal: Comunh\u00e3o, Participa\u00e7\u00e3o e Miss\u00e3o\u201d. Enfim, \u201cfazer s\u00ednodo significa caminhar pela mesma estrada, caminhar em conjunto\u201d. Neste caminhar ao encontro do Senhor e falando sobre o S\u00ednodo, o Papa Francisco destacou tr\u00eas verbos: \u201cencontrar, escutar, discernir\u201d.<\/p>\n<p>Tendo presente as interpela\u00e7\u00f5es fundamentais do Papa Francisco, aqui pretendo lan\u00e7ar um breve olhar sobre S\u00e3o Francisco e Santa Clara de Assis e neles buscar alguns elementos-chave da forma como eles viveram a sinodalidade num contexto medieval, com a nobre miss\u00e3o de restaurar a Igreja de Deus, enraizados na forma de vida segundo o Evangelho de Nosso Senhor Jesus Cristo. \u201cEm Clara e Francisco, a nobre e o burgu\u00eas, \u00e9 o mundo feudal em crise que se encontra. Juntos v\u00e3o lutar, e lutar muito, por encontrar um caminho novo de consagra\u00e7\u00e3o\u201d (Frei Jos\u00e9 Ant\u00f4nio Correia Pereira, Santa Clara de Assis, \u00e9poca \u2013 carisma \u2013 espiritualidade, Ed. Franciscana, p. 76).<\/p>\n<h5><strong>1. SINODALIDADE NO OLHAR DE S\u00c3O FRANCISCO.<\/strong><\/h5>\n<p>No ano de 1209, Francisco de Assis e seus primeiros companheiros se dirigiram a Roma para dialogar com o Papa Inoc\u00eancio III e apresentar-lhe um projeto de vida fundamentado principalmente no Santo Evangelho (cf. 1Cel 32). Em esp\u00edrito de sinodalidade, o Santo de Assis apresentou \u00e0 Igreja uma forma de vida que, por sua vez, tamb\u00e9m nasceu no espirito da \u201csinodalidade\u201d entre os irm\u00e3os dados pelo Senhor que, na diversidade, se encontram, escutam a Palavra do Senhor e fazem dessa escuta o discernimento: \u201c\u00c9 isso que queremos\u201d (cf. 1Cel 22 e AP 10-11).<\/p>\n<p>Na medida que a fraternidade foi crescendo, os irm\u00e3os foram enviados em miss\u00e3o, mas com o compromisso de se encontrarem periodicamente nos \u201ccap\u00edtulos\u201d para juntos \u201cdiscutir a maneira como pudessem fielmente observar a Regra\u201d (LTC 57). Cap\u00edtulo \u00e9 express\u00e3o da sinodalidade. Fazer ou celebrar o cap\u00edtulo foi exig\u00eancia vital para a vida e a miss\u00e3o da fraternidade. O cap\u00edtulo, depois da alegria do encontro e do di\u00e1logo fraterno, da elei\u00e7\u00e3o dos respectivos ministros e servos, tamb\u00e9m faz o discernimento acerca dos elementos essenciais da vida: a recep\u00e7\u00e3o dos irm\u00e3os, a ora\u00e7\u00e3o, o trabalho, a obedi\u00eancia, a pobreza, a mesa comum, o perd\u00e3o, a miss\u00e3o e a itiner\u00e2ncia. Ap\u00f3s o discernimento capitular, os irm\u00e3os assumem a miss\u00e3o (dire\u00e7\u00e3o) animada por uma autoridade chamada \u201cministro e servo\u201d.<\/p>\n<p>A fraternidade \u00e9 plena quando ela \u00e9 capaz de viver e espelhar sua sinodalidade. Cada irm\u00e3o (frade) para Francisco \u201c\u00e9 um homem de valor, um companheiro necess\u00e1rio e um amigo fiel\u201d (1Cel 24). Esta fraternidade \u00e9 a soma das virtudes que cada irm\u00e3o coloca em comum (EP 85). Portanto, \u00e9 uma fraternidade que cresce, floresce e amadurece na sinodalidade, atenta aos desafios e sinais dos tempos na qual ela se insere.<\/p>\n<p>A totalidade da linguagem de S\u00e3o Francisco \u00e9 sinodal porque brota de Deus e volta para Deus. Ele se faz arauto deste Senhor e deseja construir a sua hist\u00f3ria em esp\u00edrito sinodal, dialogando com todos e com tudo, cujo itiner\u00e1rio espiritual culminou no C\u00e2ntico das Criaturas: \u201cLouvado sejas, meu Senhor, com todas as tuas criaturas\u201d.<\/p>\n<h5><strong>2. SINODALIDADE NO OLHAR DE SANTA CLARA.<\/strong><\/h5>\n<p>Santa Clara compreende a voca\u00e7\u00e3o como um \u201ccaminhar juntas\u201d com Cristo e em Cristo: \u201cEntre outros benef\u00edcios que temos recebido e ainda recebemos diariamente da generosidade do Pai de toda a miseric\u00f3rdia e pelos quais mais temos que agradecer ao glorioso Pai de Cristo, est\u00e1 a nossa voca\u00e7\u00e3o\u201d (TestC 2). &#8230; \u201cDevemos observar o que foi mandado por Deus e por nosso pai, para restituir o talento multiplicado\u201d (TestC 18).<\/p>\n<p>Os tr\u00eas verbos sinodais, \u201cencontrar, escutar, discernir\u201d, s\u00e3o perfeitamente conjugados na vida das Damas Pobres do Mosteiro de S\u00e3o Dami\u00e3o: \u201cO Filho de Deus fez-se para n\u00f3s o Caminho que o nosso bem-aventurado pai Francisco, que o amou e seguiu de verdade. Nos mostrou por palavra e exemplo\u201d (TesC 5-6). \u201cCom algumas irm\u00e3s que o Senhor me dera logo ap\u00f3s a minha convers\u00e3o (v. 25)&#8230; fomos morar junto \u00e0 igreja de S\u00e3o Dami\u00e3o, onde em pouco tempo o Senhor nos multiplicou por sua miseric\u00f3rdia e gra\u00e7a (v.31). \u201cO pr\u00f3prio Senhor colocou-nos n\u00e3o s\u00f3 como modelo, exemplo e espelho para os outros, mas tamb\u00e9m para as nossas irm\u00e3s que ele vai chamar para a nossa voca\u00e7\u00e3o, para que tamb\u00e9m elas sejam espelho e exemplo para os outros&#8230;\u201d (TesC 19-22).<\/p>\n<p>Nas Cartas de Santa Clara a In\u00eas de Praga, ela aponta a voca\u00e7\u00e3o sinodal de cada irm\u00e3: \u201cSois esposa, m\u00e3e e irm\u00e3 do meu Senhor\u201d (1Ct 12), e \u201coutra metade da minha alma\u201d (4Ct 1). Voca\u00e7\u00e3o que leva cada Irm\u00e3 a caminhar com a Ordem e com a Igreja: \u201cN\u00e3o perca de vista seu ponto e partida&#8230;\u201d (2Ct 11). \u201cNisso, para ir com mais seguran\u00e7a pelos caminhos dos mandamentos do Senhor, siga o conselho do nosso vener\u00e1vel Frei Elias, ministro geral. Prefira-o aos conselhos dos outros e tenha-o como o mais precioso dom. Se algu\u00e9m lhe disser outra coisa, ou sugerir algo diferente, que impe\u00e7a a sua perfei\u00e7\u00e3o ou parecer contr\u00e1rio ao chamado de Deus, mesmo que mere\u00e7a sua venera\u00e7\u00e3o, n\u00e3o siga o seu conselho\u201d (2Ct 15-17).<\/p>\n<p>A sinodalidade se faz presente no cotidiano da vida das Irm\u00e3s. O acolhimento \u00e9 sinodal: \u201cAquela que por divina inspira\u00e7\u00e3o deseja abra\u00e7ar esta forma e vida, deve pedir o consentimento de todas as Irm\u00e3s. E se a maioria concordar, poder\u00e1 receb\u00ea-la, com a licen\u00e7a do Cardeal protetor (RC 2,1ss). Os cap\u00edtulos s\u00e3o sinodais, tanto os eletivos (RC 4,1-3) como os semanais: \u201cPelo menos uma vez por semana, a abadessa deve convocar suas Irm\u00e3s para um cap\u00edtulo&#8230; a\u00ed tratem, de acordo com todas as irm\u00e3s, o que for necess\u00e1rio para a utilidade e o bem do mosteiro, porque muitas vezes o Senhor revela \u00e0 menor o que \u00e9 melhor\u201d (RC 4,15).<\/p>\n<p>O caminho da sinodalidade atinge de forma decisiva toda a Vida Consagrada, particularmente a nossa voca\u00e7\u00e3o franciscana para a Fraternidade, express\u00e3o m\u00e1xima da sinodalidade. E como Fraternidade sinodal comungamos com o Papa Francisco, que assim nos interpela: \u201cNeste contexto, a sinodalidade representa a via mestra para a Igreja, chamada a renovar-se sob a a\u00e7\u00e3o do Esp\u00edrito e gra\u00e7as \u00e0 escuta da Palavra. A capacidade de imaginar um futuro diferente para a Igreja e para as suas institui\u00e7\u00f5es, \u00e0 altura da miss\u00e3o recebida, depende em grande medida da escolha de encetar processos de escuta, di\u00e1logo e discernimento comunit\u00e1rio, em que todos e cada um possam participar e contribuir. Ao mesmo tempo, a escolha de \u201ccaminhar juntos\u201d constitui um sinal prof\u00e9tico para uma fam\u00edlia humana que tem necessidade de um projeto comum, apto a perseguir o bem de todos. Uma Igreja capaz de comunh\u00e3o e de fraternidade, de participa\u00e7\u00e3o e de subsidiariedade, em fidelidade ao que anuncia, poder\u00e1 colocar-se ao lado dos pobres e dos \u00faltimos, emprestando-lhes a pr\u00f3pria voz. Para \u201ccaminhar juntos\u201d, \u00e9 necess\u00e1rio que nos deixemos educar pelo Esp\u00edrito para uma mentalidade verdadeiramente sinodal, entrando com coragem e liberdade de cora\u00e7\u00e3o num processo de convers\u00e3o, sem o qual n\u00e3o ser\u00e1 poss\u00edvel aquela \u00abreforma perene da qual ela [a Igreja], como institui\u00e7\u00e3o humana e terrena, necessita perpetuamente\u201d.<\/p>\n<hr \/>\n<p><strong>Frei Fid\u00eancio Vanboemmel, <\/strong><em>ex-Ministro Provincial, \u00e9 Definidor Provincial, moderador da Forma\u00e7\u00e3o Permanente e assistente nacional da Federa\u00e7\u00e3o das Clarissas.<\/em><\/p>\n","protected":false},"excerpt":{"rendered":"<p>Artigo de Frei Fid\u00eancio Vanboemmel<\/p>\n","protected":false},"author":6,"featured_media":191950,"comment_status":"open","ping_status":"open","sticky":false,"template":"","format":"standard","meta":{"footnotes":""},"categories":[26],"tags":[255],"yoast_head":"<!-- This site is optimized with the Yoast SEO plugin v19.4 - https:\/\/yoast.com\/wordpress\/plugins\/seo\/ -->\n<title>Sinodalidade na espiritualidade franciscana - Vida Crist\u00e3 - Franciscanos<\/title>\n<meta name=\"robots\" content=\"index, follow, max-snippet:-1, max-image-preview:large, max-video-preview:-1\" \/>\n<link rel=\"canonical\" href=\"https:\/\/franciscanos.org.br\/vidacrista\/sinodalidade-na-espiritualidade-franciscana\/\" \/>\n<meta property=\"og:locale\" content=\"pt_BR\" \/>\n<meta property=\"og:type\" content=\"article\" \/>\n<meta property=\"og:title\" content=\"Sinodalidade na espiritualidade franciscana - Vida Crist\u00e3 - Franciscanos\" \/>\n<meta property=\"og:description\" content=\"Artigo de Frei Fid\u00eancio Vanboemmel\" \/>\n<meta property=\"og:url\" content=\"https:\/\/franciscanos.org.br\/vidacrista\/sinodalidade-na-espiritualidade-franciscana\/\" \/>\n<meta property=\"og:site_name\" content=\"Vida Crist\u00e3 - Franciscanos\" \/>\n<meta property=\"article:published_time\" content=\"2022-06-08T10:32:40+00:00\" \/>\n<meta property=\"article:modified_time\" content=\"2022-06-08T10:43:40+00:00\" \/>\n<meta property=\"og:image\" content=\"https:\/\/franciscanos.org.br\/vidacrista\/wp-content\/uploads\/2022\/06\/artigo-800.jpg\" \/>\n\t<meta property=\"og:image:width\" content=\"800\" \/>\n\t<meta property=\"og:image:height\" content=\"550\" \/>\n\t<meta property=\"og:image:type\" content=\"image\/jpeg\" \/>\n<meta name=\"author\" content=\"Jovenal Pereira\" \/>\n<meta name=\"twitter:card\" content=\"summary_large_image\" \/>\n<meta name=\"twitter:label1\" content=\"Escrito por\" \/>\n\t<meta name=\"twitter:data1\" content=\"Jovenal Pereira\" \/>\n\t<meta name=\"twitter:label2\" content=\"Est. tempo de leitura\" \/>\n\t<meta name=\"twitter:data2\" content=\"7 minutos\" \/>\n<script type=\"application\/ld+json\" class=\"yoast-schema-graph\">{\"@context\":\"https:\/\/schema.org\",\"@graph\":[{\"@type\":\"WebSite\",\"@id\":\"https:\/\/franciscanos.org.br\/vidacrista\/#website\",\"url\":\"https:\/\/franciscanos.org.br\/vidacrista\/\",\"name\":\"Vida Crist\u00e3 - Franciscanos\",\"description\":\"Prov\u00edncia Franciscana da Imaculada Concei\u00e7\u00e3o do Brasil - Ordem dos Frades Menores\",\"potentialAction\":[{\"@type\":\"SearchAction\",\"target\":{\"@type\":\"EntryPoint\",\"urlTemplate\":\"https:\/\/franciscanos.org.br\/vidacrista\/?s={search_term_string}\"},\"query-input\":\"required name=search_term_string\"}],\"inLanguage\":\"pt-BR\"},{\"@type\":\"WebPage\",\"@id\":\"https:\/\/franciscanos.org.br\/vidacrista\/sinodalidade-na-espiritualidade-franciscana\/\",\"url\":\"https:\/\/franciscanos.org.br\/vidacrista\/sinodalidade-na-espiritualidade-franciscana\/\",\"name\":\"Sinodalidade na espiritualidade franciscana - Vida Crist\u00e3 - Franciscanos\",\"isPartOf\":{\"@id\":\"https:\/\/franciscanos.org.br\/vidacrista\/#website\"},\"datePublished\":\"2022-06-08T10:32:40+00:00\",\"dateModified\":\"2022-06-08T10:43:40+00:00\",\"author\":{\"@id\":\"https:\/\/franciscanos.org.br\/vidacrista\/#\/schema\/person\/c052c0d9165fa75af6e14f595d2333a0\"},\"breadcrumb\":{\"@id\":\"https:\/\/franciscanos.org.br\/vidacrista\/sinodalidade-na-espiritualidade-franciscana\/#breadcrumb\"},\"inLanguage\":\"pt-BR\",\"potentialAction\":[{\"@type\":\"ReadAction\",\"target\":[\"https:\/\/franciscanos.org.br\/vidacrista\/sinodalidade-na-espiritualidade-franciscana\/\"]}]},{\"@type\":\"BreadcrumbList\",\"@id\":\"https:\/\/franciscanos.org.br\/vidacrista\/sinodalidade-na-espiritualidade-franciscana\/#breadcrumb\",\"itemListElement\":[{\"@type\":\"ListItem\",\"position\":1,\"name\":\"Home\",\"item\":\"https:\/\/franciscanos.org.br\/vidacrista\/\"},{\"@type\":\"ListItem\",\"position\":2,\"name\":\"Sinodalidade na espiritualidade franciscana\"}]},{\"@type\":\"Person\",\"@id\":\"https:\/\/franciscanos.org.br\/vidacrista\/#\/schema\/person\/c052c0d9165fa75af6e14f595d2333a0\",\"name\":\"Jovenal Pereira\",\"image\":{\"@type\":\"ImageObject\",\"inLanguage\":\"pt-BR\",\"@id\":\"https:\/\/franciscanos.org.br\/vidacrista\/#\/schema\/person\/image\/\",\"url\":\"https:\/\/secure.gravatar.com\/avatar\/e94509f531086e2eaf97e72f29ea00f9?s=96&d=mm&r=g\",\"contentUrl\":\"https:\/\/secure.gravatar.com\/avatar\/e94509f531086e2eaf97e72f29ea00f9?s=96&d=mm&r=g\",\"caption\":\"Jovenal Pereira\"},\"url\":\"https:\/\/franciscanos.org.br\/vidacrista\/author\/jovenal\/\"}]}<\/script>\n<!-- \/ Yoast SEO plugin. -->","yoast_head_json":{"title":"Sinodalidade na espiritualidade franciscana - Vida Crist\u00e3 - Franciscanos","robots":{"index":"index","follow":"follow","max-snippet":"max-snippet:-1","max-image-preview":"max-image-preview:large","max-video-preview":"max-video-preview:-1"},"canonical":"https:\/\/franciscanos.org.br\/vidacrista\/sinodalidade-na-espiritualidade-franciscana\/","og_locale":"pt_BR","og_type":"article","og_title":"Sinodalidade na espiritualidade franciscana - Vida Crist\u00e3 - Franciscanos","og_description":"Artigo de Frei Fid\u00eancio Vanboemmel","og_url":"https:\/\/franciscanos.org.br\/vidacrista\/sinodalidade-na-espiritualidade-franciscana\/","og_site_name":"Vida Crist\u00e3 - Franciscanos","article_published_time":"2022-06-08T10:32:40+00:00","article_modified_time":"2022-06-08T10:43:40+00:00","og_image":[{"width":800,"height":550,"url":"https:\/\/franciscanos.org.br\/vidacrista\/wp-content\/uploads\/2022\/06\/artigo-800.jpg","type":"image\/jpeg"}],"author":"Jovenal Pereira","twitter_card":"summary_large_image","twitter_misc":{"Escrito por":"Jovenal Pereira","Est. tempo de leitura":"7 minutos"},"schema":{"@context":"https:\/\/schema.org","@graph":[{"@type":"WebSite","@id":"https:\/\/franciscanos.org.br\/vidacrista\/#website","url":"https:\/\/franciscanos.org.br\/vidacrista\/","name":"Vida Crist\u00e3 - Franciscanos","description":"Prov\u00edncia Franciscana da Imaculada Concei\u00e7\u00e3o do Brasil - Ordem dos Frades Menores","potentialAction":[{"@type":"SearchAction","target":{"@type":"EntryPoint","urlTemplate":"https:\/\/franciscanos.org.br\/vidacrista\/?s={search_term_string}"},"query-input":"required name=search_term_string"}],"inLanguage":"pt-BR"},{"@type":"WebPage","@id":"https:\/\/franciscanos.org.br\/vidacrista\/sinodalidade-na-espiritualidade-franciscana\/","url":"https:\/\/franciscanos.org.br\/vidacrista\/sinodalidade-na-espiritualidade-franciscana\/","name":"Sinodalidade na espiritualidade franciscana - Vida Crist\u00e3 - Franciscanos","isPartOf":{"@id":"https:\/\/franciscanos.org.br\/vidacrista\/#website"},"datePublished":"2022-06-08T10:32:40+00:00","dateModified":"2022-06-08T10:43:40+00:00","author":{"@id":"https:\/\/franciscanos.org.br\/vidacrista\/#\/schema\/person\/c052c0d9165fa75af6e14f595d2333a0"},"breadcrumb":{"@id":"https:\/\/franciscanos.org.br\/vidacrista\/sinodalidade-na-espiritualidade-franciscana\/#breadcrumb"},"inLanguage":"pt-BR","potentialAction":[{"@type":"ReadAction","target":["https:\/\/franciscanos.org.br\/vidacrista\/sinodalidade-na-espiritualidade-franciscana\/"]}]},{"@type":"BreadcrumbList","@id":"https:\/\/franciscanos.org.br\/vidacrista\/sinodalidade-na-espiritualidade-franciscana\/#breadcrumb","itemListElement":[{"@type":"ListItem","position":1,"name":"Home","item":"https:\/\/franciscanos.org.br\/vidacrista\/"},{"@type":"ListItem","position":2,"name":"Sinodalidade na espiritualidade franciscana"}]},{"@type":"Person","@id":"https:\/\/franciscanos.org.br\/vidacrista\/#\/schema\/person\/c052c0d9165fa75af6e14f595d2333a0","name":"Jovenal Pereira","image":{"@type":"ImageObject","inLanguage":"pt-BR","@id":"https:\/\/franciscanos.org.br\/vidacrista\/#\/schema\/person\/image\/","url":"https:\/\/secure.gravatar.com\/avatar\/e94509f531086e2eaf97e72f29ea00f9?s=96&d=mm&r=g","contentUrl":"https:\/\/secure.gravatar.com\/avatar\/e94509f531086e2eaf97e72f29ea00f9?s=96&d=mm&r=g","caption":"Jovenal Pereira"},"url":"https:\/\/franciscanos.org.br\/vidacrista\/author\/jovenal\/"}]}},"_links":{"self":[{"href":"https:\/\/franciscanos.org.br\/vidacrista\/wp-json\/wp\/v2\/posts\/191948"}],"collection":[{"href":"https:\/\/franciscanos.org.br\/vidacrista\/wp-json\/wp\/v2\/posts"}],"about":[{"href":"https:\/\/franciscanos.org.br\/vidacrista\/wp-json\/wp\/v2\/types\/post"}],"author":[{"embeddable":true,"href":"https:\/\/franciscanos.org.br\/vidacrista\/wp-json\/wp\/v2\/users\/6"}],"replies":[{"embeddable":true,"href":"https:\/\/franciscanos.org.br\/vidacrista\/wp-json\/wp\/v2\/comments?post=191948"}],"version-history":[{"count":5,"href":"https:\/\/franciscanos.org.br\/vidacrista\/wp-json\/wp\/v2\/posts\/191948\/revisions"}],"predecessor-version":[{"id":191954,"href":"https:\/\/franciscanos.org.br\/vidacrista\/wp-json\/wp\/v2\/posts\/191948\/revisions\/191954"}],"wp:featuredmedia":[{"embeddable":true,"href":"https:\/\/franciscanos.org.br\/vidacrista\/wp-json\/wp\/v2\/media\/191950"}],"wp:attachment":[{"href":"https:\/\/franciscanos.org.br\/vidacrista\/wp-json\/wp\/v2\/media?parent=191948"}],"wp:term":[{"taxonomy":"category","embeddable":true,"href":"https:\/\/franciscanos.org.br\/vidacrista\/wp-json\/wp\/v2\/categories?post=191948"},{"taxonomy":"post_tag","embeddable":true,"href":"https:\/\/franciscanos.org.br\/vidacrista\/wp-json\/wp\/v2\/tags?post=191948"}],"curies":[{"name":"wp","href":"https:\/\/api.w.org\/{rel}","templated":true}]}}