{"id":191921,"date":"2022-06-04T05:53:50","date_gmt":"2022-06-04T08:53:50","guid":{"rendered":"https:\/\/franciscanos.org.br\/vidacrista\/?p=191921"},"modified":"2022-06-04T07:26:51","modified_gmt":"2022-06-04T10:26:51","slug":"dialogo-pela-paz-simbolo-da-vitoria-da-cultura-do-encontro","status":"publish","type":"post","link":"https:\/\/franciscanos.org.br\/vidacrista\/dialogo-pela-paz-simbolo-da-vitoria-da-cultura-do-encontro\/","title":{"rendered":"Di\u00e1logo pela paz: S\u00edmbolo da vit\u00f3ria da cultura do encontro"},"content":{"rendered":"<div id=\"attachment_191922\" style=\"width: 850px\" class=\"wp-caption alignnone\"><img aria-describedby=\"caption-attachment-191922\" decoding=\"async\" loading=\"lazy\" class=\"wp-image-191922 size-full\" src=\"https:\/\/franciscanos.org.br\/vidacrista\/wp-content\/uploads\/2022\/06\/artigo_augusto_0406.jpg\" alt=\"\" width=\"840\" height=\"406\" srcset=\"https:\/\/franciscanos.org.br\/vidacrista\/wp-content\/uploads\/2022\/06\/artigo_augusto_0406.jpg 840w, https:\/\/franciscanos.org.br\/vidacrista\/wp-content\/uploads\/2022\/06\/artigo_augusto_0406-450x218.jpg 450w, https:\/\/franciscanos.org.br\/vidacrista\/wp-content\/uploads\/2022\/06\/artigo_augusto_0406-768x371.jpg 768w, https:\/\/franciscanos.org.br\/vidacrista\/wp-content\/uploads\/2022\/06\/artigo_augusto_0406-150x73.jpg 150w\" sizes=\"(max-width: 840px) 100vw, 840px\" \/><p id=\"caption-attachment-191922\" class=\"wp-caption-text\"><em>\u00a0 Imagem: Adobe Stock<\/em><\/p><\/div>\n<p><strong>\u00a0<\/strong><strong>Frei Augusto Luiz Gabriel<\/strong><\/p>\n<p>O Dia Mundial da Paz foi institu\u00eddo pelo Papa Paulo VI em 1967. Desde ent\u00e3o, todo in\u00edcio de ano os fi\u00e9is s\u00e3o convidados a refletirem e estudarem tem\u00e1ticas relacionadas \u00e0 Paz. Em 2022, o tema da mensagem do Papa Francisco foi \u201cEduca\u00e7\u00e3o, trabalho, di\u00e1logo entre as gera\u00e7\u00f5es\u201d. No entanto, a partir da d\u00e9cada de 60, os assuntos envolveram quest\u00f5es ligadas aos direitos humanos, justi\u00e7a social, di\u00e1logo entre culturas e religi\u00f5es, bem como sobre aspectos da Doutrina Social da Igreja.<\/p>\n<p>Pode-se dizer que a tem\u00e1tica sobre a Paz \u00e9 muito cara aos Sumos Pont\u00edfices. In\u00fameros s\u00e3o os exemplos de desafiadores di\u00e1logos protagonizados pelos l\u00edderes da Igreja. Recentemente, o presidente da Cro\u00e1cia, Zoran Milanovic, pediu ao Papa Francisco que auxiliasse nas negocia\u00e7\u00f5es de paz entre a Ucr\u00e2nia e R\u00fassia. J\u00e1 Jo\u00e3o Paulo II, hoje santo, foi respons\u00e1vel por iniciar a reaproxima\u00e7\u00e3o dos Estados Unidos da Am\u00e9rica (EUA) com Cuba. Muitos outros epis\u00f3dios poderiam ser citados, mas neste texto, daremos enfoque para alguns.<\/p>\n<p>O sucesso da diplomacia do Vaticano no caso de Cuba-EUA \u00e9 fruto de um amplo di\u00e1logo do Papa Jo\u00e3o Paulo II com o governo da ilha caribenha. Teve in\u00edcio ainda com o Papa Jo\u00e3o XXIII, quando em 1962 fez uma interven\u00e7\u00e3o que contribuiu para evitar uma poss\u00edvel guerra entre a Uni\u00e3o Sovi\u00e9tica e os EUA durante a crise que girava em torno dos m\u00edsseis nucleares instalados na ilha. As visitas dos papas Jo\u00e3o Paulo II, em 1998, e Bento XVI, em 2012, ajudaram a dar continuidade a este di\u00e1logo. O Papa Bento XVI tamb\u00e9m chegou a se reunir com a oposi\u00e7\u00e3o, as Damas de Branco, que na ocasi\u00e3o ressaltou ser o embargo econ\u00f4mico imposto por Washington um \u201cfardo injusto\u201d para o povo cubano.<\/p>\n<p>Em mar\u00e7o de 2015, foi a vez de Francisco fazer uma visita hist\u00f3rica a Cuba, a mais longa do seu Pontificado at\u00e9 ent\u00e3o. Na ocasi\u00e3o, o Papa argentino enfatizou a necessidade de se \u2018abra\u00e7ar o Evangelho\u2019. \u201cEmbora sejam muito religiosos, os cubanos n\u00e3o s\u00e3o propriamente cat\u00f3licos\u201d, disse o te\u00f3logo brasileiro Frei Betto. Por\u00e9m, para o Papa Francisco, essa \u00e9 a f\u00e9 das pessoas e devemos procurar Deus ali. Segundo o Papa, o \u201cmundo precisa de reconcilia\u00e7\u00e3o\u201d. Na ocasi\u00e3o, disse ainda: \u201cEstamos sendo testemunhas de um acontecimento que nos enche de esperan\u00e7as: o processo de normaliza\u00e7\u00e3o das rela\u00e7\u00f5es entre dois povos, depois de anos de distanciamento. \u00c9 um processo. \u00c9 um s\u00edmbolo da vit\u00f3ria da cultura do encontro, do di\u00e1logo\u201d.<\/p>\n<p>J\u00e1 neste ano, atendendo ao pedido do presidente da Ucr\u00e2nia, o Bispo de Roma n\u00e3o mediu esfor\u00e7os para selar a paz. Embasado nos princ\u00edpios franciscanos, o Papa Francisco pediu uma \u2018tr\u00e9gua pascal\u2019 durante o Domingo de Ramos, que abriu as celebra\u00e7\u00f5es da Semana Santa. \u201cDeponham-se as armas, inicie-se uma tr\u00e9gua pascal, mas n\u00e3o para recarregar as armas e retomar o combate, n\u00e3o! Uma tr\u00e9gua para se chegar \u00e0 paz, atrav\u00e9s de uma verdadeira negocia\u00e7\u00e3o, dispon\u00edvel\u00a0tamb\u00e9m a qualquer sacrif\u00edcio pelo bem das pessoas\u201d, pediu. Desde ent\u00e3o, o Papa tem realizado constantes pedidos pela paz e di\u00e1logo. Durante a viagem a Malta, disse aos jornalistas que a solicita\u00e7\u00e3o para visitar a capital do pa\u00eds, Kiev, \u2018est\u00e1 na mesa para avalia\u00e7\u00e3o\u2019.<\/p>\n<p>Certamente, o exemplo de S\u00e3o Francisco de Assis serviu de inspira\u00e7\u00e3o para o Papa que viu no Santo de Assis uma inspira\u00e7\u00e3o para o seu pr\u00f3prio nome. N\u00e3o somente ao Francisco de Roma, como a tantos outros Papas que, em seus discursos e pronunciamentos, citaram Francisco de Assis como aquele que \u00e9 um exemplo de di\u00e1logo e de paz. A conhecida \u201cOra\u00e7\u00e3o pela Paz\u201d, atribu\u00edda ao santo, revela a necessidade constante de todos os crist\u00e3os serem instrumentos de paz, levando amor onde h\u00e1 \u00f3dio, perd\u00e3o onde h\u00e1 ofensa e uni\u00e3o onde h\u00e1 disc\u00f3rdia.<\/p>\n<hr \/>\n<p><em>Frei Augusto Luiz Gabriel, ofm, \u00e9 religioso franciscano da Ordem dos Frades Menores. Graduado em Filosofia pelo Centro Universit\u00e1rio de Curitiba (FAE), atualmente cursa o quarto ano de Teologia no Instituto Teol\u00f3gico Franciscano em Petr\u00f3polis (RJ).<\/em><\/p>\n","protected":false},"excerpt":{"rendered":"<p>Artigo de \u00a0Frei Augusto Luiz Gabriel<\/p>\n","protected":false},"author":3,"featured_media":191922,"comment_status":"open","ping_status":"open","sticky":false,"template":"","format":"standard","meta":{"footnotes":""},"categories":[26],"tags":[352],"yoast_head":"<!-- This site is optimized with the Yoast SEO plugin v19.4 - https:\/\/yoast.com\/wordpress\/plugins\/seo\/ -->\n<title>Di\u00e1logo pela paz: S\u00edmbolo da vit\u00f3ria da cultura do encontro - Vida Crist\u00e3 - Franciscanos<\/title>\n<meta name=\"robots\" content=\"index, follow, max-snippet:-1, max-image-preview:large, max-video-preview:-1\" \/>\n<link rel=\"canonical\" href=\"https:\/\/franciscanos.org.br\/vidacrista\/dialogo-pela-paz-simbolo-da-vitoria-da-cultura-do-encontro\/\" \/>\n<meta property=\"og:locale\" content=\"pt_BR\" \/>\n<meta property=\"og:type\" content=\"article\" \/>\n<meta property=\"og:title\" content=\"Di\u00e1logo pela paz: S\u00edmbolo da vit\u00f3ria da cultura do encontro - Vida Crist\u00e3 - Franciscanos\" \/>\n<meta property=\"og:description\" content=\"Artigo de \u00a0Frei Augusto Luiz Gabriel\" \/>\n<meta property=\"og:url\" content=\"https:\/\/franciscanos.org.br\/vidacrista\/dialogo-pela-paz-simbolo-da-vitoria-da-cultura-do-encontro\/\" \/>\n<meta property=\"og:site_name\" content=\"Vida Crist\u00e3 - Franciscanos\" \/>\n<meta property=\"article:published_time\" content=\"2022-06-04T08:53:50+00:00\" \/>\n<meta property=\"article:modified_time\" content=\"2022-06-04T10:26:51+00:00\" \/>\n<meta property=\"og:image\" content=\"https:\/\/franciscanos.org.br\/vidacrista\/wp-content\/uploads\/2022\/06\/artigo_augusto_0406.jpg\" \/>\n\t<meta property=\"og:image:width\" content=\"840\" \/>\n\t<meta property=\"og:image:height\" content=\"406\" \/>\n\t<meta property=\"og:image:type\" content=\"image\/jpeg\" \/>\n<meta name=\"author\" content=\"moacir\" \/>\n<meta name=\"twitter:card\" content=\"summary_large_image\" \/>\n<meta name=\"twitter:label1\" content=\"Escrito por\" \/>\n\t<meta name=\"twitter:data1\" content=\"moacir\" \/>\n\t<meta name=\"twitter:label2\" content=\"Est. tempo de leitura\" \/>\n\t<meta name=\"twitter:data2\" content=\"4 minutos\" \/>\n<script type=\"application\/ld+json\" class=\"yoast-schema-graph\">{\"@context\":\"https:\/\/schema.org\",\"@graph\":[{\"@type\":\"WebSite\",\"@id\":\"https:\/\/franciscanos.org.br\/vidacrista\/#website\",\"url\":\"https:\/\/franciscanos.org.br\/vidacrista\/\",\"name\":\"Vida Crist\u00e3 - Franciscanos\",\"description\":\"Prov\u00edncia Franciscana da Imaculada Concei\u00e7\u00e3o do Brasil - Ordem dos Frades Menores\",\"potentialAction\":[{\"@type\":\"SearchAction\",\"target\":{\"@type\":\"EntryPoint\",\"urlTemplate\":\"https:\/\/franciscanos.org.br\/vidacrista\/?s={search_term_string}\"},\"query-input\":\"required name=search_term_string\"}],\"inLanguage\":\"pt-BR\"},{\"@type\":\"WebPage\",\"@id\":\"https:\/\/franciscanos.org.br\/vidacrista\/dialogo-pela-paz-simbolo-da-vitoria-da-cultura-do-encontro\/\",\"url\":\"https:\/\/franciscanos.org.br\/vidacrista\/dialogo-pela-paz-simbolo-da-vitoria-da-cultura-do-encontro\/\",\"name\":\"Di\u00e1logo pela paz: S\u00edmbolo da vit\u00f3ria da cultura do encontro - Vida Crist\u00e3 - Franciscanos\",\"isPartOf\":{\"@id\":\"https:\/\/franciscanos.org.br\/vidacrista\/#website\"},\"datePublished\":\"2022-06-04T08:53:50+00:00\",\"dateModified\":\"2022-06-04T10:26:51+00:00\",\"author\":{\"@id\":\"https:\/\/franciscanos.org.br\/vidacrista\/#\/schema\/person\/1880bdd2c350b735648725ef7614736a\"},\"breadcrumb\":{\"@id\":\"https:\/\/franciscanos.org.br\/vidacrista\/dialogo-pela-paz-simbolo-da-vitoria-da-cultura-do-encontro\/#breadcrumb\"},\"inLanguage\":\"pt-BR\",\"potentialAction\":[{\"@type\":\"ReadAction\",\"target\":[\"https:\/\/franciscanos.org.br\/vidacrista\/dialogo-pela-paz-simbolo-da-vitoria-da-cultura-do-encontro\/\"]}]},{\"@type\":\"BreadcrumbList\",\"@id\":\"https:\/\/franciscanos.org.br\/vidacrista\/dialogo-pela-paz-simbolo-da-vitoria-da-cultura-do-encontro\/#breadcrumb\",\"itemListElement\":[{\"@type\":\"ListItem\",\"position\":1,\"name\":\"Home\",\"item\":\"https:\/\/franciscanos.org.br\/vidacrista\/\"},{\"@type\":\"ListItem\",\"position\":2,\"name\":\"Di\u00e1logo pela paz: S\u00edmbolo da vit\u00f3ria da cultura do encontro\"}]},{\"@type\":\"Person\",\"@id\":\"https:\/\/franciscanos.org.br\/vidacrista\/#\/schema\/person\/1880bdd2c350b735648725ef7614736a\",\"name\":\"moacir\",\"image\":{\"@type\":\"ImageObject\",\"inLanguage\":\"pt-BR\",\"@id\":\"https:\/\/franciscanos.org.br\/vidacrista\/#\/schema\/person\/image\/\",\"url\":\"https:\/\/secure.gravatar.com\/avatar\/d08aa2ce4c8dd416d4479aa8536fcf64?s=96&d=mm&r=g\",\"contentUrl\":\"https:\/\/secure.gravatar.com\/avatar\/d08aa2ce4c8dd416d4479aa8536fcf64?s=96&d=mm&r=g\",\"caption\":\"moacir\"},\"url\":\"https:\/\/franciscanos.org.br\/vidacrista\/author\/moacir\/\"}]}<\/script>\n<!-- \/ Yoast SEO plugin. -->","yoast_head_json":{"title":"Di\u00e1logo pela paz: S\u00edmbolo da vit\u00f3ria da cultura do encontro - Vida Crist\u00e3 - Franciscanos","robots":{"index":"index","follow":"follow","max-snippet":"max-snippet:-1","max-image-preview":"max-image-preview:large","max-video-preview":"max-video-preview:-1"},"canonical":"https:\/\/franciscanos.org.br\/vidacrista\/dialogo-pela-paz-simbolo-da-vitoria-da-cultura-do-encontro\/","og_locale":"pt_BR","og_type":"article","og_title":"Di\u00e1logo pela paz: S\u00edmbolo da vit\u00f3ria da cultura do encontro - Vida Crist\u00e3 - Franciscanos","og_description":"Artigo de \u00a0Frei Augusto Luiz Gabriel","og_url":"https:\/\/franciscanos.org.br\/vidacrista\/dialogo-pela-paz-simbolo-da-vitoria-da-cultura-do-encontro\/","og_site_name":"Vida Crist\u00e3 - Franciscanos","article_published_time":"2022-06-04T08:53:50+00:00","article_modified_time":"2022-06-04T10:26:51+00:00","og_image":[{"width":840,"height":406,"url":"https:\/\/franciscanos.org.br\/vidacrista\/wp-content\/uploads\/2022\/06\/artigo_augusto_0406.jpg","type":"image\/jpeg"}],"author":"moacir","twitter_card":"summary_large_image","twitter_misc":{"Escrito por":"moacir","Est. tempo de leitura":"4 minutos"},"schema":{"@context":"https:\/\/schema.org","@graph":[{"@type":"WebSite","@id":"https:\/\/franciscanos.org.br\/vidacrista\/#website","url":"https:\/\/franciscanos.org.br\/vidacrista\/","name":"Vida Crist\u00e3 - Franciscanos","description":"Prov\u00edncia Franciscana da Imaculada Concei\u00e7\u00e3o do Brasil - Ordem dos Frades Menores","potentialAction":[{"@type":"SearchAction","target":{"@type":"EntryPoint","urlTemplate":"https:\/\/franciscanos.org.br\/vidacrista\/?s={search_term_string}"},"query-input":"required name=search_term_string"}],"inLanguage":"pt-BR"},{"@type":"WebPage","@id":"https:\/\/franciscanos.org.br\/vidacrista\/dialogo-pela-paz-simbolo-da-vitoria-da-cultura-do-encontro\/","url":"https:\/\/franciscanos.org.br\/vidacrista\/dialogo-pela-paz-simbolo-da-vitoria-da-cultura-do-encontro\/","name":"Di\u00e1logo pela paz: S\u00edmbolo da vit\u00f3ria da cultura do encontro - Vida Crist\u00e3 - Franciscanos","isPartOf":{"@id":"https:\/\/franciscanos.org.br\/vidacrista\/#website"},"datePublished":"2022-06-04T08:53:50+00:00","dateModified":"2022-06-04T10:26:51+00:00","author":{"@id":"https:\/\/franciscanos.org.br\/vidacrista\/#\/schema\/person\/1880bdd2c350b735648725ef7614736a"},"breadcrumb":{"@id":"https:\/\/franciscanos.org.br\/vidacrista\/dialogo-pela-paz-simbolo-da-vitoria-da-cultura-do-encontro\/#breadcrumb"},"inLanguage":"pt-BR","potentialAction":[{"@type":"ReadAction","target":["https:\/\/franciscanos.org.br\/vidacrista\/dialogo-pela-paz-simbolo-da-vitoria-da-cultura-do-encontro\/"]}]},{"@type":"BreadcrumbList","@id":"https:\/\/franciscanos.org.br\/vidacrista\/dialogo-pela-paz-simbolo-da-vitoria-da-cultura-do-encontro\/#breadcrumb","itemListElement":[{"@type":"ListItem","position":1,"name":"Home","item":"https:\/\/franciscanos.org.br\/vidacrista\/"},{"@type":"ListItem","position":2,"name":"Di\u00e1logo pela paz: S\u00edmbolo da vit\u00f3ria da cultura do encontro"}]},{"@type":"Person","@id":"https:\/\/franciscanos.org.br\/vidacrista\/#\/schema\/person\/1880bdd2c350b735648725ef7614736a","name":"moacir","image":{"@type":"ImageObject","inLanguage":"pt-BR","@id":"https:\/\/franciscanos.org.br\/vidacrista\/#\/schema\/person\/image\/","url":"https:\/\/secure.gravatar.com\/avatar\/d08aa2ce4c8dd416d4479aa8536fcf64?s=96&d=mm&r=g","contentUrl":"https:\/\/secure.gravatar.com\/avatar\/d08aa2ce4c8dd416d4479aa8536fcf64?s=96&d=mm&r=g","caption":"moacir"},"url":"https:\/\/franciscanos.org.br\/vidacrista\/author\/moacir\/"}]}},"_links":{"self":[{"href":"https:\/\/franciscanos.org.br\/vidacrista\/wp-json\/wp\/v2\/posts\/191921"}],"collection":[{"href":"https:\/\/franciscanos.org.br\/vidacrista\/wp-json\/wp\/v2\/posts"}],"about":[{"href":"https:\/\/franciscanos.org.br\/vidacrista\/wp-json\/wp\/v2\/types\/post"}],"author":[{"embeddable":true,"href":"https:\/\/franciscanos.org.br\/vidacrista\/wp-json\/wp\/v2\/users\/3"}],"replies":[{"embeddable":true,"href":"https:\/\/franciscanos.org.br\/vidacrista\/wp-json\/wp\/v2\/comments?post=191921"}],"version-history":[{"count":2,"href":"https:\/\/franciscanos.org.br\/vidacrista\/wp-json\/wp\/v2\/posts\/191921\/revisions"}],"predecessor-version":[{"id":191924,"href":"https:\/\/franciscanos.org.br\/vidacrista\/wp-json\/wp\/v2\/posts\/191921\/revisions\/191924"}],"wp:featuredmedia":[{"embeddable":true,"href":"https:\/\/franciscanos.org.br\/vidacrista\/wp-json\/wp\/v2\/media\/191922"}],"wp:attachment":[{"href":"https:\/\/franciscanos.org.br\/vidacrista\/wp-json\/wp\/v2\/media?parent=191921"}],"wp:term":[{"taxonomy":"category","embeddable":true,"href":"https:\/\/franciscanos.org.br\/vidacrista\/wp-json\/wp\/v2\/categories?post=191921"},{"taxonomy":"post_tag","embeddable":true,"href":"https:\/\/franciscanos.org.br\/vidacrista\/wp-json\/wp\/v2\/tags?post=191921"}],"curies":[{"name":"wp","href":"https:\/\/api.w.org\/{rel}","templated":true}]}}