{"id":191883,"date":"2022-05-28T07:34:58","date_gmt":"2022-05-28T10:34:58","guid":{"rendered":"https:\/\/franciscanos.org.br\/vidacrista\/?p=191883"},"modified":"2022-05-29T07:06:33","modified_gmt":"2022-05-29T10:06:33","slug":"ascensao-por-que-subiu-e-nao-foi-embora-atos-11-11","status":"publish","type":"post","link":"https:\/\/franciscanos.org.br\/vidacrista\/ascensao-por-que-subiu-e-nao-foi-embora-atos-11-11\/","title":{"rendered":"Ascens\u00e3o: Por que subiu e n\u00e3o foi embora? (Atos 1,1-11)"},"content":{"rendered":"<p><img decoding=\"async\" loading=\"lazy\" class=\"alignnone wp-image-191884 size-full\" src=\"https:\/\/franciscanos.org.br\/vidacrista\/wp-content\/uploads\/2022\/05\/ascensao_2805.jpg\" alt=\"\" width=\"840\" height=\"450\" srcset=\"https:\/\/franciscanos.org.br\/vidacrista\/wp-content\/uploads\/2022\/05\/ascensao_2805.jpg 840w, https:\/\/franciscanos.org.br\/vidacrista\/wp-content\/uploads\/2022\/05\/ascensao_2805-450x241.jpg 450w, https:\/\/franciscanos.org.br\/vidacrista\/wp-content\/uploads\/2022\/05\/ascensao_2805-768x411.jpg 768w, https:\/\/franciscanos.org.br\/vidacrista\/wp-content\/uploads\/2022\/05\/ascensao_2805-150x80.jpg 150w\" sizes=\"(max-width: 840px) 100vw, 840px\" \/><\/p>\n<p><em>Frei Jacir de Freitas Faria<\/em> <a href=\"#_ftn1\" name=\"_ftnref1\">[1]<\/a><\/p>\n<p>Celebramos hoje a ascens\u00e3o de <strong>Jesus. <\/strong>Ascens\u00e3o \u00e9 o mesmo que elevar. Ascens\u00e3o \u00e9 uma palavra n\u00e3o muito comum em portugu\u00eas, mas elevador sim. Elevador em italiano \u00e9 <em>ascensore<\/em>, e em espanhol, ascensor. Essas duas l\u00ednguas conservaram a mesma raiz de ascens\u00e3o. Quando estamos em um elevador, somos levados para cima. E \u00e9 isso o significado de ascens\u00e3o, isto \u00e9, <strong>ato de ascender<\/strong>, de subir. Foi o que aconteceu com Jesus. Na verdade, ele foi sem ajuda de um \u2018elevador\u2019, \u00e0 diferen\u00e7a de Maria que, segundo a tradi\u00e7\u00e3o dos evangelhos ap\u00f3crifos, foi levada para o c\u00e9u por Jesus e os seus anjos. Portanto, o que ocorreu com ela foi assun\u00e7\u00e3o, diferente da ascens\u00e3o de Jesus.<\/p>\n<p><iframe loading=\"lazy\" title=\"YouTube video player\" src=\"https:\/\/www.youtube.com\/embed\/qZrjiG60KAs\" width=\"100%\" height=\"500\" frameborder=\"0\" allowfullscreen=\"allowfullscreen\"><span data-mce-type=\"bookmark\" style=\"display: inline-block; width: 0px; overflow: hidden; line-height: 0;\" class=\"mce_SELRES_start\">\ufeff<\/span><\/iframe><\/p>\n<p>A ascens\u00e3o passou a ser celebrada na Igreja a partir do s\u00e9culo IV, no quadrag\u00e9simo dia ap\u00f3s a ressurrei\u00e7\u00e3o de Jesus. Tendo cumprido a sua miss\u00e3o na terra, Jesus voltou para a casa do Pai. \u00a0O poder de Jesus \u00e9 transferido aos disc\u00edpulos, os quais devem se colocar de p\u00e9 e sair mundo afora, anunciando a sua ressurrei\u00e7\u00e3o em movimento de ascens\u00e3o, de subida, de sa\u00edda de Jerusal\u00e9m, conforme At 1,1-11 e Lc 24,46-53.<\/p>\n<div id=\"attachment_191885\" style=\"width: 610px\" class=\"wp-caption alignright\"><img aria-describedby=\"caption-attachment-191885\" decoding=\"async\" loading=\"lazy\" class=\"wp-image-191885 size-full\" src=\"https:\/\/franciscanos.org.br\/vidacrista\/wp-content\/uploads\/2022\/05\/ascensao_2805_2.jpg\" alt=\"\" width=\"600\" height=\"671\" srcset=\"https:\/\/franciscanos.org.br\/vidacrista\/wp-content\/uploads\/2022\/05\/ascensao_2805_2.jpg 600w, https:\/\/franciscanos.org.br\/vidacrista\/wp-content\/uploads\/2022\/05\/ascensao_2805_2-402x450.jpg 402w, https:\/\/franciscanos.org.br\/vidacrista\/wp-content\/uploads\/2022\/05\/ascensao_2805_2-150x168.jpg 150w\" sizes=\"(max-width: 600px) 100vw, 600px\" \/><p id=\"caption-attachment-191885\" class=\"wp-caption-text\"><em>Ascens\u00e3o de Jesus, de Singleton Copley (1775, Wikip\u00e9dia, dom\u00ednio p\u00fablico) <\/em><\/p><\/div>\n<p><strong>Jesus voltou<\/strong> para a casa do Pai, a morada eterna, onde todos n\u00f3s esperamos estar, ap\u00f3s nossa morte. Ficamos privados de sua presen\u00e7a f\u00edsica e somos chamados a eterniz\u00e1-Lo na vida da Igreja, a primitiva de Jerusal\u00e9m e hoje. A ascens\u00e3o nos torna participantes da Divindade. O humano Jesus de Nazar\u00e9 leva consigo a natureza humana para a gl\u00f3ria de Deus. Jesus subiu porque desceu na nossa humanidade.<\/p>\n<p>O sentido \u00faltimo da obra lucana, composta de Atos dos Ap\u00f3stolos e o Evangelho, \u00e9 mostrar que Jesus n\u00e3o foi embora. O evangelho de Lucas n\u00e3o termina, mas continua com a a\u00e7\u00e3o da comunidade de Jerusal\u00e9m. Na introdu\u00e7\u00e3o, em At 1,1-4, Lucas se prop\u00f5e a escrever uma narra\u00e7\u00e3o ordenada dos fatos que se cumpriram entre eles. Ele a dedica a Te\u00f3filo \u2013 nome grego que significa o amigo de Deus. No fim do Evangelho, Jesus promete o Esp\u00edrito Santo e convoca os seus seguidores a permanecerem em Jerusal\u00e9m para a realiza\u00e7\u00e3o das promessas (Lc 24,49). O evangelho come\u00e7a com Jesus sendo apresentado no templo, onde tudo come\u00e7ou, e termina com os ap\u00f3stolos tamb\u00e9m no templo, depois da ascens\u00e3o (Lc 24,50-53), para recome\u00e7ar, coisa que \u00e9 relatada na abertura de Atos dos Ap\u00f3stolos.<\/p>\n<p>Em At 1,6 os disc\u00edpulos perguntam a Jesus: \u201c\u00c9 agora que vais restabelecer o Reino de Israel?\u201d. Jesus responde, dizendo que eles n\u00e3o devem se preocupar com a data, pois essa compete ao Pai (At 1,7). O Esp\u00edrito Santo continuar\u00e1 a realiza\u00e7\u00e3o das promessas (1,8a) no testemunho dos ap\u00f3stolos. Jesus n\u00e3o foi embora, mas continua vivo entre e dentro de cada ap\u00f3stolo que testemunha o ressuscitado, ontem e hoje. Nascem, como resultado da a\u00e7\u00e3o do Esp\u00edrito Santo, as \u201cIgrejas\u201d de Jerusal\u00e9m, isto \u00e9, v\u00e1rios n\u00facleos do seguimento de Jesus, embora Lucas tenha, em Atos, idealizado e privilegiado a comunidade de Jerusal\u00e9m, para onde os disc\u00edpulos voltaram. Voltar para Jerusal\u00e9m (At 1,12) significa voltar para o lugar sagrado do juda\u00edsmo, para o lugar da miss\u00e3o, da salva\u00e7\u00e3o e do sonho de uma nova Jerusal\u00e9m, pois a Jerusal\u00e9m cidade j\u00e1 tinha sido destru\u00edda pelos romanos.<\/p>\n<p>A comunidade de Jerusal\u00e9m \u00e9 judaica de origem e, por isso, fiel observante da Tor\u00e1 (lei, conduta, caminho, modo de vida baseada no Dec\u00e1logo; ela celebra a Eucaristia como mem\u00f3ria do mart\u00edrio redentor e prof\u00e9tico de Jesus (At 2,42-46); partilha os bens (At 2,44-45), como express\u00e3o de uma espiritualidade comprometida com a justi\u00e7a; est\u00e1 em conflito com as autoridades locais (At 3,114,22); est\u00e1 centrada e unida em torno aos doze ap\u00f3stolos (At 2,42; 4,23-31); tem conflitos (At 5, 1-11); opera prod\u00edgios e milagres (At 3,1-10).\u00a0\u00a0 <strong><em>\u00a0<\/em><\/strong><\/p>\n<p>Nessas caracter\u00edsticas encontramos o rosto, \u00e0s vezes, idealizado da comunidade de Jerusal\u00e9m. Esse modo de viver a f\u00e9 na comunidade de Jerusal\u00e9m foi o jeito que os primeiros crist\u00e3os encontraram para exprimir a utopia do Reino de Deus anunciado e vivido por Jesus na sua integralidade e com a sua ascens\u00e3o.\u00a0 A ascens\u00e3o de Jesus no monte das Oliveiras teria sido a sua glorifica\u00e7\u00e3o e a certeza da sua presen\u00e7a definitiva na comunidade de Jerusal\u00e9m de forma hist\u00f3rica (presente), escatol\u00f3gica (futuro) e pneum\u00e1tica (plena do Esp\u00edrito Santo). Tendo Jerusal\u00e9m como refer\u00eancia e origem da comunidade judaico-crist\u00e3, <strong>os disc\u00edpulos devem<\/strong> partir em miss\u00e3o at\u00e9 os confins do mundo, anunciando que Jesus ressuscitou e n\u00e3o morreu. Este foi o grande segredo do cristianismo; caso contr\u00e1rio, teria se perdido, como tantas religi\u00f5es do mundo antigo.<\/p>\n<p>A ascens\u00e3o \u00e9 um movimento de a\u00e7\u00e3o transformadora do mundo a partir de nossa f\u00e9 em Jesus ressuscitado e na a\u00e7\u00e3o libertadora da Igreja. Viver a ascens\u00e3o significa n\u00e3o ficar olhando para o alto, esperando Jesus partir, mas colocar-se a caminho, no an\u00fancio do reino, na evangeliza\u00e7\u00e3o. Ascens\u00e3o n\u00e3o \u00e9 a festa da despedida de Jesus, mas de sua presen\u00e7a no meio de n\u00f3s, o que nos convoca a sair da \u201csacristia\u201d das Igrejas e ir em miss\u00e3o para as periferias da sociedade faminta e sedenta da Boa-Nova do Evangelho.<\/p>\n<p>Ser\u00e1 que a nossa Igreja est\u00e1 em movimento de ascens\u00e3o? Ou estamos no fundo do po\u00e7o, divididos e sem esperan\u00e7a? Jesus subiu para n\u00e3o ir embora. Jesus subiu porque desceu. Nossa ascens\u00e3o, nosso movimento de subida, s\u00f3 ser\u00e1 poss\u00edvel quando descermos ao mais profundo de nossa condi\u00e7\u00e3o humana e a transformamos a partir do amor, do cuidado, do servi\u00e7o e da justi\u00e7a social. Ser\u00e1 que n\u00e3o estamos descendo ladeira abaixo atr\u00e1s de falsos pastores revestidos de uma f\u00e9 que nos aliena? Coragem! Retomemos o caminho de volta para a Jerusal\u00e9m de hoje! Acolhamos o pedido do Papa Francisco de rever o nosso modo de ser Igreja, participando do processo de revis\u00e3o em vista do S\u00ednodo de 2023.<\/p>\n<hr \/>\n<p><a href=\"#_ftnref1\" name=\"_ftn1\">[1]<\/a>Doutor em Teologia B\u00edblica pela FAJE (BH). Mestre em Ci\u00eancias B\u00edblicas (Exegese) pelo Pontif\u00edcio Instituto B\u00edblico de Roma. Professor de Exegese B\u00edblica. \u00c9 membro da Associa\u00e7\u00e3o Brasileira de Pesquisa B\u00edblica (ABIB). Sacerdote Franciscano. Autor de dez livros e coautor de quinze. Youtube: Frei Jacir B\u00edblia e Apocrifos. <a href=\"https:\/\/www.youtube.com\/channel\/UCwbSE97jnR6jQwHRigX1KlQ\">https:\/\/www.youtube.com\/channel\/UCwbSE97jnR6jQwHRigX1KlQ<\/a><\/p>\n","protected":false},"excerpt":{"rendered":"<p>Artigo de Frei Jacir de Freitas Faria<\/p>\n","protected":false},"author":3,"featured_media":191884,"comment_status":"open","ping_status":"open","sticky":false,"template":"","format":"standard","meta":{"footnotes":""},"categories":[26],"tags":[43],"yoast_head":"<!-- This site is optimized with the Yoast SEO plugin v19.4 - https:\/\/yoast.com\/wordpress\/plugins\/seo\/ -->\n<title>Ascens\u00e3o: Por que subiu e n\u00e3o foi embora? (Atos 1,1-11) - Vida Crist\u00e3 - Franciscanos<\/title>\n<meta name=\"robots\" content=\"index, follow, max-snippet:-1, max-image-preview:large, max-video-preview:-1\" \/>\n<link rel=\"canonical\" href=\"https:\/\/franciscanos.org.br\/vidacrista\/ascensao-por-que-subiu-e-nao-foi-embora-atos-11-11\/\" \/>\n<meta property=\"og:locale\" content=\"pt_BR\" \/>\n<meta property=\"og:type\" content=\"article\" \/>\n<meta property=\"og:title\" content=\"Ascens\u00e3o: Por que subiu e n\u00e3o foi embora? (Atos 1,1-11) - Vida Crist\u00e3 - Franciscanos\" \/>\n<meta property=\"og:description\" content=\"Artigo de Frei Jacir de Freitas Faria\" \/>\n<meta property=\"og:url\" content=\"https:\/\/franciscanos.org.br\/vidacrista\/ascensao-por-que-subiu-e-nao-foi-embora-atos-11-11\/\" \/>\n<meta property=\"og:site_name\" content=\"Vida Crist\u00e3 - Franciscanos\" \/>\n<meta property=\"article:published_time\" content=\"2022-05-28T10:34:58+00:00\" \/>\n<meta property=\"article:modified_time\" content=\"2022-05-29T10:06:33+00:00\" \/>\n<meta property=\"og:image\" content=\"https:\/\/franciscanos.org.br\/vidacrista\/wp-content\/uploads\/2022\/05\/ascensao_2805.jpg\" \/>\n\t<meta property=\"og:image:width\" content=\"840\" \/>\n\t<meta property=\"og:image:height\" content=\"450\" \/>\n\t<meta property=\"og:image:type\" content=\"image\/jpeg\" \/>\n<meta name=\"author\" content=\"moacir\" \/>\n<meta name=\"twitter:card\" content=\"summary_large_image\" \/>\n<meta name=\"twitter:label1\" content=\"Escrito por\" \/>\n\t<meta name=\"twitter:data1\" content=\"moacir\" \/>\n\t<meta name=\"twitter:label2\" content=\"Est. tempo de leitura\" \/>\n\t<meta name=\"twitter:data2\" content=\"6 minutos\" \/>\n<script type=\"application\/ld+json\" class=\"yoast-schema-graph\">{\"@context\":\"https:\/\/schema.org\",\"@graph\":[{\"@type\":\"WebSite\",\"@id\":\"https:\/\/franciscanos.org.br\/vidacrista\/#website\",\"url\":\"https:\/\/franciscanos.org.br\/vidacrista\/\",\"name\":\"Vida Crist\u00e3 - Franciscanos\",\"description\":\"Prov\u00edncia Franciscana da Imaculada Concei\u00e7\u00e3o do Brasil - Ordem dos Frades Menores\",\"potentialAction\":[{\"@type\":\"SearchAction\",\"target\":{\"@type\":\"EntryPoint\",\"urlTemplate\":\"https:\/\/franciscanos.org.br\/vidacrista\/?s={search_term_string}\"},\"query-input\":\"required name=search_term_string\"}],\"inLanguage\":\"pt-BR\"},{\"@type\":\"WebPage\",\"@id\":\"https:\/\/franciscanos.org.br\/vidacrista\/ascensao-por-que-subiu-e-nao-foi-embora-atos-11-11\/\",\"url\":\"https:\/\/franciscanos.org.br\/vidacrista\/ascensao-por-que-subiu-e-nao-foi-embora-atos-11-11\/\",\"name\":\"Ascens\u00e3o: Por que subiu e n\u00e3o foi embora? (Atos 1,1-11) - Vida Crist\u00e3 - Franciscanos\",\"isPartOf\":{\"@id\":\"https:\/\/franciscanos.org.br\/vidacrista\/#website\"},\"datePublished\":\"2022-05-28T10:34:58+00:00\",\"dateModified\":\"2022-05-29T10:06:33+00:00\",\"author\":{\"@id\":\"https:\/\/franciscanos.org.br\/vidacrista\/#\/schema\/person\/1880bdd2c350b735648725ef7614736a\"},\"breadcrumb\":{\"@id\":\"https:\/\/franciscanos.org.br\/vidacrista\/ascensao-por-que-subiu-e-nao-foi-embora-atos-11-11\/#breadcrumb\"},\"inLanguage\":\"pt-BR\",\"potentialAction\":[{\"@type\":\"ReadAction\",\"target\":[\"https:\/\/franciscanos.org.br\/vidacrista\/ascensao-por-que-subiu-e-nao-foi-embora-atos-11-11\/\"]}]},{\"@type\":\"BreadcrumbList\",\"@id\":\"https:\/\/franciscanos.org.br\/vidacrista\/ascensao-por-que-subiu-e-nao-foi-embora-atos-11-11\/#breadcrumb\",\"itemListElement\":[{\"@type\":\"ListItem\",\"position\":1,\"name\":\"Home\",\"item\":\"https:\/\/franciscanos.org.br\/vidacrista\/\"},{\"@type\":\"ListItem\",\"position\":2,\"name\":\"Ascens\u00e3o: Por que subiu e n\u00e3o foi embora? (Atos 1,1-11)\"}]},{\"@type\":\"Person\",\"@id\":\"https:\/\/franciscanos.org.br\/vidacrista\/#\/schema\/person\/1880bdd2c350b735648725ef7614736a\",\"name\":\"moacir\",\"image\":{\"@type\":\"ImageObject\",\"inLanguage\":\"pt-BR\",\"@id\":\"https:\/\/franciscanos.org.br\/vidacrista\/#\/schema\/person\/image\/\",\"url\":\"https:\/\/secure.gravatar.com\/avatar\/d08aa2ce4c8dd416d4479aa8536fcf64?s=96&d=mm&r=g\",\"contentUrl\":\"https:\/\/secure.gravatar.com\/avatar\/d08aa2ce4c8dd416d4479aa8536fcf64?s=96&d=mm&r=g\",\"caption\":\"moacir\"},\"url\":\"https:\/\/franciscanos.org.br\/vidacrista\/author\/moacir\/\"}]}<\/script>\n<!-- \/ Yoast SEO plugin. -->","yoast_head_json":{"title":"Ascens\u00e3o: Por que subiu e n\u00e3o foi embora? (Atos 1,1-11) - Vida Crist\u00e3 - Franciscanos","robots":{"index":"index","follow":"follow","max-snippet":"max-snippet:-1","max-image-preview":"max-image-preview:large","max-video-preview":"max-video-preview:-1"},"canonical":"https:\/\/franciscanos.org.br\/vidacrista\/ascensao-por-que-subiu-e-nao-foi-embora-atos-11-11\/","og_locale":"pt_BR","og_type":"article","og_title":"Ascens\u00e3o: Por que subiu e n\u00e3o foi embora? (Atos 1,1-11) - Vida Crist\u00e3 - Franciscanos","og_description":"Artigo de Frei Jacir de Freitas Faria","og_url":"https:\/\/franciscanos.org.br\/vidacrista\/ascensao-por-que-subiu-e-nao-foi-embora-atos-11-11\/","og_site_name":"Vida Crist\u00e3 - Franciscanos","article_published_time":"2022-05-28T10:34:58+00:00","article_modified_time":"2022-05-29T10:06:33+00:00","og_image":[{"width":840,"height":450,"url":"https:\/\/franciscanos.org.br\/vidacrista\/wp-content\/uploads\/2022\/05\/ascensao_2805.jpg","type":"image\/jpeg"}],"author":"moacir","twitter_card":"summary_large_image","twitter_misc":{"Escrito por":"moacir","Est. tempo de leitura":"6 minutos"},"schema":{"@context":"https:\/\/schema.org","@graph":[{"@type":"WebSite","@id":"https:\/\/franciscanos.org.br\/vidacrista\/#website","url":"https:\/\/franciscanos.org.br\/vidacrista\/","name":"Vida Crist\u00e3 - Franciscanos","description":"Prov\u00edncia Franciscana da Imaculada Concei\u00e7\u00e3o do Brasil - Ordem dos Frades Menores","potentialAction":[{"@type":"SearchAction","target":{"@type":"EntryPoint","urlTemplate":"https:\/\/franciscanos.org.br\/vidacrista\/?s={search_term_string}"},"query-input":"required name=search_term_string"}],"inLanguage":"pt-BR"},{"@type":"WebPage","@id":"https:\/\/franciscanos.org.br\/vidacrista\/ascensao-por-que-subiu-e-nao-foi-embora-atos-11-11\/","url":"https:\/\/franciscanos.org.br\/vidacrista\/ascensao-por-que-subiu-e-nao-foi-embora-atos-11-11\/","name":"Ascens\u00e3o: Por que subiu e n\u00e3o foi embora? (Atos 1,1-11) - Vida Crist\u00e3 - Franciscanos","isPartOf":{"@id":"https:\/\/franciscanos.org.br\/vidacrista\/#website"},"datePublished":"2022-05-28T10:34:58+00:00","dateModified":"2022-05-29T10:06:33+00:00","author":{"@id":"https:\/\/franciscanos.org.br\/vidacrista\/#\/schema\/person\/1880bdd2c350b735648725ef7614736a"},"breadcrumb":{"@id":"https:\/\/franciscanos.org.br\/vidacrista\/ascensao-por-que-subiu-e-nao-foi-embora-atos-11-11\/#breadcrumb"},"inLanguage":"pt-BR","potentialAction":[{"@type":"ReadAction","target":["https:\/\/franciscanos.org.br\/vidacrista\/ascensao-por-que-subiu-e-nao-foi-embora-atos-11-11\/"]}]},{"@type":"BreadcrumbList","@id":"https:\/\/franciscanos.org.br\/vidacrista\/ascensao-por-que-subiu-e-nao-foi-embora-atos-11-11\/#breadcrumb","itemListElement":[{"@type":"ListItem","position":1,"name":"Home","item":"https:\/\/franciscanos.org.br\/vidacrista\/"},{"@type":"ListItem","position":2,"name":"Ascens\u00e3o: Por que subiu e n\u00e3o foi embora? (Atos 1,1-11)"}]},{"@type":"Person","@id":"https:\/\/franciscanos.org.br\/vidacrista\/#\/schema\/person\/1880bdd2c350b735648725ef7614736a","name":"moacir","image":{"@type":"ImageObject","inLanguage":"pt-BR","@id":"https:\/\/franciscanos.org.br\/vidacrista\/#\/schema\/person\/image\/","url":"https:\/\/secure.gravatar.com\/avatar\/d08aa2ce4c8dd416d4479aa8536fcf64?s=96&d=mm&r=g","contentUrl":"https:\/\/secure.gravatar.com\/avatar\/d08aa2ce4c8dd416d4479aa8536fcf64?s=96&d=mm&r=g","caption":"moacir"},"url":"https:\/\/franciscanos.org.br\/vidacrista\/author\/moacir\/"}]}},"_links":{"self":[{"href":"https:\/\/franciscanos.org.br\/vidacrista\/wp-json\/wp\/v2\/posts\/191883"}],"collection":[{"href":"https:\/\/franciscanos.org.br\/vidacrista\/wp-json\/wp\/v2\/posts"}],"about":[{"href":"https:\/\/franciscanos.org.br\/vidacrista\/wp-json\/wp\/v2\/types\/post"}],"author":[{"embeddable":true,"href":"https:\/\/franciscanos.org.br\/vidacrista\/wp-json\/wp\/v2\/users\/3"}],"replies":[{"embeddable":true,"href":"https:\/\/franciscanos.org.br\/vidacrista\/wp-json\/wp\/v2\/comments?post=191883"}],"version-history":[{"count":4,"href":"https:\/\/franciscanos.org.br\/vidacrista\/wp-json\/wp\/v2\/posts\/191883\/revisions"}],"predecessor-version":[{"id":191889,"href":"https:\/\/franciscanos.org.br\/vidacrista\/wp-json\/wp\/v2\/posts\/191883\/revisions\/191889"}],"wp:featuredmedia":[{"embeddable":true,"href":"https:\/\/franciscanos.org.br\/vidacrista\/wp-json\/wp\/v2\/media\/191884"}],"wp:attachment":[{"href":"https:\/\/franciscanos.org.br\/vidacrista\/wp-json\/wp\/v2\/media?parent=191883"}],"wp:term":[{"taxonomy":"category","embeddable":true,"href":"https:\/\/franciscanos.org.br\/vidacrista\/wp-json\/wp\/v2\/categories?post=191883"},{"taxonomy":"post_tag","embeddable":true,"href":"https:\/\/franciscanos.org.br\/vidacrista\/wp-json\/wp\/v2\/tags?post=191883"}],"curies":[{"name":"wp","href":"https:\/\/api.w.org\/{rel}","templated":true}]}}