{"id":191839,"date":"2022-05-14T05:40:32","date_gmt":"2022-05-14T08:40:32","guid":{"rendered":"https:\/\/franciscanos.org.br\/vidacrista\/?p=191839"},"modified":"2022-05-14T05:40:32","modified_gmt":"2022-05-14T08:40:32","slug":"aparecida-15-anos","status":"publish","type":"post","link":"https:\/\/franciscanos.org.br\/vidacrista\/aparecida-15-anos\/","title":{"rendered":"Aparecida: 15 anos"},"content":{"rendered":"<div id=\"attachment_191840\" style=\"width: 850px\" class=\"wp-caption alignnone\"><img aria-describedby=\"caption-attachment-191840\" decoding=\"async\" loading=\"lazy\" class=\"wp-image-191840 size-full\" src=\"https:\/\/franciscanos.org.br\/vidacrista\/wp-content\/uploads\/2022\/05\/aparecida_14.jpg\" alt=\"\" width=\"840\" height=\"450\" srcset=\"https:\/\/franciscanos.org.br\/vidacrista\/wp-content\/uploads\/2022\/05\/aparecida_14.jpg 840w, https:\/\/franciscanos.org.br\/vidacrista\/wp-content\/uploads\/2022\/05\/aparecida_14-450x241.jpg 450w, https:\/\/franciscanos.org.br\/vidacrista\/wp-content\/uploads\/2022\/05\/aparecida_14-768x411.jpg 768w, https:\/\/franciscanos.org.br\/vidacrista\/wp-content\/uploads\/2022\/05\/aparecida_14-150x80.jpg 150w\" sizes=\"(max-width: 840px) 100vw, 840px\" \/><p id=\"caption-attachment-191840\" class=\"wp-caption-text\"><em>Imagem: Reprodu\u00e7\u00e3o da V Confer\u00eancia Geral do Episcopado Latino-americano e do Caribe (CELAM).<\/em><\/p><\/div>\n<p><strong>Dom Walmor Oliveira de Azevedo<\/strong><\/p>\n<p>Era 13 de maio de 2007. No Santu\u00e1rio Nacional \u2013 casa da M\u00e3e Aparecida -, iniciava-se a 5\u00aa Confer\u00eancia Geral dos Bispos da Am\u00e9rica Latina e do Caribe. Quase tr\u00eas semanas de espiritualidade e reflex\u00f5es fecundas. Ungido o ambiente pela singular, amorosa e sincera presen\u00e7a de milhares de peregrinos. Dias de b\u00ean\u00e7\u00e3os e de ilumina\u00e7\u00e3o para o horizonte mission\u00e1rio da Igreja. O povo orante e confiante na intercess\u00e3o materna e discipular da M\u00e3e Maria, por for\u00e7a espiritual invis\u00edvel e imensur\u00e1vel, inspirava os pastores e seus assessores ali congregados a dimens\u00f5es essenciais da viv\u00eancia aut\u00eantica da f\u00e9 crist\u00e3 cat\u00f3lica: todos disc\u00edpulos e disc\u00edpulas mission\u00e1rios no seguimento de Jesus Cristo, Mestre e Senhor, Crucificado e Ressuscitado. Na riqueza da participa\u00e7\u00e3o dos congregados na Confer\u00eancia Geral, h\u00e1 de se destacar a presen\u00e7a amorosa do Papa Bento XVI \u2013 hoje Papa em\u00e9rito -, que inaugurou a Confer\u00eancia de Aparecida, e a singular dedica\u00e7\u00e3o do ent\u00e3o Arcebispo de Buenos Aires, Argentina, hoje o Papa Francisco. Na atualidade, o Santo Padre reafirma a import\u00e2ncia e o potencial evangelizador do Documento de Aparecida, fruto da Confer\u00eancia, publicado no dia 29 de junho de 2007.<\/p>\n<p>O Documento de Aparecida, na festa de seus 15 anos, \u00e9 um tesouro para impulsionar as for\u00e7as mission\u00e1rias da Igreja Cat\u00f3lica, interpelada a oferecer novas respostas ante desafios do mundo contempor\u00e2neo. As linhas mestras de Aparecida s\u00e3o uma resposta atual e essencial dentro dos par\u00e2metros do Conc\u00edlio Vaticano II, especial acontecimento vivido de 1962 a 1965, e que preparou a Igreja para evangelizar na contemporaneidade. Assim, o Documento, fruto da Confer\u00eancia do Episcopado Latino-Americano e Caribenho, re\u00fane entendimentos e indica\u00e7\u00f5es concretas para o caminho desafiador deste terceiro mil\u00eanio. Diferentemente das vozes que alardeavam interpreta\u00e7\u00f5es equivocadas, difundindo que o evento de Aparecida correria o risco de ser um retrocesso no caminho eclesial e mission\u00e1rio, indica\u00e7\u00f5es da Confer\u00eancia permanecem como um desafio pastoral, urgindo efetiva\u00e7\u00f5es assertivas de respostas na viv\u00eancia do discipulado e nas exig\u00eancias evang\u00e9licas do seguimento de Jesus Cristo.<\/p>\n<p>Incontest\u00e1vel \u00e9 a afirma\u00e7\u00e3o que vem do cora\u00e7\u00e3o do pr\u00f3prio Papa Francisco: a Igreja \u00e9 desafiada a oferecer novas respostas a partir do horizonte da Confer\u00eancia de Aparecida, neste tempo de grandes mudan\u00e7as. Muito atual, o Documento de Aparecida afirma que o caminho da Igreja na Am\u00e9rica Latina e no Caribe tem lugar em meio a luzes e sombras deste tempo, que traz afli\u00e7\u00f5es. Sublinhe-se o processo de reda\u00e7\u00e3o do Documento, que envolveu momentos de impasse, mas foi permeado pela a\u00e7\u00e3o do Esp\u00edrito Santo de Deus, o guia da Igreja. O Esp\u00edrito Santo gestou caminhos corajosos e inspira\u00e7\u00f5es prof\u00e9ticas, trazendo \u00e0 luz o conjunto de indica\u00e7\u00f5es do Documento de Aparecida \u2013 interpela\u00e7\u00e3o \u00e0 Igreja Latino-americana e Caribenha, irradiando inspira\u00e7\u00f5es para a Igreja em todo o mundo. As contribui\u00e7\u00f5es da Confer\u00eancia de Aparecida fortalecem a Igreja na miss\u00e3o de formar disc\u00edpulos e disc\u00edpulas de Cristo, caminho, verdade e vida, para que todos os povos tenham vida. As contribui\u00e7\u00f5es s\u00e3o especialmente singulares porque contam com a inspira\u00e7\u00e3o e prote\u00e7\u00e3o da M\u00e3e Maria, perfeita disc\u00edpula e pedagoga da evangeliza\u00e7\u00e3o, ensinando sempre a fazer o que Ele, Cristo Jesus, indica.<\/p>\n<p>As indica\u00e7\u00f5es do Mestre s\u00e3o essenciais para cultivar as grandes riquezas dos povos, a f\u00e9 no Deus amor, a tradi\u00e7\u00e3o cat\u00f3lica na vida e na cultura \u2013 lembrando-se sempre das ra\u00edzes cat\u00f3licas que inspiram a arte, a linguagem e estilos de vida, tecendo identidades, originalidade e unidade na realidade hist\u00f3rico-cultural latino-americana e caribenha. Uma realidade marcada pelo Evangelho de Cristo, que n\u00e3o pode abandonar Deus por comportamentos viciosos, opress\u00e3o, viol\u00eancia, ingratid\u00f5es e mis\u00e9rias. Esses cen\u00e1rios de desola\u00e7\u00e3o precisam ser debelados pela gra\u00e7a da vit\u00f3ria pascal. O atual per\u00edodo da hist\u00f3ria, marcado por desordem generalizada, crises sist\u00eamicas variadas, turbul\u00eancias sociais, pol\u00edticas e ecol\u00f3gicas, urge por indica\u00e7\u00f5es preciosas e testemunhos, sublinha o Documento de Aparecida.<\/p>\n<p>A Igreja \u00e9 chamada a repensar profundamente as suas din\u00e2micas, a relan\u00e7ar com fidelidade e aud\u00e1cia a sua miss\u00e3o, considerando as novas circunst\u00e2ncias mundiais, sublinha o Documento. Trata-se da preciosa indica\u00e7\u00e3o de confirmar, renovar e revitalizar a novidade do Evangelho de Jesus \u2013 sempre a partir d\u2019Ele, viver a miss\u00e3o de fazer despertar disc\u00edpulos mission\u00e1rios. Esse avan\u00e7o almejado n\u00e3o se efetiva pela depend\u00eancia de grandes programas ou estruturas, mas pelo encontro com Ele, Cristo. Depende, pois, de homens e mulheres que encarnam essa tradi\u00e7\u00e3o e novidade, mission\u00e1rios do Reino de Deus, protagonistas de uma vida nova. A celebra\u00e7\u00e3o dos 15 anos da Confer\u00eancia Geral do Episcopado Latino-americano e Caribenho \u00e9 convite para revisitar o Documento de Aparecida, com indica\u00e7\u00f5es concretas, para efetivar o que \u00e9 pr\u00f3prio de uma Igreja Sinodal: alicer\u00e7ada na autenticidade e na forma\u00e7\u00e3o permanente, na viv\u00eancia e no testemunho de disc\u00edpulos e disc\u00edpulas mission\u00e1rios, para fecundar vidas a caminho do Reino de Deus.<\/p>\n<hr \/>\n<p><em>Dom Walmor Oliveira de Azevedo \u00e9 Arcebispo de Belo Horizonte (MG) e presidente da Confer\u00eancia Nacional dos Bispos do\u00a0 Brasil (CNBB).<\/em><\/p>\n","protected":false},"excerpt":{"rendered":"<p>Artigo de Dom Walmor Oliveira de Azevedo<\/p>\n","protected":false},"author":3,"featured_media":191840,"comment_status":"open","ping_status":"open","sticky":false,"template":"","format":"standard","meta":{"footnotes":""},"categories":[26],"tags":[271],"yoast_head":"<!-- This site is optimized with the Yoast SEO plugin v19.4 - https:\/\/yoast.com\/wordpress\/plugins\/seo\/ -->\n<title>Aparecida: 15 anos - Vida Crist\u00e3 - Franciscanos<\/title>\n<meta name=\"robots\" content=\"index, follow, max-snippet:-1, max-image-preview:large, max-video-preview:-1\" \/>\n<link rel=\"canonical\" href=\"https:\/\/franciscanos.org.br\/vidacrista\/aparecida-15-anos\/\" \/>\n<meta property=\"og:locale\" content=\"pt_BR\" \/>\n<meta property=\"og:type\" content=\"article\" \/>\n<meta property=\"og:title\" content=\"Aparecida: 15 anos - Vida Crist\u00e3 - Franciscanos\" \/>\n<meta property=\"og:description\" content=\"Artigo de Dom Walmor Oliveira de Azevedo\" \/>\n<meta property=\"og:url\" content=\"https:\/\/franciscanos.org.br\/vidacrista\/aparecida-15-anos\/\" \/>\n<meta property=\"og:site_name\" content=\"Vida Crist\u00e3 - Franciscanos\" \/>\n<meta property=\"article:published_time\" content=\"2022-05-14T08:40:32+00:00\" \/>\n<meta property=\"og:image\" content=\"https:\/\/franciscanos.org.br\/vidacrista\/wp-content\/uploads\/2022\/05\/aparecida_14.jpg\" \/>\n\t<meta property=\"og:image:width\" content=\"840\" \/>\n\t<meta property=\"og:image:height\" content=\"450\" \/>\n\t<meta property=\"og:image:type\" content=\"image\/jpeg\" \/>\n<meta name=\"author\" content=\"moacir\" \/>\n<meta name=\"twitter:card\" content=\"summary_large_image\" \/>\n<meta name=\"twitter:label1\" content=\"Escrito por\" \/>\n\t<meta name=\"twitter:data1\" content=\"moacir\" \/>\n\t<meta name=\"twitter:label2\" content=\"Est. tempo de leitura\" \/>\n\t<meta name=\"twitter:data2\" content=\"5 minutos\" \/>\n<script type=\"application\/ld+json\" class=\"yoast-schema-graph\">{\"@context\":\"https:\/\/schema.org\",\"@graph\":[{\"@type\":\"WebSite\",\"@id\":\"https:\/\/franciscanos.org.br\/vidacrista\/#website\",\"url\":\"https:\/\/franciscanos.org.br\/vidacrista\/\",\"name\":\"Vida Crist\u00e3 - Franciscanos\",\"description\":\"Prov\u00edncia Franciscana da Imaculada Concei\u00e7\u00e3o do Brasil - Ordem dos Frades Menores\",\"potentialAction\":[{\"@type\":\"SearchAction\",\"target\":{\"@type\":\"EntryPoint\",\"urlTemplate\":\"https:\/\/franciscanos.org.br\/vidacrista\/?s={search_term_string}\"},\"query-input\":\"required name=search_term_string\"}],\"inLanguage\":\"pt-BR\"},{\"@type\":\"WebPage\",\"@id\":\"https:\/\/franciscanos.org.br\/vidacrista\/aparecida-15-anos\/\",\"url\":\"https:\/\/franciscanos.org.br\/vidacrista\/aparecida-15-anos\/\",\"name\":\"Aparecida: 15 anos - Vida Crist\u00e3 - Franciscanos\",\"isPartOf\":{\"@id\":\"https:\/\/franciscanos.org.br\/vidacrista\/#website\"},\"datePublished\":\"2022-05-14T08:40:32+00:00\",\"dateModified\":\"2022-05-14T08:40:32+00:00\",\"author\":{\"@id\":\"https:\/\/franciscanos.org.br\/vidacrista\/#\/schema\/person\/1880bdd2c350b735648725ef7614736a\"},\"breadcrumb\":{\"@id\":\"https:\/\/franciscanos.org.br\/vidacrista\/aparecida-15-anos\/#breadcrumb\"},\"inLanguage\":\"pt-BR\",\"potentialAction\":[{\"@type\":\"ReadAction\",\"target\":[\"https:\/\/franciscanos.org.br\/vidacrista\/aparecida-15-anos\/\"]}]},{\"@type\":\"BreadcrumbList\",\"@id\":\"https:\/\/franciscanos.org.br\/vidacrista\/aparecida-15-anos\/#breadcrumb\",\"itemListElement\":[{\"@type\":\"ListItem\",\"position\":1,\"name\":\"Home\",\"item\":\"https:\/\/franciscanos.org.br\/vidacrista\/\"},{\"@type\":\"ListItem\",\"position\":2,\"name\":\"Aparecida: 15 anos\"}]},{\"@type\":\"Person\",\"@id\":\"https:\/\/franciscanos.org.br\/vidacrista\/#\/schema\/person\/1880bdd2c350b735648725ef7614736a\",\"name\":\"moacir\",\"image\":{\"@type\":\"ImageObject\",\"inLanguage\":\"pt-BR\",\"@id\":\"https:\/\/franciscanos.org.br\/vidacrista\/#\/schema\/person\/image\/\",\"url\":\"https:\/\/secure.gravatar.com\/avatar\/d08aa2ce4c8dd416d4479aa8536fcf64?s=96&d=mm&r=g\",\"contentUrl\":\"https:\/\/secure.gravatar.com\/avatar\/d08aa2ce4c8dd416d4479aa8536fcf64?s=96&d=mm&r=g\",\"caption\":\"moacir\"},\"url\":\"https:\/\/franciscanos.org.br\/vidacrista\/author\/moacir\/\"}]}<\/script>\n<!-- \/ Yoast SEO plugin. -->","yoast_head_json":{"title":"Aparecida: 15 anos - Vida Crist\u00e3 - Franciscanos","robots":{"index":"index","follow":"follow","max-snippet":"max-snippet:-1","max-image-preview":"max-image-preview:large","max-video-preview":"max-video-preview:-1"},"canonical":"https:\/\/franciscanos.org.br\/vidacrista\/aparecida-15-anos\/","og_locale":"pt_BR","og_type":"article","og_title":"Aparecida: 15 anos - Vida Crist\u00e3 - Franciscanos","og_description":"Artigo de Dom Walmor Oliveira de Azevedo","og_url":"https:\/\/franciscanos.org.br\/vidacrista\/aparecida-15-anos\/","og_site_name":"Vida Crist\u00e3 - Franciscanos","article_published_time":"2022-05-14T08:40:32+00:00","og_image":[{"width":840,"height":450,"url":"https:\/\/franciscanos.org.br\/vidacrista\/wp-content\/uploads\/2022\/05\/aparecida_14.jpg","type":"image\/jpeg"}],"author":"moacir","twitter_card":"summary_large_image","twitter_misc":{"Escrito por":"moacir","Est. tempo de leitura":"5 minutos"},"schema":{"@context":"https:\/\/schema.org","@graph":[{"@type":"WebSite","@id":"https:\/\/franciscanos.org.br\/vidacrista\/#website","url":"https:\/\/franciscanos.org.br\/vidacrista\/","name":"Vida Crist\u00e3 - Franciscanos","description":"Prov\u00edncia Franciscana da Imaculada Concei\u00e7\u00e3o do Brasil - Ordem dos Frades Menores","potentialAction":[{"@type":"SearchAction","target":{"@type":"EntryPoint","urlTemplate":"https:\/\/franciscanos.org.br\/vidacrista\/?s={search_term_string}"},"query-input":"required name=search_term_string"}],"inLanguage":"pt-BR"},{"@type":"WebPage","@id":"https:\/\/franciscanos.org.br\/vidacrista\/aparecida-15-anos\/","url":"https:\/\/franciscanos.org.br\/vidacrista\/aparecida-15-anos\/","name":"Aparecida: 15 anos - Vida Crist\u00e3 - Franciscanos","isPartOf":{"@id":"https:\/\/franciscanos.org.br\/vidacrista\/#website"},"datePublished":"2022-05-14T08:40:32+00:00","dateModified":"2022-05-14T08:40:32+00:00","author":{"@id":"https:\/\/franciscanos.org.br\/vidacrista\/#\/schema\/person\/1880bdd2c350b735648725ef7614736a"},"breadcrumb":{"@id":"https:\/\/franciscanos.org.br\/vidacrista\/aparecida-15-anos\/#breadcrumb"},"inLanguage":"pt-BR","potentialAction":[{"@type":"ReadAction","target":["https:\/\/franciscanos.org.br\/vidacrista\/aparecida-15-anos\/"]}]},{"@type":"BreadcrumbList","@id":"https:\/\/franciscanos.org.br\/vidacrista\/aparecida-15-anos\/#breadcrumb","itemListElement":[{"@type":"ListItem","position":1,"name":"Home","item":"https:\/\/franciscanos.org.br\/vidacrista\/"},{"@type":"ListItem","position":2,"name":"Aparecida: 15 anos"}]},{"@type":"Person","@id":"https:\/\/franciscanos.org.br\/vidacrista\/#\/schema\/person\/1880bdd2c350b735648725ef7614736a","name":"moacir","image":{"@type":"ImageObject","inLanguage":"pt-BR","@id":"https:\/\/franciscanos.org.br\/vidacrista\/#\/schema\/person\/image\/","url":"https:\/\/secure.gravatar.com\/avatar\/d08aa2ce4c8dd416d4479aa8536fcf64?s=96&d=mm&r=g","contentUrl":"https:\/\/secure.gravatar.com\/avatar\/d08aa2ce4c8dd416d4479aa8536fcf64?s=96&d=mm&r=g","caption":"moacir"},"url":"https:\/\/franciscanos.org.br\/vidacrista\/author\/moacir\/"}]}},"_links":{"self":[{"href":"https:\/\/franciscanos.org.br\/vidacrista\/wp-json\/wp\/v2\/posts\/191839"}],"collection":[{"href":"https:\/\/franciscanos.org.br\/vidacrista\/wp-json\/wp\/v2\/posts"}],"about":[{"href":"https:\/\/franciscanos.org.br\/vidacrista\/wp-json\/wp\/v2\/types\/post"}],"author":[{"embeddable":true,"href":"https:\/\/franciscanos.org.br\/vidacrista\/wp-json\/wp\/v2\/users\/3"}],"replies":[{"embeddable":true,"href":"https:\/\/franciscanos.org.br\/vidacrista\/wp-json\/wp\/v2\/comments?post=191839"}],"version-history":[{"count":1,"href":"https:\/\/franciscanos.org.br\/vidacrista\/wp-json\/wp\/v2\/posts\/191839\/revisions"}],"predecessor-version":[{"id":191841,"href":"https:\/\/franciscanos.org.br\/vidacrista\/wp-json\/wp\/v2\/posts\/191839\/revisions\/191841"}],"wp:featuredmedia":[{"embeddable":true,"href":"https:\/\/franciscanos.org.br\/vidacrista\/wp-json\/wp\/v2\/media\/191840"}],"wp:attachment":[{"href":"https:\/\/franciscanos.org.br\/vidacrista\/wp-json\/wp\/v2\/media?parent=191839"}],"wp:term":[{"taxonomy":"category","embeddable":true,"href":"https:\/\/franciscanos.org.br\/vidacrista\/wp-json\/wp\/v2\/categories?post=191839"},{"taxonomy":"post_tag","embeddable":true,"href":"https:\/\/franciscanos.org.br\/vidacrista\/wp-json\/wp\/v2\/tags?post=191839"}],"curies":[{"name":"wp","href":"https:\/\/api.w.org\/{rel}","templated":true}]}}