{"id":191836,"date":"2022-05-13T08:49:28","date_gmt":"2022-05-13T11:49:28","guid":{"rendered":"https:\/\/franciscanos.org.br\/vidacrista\/?p=191836"},"modified":"2022-05-13T08:49:28","modified_gmt":"2022-05-13T11:49:28","slug":"mensagem-do-papa-francisco-para-o-108o-dia-mundial-do-migrante-e-do-refugiado-2022","status":"publish","type":"post","link":"https:\/\/franciscanos.org.br\/vidacrista\/mensagem-do-papa-francisco-para-o-108o-dia-mundial-do-migrante-e-do-refugiado-2022\/","title":{"rendered":"Mensagem do Papa Francisco para o 108\u00ba Dia Mundial do Migrante e do Refugiado 2022"},"content":{"rendered":"<div class=\"abstract text parbase vaticanrichtext\">\n<div id=\"attachment_191837\" style=\"width: 1290px\" class=\"wp-caption alignnone\"><img aria-describedby=\"caption-attachment-191837\" decoding=\"async\" loading=\"lazy\" class=\"wp-image-191837 size-full\" src=\"https:\/\/franciscanos.org.br\/vidacrista\/wp-content\/uploads\/2022\/05\/monumento_13.jpg\" alt=\"\" width=\"1280\" height=\"720\" srcset=\"https:\/\/franciscanos.org.br\/vidacrista\/wp-content\/uploads\/2022\/05\/monumento_13.jpg 1280w, https:\/\/franciscanos.org.br\/vidacrista\/wp-content\/uploads\/2022\/05\/monumento_13-450x253.jpg 450w, https:\/\/franciscanos.org.br\/vidacrista\/wp-content\/uploads\/2022\/05\/monumento_13-1024x576.jpg 1024w, https:\/\/franciscanos.org.br\/vidacrista\/wp-content\/uploads\/2022\/05\/monumento_13-768x432.jpg 768w, https:\/\/franciscanos.org.br\/vidacrista\/wp-content\/uploads\/2022\/05\/monumento_13-150x84.jpg 150w\" sizes=\"(max-width: 1280px) 100vw, 1280px\" \/><p id=\"caption-attachment-191837\" class=\"wp-caption-text\">\u00a0 \u00a0 \u00a0 \u00a0 \u00a0 \u00a0 \u00a0 \u00a0 \u00a0 \u00a0 \u00a0 \u00a0 \u00a0 \u00a0 \u00a0 \u00a0 \u00a0 \u00a0 \u00a0 \u00a0 \u00a0 \u00a0 \u00a0 \u00a0 \u00a0 \u00a0 \u00a0 \u00a0 \u00a0 \u00a0 \u00a0 \u00a0 \u00a0 <em>\u00a0Imagem: Monumento ao refugiado e migrante na Pra\u00e7a S\u00e3o Pedro (Vatican Media)<\/em><\/p><\/div>\n<p><span class=\"color-text\">(25 de setembro de 2022)<\/span><\/p>\n<div class=\"clearfix\"><b><i><span class=\"color-text\">Construir o futuro com os migrantes e os refugiados<\/span><\/i><\/b><\/div>\n<\/div>\n<div class=\"text parbase vaticanrichtext\">\n<p>\u00abN\u00e3o temos aqui cidade permanente, mas procuramos a futura\u00bb (<i>Heb<\/i>\u00a013, 14)<\/p>\n<p>Queridos irm\u00e3os e irm\u00e3s!<\/p>\n<p>O sentido \u00faltimo da nossa \u00abviagem\u00bb neste mundo \u00e9 a busca da verdadeira p\u00e1tria, o Reino de Deus inaugurado por Jesus Cristo, que ter\u00e1 a sua plena realiza\u00e7\u00e3o quando Ele voltar na gl\u00f3ria. O seu Reino ainda n\u00e3o alcan\u00e7ou a perfei\u00e7\u00e3o, mas j\u00e1 est\u00e1 presente naqueles que acolheram a salva\u00e7\u00e3o. \u00abO reino de Deus est\u00e1 em n\u00f3s. Embora escatol\u00f3gico, sendo o futuro do mundo, da humanidade, ao mesmo tempo j\u00e1 se encontra em n\u00f3s\u00bb\u00a0<a class=\"cleaner\" href=\"https:\/\/www.vatican.va\/content\/francesco\/pt\/messages\/migration\/documents\/20220509-world-migrants-day-2022.html#_ftn1\" name=\"_ftnref1\"><\/a>[1].<\/p>\n<p>A cidade futura \u00e9 uma \u00abcidade bem alicer\u00e7ada, cujo arquiteto e construtor \u00e9 o pr\u00f3prio Deus\u00bb (<i>Heb<\/i>\u00a011, 10). O seu des\u00edgnio prev\u00ea uma intensa obra de constru\u00e7\u00e3o, na qual todos nos devemos sentir pessoalmente envolvidos. Trata-se dum meticuloso trabalho de convers\u00e3o pessoal e transforma\u00e7\u00e3o da realidade, para corresponder cada vez mais ao plano divino. Os dramas da hist\u00f3ria v\u00eam lembrar-nos qu\u00e3o longe estamos ainda de conseguir a nossa meta, a Nova Jerusal\u00e9m, \u00aba morada de Deus entre os homens\u00bb (<i>Ap<\/i>\u00a021, 3). Mas isso n\u00e3o \u00e9 motivo para desanimarmos. \u00c0 luz do que aprendemos nas tribula\u00e7\u00f5es dos \u00faltimos tempos, somos chamados a renovar o nosso compromisso a favor da constru\u00e7\u00e3o dum futuro mais ajustado ao des\u00edgnio de Deus, a constru\u00e7\u00e3o dum mundo onde todos possam viver em paz e com dignidade.<\/p>\n<p>N\u00f3s \u00abesperamos uns novos c\u00e9us e uma nova terra, onde habite a justi\u00e7a\u00bb (<i>2 Ped<\/i>\u00a03, 13). A justi\u00e7a \u00e9 um dos elementos constitutivos do Reino de Deus. Na busca quotidiana da vontade divina, aquela deve ser edificada com paci\u00eancia, sacrif\u00edcio e determina\u00e7\u00e3o, a fim de que todos os que tiverem fome e sede dela sejam saciados (cf.\u00a0<i>Mt<\/i>\u00a05, 6). A justi\u00e7a do Reino deve ser entendida como a realiza\u00e7\u00e3o da ordem divina, do seu des\u00edgnio harmonioso, segundo o qual, em Cristo morto e ressuscitado, toda a cria\u00e7\u00e3o volta a ser \u00abcoisa boa\u00bb e a humanidade \u00abcoisa muito boa\u00bb (cf.\u00a0<i>Gen<\/i>\u00a01, 1-31). Mas, para reinar esta maravilhosa harmonia, \u00e9 necess\u00e1rio acolher a salva\u00e7\u00e3o de Cristo, o seu Evangelho de amor, para que sejam eliminadas as desigualdades e discrimina\u00e7\u00f5es do mundo presente.<\/p>\n<p>Ningu\u00e9m deve ser exclu\u00eddo. O plano divino \u00e9 essencialmente inclusivo e coloca, no centro, os habitantes das periferias existenciais. Entre estes, h\u00e1 muitos migrantes e refugiados, deslocados e v\u00edtimas de tr\u00e1fico humano. A constru\u00e7\u00e3o do Reino de Deus \u00e9 feita\u00a0<i>com eles<\/i>, porque, sem eles, n\u00e3o seria o Reino que Deus quer. A inclus\u00e3o das pessoas mais vulner\u00e1veis \u00e9 condi\u00e7\u00e3o necess\u00e1ria para se obter nele plena cidadania. Com efeito, diz o Senhor: \u00abVinde, benditos de meu Pai! Recebei em heran\u00e7a o Reino que vos est\u00e1 preparado desde a cria\u00e7\u00e3o do mundo. Porque tive fome e destes-me de comer, tive sede e destes-me de beber, era peregrino e recolhestes-me, estava nu e destes-me que vestir, adoeci e visitastes-me, estive na pris\u00e3o e fostes ter comigo\u00bb (<i>Mt<\/i>\u00a025, 34-36).<\/p>\n<p><i>Construir o futuro com os migrantes e os refugiados<\/i>\u00a0significa tamb\u00e9m reconhecer e valorizar tudo aquilo que cada um deles pode oferecer ao processo de constru\u00e7\u00e3o. Apraz-me ver esta abordagem do fen\u00f3meno migrat\u00f3rio numa vis\u00e3o prof\u00e9tica de Isa\u00edas, onde os estrangeiros n\u00e3o aparecem como invasores e devastadores, mas como trabalhadores cheios de boa vontade que reconstroem as muralhas da nova Jerusal\u00e9m, a Jerusal\u00e9m aberta a todas as na\u00e7\u00f5es (cf.\u00a0<i>Is<\/i>\u00a060, 10-11).<\/p>\n<p>Na mesma profecia, a chegada dos estrangeiros \u00e9 apresentada como fonte de enriquecimento: \u00abpara ti afluir\u00e3o as riquezas do mar, e a ti vir\u00e3o os tesouros das na\u00e7\u00f5es\u00bb(60, 5). Efetivamente, a hist\u00f3ria ensina-nos que a contribui\u00e7\u00e3o dos migrantes e refugiados foi fundamental para o crescimento socioecon\u00f3mico das nossas sociedades; e continua a s\u00ea-lo hoje. O seu trabalho, capacidade de sacrif\u00edcio, juventude e entusiasmo enriquecem as comunidades que os acolhem. Mas esta contribui\u00e7\u00e3o poderia ser bastante maior se fosse valorizada e apoiada atrav\u00e9s de programas espec\u00edficos. Trata-se dum potencial enorme, pronto a expressar-se, se, para tal, lhe for dada a possibilidade.<\/p>\n<p>Os habitantes da nova Jerusal\u00e9m \u2013 profetiza ainda Isa\u00edas \u2013 mant\u00eam as portas da cidade sempre abertas de par em par, para que possam entrar os forasteiros com os seus dons: \u00abAs tuas portas estar\u00e3o sempre abertas, n\u00e3o se fechar\u00e3o nem de dia nem de noite, para te trazerem as riquezas das na\u00e7\u00f5es\u00bb (60,11). A presen\u00e7a dos migrantes e refugiados constitui um grande desafio, mas tamb\u00e9m uma oportunidade de crescimento cultural e espiritual para todos. Gra\u00e7as a eles, temos a possibilidade de conhecer melhor o mundo e a beleza da sua variedade. Podemos amadurecer em humanidade e, juntos, construir um \u00abn\u00f3s\u00bb maior. Na disponibilidade rec\u00edproca, geram-se espa\u00e7os de fecunda confronta\u00e7\u00e3o entre vis\u00f5es e tradi\u00e7\u00f5es diferentes, que abrem a mente para novas perspetivas. Descobrimos tamb\u00e9m a riqueza contida em religi\u00f5es e espiritualidades que desconhec\u00edamos, e isto incentiva-nos a aprofundar as nossas pr\u00f3prias convic\u00e7\u00f5es.<\/p>\n<p>Na Jerusal\u00e9m das na\u00e7\u00f5es, o templo do Senhor torna-se mais belo com os dons que chegam de terras estrangeiras: \u00abOs rebanhos de Quedar reunir-se-\u00e3o \u00e0 tua volta, e os carneiros de Nebaiot estar\u00e3o ao teu dispor; ser\u00e3o apresentados no meu altar, como v\u00edtimas agrad\u00e1veis, e glorificarei o templo com o esplendor da minha gl\u00f3ria\u00bb (60, 7). Nesta perspetiva, a chegada de migrantes e refugiados cat\u00f3licos d\u00e1 nova energia \u00e0 vida eclesial das comunidades que os acolhem, pois frequentemente s\u00e3o portadores de din\u00e2micas revigoradoras e animadores de celebra\u00e7\u00f5es cheias de entusiasmo. A partilha de express\u00f5es de f\u00e9 e devo\u00e7\u00f5es diversas constitui uma ocasi\u00e3o privilegiada para viver mais plenamente a catolicidade do povo de Deus.<\/p>\n<p>Queridos irm\u00e3os e irm\u00e3s, especialmente v\u00f3s, jovens! Se queremos colaborar com o nosso Pai celeste na constru\u00e7\u00e3o do futuro, fa\u00e7amo-lo juntamente com os nossos irm\u00e3os e irm\u00e3s migrantes e refugiados. Construamo-lo hoje, porque o futuro come\u00e7a hoje e a partir de cada um de n\u00f3s. N\u00e3o podemos deixar para as pr\u00f3ximas gera\u00e7\u00f5es a responsabilidade de decis\u00f5es que \u00e9 necess\u00e1rio tomar agora, para que o des\u00edgnio de Deus sobre o mundo se possa realizar e venha o seu Reino de justi\u00e7a, fraternidade e paz.<\/p>\n<p><b>Ora\u00e7\u00e3o<\/b><\/p>\n<p>Senhor, tornai-nos portadores de esperan\u00e7a,<br \/>\npara que, onde houver escurid\u00e3o, reine a vossa luz<br \/>\ne, onde houver resigna\u00e7\u00e3o, renas\u00e7a a confian\u00e7a no futuro.<\/p>\n<p>Senhor, tornai-nos instrumentos da vossa justi\u00e7a,<br \/>\npara que, onde houver exclus\u00e3o, flores\u00e7a a fraternidade<br \/>\ne, onde houver gan\u00e2ncia, prospere a partilha.<\/p>\n<p>Senhor, tornai-nos construtores do vosso Reino<br \/>\njuntamente com os migrantes e os refugiados<br \/>\ne com todos os habitantes das periferias.<\/p>\n<p>Senhor, fazei que aprendamos como \u00e9 belo<br \/>\nvivermos, todos, como irm\u00e3os e irm\u00e3s. Amen.<\/p>\n<p><i>Roma, S\u00e3o Jo\u00e3o de Latr\u00e3o, 9 de maio de 2022.<\/i><\/p>\n<p><strong>FRANCISCO\u00a0<\/strong><\/p>\n<hr align=\"left\" size=\"1\" width=\"33%\" \/>\n<p><a class=\"cleaner\" href=\"https:\/\/www.vatican.va\/content\/francesco\/pt\/messages\/migration\/documents\/20220509-world-migrants-day-2022.html#_ftnref1\" name=\"_ftn1\"><\/a>[1] S. Jo\u00e3o Paulo II,\u00a0<i>Discurso na visita \u00e0 Par\u00f3quia romana dos Santos Francisco de Assis e Catarina de Sena, Patronos da It\u00e1lia<\/i>, 26 de novembro de 1989.<\/p>\n<\/div>\n","protected":false},"excerpt":{"rendered":"<p>Dia Mundial do Migrante e do Refugiado 2022<\/p>\n","protected":false},"author":3,"featured_media":191837,"comment_status":"open","ping_status":"open","sticky":false,"template":"","format":"standard","meta":{"footnotes":""},"categories":[22],"tags":[350],"yoast_head":"<!-- This site is optimized with the Yoast SEO plugin v19.4 - https:\/\/yoast.com\/wordpress\/plugins\/seo\/ -->\n<title>Mensagem do Papa Francisco para o 108\u00ba Dia Mundial do Migrante e do Refugiado 2022 - Vida Crist\u00e3 - Franciscanos<\/title>\n<meta name=\"robots\" content=\"index, follow, max-snippet:-1, max-image-preview:large, max-video-preview:-1\" \/>\n<link rel=\"canonical\" href=\"https:\/\/franciscanos.org.br\/vidacrista\/mensagem-do-papa-francisco-para-o-108o-dia-mundial-do-migrante-e-do-refugiado-2022\/\" \/>\n<meta property=\"og:locale\" content=\"pt_BR\" \/>\n<meta property=\"og:type\" content=\"article\" \/>\n<meta property=\"og:title\" content=\"Mensagem do Papa Francisco para o 108\u00ba Dia Mundial do Migrante e do Refugiado 2022 - Vida Crist\u00e3 - Franciscanos\" \/>\n<meta property=\"og:description\" content=\"Dia Mundial do Migrante e do Refugiado 2022\" \/>\n<meta property=\"og:url\" content=\"https:\/\/franciscanos.org.br\/vidacrista\/mensagem-do-papa-francisco-para-o-108o-dia-mundial-do-migrante-e-do-refugiado-2022\/\" \/>\n<meta property=\"og:site_name\" content=\"Vida Crist\u00e3 - Franciscanos\" \/>\n<meta property=\"article:published_time\" content=\"2022-05-13T11:49:28+00:00\" \/>\n<meta property=\"og:image\" content=\"https:\/\/franciscanos.org.br\/vidacrista\/wp-content\/uploads\/2022\/05\/monumento_13.jpg\" \/>\n\t<meta property=\"og:image:width\" content=\"1280\" \/>\n\t<meta property=\"og:image:height\" content=\"720\" \/>\n\t<meta property=\"og:image:type\" content=\"image\/jpeg\" \/>\n<meta name=\"author\" content=\"moacir\" \/>\n<meta name=\"twitter:card\" content=\"summary_large_image\" \/>\n<meta name=\"twitter:label1\" content=\"Escrito por\" \/>\n\t<meta name=\"twitter:data1\" content=\"moacir\" \/>\n\t<meta name=\"twitter:label2\" content=\"Est. tempo de leitura\" \/>\n\t<meta name=\"twitter:data2\" content=\"6 minutos\" \/>\n<script type=\"application\/ld+json\" class=\"yoast-schema-graph\">{\"@context\":\"https:\/\/schema.org\",\"@graph\":[{\"@type\":\"WebSite\",\"@id\":\"https:\/\/franciscanos.org.br\/vidacrista\/#website\",\"url\":\"https:\/\/franciscanos.org.br\/vidacrista\/\",\"name\":\"Vida Crist\u00e3 - Franciscanos\",\"description\":\"Prov\u00edncia Franciscana da Imaculada Concei\u00e7\u00e3o do Brasil - Ordem dos Frades Menores\",\"potentialAction\":[{\"@type\":\"SearchAction\",\"target\":{\"@type\":\"EntryPoint\",\"urlTemplate\":\"https:\/\/franciscanos.org.br\/vidacrista\/?s={search_term_string}\"},\"query-input\":\"required name=search_term_string\"}],\"inLanguage\":\"pt-BR\"},{\"@type\":\"WebPage\",\"@id\":\"https:\/\/franciscanos.org.br\/vidacrista\/mensagem-do-papa-francisco-para-o-108o-dia-mundial-do-migrante-e-do-refugiado-2022\/\",\"url\":\"https:\/\/franciscanos.org.br\/vidacrista\/mensagem-do-papa-francisco-para-o-108o-dia-mundial-do-migrante-e-do-refugiado-2022\/\",\"name\":\"Mensagem do Papa Francisco para o 108\u00ba Dia Mundial do Migrante e do Refugiado 2022 - Vida Crist\u00e3 - Franciscanos\",\"isPartOf\":{\"@id\":\"https:\/\/franciscanos.org.br\/vidacrista\/#website\"},\"datePublished\":\"2022-05-13T11:49:28+00:00\",\"dateModified\":\"2022-05-13T11:49:28+00:00\",\"author\":{\"@id\":\"https:\/\/franciscanos.org.br\/vidacrista\/#\/schema\/person\/1880bdd2c350b735648725ef7614736a\"},\"breadcrumb\":{\"@id\":\"https:\/\/franciscanos.org.br\/vidacrista\/mensagem-do-papa-francisco-para-o-108o-dia-mundial-do-migrante-e-do-refugiado-2022\/#breadcrumb\"},\"inLanguage\":\"pt-BR\",\"potentialAction\":[{\"@type\":\"ReadAction\",\"target\":[\"https:\/\/franciscanos.org.br\/vidacrista\/mensagem-do-papa-francisco-para-o-108o-dia-mundial-do-migrante-e-do-refugiado-2022\/\"]}]},{\"@type\":\"BreadcrumbList\",\"@id\":\"https:\/\/franciscanos.org.br\/vidacrista\/mensagem-do-papa-francisco-para-o-108o-dia-mundial-do-migrante-e-do-refugiado-2022\/#breadcrumb\",\"itemListElement\":[{\"@type\":\"ListItem\",\"position\":1,\"name\":\"Home\",\"item\":\"https:\/\/franciscanos.org.br\/vidacrista\/\"},{\"@type\":\"ListItem\",\"position\":2,\"name\":\"Mensagem do Papa Francisco para o 108\u00ba Dia Mundial do Migrante e do Refugiado 2022\"}]},{\"@type\":\"Person\",\"@id\":\"https:\/\/franciscanos.org.br\/vidacrista\/#\/schema\/person\/1880bdd2c350b735648725ef7614736a\",\"name\":\"moacir\",\"image\":{\"@type\":\"ImageObject\",\"inLanguage\":\"pt-BR\",\"@id\":\"https:\/\/franciscanos.org.br\/vidacrista\/#\/schema\/person\/image\/\",\"url\":\"https:\/\/secure.gravatar.com\/avatar\/d08aa2ce4c8dd416d4479aa8536fcf64?s=96&d=mm&r=g\",\"contentUrl\":\"https:\/\/secure.gravatar.com\/avatar\/d08aa2ce4c8dd416d4479aa8536fcf64?s=96&d=mm&r=g\",\"caption\":\"moacir\"},\"url\":\"https:\/\/franciscanos.org.br\/vidacrista\/author\/moacir\/\"}]}<\/script>\n<!-- \/ Yoast SEO plugin. -->","yoast_head_json":{"title":"Mensagem do Papa Francisco para o 108\u00ba Dia Mundial do Migrante e do Refugiado 2022 - Vida Crist\u00e3 - Franciscanos","robots":{"index":"index","follow":"follow","max-snippet":"max-snippet:-1","max-image-preview":"max-image-preview:large","max-video-preview":"max-video-preview:-1"},"canonical":"https:\/\/franciscanos.org.br\/vidacrista\/mensagem-do-papa-francisco-para-o-108o-dia-mundial-do-migrante-e-do-refugiado-2022\/","og_locale":"pt_BR","og_type":"article","og_title":"Mensagem do Papa Francisco para o 108\u00ba Dia Mundial do Migrante e do Refugiado 2022 - Vida Crist\u00e3 - Franciscanos","og_description":"Dia Mundial do Migrante e do Refugiado 2022","og_url":"https:\/\/franciscanos.org.br\/vidacrista\/mensagem-do-papa-francisco-para-o-108o-dia-mundial-do-migrante-e-do-refugiado-2022\/","og_site_name":"Vida Crist\u00e3 - Franciscanos","article_published_time":"2022-05-13T11:49:28+00:00","og_image":[{"width":1280,"height":720,"url":"https:\/\/franciscanos.org.br\/vidacrista\/wp-content\/uploads\/2022\/05\/monumento_13.jpg","type":"image\/jpeg"}],"author":"moacir","twitter_card":"summary_large_image","twitter_misc":{"Escrito por":"moacir","Est. tempo de leitura":"6 minutos"},"schema":{"@context":"https:\/\/schema.org","@graph":[{"@type":"WebSite","@id":"https:\/\/franciscanos.org.br\/vidacrista\/#website","url":"https:\/\/franciscanos.org.br\/vidacrista\/","name":"Vida Crist\u00e3 - Franciscanos","description":"Prov\u00edncia Franciscana da Imaculada Concei\u00e7\u00e3o do Brasil - Ordem dos Frades Menores","potentialAction":[{"@type":"SearchAction","target":{"@type":"EntryPoint","urlTemplate":"https:\/\/franciscanos.org.br\/vidacrista\/?s={search_term_string}"},"query-input":"required name=search_term_string"}],"inLanguage":"pt-BR"},{"@type":"WebPage","@id":"https:\/\/franciscanos.org.br\/vidacrista\/mensagem-do-papa-francisco-para-o-108o-dia-mundial-do-migrante-e-do-refugiado-2022\/","url":"https:\/\/franciscanos.org.br\/vidacrista\/mensagem-do-papa-francisco-para-o-108o-dia-mundial-do-migrante-e-do-refugiado-2022\/","name":"Mensagem do Papa Francisco para o 108\u00ba Dia Mundial do Migrante e do Refugiado 2022 - Vida Crist\u00e3 - Franciscanos","isPartOf":{"@id":"https:\/\/franciscanos.org.br\/vidacrista\/#website"},"datePublished":"2022-05-13T11:49:28+00:00","dateModified":"2022-05-13T11:49:28+00:00","author":{"@id":"https:\/\/franciscanos.org.br\/vidacrista\/#\/schema\/person\/1880bdd2c350b735648725ef7614736a"},"breadcrumb":{"@id":"https:\/\/franciscanos.org.br\/vidacrista\/mensagem-do-papa-francisco-para-o-108o-dia-mundial-do-migrante-e-do-refugiado-2022\/#breadcrumb"},"inLanguage":"pt-BR","potentialAction":[{"@type":"ReadAction","target":["https:\/\/franciscanos.org.br\/vidacrista\/mensagem-do-papa-francisco-para-o-108o-dia-mundial-do-migrante-e-do-refugiado-2022\/"]}]},{"@type":"BreadcrumbList","@id":"https:\/\/franciscanos.org.br\/vidacrista\/mensagem-do-papa-francisco-para-o-108o-dia-mundial-do-migrante-e-do-refugiado-2022\/#breadcrumb","itemListElement":[{"@type":"ListItem","position":1,"name":"Home","item":"https:\/\/franciscanos.org.br\/vidacrista\/"},{"@type":"ListItem","position":2,"name":"Mensagem do Papa Francisco para o 108\u00ba Dia Mundial do Migrante e do Refugiado 2022"}]},{"@type":"Person","@id":"https:\/\/franciscanos.org.br\/vidacrista\/#\/schema\/person\/1880bdd2c350b735648725ef7614736a","name":"moacir","image":{"@type":"ImageObject","inLanguage":"pt-BR","@id":"https:\/\/franciscanos.org.br\/vidacrista\/#\/schema\/person\/image\/","url":"https:\/\/secure.gravatar.com\/avatar\/d08aa2ce4c8dd416d4479aa8536fcf64?s=96&d=mm&r=g","contentUrl":"https:\/\/secure.gravatar.com\/avatar\/d08aa2ce4c8dd416d4479aa8536fcf64?s=96&d=mm&r=g","caption":"moacir"},"url":"https:\/\/franciscanos.org.br\/vidacrista\/author\/moacir\/"}]}},"_links":{"self":[{"href":"https:\/\/franciscanos.org.br\/vidacrista\/wp-json\/wp\/v2\/posts\/191836"}],"collection":[{"href":"https:\/\/franciscanos.org.br\/vidacrista\/wp-json\/wp\/v2\/posts"}],"about":[{"href":"https:\/\/franciscanos.org.br\/vidacrista\/wp-json\/wp\/v2\/types\/post"}],"author":[{"embeddable":true,"href":"https:\/\/franciscanos.org.br\/vidacrista\/wp-json\/wp\/v2\/users\/3"}],"replies":[{"embeddable":true,"href":"https:\/\/franciscanos.org.br\/vidacrista\/wp-json\/wp\/v2\/comments?post=191836"}],"version-history":[{"count":1,"href":"https:\/\/franciscanos.org.br\/vidacrista\/wp-json\/wp\/v2\/posts\/191836\/revisions"}],"predecessor-version":[{"id":191838,"href":"https:\/\/franciscanos.org.br\/vidacrista\/wp-json\/wp\/v2\/posts\/191836\/revisions\/191838"}],"wp:featuredmedia":[{"embeddable":true,"href":"https:\/\/franciscanos.org.br\/vidacrista\/wp-json\/wp\/v2\/media\/191837"}],"wp:attachment":[{"href":"https:\/\/franciscanos.org.br\/vidacrista\/wp-json\/wp\/v2\/media?parent=191836"}],"wp:term":[{"taxonomy":"category","embeddable":true,"href":"https:\/\/franciscanos.org.br\/vidacrista\/wp-json\/wp\/v2\/categories?post=191836"},{"taxonomy":"post_tag","embeddable":true,"href":"https:\/\/franciscanos.org.br\/vidacrista\/wp-json\/wp\/v2\/tags?post=191836"}],"curies":[{"name":"wp","href":"https:\/\/api.w.org\/{rel}","templated":true}]}}