{"id":191831,"date":"2022-05-13T05:31:24","date_gmt":"2022-05-13T08:31:24","guid":{"rendered":"https:\/\/franciscanos.org.br\/vidacrista\/?p=191831"},"modified":"2022-05-13T06:23:24","modified_gmt":"2022-05-13T09:23:24","slug":"a-virgem-de-fatima-no-ceu-e-jesus-na-terra-do-caminho-da-verdade-e-da-vida-jo-141-6","status":"publish","type":"post","link":"https:\/\/franciscanos.org.br\/vidacrista\/a-virgem-de-fatima-no-ceu-e-jesus-na-terra-do-caminho-da-verdade-e-da-vida-jo-141-6\/","title":{"rendered":"A Virgem de F\u00e1tima no c\u00e9u e Jesus na terra do caminho da verdade e da vida (Jo 14,1-6)"},"content":{"rendered":"<div id=\"attachment_191832\" style=\"width: 850px\" class=\"wp-caption alignnone\"><img aria-describedby=\"caption-attachment-191832\" decoding=\"async\" loading=\"lazy\" class=\"wp-image-191832 size-full\" src=\"https:\/\/franciscanos.org.br\/vidacrista\/wp-content\/uploads\/2022\/05\/fatima_1305.jpg\" alt=\"\" width=\"840\" height=\"450\" srcset=\"https:\/\/franciscanos.org.br\/vidacrista\/wp-content\/uploads\/2022\/05\/fatima_1305.jpg 840w, https:\/\/franciscanos.org.br\/vidacrista\/wp-content\/uploads\/2022\/05\/fatima_1305-450x241.jpg 450w, https:\/\/franciscanos.org.br\/vidacrista\/wp-content\/uploads\/2022\/05\/fatima_1305-768x411.jpg 768w, https:\/\/franciscanos.org.br\/vidacrista\/wp-content\/uploads\/2022\/05\/fatima_1305-150x80.jpg 150w\" sizes=\"(max-width: 840px) 100vw, 840px\" \/><p id=\"caption-attachment-191832\" class=\"wp-caption-text\"><em>\u00a0 \u00a0 \u00a0 \u00a0 \u00a0 \u00a0 \u00a0 \u00a0 \u00a0 \u00a0 \u00a0 \u00a0 \u00a0 \u00a0 \u00a0 \u00a0 \u00a0 \u00a0 \u00a0 \u00a0 \u00a0 \u00a0 \u00a0 \u00a0 \u00a0 \u00a0 \u00a0 \u00a0 \u00a0 \u00a0 \u00a0 \u00a0 \u00a0 \u00a0 \u00a0 \u00a0 \u00a0 \u00a0 \u00a0 \u00a0 \u00a0 \u00a0 \u00a0 \u00a0 \u00a0 \u00a0 \u00a0 \u00a0 \u00a0 \u00a0 \u00a0 \u00a0 \u00a0 \u00a0 \u00a0 \u00a0 \u00a0 \u00a0 \u00a0 \u00a0 \u00a0 \u00a0 \u00a0 \u00a0 \u00a0 \u00a0Imagem: Santu\u00e1rio de F\u00e1tima<\/em><\/p><\/div>\n<p><strong>\u00a0<\/strong><em>Frei Jacir de Freitas Faria<\/em> <a href=\"#_ftn1\" name=\"_ftnref1\">[1]<\/a><\/p>\n<p>O texto que inspira a nossa reflex\u00e3o \u00e9 Jo 14,1-6. A Igreja celebra, no dia treze de maio, a devo\u00e7\u00e3o a Nossa Senhora de F\u00e1tima. Quem n\u00e3o conhece o canto: \u201cA treze de maio na cova de Iria no c\u00e9u aparece a Virgem Maria. Ave, Ave Maria!\u201d. Era o ano de 1917, num local chamado Cova de Iria, em Portugal, pa\u00eds que estava em crise econ\u00f4mica, pol\u00edtica e religiosa. A revolu\u00e7\u00e3o russa ganhava seu curso. A Primeira Guerra Mundial caminhava para o fim. Tr\u00eas crian\u00e7as pobres dos arredores de F\u00e1tima diziam ter visto Nossa Senhora e que dela haviam recebido mensagens que foram conservadas como segredos, os quais foram revelados d\u00e9cadas mais tarde e tratavam de uma convoca\u00e7\u00e3o \u00e0 devo\u00e7\u00e3o ao Sagrado Cora\u00e7\u00e3o de Maria, \u00e0 retomada da vis\u00e3o medieval do pavoroso inferno e da convers\u00e3o da R\u00fassia. Todos esses segredos est\u00e3o relacionados a um catolicismo devocional, conservador e medieval. A Virgem Maria aparece como um raio de luz vindo do c\u00e9u e pede para rezar o ter\u00e7o. As apari\u00e7\u00f5es se sucederam at\u00e9 treze de outubro de 1917. A Igreja sempre tratou com cautela essas apari\u00e7\u00f5es, questionando o seu objetivo e veracidade.<\/p>\n<p><iframe loading=\"lazy\" title=\"YouTube video player\" src=\"https:\/\/www.youtube.com\/embed\/PLRZm_IDY8U\" width=\"100%\" height=\"500\" frameborder=\"0\" allowfullscreen=\"allowfullscreen\"><span data-mce-type=\"bookmark\" style=\"display: inline-block; width: 0px; overflow: hidden; line-height: 0;\" class=\"mce_SELRES_start\">\ufeff<\/span><\/iframe><\/p>\n<p>Para al\u00e9m do sentido de f\u00e9 dessa apari\u00e7\u00e3o, gostaria de relacionar o caminho apresentado em F\u00e1tima com o do evangelho de Jo 14,1-6, texto no qual Jesus diz ser o caminho, a verdade e a vida para alcan\u00e7ar a morada eterna. Maria aparece da morada do c\u00e9u. Crian\u00e7as olham atentas para o raio de luz que se parece com a Virgem Maria. Elas se perguntam de onde ela vem? Tom\u00e9 pergunta: para Jesus para onde voc\u00ea vai? E acrescenta: mostra-nos o caminho? Qual o significado desses acontecimentos? Que \u00e9 isso morada no c\u00e9u?<\/p>\n<p>Todo o evangelho de Jo\u00e3o tem que ser lido e compreendido a partir de seu contexto, o dos anos 90 a 100 depois de Cristo ou da Era Comum. A sinagoga j\u00e1 havia rompido com o cristianismo. Roma j\u00e1 havia destru\u00eddo Jerusal\u00e9m e o seu famoso Templo de origem salom\u00f4nica. Tinha muita influ\u00eancia entre judeus e crist\u00e3os o modo de pensar dos gn\u00f3sticos, o qual consistia em afirmar que o caminho de salva\u00e7\u00e3o para o ser humano \u00e9 descobrir a centelha da luz que ele traz em si, desde o momento em que saiu da Plenitude e veio morar em um corpo na regi\u00e3o terrestre. Conhecer a luz significa fazer o processo de desencarnar e voltar para a Luz plena, a Plenitude.<\/p>\n<p>Nesse contexto, o autor do evangelho de Jo\u00e3o apresenta Jesus como a porta que abre o caminho para a salva\u00e7\u00e3o. Como isso acontece? Quando a comunidade joanina vive a plenitude do amor fraterno e da fidelidade, na partilha de vida e dos bens. S\u00f3 depois disso \u00e9 que ela teria autoridade para entrar em di\u00e1logo com os rejeitados samaritanos, o grupo dos seguidores de Jo\u00e3o Batista que viviam em \u00c9feso, os gregos e os fariseus bem-intencionados, como Nicodemos. Todos eles eram muito bem-vindos ao Caminho que \u00e9 Jesus ressuscitado.<\/p>\n<p>Essa ideia de caminho tem sua origem na tradi\u00e7\u00e3o sapiencial judaica associada ao seguimento da Tor\u00e1, a Lei. O Sl 1 prop\u00f5e a ant\u00edtese entre os caminhos contr\u00e1rios do justo e do malvado \u00edmpio. O primeiro recebe o pr\u00eamio da vida em Deus, o segundo, a puni\u00e7\u00e3o. O Jesus hist\u00f3rico n\u00e3o foge desse modo de pensar e convoca os seus disc\u00edpulos a ser fi\u00e9is ao seu projeto, quando afirmam: \u201cTendes f\u00e9 em Deus, tende f\u00e9 em mim tamb\u00e9m. Na casa de meu Pai h\u00e1 muitas moradas.\u201d A morada sobre qual Jesus fala \u00e9 Ele mesmo e sua rela\u00e7\u00e3o \u00edntima com o Pai. Morada tem a mesma origem de namorar, que \u00e9 entrar na morada do outro para a\u00ed se estabelecer. Estar com Jesus ressuscitado no cora\u00e7\u00e3o significa estar com Deus. Jesus e o Pai s\u00e3o um. Muitos seguidores de Jesus, muitas moradas no c\u00e9u, a casa do Pai.<\/p>\n<p>As muitas moradas junto de Deus s\u00e3o fruto da vida em comunidade de amor aqui na terra, mas que vai ser plena em Deus que \u00e9 Vida e Verdade. Construir morada na terra e no c\u00e9u \u00e9 dizer n\u00e3o \u00e0 verdade dos dogmatismos, das palavras definitivas sem abertura ao novo. N\u00e3o ao caminho das autoajudas sem compromisso com o outro, das mentiras, as Fake News, nesse mundo virtual fren\u00e9tico. N\u00e3o ao caminho da sinagoga de outrora, \u00e0 destrui\u00e7\u00e3o russa das moradas dos ucranianos indefesos. N\u00e3o aos governos fascistas! N\u00e3o \u00e0 devo\u00e7\u00e3o sem compromisso social.<\/p>\n<p>A Maria do 13 de maio \u00e9 a mesma que abriu as portas para o caminho de revela\u00e7\u00e3o de Jesus nas bodas de Can\u00e1 (Jo 2,1-11). Ela e Ele s\u00e3o raios de luzes que nos conduzem \u00e0 Vida que \u00e9 Deus. Deixemos de olhar para o c\u00e9u como crian\u00e7as ing\u00eanuas na f\u00e9 ou como os Tom\u00e9s incr\u00e9dulos que veem o caminho, mas diz n\u00e3o conhec\u00ea-lo. Tomemos o caminho do adulto ap\u00f3stolo e ap\u00f3stola do amor fraterno vivido em comunidade, espelho de uma morada eterna no c\u00e9u, onde n\u00f3s todos almejamos um dia chegar. O c\u00e9u come\u00e7a aqui. M\u00e3os \u00e0 obra, f\u00e9 e compromisso. O caminho de transforma\u00e7\u00e3o, de mudan\u00e7a \u00e9 aqui. E ele passa pela pol\u00edtica, pelo seu voto, pela economia, pela religi\u00e3o que liberta. S\u00f3 depois disso \u00e9 que podemos vislumbrar uma morada no c\u00e9u. Que Maria nos ajude com seu brilho de sua luz na terra do Jesus do caminho verdade e da vida.<\/p>\n<hr \/>\n<p><a href=\"#_ftnref1\" name=\"_ftn1\">[1]<\/a>Doutor em Teologia B\u00edblica pela FAJE (BH). Mestre em Ci\u00eancias B\u00edblicas (Exegese) pelo Pontif\u00edcio Instituto B\u00edblico de Roma. Professor de Exegese B\u00edblica. \u00c9 membro da Associa\u00e7\u00e3o Brasileira de Pesquisa B\u00edblica (ABIB). Sacerdote Franciscano. Autor de dez livros e coautor de quinze. Youtube: Frei Jacir B\u00edblia e Apocrifos. <a href=\"https:\/\/www.youtube.com\/channel\/UCwbSE97jnR6jQwHRigX1KlQ\">https:\/\/www.youtube.com\/channel\/UCwbSE97jnR6jQwHRigX1KlQ<\/a><\/p>\n","protected":false},"excerpt":{"rendered":"<p>Artigo de Frei Jacir de Freitas Faria<\/p>\n","protected":false},"author":3,"featured_media":191832,"comment_status":"open","ping_status":"open","sticky":false,"template":"","format":"standard","meta":{"footnotes":""},"categories":[26],"tags":[43],"yoast_head":"<!-- This site is optimized with the Yoast SEO plugin v19.4 - https:\/\/yoast.com\/wordpress\/plugins\/seo\/ -->\n<title>A Virgem de F\u00e1tima no c\u00e9u e Jesus na terra do caminho da verdade e da vida (Jo 14,1-6) - Vida Crist\u00e3 - Franciscanos<\/title>\n<meta name=\"robots\" content=\"index, follow, max-snippet:-1, max-image-preview:large, max-video-preview:-1\" \/>\n<link rel=\"canonical\" href=\"https:\/\/franciscanos.org.br\/vidacrista\/a-virgem-de-fatima-no-ceu-e-jesus-na-terra-do-caminho-da-verdade-e-da-vida-jo-141-6\/\" \/>\n<meta property=\"og:locale\" content=\"pt_BR\" \/>\n<meta property=\"og:type\" content=\"article\" \/>\n<meta property=\"og:title\" content=\"A Virgem de F\u00e1tima no c\u00e9u e Jesus na terra do caminho da verdade e da vida (Jo 14,1-6) - Vida Crist\u00e3 - Franciscanos\" \/>\n<meta property=\"og:description\" content=\"Artigo de Frei Jacir de Freitas Faria\" \/>\n<meta property=\"og:url\" content=\"https:\/\/franciscanos.org.br\/vidacrista\/a-virgem-de-fatima-no-ceu-e-jesus-na-terra-do-caminho-da-verdade-e-da-vida-jo-141-6\/\" \/>\n<meta property=\"og:site_name\" content=\"Vida Crist\u00e3 - Franciscanos\" \/>\n<meta property=\"article:published_time\" content=\"2022-05-13T08:31:24+00:00\" \/>\n<meta property=\"article:modified_time\" content=\"2022-05-13T09:23:24+00:00\" \/>\n<meta property=\"og:image\" content=\"https:\/\/franciscanos.org.br\/vidacrista\/wp-content\/uploads\/2022\/05\/fatima_1305.jpg\" \/>\n\t<meta property=\"og:image:width\" content=\"840\" \/>\n\t<meta property=\"og:image:height\" content=\"450\" \/>\n\t<meta property=\"og:image:type\" content=\"image\/jpeg\" \/>\n<meta name=\"author\" content=\"moacir\" \/>\n<meta name=\"twitter:card\" content=\"summary_large_image\" \/>\n<meta name=\"twitter:label1\" content=\"Escrito por\" \/>\n\t<meta name=\"twitter:data1\" content=\"moacir\" \/>\n\t<meta name=\"twitter:label2\" content=\"Est. tempo de leitura\" \/>\n\t<meta name=\"twitter:data2\" content=\"5 minutos\" \/>\n<script type=\"application\/ld+json\" class=\"yoast-schema-graph\">{\"@context\":\"https:\/\/schema.org\",\"@graph\":[{\"@type\":\"WebSite\",\"@id\":\"https:\/\/franciscanos.org.br\/vidacrista\/#website\",\"url\":\"https:\/\/franciscanos.org.br\/vidacrista\/\",\"name\":\"Vida Crist\u00e3 - Franciscanos\",\"description\":\"Prov\u00edncia Franciscana da Imaculada Concei\u00e7\u00e3o do Brasil - Ordem dos Frades Menores\",\"potentialAction\":[{\"@type\":\"SearchAction\",\"target\":{\"@type\":\"EntryPoint\",\"urlTemplate\":\"https:\/\/franciscanos.org.br\/vidacrista\/?s={search_term_string}\"},\"query-input\":\"required name=search_term_string\"}],\"inLanguage\":\"pt-BR\"},{\"@type\":\"WebPage\",\"@id\":\"https:\/\/franciscanos.org.br\/vidacrista\/a-virgem-de-fatima-no-ceu-e-jesus-na-terra-do-caminho-da-verdade-e-da-vida-jo-141-6\/\",\"url\":\"https:\/\/franciscanos.org.br\/vidacrista\/a-virgem-de-fatima-no-ceu-e-jesus-na-terra-do-caminho-da-verdade-e-da-vida-jo-141-6\/\",\"name\":\"A Virgem de F\u00e1tima no c\u00e9u e Jesus na terra do caminho da verdade e da vida (Jo 14,1-6) - Vida Crist\u00e3 - Franciscanos\",\"isPartOf\":{\"@id\":\"https:\/\/franciscanos.org.br\/vidacrista\/#website\"},\"datePublished\":\"2022-05-13T08:31:24+00:00\",\"dateModified\":\"2022-05-13T09:23:24+00:00\",\"author\":{\"@id\":\"https:\/\/franciscanos.org.br\/vidacrista\/#\/schema\/person\/1880bdd2c350b735648725ef7614736a\"},\"breadcrumb\":{\"@id\":\"https:\/\/franciscanos.org.br\/vidacrista\/a-virgem-de-fatima-no-ceu-e-jesus-na-terra-do-caminho-da-verdade-e-da-vida-jo-141-6\/#breadcrumb\"},\"inLanguage\":\"pt-BR\",\"potentialAction\":[{\"@type\":\"ReadAction\",\"target\":[\"https:\/\/franciscanos.org.br\/vidacrista\/a-virgem-de-fatima-no-ceu-e-jesus-na-terra-do-caminho-da-verdade-e-da-vida-jo-141-6\/\"]}]},{\"@type\":\"BreadcrumbList\",\"@id\":\"https:\/\/franciscanos.org.br\/vidacrista\/a-virgem-de-fatima-no-ceu-e-jesus-na-terra-do-caminho-da-verdade-e-da-vida-jo-141-6\/#breadcrumb\",\"itemListElement\":[{\"@type\":\"ListItem\",\"position\":1,\"name\":\"Home\",\"item\":\"https:\/\/franciscanos.org.br\/vidacrista\/\"},{\"@type\":\"ListItem\",\"position\":2,\"name\":\"A Virgem de F\u00e1tima no c\u00e9u e Jesus na terra do caminho da verdade e da vida (Jo 14,1-6)\"}]},{\"@type\":\"Person\",\"@id\":\"https:\/\/franciscanos.org.br\/vidacrista\/#\/schema\/person\/1880bdd2c350b735648725ef7614736a\",\"name\":\"moacir\",\"image\":{\"@type\":\"ImageObject\",\"inLanguage\":\"pt-BR\",\"@id\":\"https:\/\/franciscanos.org.br\/vidacrista\/#\/schema\/person\/image\/\",\"url\":\"https:\/\/secure.gravatar.com\/avatar\/d08aa2ce4c8dd416d4479aa8536fcf64?s=96&d=mm&r=g\",\"contentUrl\":\"https:\/\/secure.gravatar.com\/avatar\/d08aa2ce4c8dd416d4479aa8536fcf64?s=96&d=mm&r=g\",\"caption\":\"moacir\"},\"url\":\"https:\/\/franciscanos.org.br\/vidacrista\/author\/moacir\/\"}]}<\/script>\n<!-- \/ Yoast SEO plugin. -->","yoast_head_json":{"title":"A Virgem de F\u00e1tima no c\u00e9u e Jesus na terra do caminho da verdade e da vida (Jo 14,1-6) - Vida Crist\u00e3 - Franciscanos","robots":{"index":"index","follow":"follow","max-snippet":"max-snippet:-1","max-image-preview":"max-image-preview:large","max-video-preview":"max-video-preview:-1"},"canonical":"https:\/\/franciscanos.org.br\/vidacrista\/a-virgem-de-fatima-no-ceu-e-jesus-na-terra-do-caminho-da-verdade-e-da-vida-jo-141-6\/","og_locale":"pt_BR","og_type":"article","og_title":"A Virgem de F\u00e1tima no c\u00e9u e Jesus na terra do caminho da verdade e da vida (Jo 14,1-6) - Vida Crist\u00e3 - Franciscanos","og_description":"Artigo de Frei Jacir de Freitas Faria","og_url":"https:\/\/franciscanos.org.br\/vidacrista\/a-virgem-de-fatima-no-ceu-e-jesus-na-terra-do-caminho-da-verdade-e-da-vida-jo-141-6\/","og_site_name":"Vida Crist\u00e3 - Franciscanos","article_published_time":"2022-05-13T08:31:24+00:00","article_modified_time":"2022-05-13T09:23:24+00:00","og_image":[{"width":840,"height":450,"url":"https:\/\/franciscanos.org.br\/vidacrista\/wp-content\/uploads\/2022\/05\/fatima_1305.jpg","type":"image\/jpeg"}],"author":"moacir","twitter_card":"summary_large_image","twitter_misc":{"Escrito por":"moacir","Est. tempo de leitura":"5 minutos"},"schema":{"@context":"https:\/\/schema.org","@graph":[{"@type":"WebSite","@id":"https:\/\/franciscanos.org.br\/vidacrista\/#website","url":"https:\/\/franciscanos.org.br\/vidacrista\/","name":"Vida Crist\u00e3 - Franciscanos","description":"Prov\u00edncia Franciscana da Imaculada Concei\u00e7\u00e3o do Brasil - Ordem dos Frades Menores","potentialAction":[{"@type":"SearchAction","target":{"@type":"EntryPoint","urlTemplate":"https:\/\/franciscanos.org.br\/vidacrista\/?s={search_term_string}"},"query-input":"required name=search_term_string"}],"inLanguage":"pt-BR"},{"@type":"WebPage","@id":"https:\/\/franciscanos.org.br\/vidacrista\/a-virgem-de-fatima-no-ceu-e-jesus-na-terra-do-caminho-da-verdade-e-da-vida-jo-141-6\/","url":"https:\/\/franciscanos.org.br\/vidacrista\/a-virgem-de-fatima-no-ceu-e-jesus-na-terra-do-caminho-da-verdade-e-da-vida-jo-141-6\/","name":"A Virgem de F\u00e1tima no c\u00e9u e Jesus na terra do caminho da verdade e da vida (Jo 14,1-6) - Vida Crist\u00e3 - Franciscanos","isPartOf":{"@id":"https:\/\/franciscanos.org.br\/vidacrista\/#website"},"datePublished":"2022-05-13T08:31:24+00:00","dateModified":"2022-05-13T09:23:24+00:00","author":{"@id":"https:\/\/franciscanos.org.br\/vidacrista\/#\/schema\/person\/1880bdd2c350b735648725ef7614736a"},"breadcrumb":{"@id":"https:\/\/franciscanos.org.br\/vidacrista\/a-virgem-de-fatima-no-ceu-e-jesus-na-terra-do-caminho-da-verdade-e-da-vida-jo-141-6\/#breadcrumb"},"inLanguage":"pt-BR","potentialAction":[{"@type":"ReadAction","target":["https:\/\/franciscanos.org.br\/vidacrista\/a-virgem-de-fatima-no-ceu-e-jesus-na-terra-do-caminho-da-verdade-e-da-vida-jo-141-6\/"]}]},{"@type":"BreadcrumbList","@id":"https:\/\/franciscanos.org.br\/vidacrista\/a-virgem-de-fatima-no-ceu-e-jesus-na-terra-do-caminho-da-verdade-e-da-vida-jo-141-6\/#breadcrumb","itemListElement":[{"@type":"ListItem","position":1,"name":"Home","item":"https:\/\/franciscanos.org.br\/vidacrista\/"},{"@type":"ListItem","position":2,"name":"A Virgem de F\u00e1tima no c\u00e9u e Jesus na terra do caminho da verdade e da vida (Jo 14,1-6)"}]},{"@type":"Person","@id":"https:\/\/franciscanos.org.br\/vidacrista\/#\/schema\/person\/1880bdd2c350b735648725ef7614736a","name":"moacir","image":{"@type":"ImageObject","inLanguage":"pt-BR","@id":"https:\/\/franciscanos.org.br\/vidacrista\/#\/schema\/person\/image\/","url":"https:\/\/secure.gravatar.com\/avatar\/d08aa2ce4c8dd416d4479aa8536fcf64?s=96&d=mm&r=g","contentUrl":"https:\/\/secure.gravatar.com\/avatar\/d08aa2ce4c8dd416d4479aa8536fcf64?s=96&d=mm&r=g","caption":"moacir"},"url":"https:\/\/franciscanos.org.br\/vidacrista\/author\/moacir\/"}]}},"_links":{"self":[{"href":"https:\/\/franciscanos.org.br\/vidacrista\/wp-json\/wp\/v2\/posts\/191831"}],"collection":[{"href":"https:\/\/franciscanos.org.br\/vidacrista\/wp-json\/wp\/v2\/posts"}],"about":[{"href":"https:\/\/franciscanos.org.br\/vidacrista\/wp-json\/wp\/v2\/types\/post"}],"author":[{"embeddable":true,"href":"https:\/\/franciscanos.org.br\/vidacrista\/wp-json\/wp\/v2\/users\/3"}],"replies":[{"embeddable":true,"href":"https:\/\/franciscanos.org.br\/vidacrista\/wp-json\/wp\/v2\/comments?post=191831"}],"version-history":[{"count":3,"href":"https:\/\/franciscanos.org.br\/vidacrista\/wp-json\/wp\/v2\/posts\/191831\/revisions"}],"predecessor-version":[{"id":191835,"href":"https:\/\/franciscanos.org.br\/vidacrista\/wp-json\/wp\/v2\/posts\/191831\/revisions\/191835"}],"wp:featuredmedia":[{"embeddable":true,"href":"https:\/\/franciscanos.org.br\/vidacrista\/wp-json\/wp\/v2\/media\/191832"}],"wp:attachment":[{"href":"https:\/\/franciscanos.org.br\/vidacrista\/wp-json\/wp\/v2\/media?parent=191831"}],"wp:term":[{"taxonomy":"category","embeddable":true,"href":"https:\/\/franciscanos.org.br\/vidacrista\/wp-json\/wp\/v2\/categories?post=191831"},{"taxonomy":"post_tag","embeddable":true,"href":"https:\/\/franciscanos.org.br\/vidacrista\/wp-json\/wp\/v2\/tags?post=191831"}],"curies":[{"name":"wp","href":"https:\/\/api.w.org\/{rel}","templated":true}]}}