{"id":191808,"date":"2022-05-06T18:47:22","date_gmt":"2022-05-06T21:47:22","guid":{"rendered":"https:\/\/franciscanos.org.br\/vidacrista\/?p=191808"},"modified":"2022-05-06T18:47:57","modified_gmt":"2022-05-06T21:47:57","slug":"o-ser-mae","status":"publish","type":"post","link":"https:\/\/franciscanos.org.br\/vidacrista\/o-ser-mae\/","title":{"rendered":"O ser M\u00e3e!"},"content":{"rendered":"<div id=\"attachment_191809\" style=\"width: 850px\" class=\"wp-caption alignnone\"><img aria-describedby=\"caption-attachment-191809\" decoding=\"async\" loading=\"lazy\" class=\"wp-image-191809 size-full\" src=\"https:\/\/franciscanos.org.br\/vidacrista\/wp-content\/uploads\/2022\/05\/mae_deus.jpg\" alt=\"\" width=\"840\" height=\"450\" srcset=\"https:\/\/franciscanos.org.br\/vidacrista\/wp-content\/uploads\/2022\/05\/mae_deus.jpg 840w, https:\/\/franciscanos.org.br\/vidacrista\/wp-content\/uploads\/2022\/05\/mae_deus-450x241.jpg 450w, https:\/\/franciscanos.org.br\/vidacrista\/wp-content\/uploads\/2022\/05\/mae_deus-768x411.jpg 768w, https:\/\/franciscanos.org.br\/vidacrista\/wp-content\/uploads\/2022\/05\/mae_deus-150x80.jpg 150w\" sizes=\"(max-width: 840px) 100vw, 840px\" \/><p id=\"caption-attachment-191809\" class=\"wp-caption-text\"><em>\u00a0 \u00a0 \u00a0 \u00a0 \u00a0 \u00a0 \u00a0 \u00a0 \u00a0 \u00a0 \u00a0 \u00a0 \u00a0 \u00a0 \u00a0 \u00a0 \u00a0 \u00a0 \u00a0 \u00a0 \u00a0 \u00a0 \u00a0 \u00a0 \u00a0 \u00a0 \u00a0 \u00a0 \u00a0 \u00a0 \u00a0 \u00a0 \u00a0 \u00a0 \u00a0 \u00a0 Imagem: M\u00e3e de Deus de Kazan (Wikip\u00e9dia, dom\u00ednio p\u00fablico)<\/em><\/p><\/div>\n<p><em>Frei Jacir de Freitas Faria<\/em> <a href=\"#_ftn1\" name=\"_ftnref1\">[1]<\/a><\/p>\n<p>Ser m\u00e3e envolve muitos sentimentos. A m\u00e3e est\u00e1 no filho que chora, ri, briga, apanha, vence, sonha, perde, frustra&#8230; A m\u00e3e est\u00e1 em todos as fases de sua vida. Ser m\u00e3e \u00e9 viver a vida em etapas, nas etapas da vida do filho. Ser m\u00e3e \u00e9 ser carinho, mas \u00e9 tamb\u00e9m frustra\u00e7\u00e3o. Um dia de m\u00e3e \u00e9 como uma vida, nele todos estes sentimentos s\u00e3o vividos. Ser m\u00e3e \u00e9 quando o filho lhe diz: m\u00e3e voc\u00ea \u00e9 uma chata! Mas, no fim do dia, ele lhe entrega um bilhete dizendo: \u201cM\u00e3e eu te amo\u201d.<a href=\"#_ftn2\" name=\"_ftnref2\">[2]<\/a><\/p>\n<p>Filho e m\u00e3e se encontram na vida. Por isso, quando j\u00e1 crescidos e o sofrimento bate em nossas portas, gritamos como a crian\u00e7a insegura: \u201cEu quero a minha m\u00e3e!\u201d M\u00e3e \u00e9 algo que nunca se esquece. S\u00f3 quem j\u00e1 entregou para Deus a sua m\u00e3e, sabe o quanto d\u00f3i a aus\u00eancia daquela que lhe deu a vida e ensinou a caminhar.<\/p>\n<p><iframe loading=\"lazy\" title=\"YouTube video player\" src=\"https:\/\/www.youtube.com\/embed\/D_iriW_EuQ0\" width=\"100%\" height=\"500\" frameborder=\"0\" allowfullscreen=\"allowfullscreen\"><span data-mce-type=\"bookmark\" style=\"display: inline-block; width: 0px; overflow: hidden; line-height: 0;\" class=\"mce_SELRES_start\">\ufeff<\/span><\/iframe><\/p>\n<p>Ser m\u00e3e \u00e9 n\u00e3o ter armas para atirar contra o filho, pois o amor a desarma sempre. M\u00e3e \u00e9 aquela que imp\u00f5e limites ao filho, pois a sua experi\u00eancia lhe ensinou que o mundo tem limites. O filho tem que aprender a li\u00e7\u00e3o cedo, pois sen\u00e3o o mundo o devorar\u00e1 violentamente. E quantas m\u00e3es sofrem por saber que droga do mundo o tragou.<\/p>\n<p>Ser m\u00e3e n\u00e3o \u00e9 padecer no para\u00edso, mas \u00e9 amar e aceitar os limites da vida. \u00c9 viver no para\u00edso da vida \u00e0 espera do encontro definitivo com Deus-M\u00e3e e a m\u00e3e de todas as m\u00e3es, Maria, a M\u00e3e de Deus e Nossa.<\/p>\n<p>Ser m\u00e3e de um filho adotivo ou de um gerado no seu pr\u00f3prio seio \u00e9 a mesma coisa. O instinto maternal est\u00e1 na mulher. No entanto, a m\u00e3e vi\u00fava de marido vivo sofre duas vezes para realizar a sua miss\u00e3o. Ser \u00e9 a coisa mais maravilhosa do mundo!, dizia-me uma m\u00e3e: \u201cUma mulher, mesmo que n\u00e3o cassasse, m\u00e3e ela deveria ser. \u00c9 uma experi\u00eancia que n\u00e3o tem explica\u00e7\u00e3o!\u201d<\/p>\n<p>Ser m\u00e3e \u00e9 sin\u00f4nimo de noites maldormidas, quando o filho chega. \u00c9 dias e noites inteiras na preocupa\u00e7\u00e3o com o filho adolescente. Ser m\u00e3e \u00e9 ensinar, educar amando e impondo limites. Ser m\u00e3e \u00e9 errar na lida com os filhos. \u00c9 reconhecer o seu limite como educadora. Ser m\u00e3e \u00e9 ver filho na droga e na prostitui\u00e7\u00e3o, sem nada poder fazer. O filho decidiu por isso. O que fazer? Nada e tudo!<\/p>\n<p>Ser m\u00e3e \u00e9 ter que trabalhar fora para sustentar o lar. \u00c9 chegar em casa, e ainda ter que trabalhar. \u00c9 n\u00e3o ter descanso. Louvo os novos tipos de homens que partilham o trabalho dom\u00e9stico. Isso tamb\u00e9m \u00e9 ser m\u00e3e. Ser m\u00e3e \u00e9 tamb\u00e9m n\u00e3o aceitar perder o filho j\u00e1 crescido, que por for\u00e7a da natureza, h\u00e1 seguir outros caminhos para gerar outras vidas.<\/p>\n<p>M\u00e3e \u00e9 mulher. Mulher \u00e9 m\u00e3e, nascida para gerar a vida e perpetu\u00e1-la. Pode parecer machismo dizer assim, mas foram n\u00f3s, os homens, que reduzimos a magnitude de ser m\u00e3e a uma cama, uma cozinha e uma casa. Sem a mulher, todas as Evas, geradoras de vida e m\u00e3e da vida, a vida n\u00e3o existiria no meio de n\u00f3s.<\/p>\n<p>Existem m\u00e3es santas e m\u00e3es pecadoras. Minha m\u00e3e era uma santa. Ela sofreu e amou em abund\u00e2ncia. Ela n\u00e3o media esfor\u00e7os para estar com Deus. Na sua piedade, ela rezava o ter\u00e7o todos os dias. Deus sempre foi a sua for\u00e7a! Tinha l\u00e1 os seus erros e \u2018cabe\u00e7udisses\u2019, mas quem n\u00e3o os tem. Governava a casa com sabedoria. Ela enfrentou a dor, a doen\u00e7a com uma for\u00e7a que s\u00f3 poderia vir de Deus. Saudade eterna de uma vida de exemplo de amor e ternura. Seu nome Luci, que significa \u201cAquela que brilha\u201d. Na saudade de sua presen\u00e7a f\u00edsica sa\u00fado todas as m\u00e3es! Que Maria, m\u00e3e de todas as m\u00e3es, cubra todas voc\u00eas com seu manto do Deus-Ternura que ela trouxe no seio maternal. Viva o ser m\u00e3e!<\/p>\n<hr \/>\n<p><a href=\"#_ftnref1\" name=\"_ftn1\">[1]<\/a>Doutor em Teologia B\u00edblica pela FAJE (BH). Mestre em Ci\u00eancias B\u00edblicas (Exegese) pelo Pontif\u00edcio Instituto B\u00edblico de Roma. Professor de Exegese B\u00edblica. \u00c9 membro da Associa\u00e7\u00e3o Brasileira de Pesquisa B\u00edblica (ABIB). Sacerdote Franciscano. Autor de dez livros e coautor de quinze. Youtube: Frei Jacir B\u00edblia e Apocrifos. <a href=\"https:\/\/www.youtube.com\/channel\/UCwbSE97jnR6jQwHRigX1KlQ\">https:\/\/www.youtube.com\/channel\/UCwbSE97jnR6jQwHRigX1KlQ<\/a><\/p>\n<p><a href=\"#_ftnref2\" name=\"_ftn2\">[2]<\/a> FARIA, Jacir de Freitas Faria, <strong>Hist\u00f3ria de Maria, m\u00e3e e ap\u00f3stola de seu filho, nos evangelhos ap\u00f3crifos<\/strong>. 4 ed. Petr\u00f3polis: Vozes, 2006, p. 11-13.<\/p>\n","protected":false},"excerpt":{"rendered":"<p>Artigo de Frei Jacir de Freitas Faria<\/p>\n","protected":false},"author":3,"featured_media":191809,"comment_status":"open","ping_status":"open","sticky":false,"template":"","format":"standard","meta":{"footnotes":""},"categories":[26],"tags":[43],"yoast_head":"<!-- This site is optimized with the Yoast SEO plugin v19.4 - https:\/\/yoast.com\/wordpress\/plugins\/seo\/ -->\n<title>O ser M\u00e3e! - Vida Crist\u00e3 - Franciscanos<\/title>\n<meta name=\"robots\" content=\"index, follow, max-snippet:-1, max-image-preview:large, max-video-preview:-1\" \/>\n<link rel=\"canonical\" href=\"https:\/\/franciscanos.org.br\/vidacrista\/o-ser-mae\/\" \/>\n<meta property=\"og:locale\" content=\"pt_BR\" \/>\n<meta property=\"og:type\" content=\"article\" \/>\n<meta property=\"og:title\" content=\"O ser M\u00e3e! - Vida Crist\u00e3 - Franciscanos\" \/>\n<meta property=\"og:description\" content=\"Artigo de Frei Jacir de Freitas Faria\" \/>\n<meta property=\"og:url\" content=\"https:\/\/franciscanos.org.br\/vidacrista\/o-ser-mae\/\" \/>\n<meta property=\"og:site_name\" content=\"Vida Crist\u00e3 - Franciscanos\" \/>\n<meta property=\"article:published_time\" content=\"2022-05-06T21:47:22+00:00\" \/>\n<meta property=\"article:modified_time\" content=\"2022-05-06T21:47:57+00:00\" \/>\n<meta property=\"og:image\" content=\"https:\/\/franciscanos.org.br\/vidacrista\/wp-content\/uploads\/2022\/05\/mae_deus.jpg\" \/>\n\t<meta property=\"og:image:width\" content=\"840\" \/>\n\t<meta property=\"og:image:height\" content=\"450\" \/>\n\t<meta property=\"og:image:type\" content=\"image\/jpeg\" \/>\n<meta name=\"author\" content=\"moacir\" \/>\n<meta name=\"twitter:card\" content=\"summary_large_image\" \/>\n<meta name=\"twitter:label1\" content=\"Escrito por\" \/>\n\t<meta name=\"twitter:data1\" content=\"moacir\" \/>\n\t<meta name=\"twitter:label2\" content=\"Est. tempo de leitura\" \/>\n\t<meta name=\"twitter:data2\" content=\"4 minutos\" \/>\n<script type=\"application\/ld+json\" class=\"yoast-schema-graph\">{\"@context\":\"https:\/\/schema.org\",\"@graph\":[{\"@type\":\"WebSite\",\"@id\":\"https:\/\/franciscanos.org.br\/vidacrista\/#website\",\"url\":\"https:\/\/franciscanos.org.br\/vidacrista\/\",\"name\":\"Vida Crist\u00e3 - Franciscanos\",\"description\":\"Prov\u00edncia Franciscana da Imaculada Concei\u00e7\u00e3o do Brasil - Ordem dos Frades Menores\",\"potentialAction\":[{\"@type\":\"SearchAction\",\"target\":{\"@type\":\"EntryPoint\",\"urlTemplate\":\"https:\/\/franciscanos.org.br\/vidacrista\/?s={search_term_string}\"},\"query-input\":\"required name=search_term_string\"}],\"inLanguage\":\"pt-BR\"},{\"@type\":\"WebPage\",\"@id\":\"https:\/\/franciscanos.org.br\/vidacrista\/o-ser-mae\/\",\"url\":\"https:\/\/franciscanos.org.br\/vidacrista\/o-ser-mae\/\",\"name\":\"O ser M\u00e3e! - Vida Crist\u00e3 - Franciscanos\",\"isPartOf\":{\"@id\":\"https:\/\/franciscanos.org.br\/vidacrista\/#website\"},\"datePublished\":\"2022-05-06T21:47:22+00:00\",\"dateModified\":\"2022-05-06T21:47:57+00:00\",\"author\":{\"@id\":\"https:\/\/franciscanos.org.br\/vidacrista\/#\/schema\/person\/1880bdd2c350b735648725ef7614736a\"},\"breadcrumb\":{\"@id\":\"https:\/\/franciscanos.org.br\/vidacrista\/o-ser-mae\/#breadcrumb\"},\"inLanguage\":\"pt-BR\",\"potentialAction\":[{\"@type\":\"ReadAction\",\"target\":[\"https:\/\/franciscanos.org.br\/vidacrista\/o-ser-mae\/\"]}]},{\"@type\":\"BreadcrumbList\",\"@id\":\"https:\/\/franciscanos.org.br\/vidacrista\/o-ser-mae\/#breadcrumb\",\"itemListElement\":[{\"@type\":\"ListItem\",\"position\":1,\"name\":\"Home\",\"item\":\"https:\/\/franciscanos.org.br\/vidacrista\/\"},{\"@type\":\"ListItem\",\"position\":2,\"name\":\"O ser M\u00e3e!\"}]},{\"@type\":\"Person\",\"@id\":\"https:\/\/franciscanos.org.br\/vidacrista\/#\/schema\/person\/1880bdd2c350b735648725ef7614736a\",\"name\":\"moacir\",\"image\":{\"@type\":\"ImageObject\",\"inLanguage\":\"pt-BR\",\"@id\":\"https:\/\/franciscanos.org.br\/vidacrista\/#\/schema\/person\/image\/\",\"url\":\"https:\/\/secure.gravatar.com\/avatar\/d08aa2ce4c8dd416d4479aa8536fcf64?s=96&d=mm&r=g\",\"contentUrl\":\"https:\/\/secure.gravatar.com\/avatar\/d08aa2ce4c8dd416d4479aa8536fcf64?s=96&d=mm&r=g\",\"caption\":\"moacir\"},\"url\":\"https:\/\/franciscanos.org.br\/vidacrista\/author\/moacir\/\"}]}<\/script>\n<!-- \/ Yoast SEO plugin. -->","yoast_head_json":{"title":"O ser M\u00e3e! - Vida Crist\u00e3 - Franciscanos","robots":{"index":"index","follow":"follow","max-snippet":"max-snippet:-1","max-image-preview":"max-image-preview:large","max-video-preview":"max-video-preview:-1"},"canonical":"https:\/\/franciscanos.org.br\/vidacrista\/o-ser-mae\/","og_locale":"pt_BR","og_type":"article","og_title":"O ser M\u00e3e! - Vida Crist\u00e3 - Franciscanos","og_description":"Artigo de Frei Jacir de Freitas Faria","og_url":"https:\/\/franciscanos.org.br\/vidacrista\/o-ser-mae\/","og_site_name":"Vida Crist\u00e3 - Franciscanos","article_published_time":"2022-05-06T21:47:22+00:00","article_modified_time":"2022-05-06T21:47:57+00:00","og_image":[{"width":840,"height":450,"url":"https:\/\/franciscanos.org.br\/vidacrista\/wp-content\/uploads\/2022\/05\/mae_deus.jpg","type":"image\/jpeg"}],"author":"moacir","twitter_card":"summary_large_image","twitter_misc":{"Escrito por":"moacir","Est. tempo de leitura":"4 minutos"},"schema":{"@context":"https:\/\/schema.org","@graph":[{"@type":"WebSite","@id":"https:\/\/franciscanos.org.br\/vidacrista\/#website","url":"https:\/\/franciscanos.org.br\/vidacrista\/","name":"Vida Crist\u00e3 - Franciscanos","description":"Prov\u00edncia Franciscana da Imaculada Concei\u00e7\u00e3o do Brasil - Ordem dos Frades Menores","potentialAction":[{"@type":"SearchAction","target":{"@type":"EntryPoint","urlTemplate":"https:\/\/franciscanos.org.br\/vidacrista\/?s={search_term_string}"},"query-input":"required name=search_term_string"}],"inLanguage":"pt-BR"},{"@type":"WebPage","@id":"https:\/\/franciscanos.org.br\/vidacrista\/o-ser-mae\/","url":"https:\/\/franciscanos.org.br\/vidacrista\/o-ser-mae\/","name":"O ser M\u00e3e! - Vida Crist\u00e3 - Franciscanos","isPartOf":{"@id":"https:\/\/franciscanos.org.br\/vidacrista\/#website"},"datePublished":"2022-05-06T21:47:22+00:00","dateModified":"2022-05-06T21:47:57+00:00","author":{"@id":"https:\/\/franciscanos.org.br\/vidacrista\/#\/schema\/person\/1880bdd2c350b735648725ef7614736a"},"breadcrumb":{"@id":"https:\/\/franciscanos.org.br\/vidacrista\/o-ser-mae\/#breadcrumb"},"inLanguage":"pt-BR","potentialAction":[{"@type":"ReadAction","target":["https:\/\/franciscanos.org.br\/vidacrista\/o-ser-mae\/"]}]},{"@type":"BreadcrumbList","@id":"https:\/\/franciscanos.org.br\/vidacrista\/o-ser-mae\/#breadcrumb","itemListElement":[{"@type":"ListItem","position":1,"name":"Home","item":"https:\/\/franciscanos.org.br\/vidacrista\/"},{"@type":"ListItem","position":2,"name":"O ser M\u00e3e!"}]},{"@type":"Person","@id":"https:\/\/franciscanos.org.br\/vidacrista\/#\/schema\/person\/1880bdd2c350b735648725ef7614736a","name":"moacir","image":{"@type":"ImageObject","inLanguage":"pt-BR","@id":"https:\/\/franciscanos.org.br\/vidacrista\/#\/schema\/person\/image\/","url":"https:\/\/secure.gravatar.com\/avatar\/d08aa2ce4c8dd416d4479aa8536fcf64?s=96&d=mm&r=g","contentUrl":"https:\/\/secure.gravatar.com\/avatar\/d08aa2ce4c8dd416d4479aa8536fcf64?s=96&d=mm&r=g","caption":"moacir"},"url":"https:\/\/franciscanos.org.br\/vidacrista\/author\/moacir\/"}]}},"_links":{"self":[{"href":"https:\/\/franciscanos.org.br\/vidacrista\/wp-json\/wp\/v2\/posts\/191808"}],"collection":[{"href":"https:\/\/franciscanos.org.br\/vidacrista\/wp-json\/wp\/v2\/posts"}],"about":[{"href":"https:\/\/franciscanos.org.br\/vidacrista\/wp-json\/wp\/v2\/types\/post"}],"author":[{"embeddable":true,"href":"https:\/\/franciscanos.org.br\/vidacrista\/wp-json\/wp\/v2\/users\/3"}],"replies":[{"embeddable":true,"href":"https:\/\/franciscanos.org.br\/vidacrista\/wp-json\/wp\/v2\/comments?post=191808"}],"version-history":[{"count":2,"href":"https:\/\/franciscanos.org.br\/vidacrista\/wp-json\/wp\/v2\/posts\/191808\/revisions"}],"predecessor-version":[{"id":191811,"href":"https:\/\/franciscanos.org.br\/vidacrista\/wp-json\/wp\/v2\/posts\/191808\/revisions\/191811"}],"wp:featuredmedia":[{"embeddable":true,"href":"https:\/\/franciscanos.org.br\/vidacrista\/wp-json\/wp\/v2\/media\/191809"}],"wp:attachment":[{"href":"https:\/\/franciscanos.org.br\/vidacrista\/wp-json\/wp\/v2\/media?parent=191808"}],"wp:term":[{"taxonomy":"category","embeddable":true,"href":"https:\/\/franciscanos.org.br\/vidacrista\/wp-json\/wp\/v2\/categories?post=191808"},{"taxonomy":"post_tag","embeddable":true,"href":"https:\/\/franciscanos.org.br\/vidacrista\/wp-json\/wp\/v2\/tags?post=191808"}],"curies":[{"name":"wp","href":"https:\/\/api.w.org\/{rel}","templated":true}]}}