{"id":191799,"date":"2022-05-05T07:45:52","date_gmt":"2022-05-05T10:45:52","guid":{"rendered":"https:\/\/franciscanos.org.br\/vidacrista\/?p=191799"},"modified":"2022-05-05T07:49:47","modified_gmt":"2022-05-05T10:49:47","slug":"mensagem-do-papa-para-o-dia-mundial-de-oracao-pelas-vocacoes","status":"publish","type":"post","link":"https:\/\/franciscanos.org.br\/vidacrista\/mensagem-do-papa-para-o-dia-mundial-de-oracao-pelas-vocacoes\/","title":{"rendered":"Mensagem do Papa para o Dia Mundial de Ora\u00e7\u00e3o pelas Voca\u00e7\u00f5es"},"content":{"rendered":"<p><img decoding=\"async\" loading=\"lazy\" class=\"alignnone wp-image-191800 size-full\" src=\"https:\/\/franciscanos.org.br\/vidacrista\/wp-content\/uploads\/2022\/05\/vocacional_0505.jpg\" alt=\"\" width=\"840\" height=\"450\" srcset=\"https:\/\/franciscanos.org.br\/vidacrista\/wp-content\/uploads\/2022\/05\/vocacional_0505.jpg 840w, https:\/\/franciscanos.org.br\/vidacrista\/wp-content\/uploads\/2022\/05\/vocacional_0505-450x241.jpg 450w, https:\/\/franciscanos.org.br\/vidacrista\/wp-content\/uploads\/2022\/05\/vocacional_0505-768x411.jpg 768w, https:\/\/franciscanos.org.br\/vidacrista\/wp-content\/uploads\/2022\/05\/vocacional_0505-150x80.jpg 150w\" sizes=\"(max-width: 840px) 100vw, 840px\" \/><\/p>\n<p><b><i>Chamados para construir a fam\u00edlia humana = Domingo, 8 de maio de 2022<\/i><\/b><\/p>\n<p>Queridos irm\u00e3os e irm\u00e3s!<\/p>\n<p>Nos dias que correm, enquanto continuam a soprar os ventos g\u00e9lidos da guerra e da opress\u00e3o e frequentemente testemunhamos fen\u00f3menos de polariza\u00e7\u00e3o, prosseguimos como Igreja o processo sinodal iniciado: sentimos urgente necessidade de caminhar juntos cultivando as dimens\u00f5es da escuta, participa\u00e7\u00e3o e partilha. Juntamente com todos os homens e mulheres de boa vontade, queremos contribuir para\u00a0<i>construir a fam\u00edlia humana<\/i>, curar as suas feridas e projet\u00e1-la para um futuro melhor. Nesta perspetiva, para o LIX Dia Mundial de Ora\u00e7\u00e3o pelas Voca\u00e7\u00f5es, desejo refletir convosco sobre o amplo significado da \u00abvoca\u00e7\u00e3o\u00bb, no contexto duma Igreja sinodal que se coloca \u00e0 escuta de Deus e do mundo.<\/p>\n<p><i>Todos chamados a ser protagonistas da miss\u00e3o<\/i><\/p>\n<p>A sinodalidade, o caminhar juntos \u00e9 uma voca\u00e7\u00e3o fundamental para a Igreja e, s\u00f3 neste horizonte, \u00e9 poss\u00edvel descobrir e valorizar as diversas voca\u00e7\u00f5es, carismas e minist\u00e9rios. Ao mesmo tempo, sabemos que a Igreja existe para evangelizar, saindo de si mesma e espalhando a semente do Evangelho na hist\u00f3ria. Ora esta miss\u00e3o \u00e9 poss\u00edvel precisamente colocando em sinergia todas as \u00e1reas pastorais e, antes ainda, envolvendo todos os disc\u00edpulos do Senhor. Com efeito, \u00abem virtude do Batismo recebido, cada membro do Povo de Deus tornou-se disc\u00edpulo mission\u00e1rio (cf.\u00a0<i>Mt<\/i>\u00a028, 19). Cada um dos batizados, independentemente da pr\u00f3pria fun\u00e7\u00e3o na Igreja e do grau de instru\u00e7\u00e3o da sua f\u00e9, \u00e9 um sujeito ativo de evangeliza\u00e7\u00e3o\u00bb (Francisco, Exort. ap.\u00a0<i>Evangelii gaudium<\/i>, 120). \u00c9 preciso acautelar-se da mentalidade que separa sacerdotes e leigos, considerando protagonistas os primeiros e executores os segundos, e levar por diante a miss\u00e3o crist\u00e3, conjuntamente, leigos e pastores como \u00fanico Povo de Deus. Toda a Igreja \u00e9 comunidade evangelizadora.<\/p>\n<p><i>Chamados a ser guardi\u00f5es uns dos outros e da cria\u00e7\u00e3o<\/i><\/p>\n<p>A palavra \u00abvoca\u00e7\u00e3o\u00bb n\u00e3o deve ser entendida em sentido restrito, referindo-a apenas \u00e0queles que seguem o Senhor pelo caminho duma consagra\u00e7\u00e3o espec\u00edfica. Todos somos chamados a participar na miss\u00e3o de Cristo de reunir a humanidade dispersa e reconcili\u00e1-la com Deus. De modo mais geral, cada pessoa humana, antes ainda de viver o encontro com Cristo e abra\u00e7ar a f\u00e9 crist\u00e3, recebe com o dom da vida um chamamento fundamental: cada um de n\u00f3s \u00e9 uma criatura querida e amada por Deus, objeto dum pensamento \u00fanico e especial d\u2019Ele e somos chamados a desenvolver, ao longo da nossa vida, esta centelha divina que mora no cora\u00e7\u00e3o de cada homem e mulher, contribuindo para fazer crescer uma humanidade animada pelo amor e m\u00fatuo acolhimento. Somos chamados a ser guardi\u00f5es uns dos outros, a construir la\u00e7os de conc\u00f3rdia e partilha, a curar as feridas da cria\u00e7\u00e3o para que n\u00e3o seja destru\u00edda a sua beleza. Em suma, tornamo-nos uma fam\u00edlia na maravilhosa casa comum da cria\u00e7\u00e3o, na variedade harmoniosa dos seus elementos. Neste sentido amplo, n\u00e3o s\u00f3 os indiv\u00edduos mas tamb\u00e9m os povos, as comunidades e as agrega\u00e7\u00f5es dos mais variados g\u00e9neros t\u00eam uma \u00abvoca\u00e7\u00e3o\u00bb.<\/p>\n<p><i>Chamados a acolher o olhar de Deus<\/i><\/p>\n<p>Nesta grande voca\u00e7\u00e3o comum, insere-se a chamada mais particular que Deus nos dirige, alcan\u00e7ando a nossa exist\u00eancia com o seu Amor e orientando-a para a sua meta definitiva, para uma plenitude que ultrapassa at\u00e9 mesmo o limiar da morte. Assim quis Deus olhar, e olha, para a nossa vida.<\/p>\n<p>As seguintes palavras s\u00e3o atribu\u00eddas a Miguel \u00c2ngelo Buonarroti: \u00abNo interior de cada bloco de pedra, h\u00e1 uma est\u00e1tua, cabendo ao escultor a tarefa de a descobrir\u00bb. Se tal pode ser o olhar do artista, com muito mais raz\u00e3o assim nos v\u00ea Deus: naquela jovem de Nazar\u00e9, viu a M\u00e3e de Deus; no pescador Sim\u00e3o, filho de Jonas, viu Pedro, a rocha sobre a qual podia construir a sua Igreja; no publicano Levi, entreviu o ap\u00f3stolo e o evangelista Mateus; em Saulo, cruel perseguidor dos crist\u00e3os, viu Paulo, o ap\u00f3stolo dos gentios. O seu olhar de amor sempre nos alcan\u00e7a, toca, liberta e transforma, fazendo com que nos tornemos pessoas novas.<\/p>\n<p>Esta \u00e9 a din\u00e2mica de cada voca\u00e7\u00e3o: somos alcan\u00e7ados pelo olhar de Deus, que nos chama. A voca\u00e7\u00e3o \u2013 como ali\u00e1s a santidade \u2013 n\u00e3o \u00e9 uma experi\u00eancia extraordin\u00e1ria reservada a poucos. Tal como existem \u00abos santos ao p\u00e9 da porta\u00bb (Francisco, Exort. ap.\u00a0<i>Gaudete et exsultate<\/i>, 6-9), assim tamb\u00e9m a voca\u00e7\u00e3o \u00e9 para todos, porque todos s\u00e3o olhados com amor e chamados por Deus.<\/p>\n<p>Diz um prov\u00e9rbio do Extremo Oriente: \u00abUm s\u00e1bio, ao olhar o ovo, sabe ver a \u00e1guia; ao olhar a semente, vislumbra uma grande \u00e1rvore; ao olhar um pecador, sabe entrever um santo\u00bb. \u00c9 assim que Deus nos olha: em cada um de n\u00f3s, v\u00ea potencialidades, \u00e0s vezes ignoradas por n\u00f3s mesmos, e atua incansavelmente, ao longo da nossa vida, a fim de as podermos colocar ao servi\u00e7o do bem comum.<\/p>\n<p>Assim a voca\u00e7\u00e3o nasce, gra\u00e7as \u00e0 arte do Escultor divino que, com as suas \u00abm\u00e3os\u00bb, nos faz sair de n\u00f3s mesmos, para que se delineie em n\u00f3s a obra-prima que somos chamados a ser. Particularmente capaz de nos purificar, iluminar e recriar \u00e9 a Palavra de Deus, que nos liberta do egocentrismo. Coloquemo-nos, pois, \u00e0 escuta da Palavra, para nos abrirmos \u00e0 voca\u00e7\u00e3o que Deus nos confia! E aprendamos a escutar tamb\u00e9m os irm\u00e3os e irm\u00e3s na f\u00e9, porque nos seus conselhos e exemplo pode esconder-se a iniciativa de Deus, que nos indica estradas sempre novas a percorrer.<\/p>\n<p><i>Chamados a responder ao olhar de Deus<\/i><\/p>\n<p>O olhar amoroso e criador de Deus alcan\u00e7ou-nos de forma singular em Jesus. Ao falar do jovem rico, o evangelista Marcos observa: \u00abJesus, fitando nele o olhar, sentiu afei\u00e7\u00e3o por ele\u00bb (10, 21). O mesmo olhar de Jesus, cheio de amor, pousa sobre cada um de n\u00f3s. Irm\u00e3os e irm\u00e3s, deixemo-nos tocar por este olhar e ser levados por Ele para al\u00e9m de n\u00f3s mesmos! E aprendamos tamb\u00e9m a olhar de tal modo um para o outro que as pessoas com quem vivemos e as que encontramos \u2013 sejam elas quem forem \u2013 possam sentir-se acolhidas e descobrir que h\u00e1 Algu\u00e9m que as olha com amor, convidando-as a desenvolverem todas as suas potencialidades.<\/p>\n<p>A nossa vida muda quando acolhemos este olhar. Tudo se torna um di\u00e1logo vocacional entre n\u00f3s e o Senhor, mas tamb\u00e9m entre n\u00f3s e os outros. Um di\u00e1logo que, vivido em profundidade, nos faz\u00a0<i>tornar cada vez mais aquilo que somos<\/i>: na voca\u00e7\u00e3o ao sacerd\u00f3cio ordenado, ser instrumento da gra\u00e7a e da miseric\u00f3rdia de Cristo; na voca\u00e7\u00e3o \u00e0 vida consagrada, ser louvor de Deus e profecia de nova humanidade; na voca\u00e7\u00e3o ao matrim\u00f3nio, ser dom m\u00fatuo e geradores e educadores da vida; em cada voca\u00e7\u00e3o e minist\u00e9rio na Igreja, em geral, que nos chama a olhar os outros e o mundo com os olhos de Deus, servir o bem e difundir o amor com as obras e as palavras.<\/p>\n<p>A prop\u00f3sito, desejo mencionar aqui a experi\u00eancia do Dr. Jos\u00e9 Greg\u00f3rio Hern\u00e1ndez Cisneros. Quando trabalhava como m\u00e9dico em Caracas, na Venezuela, quis tornar-se irm\u00e3o terceiro franciscano. Mais tarde, pensou em tornar-se monge e sacerdote, mas a sa\u00fade n\u00e3o lho permitiu. Compreendeu ent\u00e3o que a sua voca\u00e7\u00e3o era precisamente a profiss\u00e3o m\u00e9dica, na qual se prodigalizou especialmente a favor dos pobres. E, sem reservas, dedicou-se aos doentes atingidos pela epidemia de gripe chamada \u00abespanhola\u00bb, que ent\u00e3o alastrava pelo mundo. Morreu atropelado por um carro, ao sair duma farm\u00e1cia aonde fora buscar rem\u00e9dios para uma idosa, sua paciente. Testemunha exemplar do que significa acolher a voca\u00e7\u00e3o do Senhor aderindo plenamente \u00e0 mesma, foi beatificado h\u00e1 um ano.<\/p>\n<p><i>Convocados para construir um mundo fraterno<\/i><\/p>\n<p>Como crist\u00e3os, n\u00e3o s\u00f3 somos chamados, isto \u00e9, interpelados cada qual pessoalmente por uma voca\u00e7\u00e3o, mas tamb\u00e9m\u00a0<i>con-vocados<\/i>. Somos como os ladrilhos dum mosaico, belos j\u00e1 quando vistos um a um, mas s\u00f3 juntos \u00e9 que formam uma imagem. Brilhamos, cada um e cada uma de n\u00f3s, como uma estrela no cora\u00e7\u00e3o de Deus e no firmamento do universo, mas somos chamados a compor constela\u00e7\u00f5es que orientem e iluminem o caminho da humanidade, a partir do ambiente onde vivemos. Tal \u00e9 o mist\u00e9rio da Igreja: na conviv\u00eancia das diferen\u00e7as, ela \u00e9 sinal e instrumento daquilo a que toda a humanidade \u00e9 chamada. Para isso, a Igreja deve tornar-se cada vez mais sinodal: capaz de caminhar unida na harmonia das diversidades, onde todos t\u00eam a sua pr\u00f3pria contribui\u00e7\u00e3o para dar e podem participar ativamente.<\/p>\n<p>Portanto, quando falamos de \u00abvoca\u00e7\u00e3o\u00bb, n\u00e3o se trata apenas de escolher esta ou aquela forma de vida, votar a pr\u00f3pria exist\u00eancia a um determinado minist\u00e9rio ou seguir o encanto do carisma duma fam\u00edlia religiosa, dum movimento ou duma comunidade eclesial; mas trata-se sobretudo de realizar o sonho de Deus, o grande des\u00edgnio da fraternidade que Jesus tinha no cora\u00e7\u00e3o quando pediu ao Pai \u00abque todos sejam um s\u00f3\u00bb (<i>Jo<\/i>\u00a017, 21). Cada voca\u00e7\u00e3o na Igreja e, em sentido largo, tamb\u00e9m na sociedade, concorre para um objetivo comum: fazer ressoar entre os homens e as mulheres aquela harmonia dos m\u00faltiplos e variados dons que s\u00f3 o Esp\u00edrito Santo sabe realizar. Sacerdotes, consagradas e consagrados, fi\u00e9is leigos, caminhemos e trabalhemos juntos, para testemunhar que uma grande fam\u00edlia humana unida no amor n\u00e3o \u00e9 uma utopia, mas o projeto para o qual Deus nos criou!<\/p>\n<p>Rezemos, irm\u00e3os e irm\u00e3s, para que o Povo de Deus, no meio das dram\u00e1ticas vicissitudes da hist\u00f3ria, corresponda cada vez mais a esta voca\u00e7\u00e3o. Invoquemos a luz do Esp\u00edrito Santo, para que cada um e cada uma de n\u00f3s possa encontrar o respetivo lugar e dar o melhor de si neste grande des\u00edgnio!<\/p>\n<p><i>Roma, S\u00e3o Jo\u00e3o de Latr\u00e3o, no IV Domingo de P\u00e1scoa, 8 de maio de 2022.<\/i><\/p>\n<p>FRANCISCO<\/p>\n","protected":false},"excerpt":{"rendered":"<p>Mensagem do Papa Francisco<\/p>\n","protected":false},"author":3,"featured_media":191800,"comment_status":"open","ping_status":"open","sticky":false,"template":"","format":"standard","meta":{"footnotes":""},"categories":[22],"tags":[321],"yoast_head":"<!-- This site is optimized with the Yoast SEO plugin v19.4 - https:\/\/yoast.com\/wordpress\/plugins\/seo\/ -->\n<title>Mensagem do Papa para o Dia Mundial de Ora\u00e7\u00e3o pelas Voca\u00e7\u00f5es - Vida Crist\u00e3 - Franciscanos<\/title>\n<meta name=\"robots\" content=\"index, follow, max-snippet:-1, max-image-preview:large, max-video-preview:-1\" \/>\n<link rel=\"canonical\" href=\"https:\/\/franciscanos.org.br\/vidacrista\/mensagem-do-papa-para-o-dia-mundial-de-oracao-pelas-vocacoes\/\" \/>\n<meta property=\"og:locale\" content=\"pt_BR\" \/>\n<meta property=\"og:type\" content=\"article\" \/>\n<meta property=\"og:title\" content=\"Mensagem do Papa para o Dia Mundial de Ora\u00e7\u00e3o pelas Voca\u00e7\u00f5es - Vida Crist\u00e3 - Franciscanos\" \/>\n<meta property=\"og:description\" content=\"Mensagem do Papa Francisco\" \/>\n<meta property=\"og:url\" content=\"https:\/\/franciscanos.org.br\/vidacrista\/mensagem-do-papa-para-o-dia-mundial-de-oracao-pelas-vocacoes\/\" \/>\n<meta property=\"og:site_name\" content=\"Vida Crist\u00e3 - Franciscanos\" \/>\n<meta property=\"article:published_time\" content=\"2022-05-05T10:45:52+00:00\" \/>\n<meta property=\"article:modified_time\" content=\"2022-05-05T10:49:47+00:00\" \/>\n<meta property=\"og:image\" content=\"https:\/\/franciscanos.org.br\/vidacrista\/wp-content\/uploads\/2022\/05\/vocacional_0505.jpg\" \/>\n\t<meta property=\"og:image:width\" content=\"840\" \/>\n\t<meta property=\"og:image:height\" content=\"450\" \/>\n\t<meta property=\"og:image:type\" content=\"image\/jpeg\" \/>\n<meta name=\"author\" content=\"moacir\" \/>\n<meta name=\"twitter:card\" content=\"summary_large_image\" \/>\n<meta name=\"twitter:label1\" content=\"Escrito por\" \/>\n\t<meta name=\"twitter:data1\" content=\"moacir\" \/>\n\t<meta name=\"twitter:label2\" content=\"Est. tempo de leitura\" \/>\n\t<meta name=\"twitter:data2\" content=\"9 minutos\" \/>\n<script type=\"application\/ld+json\" class=\"yoast-schema-graph\">{\"@context\":\"https:\/\/schema.org\",\"@graph\":[{\"@type\":\"WebSite\",\"@id\":\"https:\/\/franciscanos.org.br\/vidacrista\/#website\",\"url\":\"https:\/\/franciscanos.org.br\/vidacrista\/\",\"name\":\"Vida Crist\u00e3 - Franciscanos\",\"description\":\"Prov\u00edncia Franciscana da Imaculada Concei\u00e7\u00e3o do Brasil - Ordem dos Frades Menores\",\"potentialAction\":[{\"@type\":\"SearchAction\",\"target\":{\"@type\":\"EntryPoint\",\"urlTemplate\":\"https:\/\/franciscanos.org.br\/vidacrista\/?s={search_term_string}\"},\"query-input\":\"required name=search_term_string\"}],\"inLanguage\":\"pt-BR\"},{\"@type\":\"WebPage\",\"@id\":\"https:\/\/franciscanos.org.br\/vidacrista\/mensagem-do-papa-para-o-dia-mundial-de-oracao-pelas-vocacoes\/\",\"url\":\"https:\/\/franciscanos.org.br\/vidacrista\/mensagem-do-papa-para-o-dia-mundial-de-oracao-pelas-vocacoes\/\",\"name\":\"Mensagem do Papa para o Dia Mundial de Ora\u00e7\u00e3o pelas Voca\u00e7\u00f5es - Vida Crist\u00e3 - Franciscanos\",\"isPartOf\":{\"@id\":\"https:\/\/franciscanos.org.br\/vidacrista\/#website\"},\"datePublished\":\"2022-05-05T10:45:52+00:00\",\"dateModified\":\"2022-05-05T10:49:47+00:00\",\"author\":{\"@id\":\"https:\/\/franciscanos.org.br\/vidacrista\/#\/schema\/person\/1880bdd2c350b735648725ef7614736a\"},\"breadcrumb\":{\"@id\":\"https:\/\/franciscanos.org.br\/vidacrista\/mensagem-do-papa-para-o-dia-mundial-de-oracao-pelas-vocacoes\/#breadcrumb\"},\"inLanguage\":\"pt-BR\",\"potentialAction\":[{\"@type\":\"ReadAction\",\"target\":[\"https:\/\/franciscanos.org.br\/vidacrista\/mensagem-do-papa-para-o-dia-mundial-de-oracao-pelas-vocacoes\/\"]}]},{\"@type\":\"BreadcrumbList\",\"@id\":\"https:\/\/franciscanos.org.br\/vidacrista\/mensagem-do-papa-para-o-dia-mundial-de-oracao-pelas-vocacoes\/#breadcrumb\",\"itemListElement\":[{\"@type\":\"ListItem\",\"position\":1,\"name\":\"Home\",\"item\":\"https:\/\/franciscanos.org.br\/vidacrista\/\"},{\"@type\":\"ListItem\",\"position\":2,\"name\":\"Mensagem do Papa para o Dia Mundial de Ora\u00e7\u00e3o pelas Voca\u00e7\u00f5es\"}]},{\"@type\":\"Person\",\"@id\":\"https:\/\/franciscanos.org.br\/vidacrista\/#\/schema\/person\/1880bdd2c350b735648725ef7614736a\",\"name\":\"moacir\",\"image\":{\"@type\":\"ImageObject\",\"inLanguage\":\"pt-BR\",\"@id\":\"https:\/\/franciscanos.org.br\/vidacrista\/#\/schema\/person\/image\/\",\"url\":\"https:\/\/secure.gravatar.com\/avatar\/d08aa2ce4c8dd416d4479aa8536fcf64?s=96&d=mm&r=g\",\"contentUrl\":\"https:\/\/secure.gravatar.com\/avatar\/d08aa2ce4c8dd416d4479aa8536fcf64?s=96&d=mm&r=g\",\"caption\":\"moacir\"},\"url\":\"https:\/\/franciscanos.org.br\/vidacrista\/author\/moacir\/\"}]}<\/script>\n<!-- \/ Yoast SEO plugin. -->","yoast_head_json":{"title":"Mensagem do Papa para o Dia Mundial de Ora\u00e7\u00e3o pelas Voca\u00e7\u00f5es - Vida Crist\u00e3 - Franciscanos","robots":{"index":"index","follow":"follow","max-snippet":"max-snippet:-1","max-image-preview":"max-image-preview:large","max-video-preview":"max-video-preview:-1"},"canonical":"https:\/\/franciscanos.org.br\/vidacrista\/mensagem-do-papa-para-o-dia-mundial-de-oracao-pelas-vocacoes\/","og_locale":"pt_BR","og_type":"article","og_title":"Mensagem do Papa para o Dia Mundial de Ora\u00e7\u00e3o pelas Voca\u00e7\u00f5es - Vida Crist\u00e3 - Franciscanos","og_description":"Mensagem do Papa Francisco","og_url":"https:\/\/franciscanos.org.br\/vidacrista\/mensagem-do-papa-para-o-dia-mundial-de-oracao-pelas-vocacoes\/","og_site_name":"Vida Crist\u00e3 - Franciscanos","article_published_time":"2022-05-05T10:45:52+00:00","article_modified_time":"2022-05-05T10:49:47+00:00","og_image":[{"width":840,"height":450,"url":"https:\/\/franciscanos.org.br\/vidacrista\/wp-content\/uploads\/2022\/05\/vocacional_0505.jpg","type":"image\/jpeg"}],"author":"moacir","twitter_card":"summary_large_image","twitter_misc":{"Escrito por":"moacir","Est. tempo de leitura":"9 minutos"},"schema":{"@context":"https:\/\/schema.org","@graph":[{"@type":"WebSite","@id":"https:\/\/franciscanos.org.br\/vidacrista\/#website","url":"https:\/\/franciscanos.org.br\/vidacrista\/","name":"Vida Crist\u00e3 - Franciscanos","description":"Prov\u00edncia Franciscana da Imaculada Concei\u00e7\u00e3o do Brasil - Ordem dos Frades Menores","potentialAction":[{"@type":"SearchAction","target":{"@type":"EntryPoint","urlTemplate":"https:\/\/franciscanos.org.br\/vidacrista\/?s={search_term_string}"},"query-input":"required name=search_term_string"}],"inLanguage":"pt-BR"},{"@type":"WebPage","@id":"https:\/\/franciscanos.org.br\/vidacrista\/mensagem-do-papa-para-o-dia-mundial-de-oracao-pelas-vocacoes\/","url":"https:\/\/franciscanos.org.br\/vidacrista\/mensagem-do-papa-para-o-dia-mundial-de-oracao-pelas-vocacoes\/","name":"Mensagem do Papa para o Dia Mundial de Ora\u00e7\u00e3o pelas Voca\u00e7\u00f5es - Vida Crist\u00e3 - Franciscanos","isPartOf":{"@id":"https:\/\/franciscanos.org.br\/vidacrista\/#website"},"datePublished":"2022-05-05T10:45:52+00:00","dateModified":"2022-05-05T10:49:47+00:00","author":{"@id":"https:\/\/franciscanos.org.br\/vidacrista\/#\/schema\/person\/1880bdd2c350b735648725ef7614736a"},"breadcrumb":{"@id":"https:\/\/franciscanos.org.br\/vidacrista\/mensagem-do-papa-para-o-dia-mundial-de-oracao-pelas-vocacoes\/#breadcrumb"},"inLanguage":"pt-BR","potentialAction":[{"@type":"ReadAction","target":["https:\/\/franciscanos.org.br\/vidacrista\/mensagem-do-papa-para-o-dia-mundial-de-oracao-pelas-vocacoes\/"]}]},{"@type":"BreadcrumbList","@id":"https:\/\/franciscanos.org.br\/vidacrista\/mensagem-do-papa-para-o-dia-mundial-de-oracao-pelas-vocacoes\/#breadcrumb","itemListElement":[{"@type":"ListItem","position":1,"name":"Home","item":"https:\/\/franciscanos.org.br\/vidacrista\/"},{"@type":"ListItem","position":2,"name":"Mensagem do Papa para o Dia Mundial de Ora\u00e7\u00e3o pelas Voca\u00e7\u00f5es"}]},{"@type":"Person","@id":"https:\/\/franciscanos.org.br\/vidacrista\/#\/schema\/person\/1880bdd2c350b735648725ef7614736a","name":"moacir","image":{"@type":"ImageObject","inLanguage":"pt-BR","@id":"https:\/\/franciscanos.org.br\/vidacrista\/#\/schema\/person\/image\/","url":"https:\/\/secure.gravatar.com\/avatar\/d08aa2ce4c8dd416d4479aa8536fcf64?s=96&d=mm&r=g","contentUrl":"https:\/\/secure.gravatar.com\/avatar\/d08aa2ce4c8dd416d4479aa8536fcf64?s=96&d=mm&r=g","caption":"moacir"},"url":"https:\/\/franciscanos.org.br\/vidacrista\/author\/moacir\/"}]}},"_links":{"self":[{"href":"https:\/\/franciscanos.org.br\/vidacrista\/wp-json\/wp\/v2\/posts\/191799"}],"collection":[{"href":"https:\/\/franciscanos.org.br\/vidacrista\/wp-json\/wp\/v2\/posts"}],"about":[{"href":"https:\/\/franciscanos.org.br\/vidacrista\/wp-json\/wp\/v2\/types\/post"}],"author":[{"embeddable":true,"href":"https:\/\/franciscanos.org.br\/vidacrista\/wp-json\/wp\/v2\/users\/3"}],"replies":[{"embeddable":true,"href":"https:\/\/franciscanos.org.br\/vidacrista\/wp-json\/wp\/v2\/comments?post=191799"}],"version-history":[{"count":3,"href":"https:\/\/franciscanos.org.br\/vidacrista\/wp-json\/wp\/v2\/posts\/191799\/revisions"}],"predecessor-version":[{"id":191803,"href":"https:\/\/franciscanos.org.br\/vidacrista\/wp-json\/wp\/v2\/posts\/191799\/revisions\/191803"}],"wp:featuredmedia":[{"embeddable":true,"href":"https:\/\/franciscanos.org.br\/vidacrista\/wp-json\/wp\/v2\/media\/191800"}],"wp:attachment":[{"href":"https:\/\/franciscanos.org.br\/vidacrista\/wp-json\/wp\/v2\/media?parent=191799"}],"wp:term":[{"taxonomy":"category","embeddable":true,"href":"https:\/\/franciscanos.org.br\/vidacrista\/wp-json\/wp\/v2\/categories?post=191799"},{"taxonomy":"post_tag","embeddable":true,"href":"https:\/\/franciscanos.org.br\/vidacrista\/wp-json\/wp\/v2\/tags?post=191799"}],"curies":[{"name":"wp","href":"https:\/\/api.w.org\/{rel}","templated":true}]}}