{"id":191796,"date":"2022-05-04T08:34:43","date_gmt":"2022-05-04T11:34:43","guid":{"rendered":"https:\/\/franciscanos.org.br\/vidacrista\/?p=191796"},"modified":"2022-05-04T08:34:43","modified_gmt":"2022-05-04T11:34:43","slug":"tocar-as-feridas-de-cristo","status":"publish","type":"post","link":"https:\/\/franciscanos.org.br\/vidacrista\/tocar-as-feridas-de-cristo\/","title":{"rendered":"Tocar as feridas de Cristo"},"content":{"rendered":"<div id=\"attachment_191797\" style=\"width: 850px\" class=\"wp-caption alignnone\"><img aria-describedby=\"caption-attachment-191797\" decoding=\"async\" loading=\"lazy\" class=\"wp-image-191797 size-full\" src=\"https:\/\/franciscanos.org.br\/vidacrista\/wp-content\/uploads\/2022\/05\/cristo_0405.jpg\" alt=\"\" width=\"840\" height=\"450\" srcset=\"https:\/\/franciscanos.org.br\/vidacrista\/wp-content\/uploads\/2022\/05\/cristo_0405.jpg 840w, https:\/\/franciscanos.org.br\/vidacrista\/wp-content\/uploads\/2022\/05\/cristo_0405-450x241.jpg 450w, https:\/\/franciscanos.org.br\/vidacrista\/wp-content\/uploads\/2022\/05\/cristo_0405-768x411.jpg 768w, https:\/\/franciscanos.org.br\/vidacrista\/wp-content\/uploads\/2022\/05\/cristo_0405-150x80.jpg 150w\" sizes=\"(max-width: 840px) 100vw, 840px\" \/><p id=\"caption-attachment-191797\" class=\"wp-caption-text\">\u00a0 \u00a0 \u00a0 \u00a0 \u00a0 \u00a0 \u00a0 \u00a0 \u00a0 \u00a0 \u00a0 \u00a0 \u00a0 \u00a0 \u00a0 \u00a0 \u00a0 \u00a0 \u00a0 \u00a0 \u00a0 \u00a0 \u00a0 \u00a0 \u00a0 \u00a0<em> Imagem: Catholic Pictures<\/em> (<a href=\"https:\/\/www.cathopic.com\">https:\/\/www.cathopic.com<\/a>)<\/p><\/div>\n<p>Somos homens e mulheres que, no universo da f\u00e9, convivemos com o Ressuscitado. Essa certeza d\u00e1 alento ao viver da Igreja e \u00e0 nossa passagem por essa terra dos homens. Ora\u00e7\u00f5es, devo\u00e7\u00f5es, ladainhas foram e s\u00e3o muitas vezes voltadas para as feridas de Jesus, mormente \u00e0quela de seu cora\u00e7\u00e3o. Sempre se considerou que atrav\u00e9s da ferida do cora\u00e7\u00e3o se revelava o mais \u00edntimo de seu Mist\u00e9rio. Foram doloros\u00edssimas as feridas do corpo do Senhor!<\/p>\n<p>Tentemos refletir sobre estas linhas de Tom\u00e1s Hal\u00edk: \u201cDe que consiste a dor verdadeira, o fardo e a escurid\u00e3o da cruz? N\u00e3o s\u00e3o as torturas f\u00edsicas, nas quais o senso piedoso se deleitava tanto, n\u00e3o \u00e9 nem mesmo a pr\u00f3pria morte f\u00edsica. \u00c9 algo diferente, mais profundo, algo que provoca terror ainda maior. Tocar as feridas de Cristo, n\u00e3o s\u00f3 as feridas de suas m\u00e3os e seus p\u00e9s, que testificam o sofrimento f\u00edsico, mas tamb\u00e9m a ferida do lado, que atingiu o cora\u00e7\u00e3o, significa tocar a escurid\u00e3o da qual testemunha o grito do homem completamente abandonado por Deus. A ferida at\u00e9 o cora\u00e7\u00e3o \u00e9 aquilo que se expressa na palavra de Jesus, aquela que um \u00fanico evangelista teve a coragem de documentar: Meu Deus, por que me abandonaste?\u201d. (Toque as feridas, Vozes, p.43).<\/p>\n<p>Por vezes, costuma-se atenuar o peso dessas palavras dizendo que se trata de uma cita\u00e7\u00e3o do salmo 21(22) que termina com uma nota de vit\u00f3ria, marcada por otimismo. Hal\u00edk afirma que nesse grito vislumbramos a escurid\u00e3o daquele momento a respeito do qual o credo apost\u00f3lico afirma que ele desceu \u00e0 mans\u00e3o dos mortos. \u201cNesse momento sua f\u00e9 foi crucificada e traspassada, sua unidade com o Pai; nesse momento \u201cDeus morreu\u201d para ele e nele. Jesus tomou sobre si n\u00e3o s\u00f3 a morte humana, mas tamb\u00e9m a morte de Deus\u201d (op.cit, p. 44).<\/p>\n<p>Reconciliador, Salvador, \u00e9 aquele que veio unir o que estava separado pelo pecado. \u201cSolidariza\u00e7\u00e3o\u201d com os pecadores, tendo em vista unir os que estavam separados. J\u00e1 no seu batismo, Cristo havia se colocado na fileira dos pecadores que iam se dirigindo rumo ao Jord\u00e3o. \u201cEste \u00e9 meu Filho Amado: escutai-o\u201d. Atrav\u00e9s de gestos e palavras, Ele vai tentar colocar as bases de um mundo de harmonia entre n\u00f3s, homens, e entre estes e o Pai. Ele se fez pecado para unir o que estava separado. Na cruz morre o Filho do Alt\u00edssimo e o pecado do homem.<\/p>\n<p>Momento de escurid\u00e3o para Jesus. Penso no condenado \u00e0 morte, mal ou bem culpado, penso nas torturas infringidas a uma m\u00e3e quando um filho drogado quer saber onde est\u00e1 o anel de ouro, penso nessas crian\u00e7as violentadas.<\/p>\n<p>Meu Deus, porque me abandonaste?<\/p>\n<hr \/>\n<p><em>Frei Almir Ribeiro Guimar\u00e3es<\/em><\/p>\n","protected":false},"excerpt":{"rendered":"<p>Primeira Sexta-feira do M\u00eas<\/p>\n","protected":false},"author":3,"featured_media":191797,"comment_status":"open","ping_status":"open","sticky":false,"template":"","format":"standard","meta":{"footnotes":""},"categories":[105],"tags":[106],"yoast_head":"<!-- This site is optimized with the Yoast SEO plugin v19.4 - https:\/\/yoast.com\/wordpress\/plugins\/seo\/ -->\n<title>Tocar as feridas de Cristo - Vida Crist\u00e3 - Franciscanos<\/title>\n<meta name=\"robots\" content=\"index, follow, max-snippet:-1, max-image-preview:large, max-video-preview:-1\" \/>\n<link rel=\"canonical\" href=\"https:\/\/franciscanos.org.br\/vidacrista\/tocar-as-feridas-de-cristo\/\" \/>\n<meta property=\"og:locale\" content=\"pt_BR\" \/>\n<meta property=\"og:type\" content=\"article\" \/>\n<meta property=\"og:title\" content=\"Tocar as feridas de Cristo - Vida Crist\u00e3 - Franciscanos\" \/>\n<meta property=\"og:description\" content=\"Primeira Sexta-feira do M\u00eas\" \/>\n<meta property=\"og:url\" content=\"https:\/\/franciscanos.org.br\/vidacrista\/tocar-as-feridas-de-cristo\/\" \/>\n<meta property=\"og:site_name\" content=\"Vida Crist\u00e3 - Franciscanos\" \/>\n<meta property=\"article:published_time\" content=\"2022-05-04T11:34:43+00:00\" \/>\n<meta property=\"og:image\" content=\"https:\/\/franciscanos.org.br\/vidacrista\/wp-content\/uploads\/2022\/05\/cristo_0405.jpg\" \/>\n\t<meta property=\"og:image:width\" content=\"840\" \/>\n\t<meta property=\"og:image:height\" content=\"450\" \/>\n\t<meta property=\"og:image:type\" content=\"image\/jpeg\" \/>\n<meta name=\"author\" content=\"moacir\" \/>\n<meta name=\"twitter:card\" content=\"summary_large_image\" \/>\n<meta name=\"twitter:label1\" content=\"Escrito por\" \/>\n\t<meta name=\"twitter:data1\" content=\"moacir\" \/>\n\t<meta name=\"twitter:label2\" content=\"Est. tempo de leitura\" \/>\n\t<meta name=\"twitter:data2\" content=\"2 minutos\" \/>\n<script type=\"application\/ld+json\" class=\"yoast-schema-graph\">{\"@context\":\"https:\/\/schema.org\",\"@graph\":[{\"@type\":\"WebSite\",\"@id\":\"https:\/\/franciscanos.org.br\/vidacrista\/#website\",\"url\":\"https:\/\/franciscanos.org.br\/vidacrista\/\",\"name\":\"Vida Crist\u00e3 - Franciscanos\",\"description\":\"Prov\u00edncia Franciscana da Imaculada Concei\u00e7\u00e3o do Brasil - Ordem dos Frades Menores\",\"potentialAction\":[{\"@type\":\"SearchAction\",\"target\":{\"@type\":\"EntryPoint\",\"urlTemplate\":\"https:\/\/franciscanos.org.br\/vidacrista\/?s={search_term_string}\"},\"query-input\":\"required name=search_term_string\"}],\"inLanguage\":\"pt-BR\"},{\"@type\":\"WebPage\",\"@id\":\"https:\/\/franciscanos.org.br\/vidacrista\/tocar-as-feridas-de-cristo\/\",\"url\":\"https:\/\/franciscanos.org.br\/vidacrista\/tocar-as-feridas-de-cristo\/\",\"name\":\"Tocar as feridas de Cristo - Vida Crist\u00e3 - Franciscanos\",\"isPartOf\":{\"@id\":\"https:\/\/franciscanos.org.br\/vidacrista\/#website\"},\"datePublished\":\"2022-05-04T11:34:43+00:00\",\"dateModified\":\"2022-05-04T11:34:43+00:00\",\"author\":{\"@id\":\"https:\/\/franciscanos.org.br\/vidacrista\/#\/schema\/person\/1880bdd2c350b735648725ef7614736a\"},\"breadcrumb\":{\"@id\":\"https:\/\/franciscanos.org.br\/vidacrista\/tocar-as-feridas-de-cristo\/#breadcrumb\"},\"inLanguage\":\"pt-BR\",\"potentialAction\":[{\"@type\":\"ReadAction\",\"target\":[\"https:\/\/franciscanos.org.br\/vidacrista\/tocar-as-feridas-de-cristo\/\"]}]},{\"@type\":\"BreadcrumbList\",\"@id\":\"https:\/\/franciscanos.org.br\/vidacrista\/tocar-as-feridas-de-cristo\/#breadcrumb\",\"itemListElement\":[{\"@type\":\"ListItem\",\"position\":1,\"name\":\"Home\",\"item\":\"https:\/\/franciscanos.org.br\/vidacrista\/\"},{\"@type\":\"ListItem\",\"position\":2,\"name\":\"Tocar as feridas de Cristo\"}]},{\"@type\":\"Person\",\"@id\":\"https:\/\/franciscanos.org.br\/vidacrista\/#\/schema\/person\/1880bdd2c350b735648725ef7614736a\",\"name\":\"moacir\",\"image\":{\"@type\":\"ImageObject\",\"inLanguage\":\"pt-BR\",\"@id\":\"https:\/\/franciscanos.org.br\/vidacrista\/#\/schema\/person\/image\/\",\"url\":\"https:\/\/secure.gravatar.com\/avatar\/d08aa2ce4c8dd416d4479aa8536fcf64?s=96&d=mm&r=g\",\"contentUrl\":\"https:\/\/secure.gravatar.com\/avatar\/d08aa2ce4c8dd416d4479aa8536fcf64?s=96&d=mm&r=g\",\"caption\":\"moacir\"},\"url\":\"https:\/\/franciscanos.org.br\/vidacrista\/author\/moacir\/\"}]}<\/script>\n<!-- \/ Yoast SEO plugin. -->","yoast_head_json":{"title":"Tocar as feridas de Cristo - Vida Crist\u00e3 - Franciscanos","robots":{"index":"index","follow":"follow","max-snippet":"max-snippet:-1","max-image-preview":"max-image-preview:large","max-video-preview":"max-video-preview:-1"},"canonical":"https:\/\/franciscanos.org.br\/vidacrista\/tocar-as-feridas-de-cristo\/","og_locale":"pt_BR","og_type":"article","og_title":"Tocar as feridas de Cristo - Vida Crist\u00e3 - Franciscanos","og_description":"Primeira Sexta-feira do M\u00eas","og_url":"https:\/\/franciscanos.org.br\/vidacrista\/tocar-as-feridas-de-cristo\/","og_site_name":"Vida Crist\u00e3 - Franciscanos","article_published_time":"2022-05-04T11:34:43+00:00","og_image":[{"width":840,"height":450,"url":"https:\/\/franciscanos.org.br\/vidacrista\/wp-content\/uploads\/2022\/05\/cristo_0405.jpg","type":"image\/jpeg"}],"author":"moacir","twitter_card":"summary_large_image","twitter_misc":{"Escrito por":"moacir","Est. tempo de leitura":"2 minutos"},"schema":{"@context":"https:\/\/schema.org","@graph":[{"@type":"WebSite","@id":"https:\/\/franciscanos.org.br\/vidacrista\/#website","url":"https:\/\/franciscanos.org.br\/vidacrista\/","name":"Vida Crist\u00e3 - Franciscanos","description":"Prov\u00edncia Franciscana da Imaculada Concei\u00e7\u00e3o do Brasil - Ordem dos Frades Menores","potentialAction":[{"@type":"SearchAction","target":{"@type":"EntryPoint","urlTemplate":"https:\/\/franciscanos.org.br\/vidacrista\/?s={search_term_string}"},"query-input":"required name=search_term_string"}],"inLanguage":"pt-BR"},{"@type":"WebPage","@id":"https:\/\/franciscanos.org.br\/vidacrista\/tocar-as-feridas-de-cristo\/","url":"https:\/\/franciscanos.org.br\/vidacrista\/tocar-as-feridas-de-cristo\/","name":"Tocar as feridas de Cristo - Vida Crist\u00e3 - Franciscanos","isPartOf":{"@id":"https:\/\/franciscanos.org.br\/vidacrista\/#website"},"datePublished":"2022-05-04T11:34:43+00:00","dateModified":"2022-05-04T11:34:43+00:00","author":{"@id":"https:\/\/franciscanos.org.br\/vidacrista\/#\/schema\/person\/1880bdd2c350b735648725ef7614736a"},"breadcrumb":{"@id":"https:\/\/franciscanos.org.br\/vidacrista\/tocar-as-feridas-de-cristo\/#breadcrumb"},"inLanguage":"pt-BR","potentialAction":[{"@type":"ReadAction","target":["https:\/\/franciscanos.org.br\/vidacrista\/tocar-as-feridas-de-cristo\/"]}]},{"@type":"BreadcrumbList","@id":"https:\/\/franciscanos.org.br\/vidacrista\/tocar-as-feridas-de-cristo\/#breadcrumb","itemListElement":[{"@type":"ListItem","position":1,"name":"Home","item":"https:\/\/franciscanos.org.br\/vidacrista\/"},{"@type":"ListItem","position":2,"name":"Tocar as feridas de Cristo"}]},{"@type":"Person","@id":"https:\/\/franciscanos.org.br\/vidacrista\/#\/schema\/person\/1880bdd2c350b735648725ef7614736a","name":"moacir","image":{"@type":"ImageObject","inLanguage":"pt-BR","@id":"https:\/\/franciscanos.org.br\/vidacrista\/#\/schema\/person\/image\/","url":"https:\/\/secure.gravatar.com\/avatar\/d08aa2ce4c8dd416d4479aa8536fcf64?s=96&d=mm&r=g","contentUrl":"https:\/\/secure.gravatar.com\/avatar\/d08aa2ce4c8dd416d4479aa8536fcf64?s=96&d=mm&r=g","caption":"moacir"},"url":"https:\/\/franciscanos.org.br\/vidacrista\/author\/moacir\/"}]}},"_links":{"self":[{"href":"https:\/\/franciscanos.org.br\/vidacrista\/wp-json\/wp\/v2\/posts\/191796"}],"collection":[{"href":"https:\/\/franciscanos.org.br\/vidacrista\/wp-json\/wp\/v2\/posts"}],"about":[{"href":"https:\/\/franciscanos.org.br\/vidacrista\/wp-json\/wp\/v2\/types\/post"}],"author":[{"embeddable":true,"href":"https:\/\/franciscanos.org.br\/vidacrista\/wp-json\/wp\/v2\/users\/3"}],"replies":[{"embeddable":true,"href":"https:\/\/franciscanos.org.br\/vidacrista\/wp-json\/wp\/v2\/comments?post=191796"}],"version-history":[{"count":1,"href":"https:\/\/franciscanos.org.br\/vidacrista\/wp-json\/wp\/v2\/posts\/191796\/revisions"}],"predecessor-version":[{"id":191798,"href":"https:\/\/franciscanos.org.br\/vidacrista\/wp-json\/wp\/v2\/posts\/191796\/revisions\/191798"}],"wp:featuredmedia":[{"embeddable":true,"href":"https:\/\/franciscanos.org.br\/vidacrista\/wp-json\/wp\/v2\/media\/191797"}],"wp:attachment":[{"href":"https:\/\/franciscanos.org.br\/vidacrista\/wp-json\/wp\/v2\/media?parent=191796"}],"wp:term":[{"taxonomy":"category","embeddable":true,"href":"https:\/\/franciscanos.org.br\/vidacrista\/wp-json\/wp\/v2\/categories?post=191796"},{"taxonomy":"post_tag","embeddable":true,"href":"https:\/\/franciscanos.org.br\/vidacrista\/wp-json\/wp\/v2\/tags?post=191796"}],"curies":[{"name":"wp","href":"https:\/\/api.w.org\/{rel}","templated":true}]}}