{"id":191763,"date":"2022-04-27T09:41:55","date_gmt":"2022-04-27T12:41:55","guid":{"rendered":"https:\/\/franciscanos.org.br\/vidacrista\/?p=191763"},"modified":"2022-04-27T09:42:29","modified_gmt":"2022-04-27T12:42:29","slug":"pensar-o-impensavel-a-vida-e-o-tempo","status":"publish","type":"post","link":"https:\/\/franciscanos.org.br\/vidacrista\/pensar-o-impensavel-a-vida-e-o-tempo\/","title":{"rendered":"Pensar o impens\u00e1vel? A vida e o tempo"},"content":{"rendered":"<div id=\"attachment_191764\" style=\"width: 850px\" class=\"wp-caption alignnone\"><img aria-describedby=\"caption-attachment-191764\" decoding=\"async\" loading=\"lazy\" class=\"wp-image-191764 size-full\" src=\"https:\/\/franciscanos.org.br\/vidacrista\/wp-content\/uploads\/2022\/04\/artigo_2704.jpg\" alt=\"\" width=\"840\" height=\"450\" srcset=\"https:\/\/franciscanos.org.br\/vidacrista\/wp-content\/uploads\/2022\/04\/artigo_2704.jpg 840w, https:\/\/franciscanos.org.br\/vidacrista\/wp-content\/uploads\/2022\/04\/artigo_2704-450x241.jpg 450w, https:\/\/franciscanos.org.br\/vidacrista\/wp-content\/uploads\/2022\/04\/artigo_2704-768x411.jpg 768w, https:\/\/franciscanos.org.br\/vidacrista\/wp-content\/uploads\/2022\/04\/artigo_2704-150x80.jpg 150w\" sizes=\"(max-width: 840px) 100vw, 840px\" \/><p id=\"caption-attachment-191764\" class=\"wp-caption-text\"><em>\u00a0 \u00a0 \u00a0 \u00a0 \u00a0 \u00a0 \u00a0 \u00a0 \u00a0 \u00a0 \u00a0 \u00a0 \u00a0 \u00a0 \u00a0 \u00a0 \u00a0 \u00a0 \u00a0 \u00a0 \u00a0 \u00a0 \u00a0 \u00a0 \u00a0 \u00a0 \u00a0 \u00a0 \u00a0 \u00a0 \u00a0 \u00a0 \u00a0 \u00a0 \u00a0 \u00a0 \u00a0 \u00a0 \u00a0 \u00a0 \u00a0 \u00a0 \u00a0 \u00a0 \u00a0 \u00a0 \u00a0 \u00a0 Imagem: Miss\u00f5es Franciscanas da Prov\u00edncia<\/em><\/p><\/div>\n<p><strong>Leonardo Boff<\/strong><\/p>\n<p style=\"padding-left: 40px;\"><strong>Foi-me solicitado escrever alguns pensamentos sobre a vida e o tempo, destinados aos jovens de hoje. Eis o que escrevi:<\/strong><\/p>\n<p>\u201cMeus caros jovens,<\/p>\n<p>Considerem a vida, o valor supremo, acima do qual s\u00f3 h\u00e1 o Gerador de toda vida, aquele Ser que faz ser todos os seres. Os cientistas, especialmente o maior deles que se ocupou do tema da vida, o russo-belga I. Prigogine, afirmou: podemos conhecer as condi\u00e7\u00f5es f\u00edsico-qu\u00edmico-geol\u00f3gicas que permitiram o irromper a vida h\u00e1 3,8 bilh\u00f5es de anos. O que ela seja, no entanto, permanece um mist\u00e9rio.<\/p>\n<p>Mas podemos seguramente dizer que o sentido da vida \u00e9 viver, simplesmente viver, mesmo na mais hum\u00edlima condi\u00e7\u00e3o. Viver \u00e9 realizar, a cada momento, a celebra\u00e7\u00e3o desse evento misterioso do universo que pulsa em n\u00f3s e qui\u00e7\u00e1 em muitas outras partes do universo.<\/p>\n<p>A vida \u00e9 sempre uma vida <strong>com<\/strong> e uma vida <strong>para.<\/strong> Vida <strong>com<\/strong> outras vidas, com vidas humanas, com vidas da natureza e com vidas que por acaso existirem no universo e que um dia puderem se comunicar conosco. E vida <strong>para<\/strong> dar-se e unir-se a outras vidas para que a vida continue vida e sempre se perpetue.<\/p>\n<p>Mas a vida \u00e9 tomada por uma puls\u00e3o interior que n\u00e3o pode ser freada. A vida quer irradiar, se expandir e se encontrar com outras vidas. A vida \u00e9 s\u00f3 vida quando \u00e9 vida <strong>com<\/strong> e vida <strong>para<\/strong>.<\/p>\n<p>Sem o <strong>com<\/strong> e sem o <strong>para<\/strong> a vida n\u00e3o existiria como vida assim como a conhecemos, envolta em redes de rela\u00e7\u00f5es includentes e para todos os lados.<\/p>\n<p>A puls\u00e3o irrefre\u00e1vel da vida faz com que ela n\u00e3o queira s\u00f3 isso e aquilo. Quer tudo. Quer at\u00e9 a Totalidade, quer o Infinito. No fundo, a vida quer ser eterna.<\/p>\n<p>Ela carrega dentro de si um projeto infinito. Este projeto infinito a torna<strong> feliz<\/strong> e <strong>infeliz.<\/strong> Feliz porque encontra, ama e celebra outras vidas e tudo o que est\u00e1 ao seu redor, mas \u00e9 infeliz porque tudo o que encontra, ama e celebra \u00e9 finito, lentamente se desgasta, cai sob o poder da entropia e acaba desaparecendo. Apesar dessa finitude em nada enfraquece a puls\u00e3o pelo Infinito e pelo Eterno.<\/p>\n<p>Ao encontrar esse Infinito repousa, experimenta uma plenitude que ningu\u00e9m lhe pode dar, mas que s\u00f3 ela pode desfrutar e celebrar. O infinito em n\u00f3s \u00e9 o eco de um Infinito maior que sempre nos chama e nos convoca.<\/p>\n<p>A vida \u00e9 inteira, mas incompleta. \u00c9 inteira porque dentro dela est\u00e1 tudo: o real e o potencial. Mas \u00e9 incompleta porque o potencial ainda n\u00e3o se fez real. E como o potencial \u00e9 ilimitado, o nosso tipo limitado de vida n\u00e3o comporta o ilimitado. Por isso nunca se faz completa para sempre. Permanece como abertura e espera para uma completude que quer e deve, um dia, acontecer. \u00c9 um vazio que reclama ser plenificado. Caso contr\u00e1rio a vida n\u00e3o teria sentido. Como disse algu\u00e9m: &#8220;A vida \u00e9 oce\u00e2nica demais para caber numa doutrina petrificada no tempo\u201d. N\u00e3o seria a morte o momento de encontro do finito com o Infinito?<\/p>\n<p>Eis que com a vida, surge o tempo. Que \u00e9 o tempo? O tempo \u00e9 a espera <em>daquilo que pode vir a acontecer.<\/em> Essa espera \u00e9 a nossa abertura, capaz de acolher o que pode vir, fazer-nos mais inteiros e menos incompletos.<\/p>\n<p>Viva intensamente cada momento do tempo! O passado j\u00e1 n\u00e3o existe porque passou, o futuro n\u00e3o existe porque ainda n\u00e3o veio. S\u00f3 existe o presente. Viva-o com absoluta intensidade, valorize cada momento, ele traz o futuro para o presente e enriquece o passado.<\/p>\n<p>Cada momento \u00e9 a irrup\u00e7\u00e3o do eterno. S\u00f3 pode ser vivido. N\u00e3o pode ser apreendido, aprisionado e apropriado. S\u00f3 ele \u00e9. Um dia foi (o passado) e um dia ser\u00e1 (o futuro). Do tempo n\u00f3s s\u00f3 conhecemos o passado. O futuro nos \u00e9 inacess\u00edvel porque ainda n\u00e3o \u00e9. N\u00f3s, no entanto, vivemos o \u201c\u00e9\u201d do presente que nunca nos \u00e9 concedido prend\u00ea-lo. Ele simplesmente passa por n\u00f3s e se vai. Ele possui a natureza da eternidade que \u00e9 um permanente \u201c\u00b4\u00e9\u201d. O tempo assim significa a presen\u00e7a fugaz da eternidade. N\u00f3s estamos imersos na eternidade.<\/p>\n<p>Viva esse <strong>\u201c\u00e9\u201d<\/strong> como se fosse o primeiro e o \u00faltimo. Assim voc\u00ea mesmo se eterniza. E eternizando-se participa Daquele que sempre <strong>\u00e9<\/strong> sem passado nem futuro. Um <strong>\u00e9 eterno.<\/strong><\/p>\n<p>Podemos falar do tempo, mas ele \u00e9 impens\u00e1vel. Esse <strong>\u00e9 eterno<\/strong> est\u00e1 vinculado ao que as tradi\u00e7\u00f5es espirituais e religiosas da humanidade designaram como Mist\u00e9rio, Tao, Shiva, Al\u00e1, Olorum, Jav\u00e9, Deus, nomes que n\u00e3o cabem em nenhum dicion\u00e1rio e est\u00e3o para al\u00e9m de nosso entendimento. Diante dele afogam-se as palavras. S\u00f3 o nobre sil\u00eancio \u00e9 digno.<\/p>\n<p>Mesmo assim cada um deve dar-lhe o nome que \u00e9 o nome de sua participa\u00e7\u00e3o n&#8217;Ele e de sua total abertura a Ele. Esse nome fica inscrito em todo o seu ser temporal, mas principalmente pulsa em seu cora\u00e7\u00e3o. Ent\u00e3o, o seu cora\u00e7\u00e3o e o cora\u00e7\u00e3o d&#8217;Aquele que eternamente <strong>\u00e9,<\/strong> formam um s\u00f3 e imenso cora\u00e7\u00e3o\u201d.<\/p>\n<p><em>Dedico este texto ao prof. Wilian Martinh\u00e3o que organizou um livro \u201cO tempo, o que \u00e9? Uma hist\u00f3ria dos tempos\u201d para o qual eu fiz a Apresenta\u00e7\u00e3o que me permito public\u00e1-la antes de a obra vir \u00e0 lume.<\/em><\/p>\n<hr \/>\n<p><strong>Leonardo Boff<\/strong>, <em>te\u00f3logo, fil\u00f3sofo e escritor<\/em><\/p>\n","protected":false},"excerpt":{"rendered":"<p>Artigo de Leonardo Boff<\/p>\n","protected":false},"author":3,"featured_media":191764,"comment_status":"open","ping_status":"open","sticky":false,"template":"","format":"standard","meta":{"footnotes":""},"categories":[26],"tags":[59],"yoast_head":"<!-- This site is optimized with the Yoast SEO plugin v19.4 - https:\/\/yoast.com\/wordpress\/plugins\/seo\/ -->\n<title>Pensar o impens\u00e1vel? A vida e o tempo - Vida Crist\u00e3 - Franciscanos<\/title>\n<meta name=\"robots\" content=\"index, follow, max-snippet:-1, max-image-preview:large, max-video-preview:-1\" \/>\n<link rel=\"canonical\" href=\"https:\/\/franciscanos.org.br\/vidacrista\/pensar-o-impensavel-a-vida-e-o-tempo\/\" \/>\n<meta property=\"og:locale\" content=\"pt_BR\" \/>\n<meta property=\"og:type\" content=\"article\" \/>\n<meta property=\"og:title\" content=\"Pensar o impens\u00e1vel? A vida e o tempo - Vida Crist\u00e3 - Franciscanos\" \/>\n<meta property=\"og:description\" content=\"Artigo de Leonardo Boff\" \/>\n<meta property=\"og:url\" content=\"https:\/\/franciscanos.org.br\/vidacrista\/pensar-o-impensavel-a-vida-e-o-tempo\/\" \/>\n<meta property=\"og:site_name\" content=\"Vida Crist\u00e3 - Franciscanos\" \/>\n<meta property=\"article:published_time\" content=\"2022-04-27T12:41:55+00:00\" \/>\n<meta property=\"article:modified_time\" content=\"2022-04-27T12:42:29+00:00\" \/>\n<meta property=\"og:image\" content=\"https:\/\/franciscanos.org.br\/vidacrista\/wp-content\/uploads\/2022\/04\/artigo_2704.jpg\" \/>\n\t<meta property=\"og:image:width\" content=\"840\" \/>\n\t<meta property=\"og:image:height\" content=\"450\" \/>\n\t<meta property=\"og:image:type\" content=\"image\/jpeg\" \/>\n<meta name=\"author\" content=\"moacir\" \/>\n<meta name=\"twitter:card\" content=\"summary_large_image\" \/>\n<meta name=\"twitter:label1\" content=\"Escrito por\" \/>\n\t<meta name=\"twitter:data1\" content=\"moacir\" \/>\n\t<meta name=\"twitter:label2\" content=\"Est. tempo de leitura\" \/>\n\t<meta name=\"twitter:data2\" content=\"5 minutos\" \/>\n<script type=\"application\/ld+json\" class=\"yoast-schema-graph\">{\"@context\":\"https:\/\/schema.org\",\"@graph\":[{\"@type\":\"WebSite\",\"@id\":\"https:\/\/franciscanos.org.br\/vidacrista\/#website\",\"url\":\"https:\/\/franciscanos.org.br\/vidacrista\/\",\"name\":\"Vida Crist\u00e3 - Franciscanos\",\"description\":\"Prov\u00edncia Franciscana da Imaculada Concei\u00e7\u00e3o do Brasil - Ordem dos Frades Menores\",\"potentialAction\":[{\"@type\":\"SearchAction\",\"target\":{\"@type\":\"EntryPoint\",\"urlTemplate\":\"https:\/\/franciscanos.org.br\/vidacrista\/?s={search_term_string}\"},\"query-input\":\"required name=search_term_string\"}],\"inLanguage\":\"pt-BR\"},{\"@type\":\"WebPage\",\"@id\":\"https:\/\/franciscanos.org.br\/vidacrista\/pensar-o-impensavel-a-vida-e-o-tempo\/\",\"url\":\"https:\/\/franciscanos.org.br\/vidacrista\/pensar-o-impensavel-a-vida-e-o-tempo\/\",\"name\":\"Pensar o impens\u00e1vel? A vida e o tempo - Vida Crist\u00e3 - Franciscanos\",\"isPartOf\":{\"@id\":\"https:\/\/franciscanos.org.br\/vidacrista\/#website\"},\"datePublished\":\"2022-04-27T12:41:55+00:00\",\"dateModified\":\"2022-04-27T12:42:29+00:00\",\"author\":{\"@id\":\"https:\/\/franciscanos.org.br\/vidacrista\/#\/schema\/person\/1880bdd2c350b735648725ef7614736a\"},\"breadcrumb\":{\"@id\":\"https:\/\/franciscanos.org.br\/vidacrista\/pensar-o-impensavel-a-vida-e-o-tempo\/#breadcrumb\"},\"inLanguage\":\"pt-BR\",\"potentialAction\":[{\"@type\":\"ReadAction\",\"target\":[\"https:\/\/franciscanos.org.br\/vidacrista\/pensar-o-impensavel-a-vida-e-o-tempo\/\"]}]},{\"@type\":\"BreadcrumbList\",\"@id\":\"https:\/\/franciscanos.org.br\/vidacrista\/pensar-o-impensavel-a-vida-e-o-tempo\/#breadcrumb\",\"itemListElement\":[{\"@type\":\"ListItem\",\"position\":1,\"name\":\"Home\",\"item\":\"https:\/\/franciscanos.org.br\/vidacrista\/\"},{\"@type\":\"ListItem\",\"position\":2,\"name\":\"Pensar o impens\u00e1vel? A vida e o tempo\"}]},{\"@type\":\"Person\",\"@id\":\"https:\/\/franciscanos.org.br\/vidacrista\/#\/schema\/person\/1880bdd2c350b735648725ef7614736a\",\"name\":\"moacir\",\"image\":{\"@type\":\"ImageObject\",\"inLanguage\":\"pt-BR\",\"@id\":\"https:\/\/franciscanos.org.br\/vidacrista\/#\/schema\/person\/image\/\",\"url\":\"https:\/\/secure.gravatar.com\/avatar\/d08aa2ce4c8dd416d4479aa8536fcf64?s=96&d=mm&r=g\",\"contentUrl\":\"https:\/\/secure.gravatar.com\/avatar\/d08aa2ce4c8dd416d4479aa8536fcf64?s=96&d=mm&r=g\",\"caption\":\"moacir\"},\"url\":\"https:\/\/franciscanos.org.br\/vidacrista\/author\/moacir\/\"}]}<\/script>\n<!-- \/ Yoast SEO plugin. -->","yoast_head_json":{"title":"Pensar o impens\u00e1vel? A vida e o tempo - Vida Crist\u00e3 - Franciscanos","robots":{"index":"index","follow":"follow","max-snippet":"max-snippet:-1","max-image-preview":"max-image-preview:large","max-video-preview":"max-video-preview:-1"},"canonical":"https:\/\/franciscanos.org.br\/vidacrista\/pensar-o-impensavel-a-vida-e-o-tempo\/","og_locale":"pt_BR","og_type":"article","og_title":"Pensar o impens\u00e1vel? A vida e o tempo - Vida Crist\u00e3 - Franciscanos","og_description":"Artigo de Leonardo Boff","og_url":"https:\/\/franciscanos.org.br\/vidacrista\/pensar-o-impensavel-a-vida-e-o-tempo\/","og_site_name":"Vida Crist\u00e3 - Franciscanos","article_published_time":"2022-04-27T12:41:55+00:00","article_modified_time":"2022-04-27T12:42:29+00:00","og_image":[{"width":840,"height":450,"url":"https:\/\/franciscanos.org.br\/vidacrista\/wp-content\/uploads\/2022\/04\/artigo_2704.jpg","type":"image\/jpeg"}],"author":"moacir","twitter_card":"summary_large_image","twitter_misc":{"Escrito por":"moacir","Est. tempo de leitura":"5 minutos"},"schema":{"@context":"https:\/\/schema.org","@graph":[{"@type":"WebSite","@id":"https:\/\/franciscanos.org.br\/vidacrista\/#website","url":"https:\/\/franciscanos.org.br\/vidacrista\/","name":"Vida Crist\u00e3 - Franciscanos","description":"Prov\u00edncia Franciscana da Imaculada Concei\u00e7\u00e3o do Brasil - Ordem dos Frades Menores","potentialAction":[{"@type":"SearchAction","target":{"@type":"EntryPoint","urlTemplate":"https:\/\/franciscanos.org.br\/vidacrista\/?s={search_term_string}"},"query-input":"required name=search_term_string"}],"inLanguage":"pt-BR"},{"@type":"WebPage","@id":"https:\/\/franciscanos.org.br\/vidacrista\/pensar-o-impensavel-a-vida-e-o-tempo\/","url":"https:\/\/franciscanos.org.br\/vidacrista\/pensar-o-impensavel-a-vida-e-o-tempo\/","name":"Pensar o impens\u00e1vel? A vida e o tempo - Vida Crist\u00e3 - Franciscanos","isPartOf":{"@id":"https:\/\/franciscanos.org.br\/vidacrista\/#website"},"datePublished":"2022-04-27T12:41:55+00:00","dateModified":"2022-04-27T12:42:29+00:00","author":{"@id":"https:\/\/franciscanos.org.br\/vidacrista\/#\/schema\/person\/1880bdd2c350b735648725ef7614736a"},"breadcrumb":{"@id":"https:\/\/franciscanos.org.br\/vidacrista\/pensar-o-impensavel-a-vida-e-o-tempo\/#breadcrumb"},"inLanguage":"pt-BR","potentialAction":[{"@type":"ReadAction","target":["https:\/\/franciscanos.org.br\/vidacrista\/pensar-o-impensavel-a-vida-e-o-tempo\/"]}]},{"@type":"BreadcrumbList","@id":"https:\/\/franciscanos.org.br\/vidacrista\/pensar-o-impensavel-a-vida-e-o-tempo\/#breadcrumb","itemListElement":[{"@type":"ListItem","position":1,"name":"Home","item":"https:\/\/franciscanos.org.br\/vidacrista\/"},{"@type":"ListItem","position":2,"name":"Pensar o impens\u00e1vel? A vida e o tempo"}]},{"@type":"Person","@id":"https:\/\/franciscanos.org.br\/vidacrista\/#\/schema\/person\/1880bdd2c350b735648725ef7614736a","name":"moacir","image":{"@type":"ImageObject","inLanguage":"pt-BR","@id":"https:\/\/franciscanos.org.br\/vidacrista\/#\/schema\/person\/image\/","url":"https:\/\/secure.gravatar.com\/avatar\/d08aa2ce4c8dd416d4479aa8536fcf64?s=96&d=mm&r=g","contentUrl":"https:\/\/secure.gravatar.com\/avatar\/d08aa2ce4c8dd416d4479aa8536fcf64?s=96&d=mm&r=g","caption":"moacir"},"url":"https:\/\/franciscanos.org.br\/vidacrista\/author\/moacir\/"}]}},"_links":{"self":[{"href":"https:\/\/franciscanos.org.br\/vidacrista\/wp-json\/wp\/v2\/posts\/191763"}],"collection":[{"href":"https:\/\/franciscanos.org.br\/vidacrista\/wp-json\/wp\/v2\/posts"}],"about":[{"href":"https:\/\/franciscanos.org.br\/vidacrista\/wp-json\/wp\/v2\/types\/post"}],"author":[{"embeddable":true,"href":"https:\/\/franciscanos.org.br\/vidacrista\/wp-json\/wp\/v2\/users\/3"}],"replies":[{"embeddable":true,"href":"https:\/\/franciscanos.org.br\/vidacrista\/wp-json\/wp\/v2\/comments?post=191763"}],"version-history":[{"count":2,"href":"https:\/\/franciscanos.org.br\/vidacrista\/wp-json\/wp\/v2\/posts\/191763\/revisions"}],"predecessor-version":[{"id":191766,"href":"https:\/\/franciscanos.org.br\/vidacrista\/wp-json\/wp\/v2\/posts\/191763\/revisions\/191766"}],"wp:featuredmedia":[{"embeddable":true,"href":"https:\/\/franciscanos.org.br\/vidacrista\/wp-json\/wp\/v2\/media\/191764"}],"wp:attachment":[{"href":"https:\/\/franciscanos.org.br\/vidacrista\/wp-json\/wp\/v2\/media?parent=191763"}],"wp:term":[{"taxonomy":"category","embeddable":true,"href":"https:\/\/franciscanos.org.br\/vidacrista\/wp-json\/wp\/v2\/categories?post=191763"},{"taxonomy":"post_tag","embeddable":true,"href":"https:\/\/franciscanos.org.br\/vidacrista\/wp-json\/wp\/v2\/tags?post=191763"}],"curies":[{"name":"wp","href":"https:\/\/api.w.org\/{rel}","templated":true}]}}