{"id":191736,"date":"2022-04-14T05:10:30","date_gmt":"2022-04-14T08:10:30","guid":{"rendered":"https:\/\/franciscanos.org.br\/vidacrista\/?p=191736"},"modified":"2022-04-14T05:11:27","modified_gmt":"2022-04-14T08:11:27","slug":"a-nossa-ressurreicao-onde-comeca","status":"publish","type":"post","link":"https:\/\/franciscanos.org.br\/vidacrista\/a-nossa-ressurreicao-onde-comeca\/","title":{"rendered":"A nossa Ressurrei\u00e7\u00e3o: Onde come\u00e7a?"},"content":{"rendered":"<div id=\"attachment_191737\" style=\"width: 850px\" class=\"wp-caption alignnone\"><img aria-describedby=\"caption-attachment-191737\" decoding=\"async\" loading=\"lazy\" class=\"wp-image-191737 size-full\" src=\"https:\/\/franciscanos.org.br\/vidacrista\/wp-content\/uploads\/2022\/04\/artigo_14.jpg\" alt=\"\" width=\"840\" height=\"450\" srcset=\"https:\/\/franciscanos.org.br\/vidacrista\/wp-content\/uploads\/2022\/04\/artigo_14.jpg 840w, https:\/\/franciscanos.org.br\/vidacrista\/wp-content\/uploads\/2022\/04\/artigo_14-450x241.jpg 450w, https:\/\/franciscanos.org.br\/vidacrista\/wp-content\/uploads\/2022\/04\/artigo_14-768x411.jpg 768w, https:\/\/franciscanos.org.br\/vidacrista\/wp-content\/uploads\/2022\/04\/artigo_14-150x80.jpg 150w\" sizes=\"(max-width: 840px) 100vw, 840px\" \/><p id=\"caption-attachment-191737\" class=\"wp-caption-text\"><em>\u00a0 \u00a0 \u00a0 \u00a0 \u00a0 \u00a0 \u00a0 \u00a0 \u00a0 \u00a0 \u00a0 \u00a0 \u00a0 \u00a0 \u00a0 \u00a0 \u00a0 \u00a0 \u00a0 \u00a0 \u00a0 \u00a0 \u00a0 \u00a0 \u00a0 \u00a0 \u00a0 \u00a0 \u00a0 \u00a0 \u00a0 \u00a0 \u00a0 \u00a0 \u00a0 \u00a0 \u00a0 \u00a0 \u00a0 \u00a0 \u00a0 \u00a0 \u00a0 \u00a0 \u00a0 \u00a0 \u00a0 \u00a0 \u00a0 Imagem: Ticiano, Museu do Padro, dom\u00ednio p\u00fablico (Wikipedia)<\/em><\/p><\/div>\n<p><strong>Frei Luiz Iakovacz<\/strong><\/p>\n<p>Na caminhada da Igreja Primitiva, o n\u00facleo fundante da prega\u00e7\u00e3o dos ap\u00f3stolos era a Ressurrei\u00e7\u00e3o de Cristo. O Natal e outras Solenidades s\u00e3o bem posteriores.<\/p>\n<p>Ressuscitar \u00e9 voltar a viver com seu pr\u00f3prio corpo e, para nunca mais morrer. \u00c9 uma quest\u00e3o de f\u00e9 que vai al\u00e9m da ci\u00eancia e do senso comum.<\/p>\n<p>Desde as mais antigas culturas at\u00e9 hoje, todos t\u00eam dificuldades de lidar com o \u00b4al\u00e9m-t\u00famulo\u00b4.<\/p>\n<p>O indiano Siddartha Gautama (563 \u2013 483 aC), mais conhecido como Buda, ensinava que o maior problema da humanidade \u00e9 o sofrimento. Eliminado este, o ser humano viver\u00e1 em \u201cperene estado de perfeita paz\u201d. Para chegar a este ponto, \u00e9 preciso passar por metempsicoses, isto \u00e9, a alma de algu\u00e9m que morre, migra para outras mat\u00e9rias e\/ou corpos. Isto, sucessivamente, at\u00e9 chegar \u00e0 ilumina\u00e7\u00e3o completa, o nirvana.<\/p>\n<p>Para Buda, n\u00e3o h\u00e1 necessidade de divindades porque a pessoa mesma se auto redime.<\/p>\n<p>Muitos s\u00e9culos depois, o franc\u00eas Alan Kardec (1804 \u2013 1869) pregava que o esp\u00edrito de uma pessoa, ao perder seu corpo pela morte, se encarna em outra pessoa. Este \u2018esp\u00edrito et\u00e9reo\u2019 chegar\u00e1 \u00e0 felicidade completa, atrav\u00e9s de sucessivas reencarna\u00e7\u00f5es. Para ele, Jesus Cristo \u00e9 um \u201cesp\u00edrito de primeiro grau, um esp\u00edrito superior a todos e tem a miss\u00e3o de ajudar a humanidade, rumo \u00e0 perfei\u00e7\u00e3o\u201d.<\/p>\n<p>Como o budismo, o espiritismo n\u00e3o professa divindades porque o pr\u00f3prio ser humano pode realizar sua auto-reden\u00e7\u00e3o.<\/p>\n<p>O juda\u00edsmo, tamb\u00e9m, tem dificuldades quando a quest\u00e3o s\u00e3o os mortos. Estes habitam o Sheol, uma esp\u00e9cie de vida inativa e em completa escurid\u00e3o. Sua morada \u00e9 o fundo dos mares ou as profundezas da terra. Quem morrer, tanto dos \u00edmpios como dos justos \u201co Sheol \u00e9 o lugar que engole todos os que descem \u00e0 cova\u201d (Pr 1,12).<\/p>\n<p>Jesus compara a morte\/ressurrei\u00e7\u00e3o com a semente de trigo que, quando colocada na terra, morre e renasce\u201d (Jo 12,24). Em outra passagem diz que, no c\u00e9u, \u201cseremos como anjos\u201d (Mt 22,30).<\/p>\n<p>Os ap\u00f3stolos anunciam que foi Deus quem ressuscitou \u201cJesus dentre os mortos\u201d (At 2,24; 13,30; 26,8). Paulo \u00e9 categ\u00f3rico ao afirmar que o \u201chomem morre uma \u00fanica vez e, depois, vem o julgamento\u201d (Hb 9,27).<\/p>\n<p>No epis\u00f3dio do Monte Tabor, o evangelista Lucas escreve que \u201cenquanto Jesus rezava, se transfigurou\u201d e os ap\u00f3stolos se extasiaram diante do que viam (Lc 9,28-36).<\/p>\n<p>Sabemos que o Tabor \u00e9 como um pre\u00e2mbulo do Calv\u00e1rio. L\u00e1, Jesus rezava; aqui o Pai O ressuscita. Podemos dizer que entre o Tabor e o Calv\u00e1rio, est\u00e1 a vida de cada pessoa.<\/p>\n<p>\u00c0 medida que praticarmos o bem e nos convertermos, seremos um pequeno reflexo da luz de Deus. No ap\u00f3stolo Jo\u00e3o, podemos perceber o quanto ele corrigiu seu modo de agir \u2013 e porque n\u00e3o dizer \u2013 nele, nasceu um in\u00edcio de uma ressurrei\u00e7\u00e3o\/ilumina\u00e7\u00e3o. Ele era ambicioso e pediu para assentar-se num lugar de destaque quando Jesus instaurasse seu reinado (Mc 10,35-37). Era vingativo, pois pediu que Jesus mandasse um raio do c\u00e9u e fulminasse os samaritanos que lhe negaram hospedagem (Lc 9,51-56).<\/p>\n<p>No final da vida, por\u00e9m, vemos um Jo\u00e3o convertido e amoroso: \u201cFilhinhos, amemo-nos uns aos outros porque o amor vem de Deus\u201d (1Jo 4,7).\u00c9 preciso crer na ressurrei\u00e7\u00e3o da carne, pois \u00e9 isso que professamos quando rezamos o Credo. Esta meta final \u00e9 obra exclusiva de Deus, pois \u2013 assim como criou o ser humano do \u00b4adam\u00b4, p\u00f3 da terra \u2013 far\u00e1 ressurgir, do mesmo p\u00f3, o nosso corpo glorioso.<\/p>\n<p>No entanto e com certeza, nosso Criador anseia e nos ajuda a que, pela pr\u00e1tica do bem, nossa vida seja um pequeno reflexo do Deus\/Luz, pois aquele que disse \u201cEu sou a Luz do mundo\u201d (Jo 8,12), tamb\u00e9m ensinou \u201cv\u00f3s sois a luz do mundo\u201d (Mt 5,14).<\/p>\n<hr \/>\n<p><strong>Frei Luiz Iakovacz, OFM<\/strong>,<em>\u00a0frade desta Prov\u00edncia da Imaculada, \u00e9 coordenador da Fraternidade Santo Ant\u00f4nio de Santana Galv\u00e3o de Colatina (ES).<\/em><\/p>\n","protected":false},"excerpt":{"rendered":"<p>Artigo de Frei Luiz Iakovacz<\/p>\n","protected":false},"author":3,"featured_media":191737,"comment_status":"open","ping_status":"open","sticky":false,"template":"","format":"standard","meta":{"footnotes":""},"categories":[26],"tags":[208],"yoast_head":"<!-- This site is optimized with the Yoast SEO plugin v19.4 - https:\/\/yoast.com\/wordpress\/plugins\/seo\/ -->\n<title>A nossa Ressurrei\u00e7\u00e3o: Onde come\u00e7a? - Vida Crist\u00e3 - Franciscanos<\/title>\n<meta name=\"robots\" content=\"index, follow, max-snippet:-1, max-image-preview:large, max-video-preview:-1\" \/>\n<link rel=\"canonical\" href=\"https:\/\/franciscanos.org.br\/vidacrista\/a-nossa-ressurreicao-onde-comeca\/\" \/>\n<meta property=\"og:locale\" content=\"pt_BR\" \/>\n<meta property=\"og:type\" content=\"article\" \/>\n<meta property=\"og:title\" content=\"A nossa Ressurrei\u00e7\u00e3o: Onde come\u00e7a? - Vida Crist\u00e3 - Franciscanos\" \/>\n<meta property=\"og:description\" content=\"Artigo de Frei Luiz Iakovacz\" \/>\n<meta property=\"og:url\" content=\"https:\/\/franciscanos.org.br\/vidacrista\/a-nossa-ressurreicao-onde-comeca\/\" \/>\n<meta property=\"og:site_name\" content=\"Vida Crist\u00e3 - Franciscanos\" \/>\n<meta property=\"article:published_time\" content=\"2022-04-14T08:10:30+00:00\" \/>\n<meta property=\"article:modified_time\" content=\"2022-04-14T08:11:27+00:00\" \/>\n<meta property=\"og:image\" content=\"https:\/\/franciscanos.org.br\/vidacrista\/wp-content\/uploads\/2022\/04\/artigo_14.jpg\" \/>\n\t<meta property=\"og:image:width\" content=\"840\" \/>\n\t<meta property=\"og:image:height\" content=\"450\" \/>\n\t<meta property=\"og:image:type\" content=\"image\/jpeg\" \/>\n<meta name=\"author\" content=\"moacir\" \/>\n<meta name=\"twitter:card\" content=\"summary_large_image\" \/>\n<meta name=\"twitter:label1\" content=\"Escrito por\" \/>\n\t<meta name=\"twitter:data1\" content=\"moacir\" \/>\n\t<meta name=\"twitter:label2\" content=\"Est. tempo de leitura\" \/>\n\t<meta name=\"twitter:data2\" content=\"3 minutos\" \/>\n<script type=\"application\/ld+json\" class=\"yoast-schema-graph\">{\"@context\":\"https:\/\/schema.org\",\"@graph\":[{\"@type\":\"WebSite\",\"@id\":\"https:\/\/franciscanos.org.br\/vidacrista\/#website\",\"url\":\"https:\/\/franciscanos.org.br\/vidacrista\/\",\"name\":\"Vida Crist\u00e3 - Franciscanos\",\"description\":\"Prov\u00edncia Franciscana da Imaculada Concei\u00e7\u00e3o do Brasil - Ordem dos Frades Menores\",\"potentialAction\":[{\"@type\":\"SearchAction\",\"target\":{\"@type\":\"EntryPoint\",\"urlTemplate\":\"https:\/\/franciscanos.org.br\/vidacrista\/?s={search_term_string}\"},\"query-input\":\"required name=search_term_string\"}],\"inLanguage\":\"pt-BR\"},{\"@type\":\"WebPage\",\"@id\":\"https:\/\/franciscanos.org.br\/vidacrista\/a-nossa-ressurreicao-onde-comeca\/\",\"url\":\"https:\/\/franciscanos.org.br\/vidacrista\/a-nossa-ressurreicao-onde-comeca\/\",\"name\":\"A nossa Ressurrei\u00e7\u00e3o: Onde come\u00e7a? - Vida Crist\u00e3 - Franciscanos\",\"isPartOf\":{\"@id\":\"https:\/\/franciscanos.org.br\/vidacrista\/#website\"},\"datePublished\":\"2022-04-14T08:10:30+00:00\",\"dateModified\":\"2022-04-14T08:11:27+00:00\",\"author\":{\"@id\":\"https:\/\/franciscanos.org.br\/vidacrista\/#\/schema\/person\/1880bdd2c350b735648725ef7614736a\"},\"breadcrumb\":{\"@id\":\"https:\/\/franciscanos.org.br\/vidacrista\/a-nossa-ressurreicao-onde-comeca\/#breadcrumb\"},\"inLanguage\":\"pt-BR\",\"potentialAction\":[{\"@type\":\"ReadAction\",\"target\":[\"https:\/\/franciscanos.org.br\/vidacrista\/a-nossa-ressurreicao-onde-comeca\/\"]}]},{\"@type\":\"BreadcrumbList\",\"@id\":\"https:\/\/franciscanos.org.br\/vidacrista\/a-nossa-ressurreicao-onde-comeca\/#breadcrumb\",\"itemListElement\":[{\"@type\":\"ListItem\",\"position\":1,\"name\":\"Home\",\"item\":\"https:\/\/franciscanos.org.br\/vidacrista\/\"},{\"@type\":\"ListItem\",\"position\":2,\"name\":\"A nossa Ressurrei\u00e7\u00e3o: Onde come\u00e7a?\"}]},{\"@type\":\"Person\",\"@id\":\"https:\/\/franciscanos.org.br\/vidacrista\/#\/schema\/person\/1880bdd2c350b735648725ef7614736a\",\"name\":\"moacir\",\"image\":{\"@type\":\"ImageObject\",\"inLanguage\":\"pt-BR\",\"@id\":\"https:\/\/franciscanos.org.br\/vidacrista\/#\/schema\/person\/image\/\",\"url\":\"https:\/\/secure.gravatar.com\/avatar\/d08aa2ce4c8dd416d4479aa8536fcf64?s=96&d=mm&r=g\",\"contentUrl\":\"https:\/\/secure.gravatar.com\/avatar\/d08aa2ce4c8dd416d4479aa8536fcf64?s=96&d=mm&r=g\",\"caption\":\"moacir\"},\"url\":\"https:\/\/franciscanos.org.br\/vidacrista\/author\/moacir\/\"}]}<\/script>\n<!-- \/ Yoast SEO plugin. -->","yoast_head_json":{"title":"A nossa Ressurrei\u00e7\u00e3o: Onde come\u00e7a? - Vida Crist\u00e3 - Franciscanos","robots":{"index":"index","follow":"follow","max-snippet":"max-snippet:-1","max-image-preview":"max-image-preview:large","max-video-preview":"max-video-preview:-1"},"canonical":"https:\/\/franciscanos.org.br\/vidacrista\/a-nossa-ressurreicao-onde-comeca\/","og_locale":"pt_BR","og_type":"article","og_title":"A nossa Ressurrei\u00e7\u00e3o: Onde come\u00e7a? - Vida Crist\u00e3 - Franciscanos","og_description":"Artigo de Frei Luiz Iakovacz","og_url":"https:\/\/franciscanos.org.br\/vidacrista\/a-nossa-ressurreicao-onde-comeca\/","og_site_name":"Vida Crist\u00e3 - Franciscanos","article_published_time":"2022-04-14T08:10:30+00:00","article_modified_time":"2022-04-14T08:11:27+00:00","og_image":[{"width":840,"height":450,"url":"https:\/\/franciscanos.org.br\/vidacrista\/wp-content\/uploads\/2022\/04\/artigo_14.jpg","type":"image\/jpeg"}],"author":"moacir","twitter_card":"summary_large_image","twitter_misc":{"Escrito por":"moacir","Est. tempo de leitura":"3 minutos"},"schema":{"@context":"https:\/\/schema.org","@graph":[{"@type":"WebSite","@id":"https:\/\/franciscanos.org.br\/vidacrista\/#website","url":"https:\/\/franciscanos.org.br\/vidacrista\/","name":"Vida Crist\u00e3 - Franciscanos","description":"Prov\u00edncia Franciscana da Imaculada Concei\u00e7\u00e3o do Brasil - Ordem dos Frades Menores","potentialAction":[{"@type":"SearchAction","target":{"@type":"EntryPoint","urlTemplate":"https:\/\/franciscanos.org.br\/vidacrista\/?s={search_term_string}"},"query-input":"required name=search_term_string"}],"inLanguage":"pt-BR"},{"@type":"WebPage","@id":"https:\/\/franciscanos.org.br\/vidacrista\/a-nossa-ressurreicao-onde-comeca\/","url":"https:\/\/franciscanos.org.br\/vidacrista\/a-nossa-ressurreicao-onde-comeca\/","name":"A nossa Ressurrei\u00e7\u00e3o: Onde come\u00e7a? - Vida Crist\u00e3 - Franciscanos","isPartOf":{"@id":"https:\/\/franciscanos.org.br\/vidacrista\/#website"},"datePublished":"2022-04-14T08:10:30+00:00","dateModified":"2022-04-14T08:11:27+00:00","author":{"@id":"https:\/\/franciscanos.org.br\/vidacrista\/#\/schema\/person\/1880bdd2c350b735648725ef7614736a"},"breadcrumb":{"@id":"https:\/\/franciscanos.org.br\/vidacrista\/a-nossa-ressurreicao-onde-comeca\/#breadcrumb"},"inLanguage":"pt-BR","potentialAction":[{"@type":"ReadAction","target":["https:\/\/franciscanos.org.br\/vidacrista\/a-nossa-ressurreicao-onde-comeca\/"]}]},{"@type":"BreadcrumbList","@id":"https:\/\/franciscanos.org.br\/vidacrista\/a-nossa-ressurreicao-onde-comeca\/#breadcrumb","itemListElement":[{"@type":"ListItem","position":1,"name":"Home","item":"https:\/\/franciscanos.org.br\/vidacrista\/"},{"@type":"ListItem","position":2,"name":"A nossa Ressurrei\u00e7\u00e3o: Onde come\u00e7a?"}]},{"@type":"Person","@id":"https:\/\/franciscanos.org.br\/vidacrista\/#\/schema\/person\/1880bdd2c350b735648725ef7614736a","name":"moacir","image":{"@type":"ImageObject","inLanguage":"pt-BR","@id":"https:\/\/franciscanos.org.br\/vidacrista\/#\/schema\/person\/image\/","url":"https:\/\/secure.gravatar.com\/avatar\/d08aa2ce4c8dd416d4479aa8536fcf64?s=96&d=mm&r=g","contentUrl":"https:\/\/secure.gravatar.com\/avatar\/d08aa2ce4c8dd416d4479aa8536fcf64?s=96&d=mm&r=g","caption":"moacir"},"url":"https:\/\/franciscanos.org.br\/vidacrista\/author\/moacir\/"}]}},"_links":{"self":[{"href":"https:\/\/franciscanos.org.br\/vidacrista\/wp-json\/wp\/v2\/posts\/191736"}],"collection":[{"href":"https:\/\/franciscanos.org.br\/vidacrista\/wp-json\/wp\/v2\/posts"}],"about":[{"href":"https:\/\/franciscanos.org.br\/vidacrista\/wp-json\/wp\/v2\/types\/post"}],"author":[{"embeddable":true,"href":"https:\/\/franciscanos.org.br\/vidacrista\/wp-json\/wp\/v2\/users\/3"}],"replies":[{"embeddable":true,"href":"https:\/\/franciscanos.org.br\/vidacrista\/wp-json\/wp\/v2\/comments?post=191736"}],"version-history":[{"count":3,"href":"https:\/\/franciscanos.org.br\/vidacrista\/wp-json\/wp\/v2\/posts\/191736\/revisions"}],"predecessor-version":[{"id":191740,"href":"https:\/\/franciscanos.org.br\/vidacrista\/wp-json\/wp\/v2\/posts\/191736\/revisions\/191740"}],"wp:featuredmedia":[{"embeddable":true,"href":"https:\/\/franciscanos.org.br\/vidacrista\/wp-json\/wp\/v2\/media\/191737"}],"wp:attachment":[{"href":"https:\/\/franciscanos.org.br\/vidacrista\/wp-json\/wp\/v2\/media?parent=191736"}],"wp:term":[{"taxonomy":"category","embeddable":true,"href":"https:\/\/franciscanos.org.br\/vidacrista\/wp-json\/wp\/v2\/categories?post=191736"},{"taxonomy":"post_tag","embeddable":true,"href":"https:\/\/franciscanos.org.br\/vidacrista\/wp-json\/wp\/v2\/tags?post=191736"}],"curies":[{"name":"wp","href":"https:\/\/api.w.org\/{rel}","templated":true}]}}