{"id":191732,"date":"2022-04-13T05:37:42","date_gmt":"2022-04-13T08:37:42","guid":{"rendered":"https:\/\/franciscanos.org.br\/vidacrista\/?p=191732"},"modified":"2022-04-13T06:23:31","modified_gmt":"2022-04-13T09:23:31","slug":"judas-iscariotes-e-jesus-o-encontro-com-o-traidor-que-come-no-mesmo-prato-e-a-culpa-dos-judeus-mt-2614-25","status":"publish","type":"post","link":"https:\/\/franciscanos.org.br\/vidacrista\/judas-iscariotes-e-jesus-o-encontro-com-o-traidor-que-come-no-mesmo-prato-e-a-culpa-dos-judeus-mt-2614-25\/","title":{"rendered":"Judas Iscariotes e Jesus: o encontro com o \u201ctraidor\u201d que come no mesmo prato e a culpa dos judeus (Mt 26,14-25)"},"content":{"rendered":"<div id=\"attachment_191733\" style=\"width: 850px\" class=\"wp-caption alignnone\"><img aria-describedby=\"caption-attachment-191733\" decoding=\"async\" loading=\"lazy\" class=\"wp-image-191733 size-full\" src=\"https:\/\/franciscanos.org.br\/vidacrista\/wp-content\/uploads\/2022\/04\/judas_1304.jpg\" alt=\"\" width=\"840\" height=\"450\" srcset=\"https:\/\/franciscanos.org.br\/vidacrista\/wp-content\/uploads\/2022\/04\/judas_1304.jpg 840w, https:\/\/franciscanos.org.br\/vidacrista\/wp-content\/uploads\/2022\/04\/judas_1304-450x241.jpg 450w, https:\/\/franciscanos.org.br\/vidacrista\/wp-content\/uploads\/2022\/04\/judas_1304-768x411.jpg 768w, https:\/\/franciscanos.org.br\/vidacrista\/wp-content\/uploads\/2022\/04\/judas_1304-150x80.jpg 150w\" sizes=\"(max-width: 840px) 100vw, 840px\" \/><p id=\"caption-attachment-191733\" class=\"wp-caption-text\"><em>&#8220;O beijo de Judas&#8221;, Giotto di Bondone (1266\u20131337) Wikimedia Commons, dom\u00ednio p\u00fablico<\/em><\/p><\/div>\n<p><em>Frei Jacir de Freitas Faria<\/em> <a href=\"#_ftn1\" name=\"_ftnref1\">[1]<\/a><\/p>\n<p><em>\u00a0<\/em><em>Semana Santa \u00e9 sempre um momento prop\u00edcio para rever a nossa caminhada, a prociss\u00e3o intermin\u00e1vel de nossas vidas, regada de encontros e desencontros diversos, sofrimentos m\u00faltiplos e esperan\u00e7a sempre. Em muitas comunidades, hoje \u00e9 dedicado \u00e0 reflex\u00e3o sobre o encontro de Maria e seu Filho, Jesus. Gostaria de aproveitar essa cena para refletir sobre outro encontro, o de Jesus com Judas Iscariotes, pouco antes de sua prociss\u00e3o rumo ao calv\u00e1rio da morte. O texto que inspira a nossa reflex\u00e3o \u00e9 Mt 26,14-25. Jesus est\u00e1 \u00e0 mesa com os seus ap\u00f3stolos, quando revela um encontro fatal com o seu traidor, o ap\u00f3stolo Judas Iscariotes, aquele que cuidava das finan\u00e7as, da bolsa dos ap\u00f3stolos. <\/em><\/p>\n<p><iframe loading=\"lazy\" title=\"YouTube video player\" src=\"https:\/\/www.youtube.com\/embed\/4NCWk5odaIE\" width=\"100%\" height=\"500\" frameborder=\"0\" allowfullscreen=\"allowfullscreen\"><span data-mce-type=\"bookmark\" style=\"display: inline-block; width: 0px; overflow: hidden; line-height: 0;\" class=\"mce_SELRES_start\">\ufeff<\/span><\/iframe><\/p>\n<p><em>Comecemos com as seguintes perguntas: Quem \u00e9 Judas na tradi\u00e7\u00e3o crist\u00e3? <\/em>Por que os evangelhos can\u00f4nicos apresentam Judas como traidor? Se Jesus era t\u00e3o conhecido, at\u00e9 mesmo pelo imp\u00e9rio romano, por que ele precisaria de um delator? Ou todo grande personagem precisa de um grande traidor? O que significa afirmar que o traidor come no mesmo prato?<\/p>\n<p>O nome Judas tem rela\u00e7\u00e3o com os judeus. Judas teria sido colocado na lista dos ap\u00f3stolos para dizer que os judeus trairiam Jesus? Boa pergunta. A figura de Judas foi criada para estigmatiz\u00e1-los como traidores. Na Baixa Idade M\u00e9dia, a Igreja propagou a rejei\u00e7\u00e3o aos judeus. A tradi\u00e7\u00e3o da mem\u00f3ria de Judas,<a href=\"#_ftn2\" name=\"_ftnref2\">[2]<\/a> tanto nos textos can\u00f4nicos como nos ap\u00f3crifos \u2013 (h\u00e1 um evangelho ap\u00f3crifo gn\u00f3stico atribu\u00eddo a Judas Iscariotes) \u2013 procurou imputar a Judas Iscariotes a culpa pela morte de Jesus. H\u00e1 somente um fragmento ap\u00f3crifo que transfere a culpa para a sua mulher, considerada m\u00e1.<\/p>\n<p>Judas entregou Jesus por 30 moedas. Aplicando a guematria hebraica, um modo como os judeus fazem uma interpreta\u00e7\u00e3o judaica, atribuindo um n\u00famero a cada letra de um nome b\u00edblico escrito em hebraico, Judas, em hebraico, I+H+U+D+H corresponde a 10+5+6+4+5=30. Considerando ainda que o n\u00famero 3 representa o Divino, e 10, a completude, tudo que posso abarcar com as m\u00e3os. Com sua atitude, Judas traiu complemente a Deus, o Divino, em Cristo, assim como recordar\u00e1, sempre, ao povo judeu a trai\u00e7\u00e3o ao judeu e hist\u00f3rico Jesus de Nazar\u00e9. Judas traz no seu nome a puni\u00e7\u00e3o e o pre\u00e7o de sua trai\u00e7\u00e3o e a de seu povo. Trinta moedas \u00e9 o seu pr\u00f3prio nome.<\/p>\n<p>A comunidade judaica de Mateus conta que Jesus convida os seus ap\u00f3stolos para a ceia pascal e nela faz uma forte revela\u00e7\u00e3o, a de que o traidor estaria no meio deles e, o que \u00e9 mais grave, para ele melhor seria que n\u00e3o tivesse nascido, tamanha seria a sua culpa. Judas tem a sua figura enaltecida diante da grandiosidade de Jesus. Nesse sentido, nada melhor que um grande traidor. A cena mais tr\u00e1gica ocorre quando Judas, j\u00e1 consciente de seu plano para prender Jesus, ainda pergunta, negando a sua culpa: \u201cPor acaso sou eu, Senhor?\u201d Jesus responde com uma afirmativa: \u201cTu o dizes\u201d (Mt 24,25).<\/p>\n<p>Nesse encontro, h\u00e1 dois elementos importantes: a nega\u00e7\u00e3o e a admiss\u00e3o da culpa. Judas sabia que iria trair Jesus. Ele j\u00e1 tinha decidido por isso, mas come com o Mestre no mesmo prato, demonstrando-lhe um falso sentimento. Era o costume judaico comer na mesma panela. Jesus conhece a pretens\u00e3o de Judas e, por isso, d\u00e1 a conhec\u00ea-la. Qual Mestre\/Pai\/M\u00e3e que n\u00e3o conhece o seu disc\u00edpulo, seu filho? N\u00e3o \u00e9 Deus quem escolhe Judas para tra\u00ed-lo, Judas opta por agir desse modo. Judas n\u00e3o ama de verdade a Jesus. Ele usou a raz\u00e3o para trair o Mestre, por isso os seus sentimentos s\u00f3 poderiam ser falsos. Ele mesmo se entrega com seus falsos atos. Ao entregar Jesus, ele entregou a si mesmo. Quem n\u00e3o segue a Tor\u00e1, o Caminho da Justi\u00e7a, encontrar\u00e1 o caminho da morte sem retorno \u00e0 vida: a forca, o suic\u00eddio.<\/p>\n<p>\u00c9 dram\u00e1tico o final da hist\u00f3ria de Judas. Ele procurou os chefes dos sacerdotes e anci\u00e3os para devolver o dinheiro recebido pela trai\u00e7\u00e3o. Esses nem fizeram caso do sofrimento interior de Judas. Disseram: \u201cQue temos n\u00f3s com isso? O problema \u00e9 teu\u201d (Mt 27,4). Judas, ent\u00e3o, atirou as moedas no Templo e foi enforcar-se. As moedas serviram para comprar um terreno e nele fazer um cemit\u00e9rio para estrangeiros. Esse lugar recebeu o nome de \u201cCampo do Sangue\u201d. (Mt 27,5-8).<\/p>\n<p>Por ser uma personagem de not\u00f3ria fama entre os crist\u00e3os, ainda hoje, infelizmente, encontramos o costume de queimar Judas. Essa tradi\u00e7\u00e3o traz um qu\u00ea de antissemitismo e antijuda\u00edsmo. Queima-se o Judas com o intuito de queimar o povo judeu, por n\u00e3o ter aceitado Jesus como Messias.<\/p>\n<p>Judas continuam vivos no meio de n\u00f3s. Tra\u00edmos quem amamos, usamos o poder do dinheiro para tirar a vida do outro. Entre os pol\u00edticos s\u00e3o inumer\u00e1veis os judas de nosso tempo. Eles roubam a esperan\u00e7a do povo, traem a confian\u00e7a do voto. A culpa de Judas foi pesada, a nossa deveria ser maior ainda, quando n\u00e3o propiciamos o encontro com o Jesus que passa fome, vive maltrapilho, desempregado, sem casa, sem teto, sem trabalhos, sem acesso \u00e0 educa\u00e7\u00e3o. \u00a0Quantos desencontros que clamam por encontros de vida e de esperan\u00e7a! Sejamos propiciadores desses encontros.<\/p>\n<hr \/>\n<p><a href=\"#_ftnref1\" name=\"_ftn1\">[1]<\/a>Doutor em Teologia B\u00edblica pela FAJE (BH). Mestre em Ci\u00eancias B\u00edblicas (Exegese) pelo Pontif\u00edcio Instituto B\u00edblico de Roma. Professor de Exegese B\u00edblica. \u00c9 membro da Associa\u00e7\u00e3o Brasileira de Pesquisa B\u00edblica (ABIB). Sacerdote Franciscano. Autor de dez livros e coautor de quinze. Youtube: Frei Jacir B\u00edblia e Apocrifos. <a href=\"https:\/\/www.youtube.com\/channel\/UCwbSE97jnR6jQwHRigX1KlQ\">https:\/\/www.youtube.com\/channel\/UCwbSE97jnR6jQwHRigX1KlQ<\/a><\/p>\n<p><a href=\"#_ftnref2\" name=\"_ftn2\">[2]<\/a> Para um breve coment\u00e1rio a esse evangelho e fragmentos ap\u00f3crifos sobre Judas Iscariotes, veja em: FARIA, Jacir de Freitas Faria. <strong>Ap\u00f3crifos aberrantes, complementares e cristianismos alternativos<\/strong>: poder e heresias! Introdu\u00e7\u00e3o cr\u00edtica e hist\u00f3rica \u00e0 B\u00edblia Ap\u00f3crifa do Segundo Testamento. 2. ed. Petr\u00f3polis: Vozes, 2009. p. 232-245.<\/p>\n<p>&nbsp;<\/p>\n<p>&nbsp;<\/p>\n","protected":false},"excerpt":{"rendered":"<p>Artigo de Frei Jacir de Freitas Faria<\/p>\n","protected":false},"author":3,"featured_media":191733,"comment_status":"open","ping_status":"open","sticky":false,"template":"","format":"standard","meta":{"footnotes":""},"categories":[26],"tags":[43],"yoast_head":"<!-- This site is optimized with the Yoast SEO plugin v19.4 - https:\/\/yoast.com\/wordpress\/plugins\/seo\/ -->\n<title>Judas Iscariotes e Jesus: o encontro com o \u201ctraidor\u201d que come no mesmo prato e a culpa dos judeus (Mt 26,14-25) - Vida Crist\u00e3 - Franciscanos<\/title>\n<meta name=\"robots\" content=\"index, follow, max-snippet:-1, max-image-preview:large, max-video-preview:-1\" \/>\n<link rel=\"canonical\" href=\"https:\/\/franciscanos.org.br\/vidacrista\/judas-iscariotes-e-jesus-o-encontro-com-o-traidor-que-come-no-mesmo-prato-e-a-culpa-dos-judeus-mt-2614-25\/\" \/>\n<meta property=\"og:locale\" content=\"pt_BR\" \/>\n<meta property=\"og:type\" content=\"article\" \/>\n<meta property=\"og:title\" content=\"Judas Iscariotes e Jesus: o encontro com o \u201ctraidor\u201d que come no mesmo prato e a culpa dos judeus (Mt 26,14-25) - Vida Crist\u00e3 - Franciscanos\" \/>\n<meta property=\"og:description\" content=\"Artigo de Frei Jacir de Freitas Faria\" \/>\n<meta property=\"og:url\" content=\"https:\/\/franciscanos.org.br\/vidacrista\/judas-iscariotes-e-jesus-o-encontro-com-o-traidor-que-come-no-mesmo-prato-e-a-culpa-dos-judeus-mt-2614-25\/\" \/>\n<meta property=\"og:site_name\" content=\"Vida Crist\u00e3 - Franciscanos\" \/>\n<meta property=\"article:published_time\" content=\"2022-04-13T08:37:42+00:00\" \/>\n<meta property=\"article:modified_time\" content=\"2022-04-13T09:23:31+00:00\" \/>\n<meta property=\"og:image\" content=\"https:\/\/franciscanos.org.br\/vidacrista\/wp-content\/uploads\/2022\/04\/judas_1304.jpg\" \/>\n\t<meta property=\"og:image:width\" content=\"840\" \/>\n\t<meta property=\"og:image:height\" content=\"450\" \/>\n\t<meta property=\"og:image:type\" content=\"image\/jpeg\" \/>\n<meta name=\"author\" content=\"moacir\" \/>\n<meta name=\"twitter:card\" content=\"summary_large_image\" \/>\n<meta name=\"twitter:label1\" content=\"Escrito por\" \/>\n\t<meta name=\"twitter:data1\" content=\"moacir\" \/>\n\t<meta name=\"twitter:label2\" content=\"Est. tempo de leitura\" \/>\n\t<meta name=\"twitter:data2\" content=\"5 minutos\" \/>\n<script type=\"application\/ld+json\" class=\"yoast-schema-graph\">{\"@context\":\"https:\/\/schema.org\",\"@graph\":[{\"@type\":\"WebSite\",\"@id\":\"https:\/\/franciscanos.org.br\/vidacrista\/#website\",\"url\":\"https:\/\/franciscanos.org.br\/vidacrista\/\",\"name\":\"Vida Crist\u00e3 - Franciscanos\",\"description\":\"Prov\u00edncia Franciscana da Imaculada Concei\u00e7\u00e3o do Brasil - Ordem dos Frades Menores\",\"potentialAction\":[{\"@type\":\"SearchAction\",\"target\":{\"@type\":\"EntryPoint\",\"urlTemplate\":\"https:\/\/franciscanos.org.br\/vidacrista\/?s={search_term_string}\"},\"query-input\":\"required name=search_term_string\"}],\"inLanguage\":\"pt-BR\"},{\"@type\":\"WebPage\",\"@id\":\"https:\/\/franciscanos.org.br\/vidacrista\/judas-iscariotes-e-jesus-o-encontro-com-o-traidor-que-come-no-mesmo-prato-e-a-culpa-dos-judeus-mt-2614-25\/\",\"url\":\"https:\/\/franciscanos.org.br\/vidacrista\/judas-iscariotes-e-jesus-o-encontro-com-o-traidor-que-come-no-mesmo-prato-e-a-culpa-dos-judeus-mt-2614-25\/\",\"name\":\"Judas Iscariotes e Jesus: o encontro com o \u201ctraidor\u201d que come no mesmo prato e a culpa dos judeus (Mt 26,14-25) - Vida Crist\u00e3 - Franciscanos\",\"isPartOf\":{\"@id\":\"https:\/\/franciscanos.org.br\/vidacrista\/#website\"},\"datePublished\":\"2022-04-13T08:37:42+00:00\",\"dateModified\":\"2022-04-13T09:23:31+00:00\",\"author\":{\"@id\":\"https:\/\/franciscanos.org.br\/vidacrista\/#\/schema\/person\/1880bdd2c350b735648725ef7614736a\"},\"breadcrumb\":{\"@id\":\"https:\/\/franciscanos.org.br\/vidacrista\/judas-iscariotes-e-jesus-o-encontro-com-o-traidor-que-come-no-mesmo-prato-e-a-culpa-dos-judeus-mt-2614-25\/#breadcrumb\"},\"inLanguage\":\"pt-BR\",\"potentialAction\":[{\"@type\":\"ReadAction\",\"target\":[\"https:\/\/franciscanos.org.br\/vidacrista\/judas-iscariotes-e-jesus-o-encontro-com-o-traidor-que-come-no-mesmo-prato-e-a-culpa-dos-judeus-mt-2614-25\/\"]}]},{\"@type\":\"BreadcrumbList\",\"@id\":\"https:\/\/franciscanos.org.br\/vidacrista\/judas-iscariotes-e-jesus-o-encontro-com-o-traidor-que-come-no-mesmo-prato-e-a-culpa-dos-judeus-mt-2614-25\/#breadcrumb\",\"itemListElement\":[{\"@type\":\"ListItem\",\"position\":1,\"name\":\"Home\",\"item\":\"https:\/\/franciscanos.org.br\/vidacrista\/\"},{\"@type\":\"ListItem\",\"position\":2,\"name\":\"Judas Iscariotes e Jesus: o encontro com o \u201ctraidor\u201d que come no mesmo prato e a culpa dos judeus (Mt 26,14-25)\"}]},{\"@type\":\"Person\",\"@id\":\"https:\/\/franciscanos.org.br\/vidacrista\/#\/schema\/person\/1880bdd2c350b735648725ef7614736a\",\"name\":\"moacir\",\"image\":{\"@type\":\"ImageObject\",\"inLanguage\":\"pt-BR\",\"@id\":\"https:\/\/franciscanos.org.br\/vidacrista\/#\/schema\/person\/image\/\",\"url\":\"https:\/\/secure.gravatar.com\/avatar\/d08aa2ce4c8dd416d4479aa8536fcf64?s=96&d=mm&r=g\",\"contentUrl\":\"https:\/\/secure.gravatar.com\/avatar\/d08aa2ce4c8dd416d4479aa8536fcf64?s=96&d=mm&r=g\",\"caption\":\"moacir\"},\"url\":\"https:\/\/franciscanos.org.br\/vidacrista\/author\/moacir\/\"}]}<\/script>\n<!-- \/ Yoast SEO plugin. -->","yoast_head_json":{"title":"Judas Iscariotes e Jesus: o encontro com o \u201ctraidor\u201d que come no mesmo prato e a culpa dos judeus (Mt 26,14-25) - Vida Crist\u00e3 - Franciscanos","robots":{"index":"index","follow":"follow","max-snippet":"max-snippet:-1","max-image-preview":"max-image-preview:large","max-video-preview":"max-video-preview:-1"},"canonical":"https:\/\/franciscanos.org.br\/vidacrista\/judas-iscariotes-e-jesus-o-encontro-com-o-traidor-que-come-no-mesmo-prato-e-a-culpa-dos-judeus-mt-2614-25\/","og_locale":"pt_BR","og_type":"article","og_title":"Judas Iscariotes e Jesus: o encontro com o \u201ctraidor\u201d que come no mesmo prato e a culpa dos judeus (Mt 26,14-25) - Vida Crist\u00e3 - Franciscanos","og_description":"Artigo de Frei Jacir de Freitas Faria","og_url":"https:\/\/franciscanos.org.br\/vidacrista\/judas-iscariotes-e-jesus-o-encontro-com-o-traidor-que-come-no-mesmo-prato-e-a-culpa-dos-judeus-mt-2614-25\/","og_site_name":"Vida Crist\u00e3 - Franciscanos","article_published_time":"2022-04-13T08:37:42+00:00","article_modified_time":"2022-04-13T09:23:31+00:00","og_image":[{"width":840,"height":450,"url":"https:\/\/franciscanos.org.br\/vidacrista\/wp-content\/uploads\/2022\/04\/judas_1304.jpg","type":"image\/jpeg"}],"author":"moacir","twitter_card":"summary_large_image","twitter_misc":{"Escrito por":"moacir","Est. tempo de leitura":"5 minutos"},"schema":{"@context":"https:\/\/schema.org","@graph":[{"@type":"WebSite","@id":"https:\/\/franciscanos.org.br\/vidacrista\/#website","url":"https:\/\/franciscanos.org.br\/vidacrista\/","name":"Vida Crist\u00e3 - Franciscanos","description":"Prov\u00edncia Franciscana da Imaculada Concei\u00e7\u00e3o do Brasil - Ordem dos Frades Menores","potentialAction":[{"@type":"SearchAction","target":{"@type":"EntryPoint","urlTemplate":"https:\/\/franciscanos.org.br\/vidacrista\/?s={search_term_string}"},"query-input":"required name=search_term_string"}],"inLanguage":"pt-BR"},{"@type":"WebPage","@id":"https:\/\/franciscanos.org.br\/vidacrista\/judas-iscariotes-e-jesus-o-encontro-com-o-traidor-que-come-no-mesmo-prato-e-a-culpa-dos-judeus-mt-2614-25\/","url":"https:\/\/franciscanos.org.br\/vidacrista\/judas-iscariotes-e-jesus-o-encontro-com-o-traidor-que-come-no-mesmo-prato-e-a-culpa-dos-judeus-mt-2614-25\/","name":"Judas Iscariotes e Jesus: o encontro com o \u201ctraidor\u201d que come no mesmo prato e a culpa dos judeus (Mt 26,14-25) - Vida Crist\u00e3 - Franciscanos","isPartOf":{"@id":"https:\/\/franciscanos.org.br\/vidacrista\/#website"},"datePublished":"2022-04-13T08:37:42+00:00","dateModified":"2022-04-13T09:23:31+00:00","author":{"@id":"https:\/\/franciscanos.org.br\/vidacrista\/#\/schema\/person\/1880bdd2c350b735648725ef7614736a"},"breadcrumb":{"@id":"https:\/\/franciscanos.org.br\/vidacrista\/judas-iscariotes-e-jesus-o-encontro-com-o-traidor-que-come-no-mesmo-prato-e-a-culpa-dos-judeus-mt-2614-25\/#breadcrumb"},"inLanguage":"pt-BR","potentialAction":[{"@type":"ReadAction","target":["https:\/\/franciscanos.org.br\/vidacrista\/judas-iscariotes-e-jesus-o-encontro-com-o-traidor-que-come-no-mesmo-prato-e-a-culpa-dos-judeus-mt-2614-25\/"]}]},{"@type":"BreadcrumbList","@id":"https:\/\/franciscanos.org.br\/vidacrista\/judas-iscariotes-e-jesus-o-encontro-com-o-traidor-que-come-no-mesmo-prato-e-a-culpa-dos-judeus-mt-2614-25\/#breadcrumb","itemListElement":[{"@type":"ListItem","position":1,"name":"Home","item":"https:\/\/franciscanos.org.br\/vidacrista\/"},{"@type":"ListItem","position":2,"name":"Judas Iscariotes e Jesus: o encontro com o \u201ctraidor\u201d que come no mesmo prato e a culpa dos judeus (Mt 26,14-25)"}]},{"@type":"Person","@id":"https:\/\/franciscanos.org.br\/vidacrista\/#\/schema\/person\/1880bdd2c350b735648725ef7614736a","name":"moacir","image":{"@type":"ImageObject","inLanguage":"pt-BR","@id":"https:\/\/franciscanos.org.br\/vidacrista\/#\/schema\/person\/image\/","url":"https:\/\/secure.gravatar.com\/avatar\/d08aa2ce4c8dd416d4479aa8536fcf64?s=96&d=mm&r=g","contentUrl":"https:\/\/secure.gravatar.com\/avatar\/d08aa2ce4c8dd416d4479aa8536fcf64?s=96&d=mm&r=g","caption":"moacir"},"url":"https:\/\/franciscanos.org.br\/vidacrista\/author\/moacir\/"}]}},"_links":{"self":[{"href":"https:\/\/franciscanos.org.br\/vidacrista\/wp-json\/wp\/v2\/posts\/191732"}],"collection":[{"href":"https:\/\/franciscanos.org.br\/vidacrista\/wp-json\/wp\/v2\/posts"}],"about":[{"href":"https:\/\/franciscanos.org.br\/vidacrista\/wp-json\/wp\/v2\/types\/post"}],"author":[{"embeddable":true,"href":"https:\/\/franciscanos.org.br\/vidacrista\/wp-json\/wp\/v2\/users\/3"}],"replies":[{"embeddable":true,"href":"https:\/\/franciscanos.org.br\/vidacrista\/wp-json\/wp\/v2\/comments?post=191732"}],"version-history":[{"count":2,"href":"https:\/\/franciscanos.org.br\/vidacrista\/wp-json\/wp\/v2\/posts\/191732\/revisions"}],"predecessor-version":[{"id":191735,"href":"https:\/\/franciscanos.org.br\/vidacrista\/wp-json\/wp\/v2\/posts\/191732\/revisions\/191735"}],"wp:featuredmedia":[{"embeddable":true,"href":"https:\/\/franciscanos.org.br\/vidacrista\/wp-json\/wp\/v2\/media\/191733"}],"wp:attachment":[{"href":"https:\/\/franciscanos.org.br\/vidacrista\/wp-json\/wp\/v2\/media?parent=191732"}],"wp:term":[{"taxonomy":"category","embeddable":true,"href":"https:\/\/franciscanos.org.br\/vidacrista\/wp-json\/wp\/v2\/categories?post=191732"},{"taxonomy":"post_tag","embeddable":true,"href":"https:\/\/franciscanos.org.br\/vidacrista\/wp-json\/wp\/v2\/tags?post=191732"}],"curies":[{"name":"wp","href":"https:\/\/api.w.org\/{rel}","templated":true}]}}