{"id":191705,"date":"2022-04-11T05:20:35","date_gmt":"2022-04-11T08:20:35","guid":{"rendered":"https:\/\/franciscanos.org.br\/vidacrista\/?p=191705"},"modified":"2022-04-11T05:23:31","modified_gmt":"2022-04-11T08:23:31","slug":"com-jesus-em-preparacao-para-a-semana-santa","status":"publish","type":"post","link":"https:\/\/franciscanos.org.br\/vidacrista\/com-jesus-em-preparacao-para-a-semana-santa\/","title":{"rendered":"Com Jesus, em prepara\u00e7\u00e3o para a Semana Santa"},"content":{"rendered":"<div id=\"attachment_191706\" style=\"width: 850px\" class=\"wp-caption alignnone\"><img aria-describedby=\"caption-attachment-191706\" decoding=\"async\" loading=\"lazy\" class=\"wp-image-191706 size-full\" src=\"https:\/\/franciscanos.org.br\/vidacrista\/wp-content\/uploads\/2022\/04\/artigo_1104.jpg\" alt=\"\" width=\"840\" height=\"450\" srcset=\"https:\/\/franciscanos.org.br\/vidacrista\/wp-content\/uploads\/2022\/04\/artigo_1104.jpg 840w, https:\/\/franciscanos.org.br\/vidacrista\/wp-content\/uploads\/2022\/04\/artigo_1104-450x241.jpg 450w, https:\/\/franciscanos.org.br\/vidacrista\/wp-content\/uploads\/2022\/04\/artigo_1104-768x411.jpg 768w, https:\/\/franciscanos.org.br\/vidacrista\/wp-content\/uploads\/2022\/04\/artigo_1104-150x80.jpg 150w\" sizes=\"(max-width: 840px) 100vw, 840px\" \/><p id=\"caption-attachment-191706\" class=\"wp-caption-text\"><em>\u00a0 \u00a0 \u00a0 \u00a0 \u00a0 \u00a0 \u00a0 \u00a0 \u00a0 \u00a0 \u00a0 \u00a0 \u00a0 \u00a0 \u00a0 \u00a0 \u00a0 \u00a0 \u00a0 \u00a0 \u00a0 \u00a0 \u00a0 \u00a0 \u00a0 \u00a0 \u00a0 \u00a0 \u00a0 \u00a0 \u00a0 \u00a0 \u00a0 \u00a0 \u00a0 \u00a0 \u00a0 \u00a0 \u00a0 \u00a0 \u00a0 Imagem: Catholic Pictures (<a href=\"https:\/\/www.cathopic.com\">https:\/\/www.cathopic.com<\/a>)<\/em><\/p><\/div>\n<p><strong>Robson Ribeiro de Oliveira Castro Chaves<\/strong><\/p>\n<p>Ao longo da Semana Santa, Jesus nos mostrar\u00e1 o que acontecer\u00e1 com ele, assim como\u00a0 a trai\u00e7\u00e3o que sofrer\u00e1. O caminho de Jesus \u00e9 permeado de prova\u00e7\u00f5es e desconfortos. Depois de subir a Jerusal\u00e9m e ser aclamado com mantos e palmas, agora ele passa por algumas situa\u00e7\u00f5es. Sua perman\u00eancia na cidade incomoda, pois ele faz duras cr\u00edticas a todos que ali est\u00e3o, acomodados, sedentos por poderes e status social.<\/p>\n<p>De fato, hoje, com a atual situa\u00e7\u00e3o que vivemos, devemos observar atentamente o caminho feito por Jesus, seus disc\u00edpulos e todos que est\u00e3o \u00e0 sua volta. Ainda estamos vivendo o per\u00edodo da pandemia da Covid-19, que inspira cuidados b\u00e1sicos e necess\u00e1rios para o bem de todos. Para pensar na rela\u00e7\u00e3o entre n\u00f3s, devemos observar o caminho de Cristo, aclamado pelo povo, mas tra\u00eddo por Judas, um dos seus disc\u00edpulos. Para n\u00f3s, a trai\u00e7\u00e3o de Judas \u00e9 algo inadmiss\u00edvel, algo impens\u00e1vel, mas \u00e9 tamb\u00e9m uma realidade das nossas vidas e nas rela\u00e7\u00f5es que temos com o outro.<\/p>\n<p>Papa Francisco, em sua homilia do dia 8 de abril de 2020, nos mostra algo intrigante, quando afirma: <em>\u201cPensemos nos muitos Judas institucionalizados neste mundo, que exploram as pessoas. E pensemos tamb\u00e9m no pequeno Judas que cada um de n\u00f3s tem dentro de si na hora de escolher entre lealdade ou interesse. Cada um de n\u00f3s tem a capacidade de trair, de vender, de escolher pelo pr\u00f3prio interesse. Cada um de n\u00f3s tem a possibilidade de se deixar atrair pelo amor ao dinheiro, aos bens ou pelo bem-estar futuro. \u201cJudas, onde est\u00e1s?\u201d Mas\u00a0 fa\u00e7o esta pergunta a cada um de n\u00f3s: \u201cTu, Judas, o pequeno Judas dentro de mim: onde est\u00e1s?\u201d.\u201d<\/em><\/p>\n<p>Essa reflex\u00e3o de Francisco nos incomoda, principalmente por vermos como somos fracos, omissos e interesseiros. Esta pergunta: \u201cTu, Judas, o pequeno Judas dentro de mim: onde est\u00e1s?\u201d ressoa em nosso ser e nos for\u00e7a a fazer um exame de consci\u00eancia. Ser\u00e1 que neste per\u00edodo de pandemia, em que as pessoas t\u00eam passado dificuldades e necessidades, temos nos comprometido com um amadurecimento e cuidado com todos e todas? Temos observado a condi\u00e7\u00e3o de sermos mais humanos diante de tanto descaso e problemas sociais graves?<\/p>\n<p>As respostas s\u00e3o in\u00fameras, mas o Papa Francisco manifestou o desejo de que a Igreja fosse um \u201chospital de campanha\u201d, local onde recebe os feridos, sem distin\u00e7\u00e3o, comprometendo-se na preven\u00e7\u00e3o, fazendo observar os diagn\u00f3sticos e procurando agir com miseric\u00f3rdia diante dos amea\u00e7ados de morte e seus familiares. Refor\u00e7o aqui a prud\u00eancia frente \u00e0 pandemia. Desta forma, temos que saber levar cada situa\u00e7\u00e3o. Jesus deseja que saibamos acolher o outro e viver com ele a realidade e todos os problemas inerentes a esta pandemia.<\/p>\n<p>Vivenciar este per\u00edodo, olhando para a realidade, \u00e9 um convite \u00e0 convers\u00e3o. Diante dos desafios, somos chamados a nos colocar no processo de reinven\u00e7\u00e3o do cotidiano. Recriar atitudes e novo jeito de ser e viver. Repensar nossas prioridades e sermos menos interesseiros. Algo ainda dif\u00edcil para uma sociedade que vive com pressa e sem tempo, voltada para dentro de seus pequenos mundos, que nos levam a fugir da realidade.<\/p>\n<p>Devemos ter cuidado com o excesso de informa\u00e7\u00e3o e com a tecnologia que veio ao nosso favor, mas tamb\u00e9m nos faz adoecer. Devemos priorizar o nosso tempo, as nossas rela\u00e7\u00f5es e, sem medo de errar, priorizar a nossa espiritualidade. Para tanto, frente aos desafios atuais, que possamos buscar e alimentar a nossa espiritualidade, nestes tempos de retorno \u00e0s atividades e exercitar o amor em nossa casa e em nossa fam\u00edlia. Acima de tudo, que sejamos atentos \u00e0s condi\u00e7\u00f5es em que estamos vivendo, ou seja, um convite a olhar para o nosso caminho e, acima de tudo, buscar uma nova realidade, com um outro jeito de viver: mais humano, mais \u00e9tico e solid\u00e1rio. Que Jesus, nesta prepara\u00e7\u00e3o para Semana Santa, nos guie \u00a0nesta caminhada.<\/p>\n<hr \/>\n<p><strong>Robson Ribeiro de Oliveira Castro Chaves<\/strong>\u00a0<em>\u00e9 mestre em Teologia pela Faculdade Jesu\u00edta de Filosofia e Teologia (FAJE), em BH, professor de teologia no Instituto Teol\u00f3gico Franciscano (ITF), em Petr\u00f3polis (RJ) e membro do Conselho Regional de Forma\u00e7\u00e3o (CRF) \u2013 LESTE II do CNLB.<\/em><\/p>\n","protected":false},"excerpt":{"rendered":"<p>Artigo de Robson Ribeiro de Oliveira Castro Chaves<\/p>\n","protected":false},"author":3,"featured_media":191706,"comment_status":"open","ping_status":"open","sticky":false,"template":"","format":"standard","meta":{"footnotes":""},"categories":[26],"tags":[355],"yoast_head":"<!-- This site is optimized with the Yoast SEO plugin v19.4 - https:\/\/yoast.com\/wordpress\/plugins\/seo\/ -->\n<title>Com Jesus, em prepara\u00e7\u00e3o para a Semana Santa - Vida Crist\u00e3 - Franciscanos<\/title>\n<meta name=\"robots\" content=\"index, follow, max-snippet:-1, max-image-preview:large, max-video-preview:-1\" \/>\n<link rel=\"canonical\" href=\"https:\/\/franciscanos.org.br\/vidacrista\/com-jesus-em-preparacao-para-a-semana-santa\/\" \/>\n<meta property=\"og:locale\" content=\"pt_BR\" \/>\n<meta property=\"og:type\" content=\"article\" \/>\n<meta property=\"og:title\" content=\"Com Jesus, em prepara\u00e7\u00e3o para a Semana Santa - Vida Crist\u00e3 - Franciscanos\" \/>\n<meta property=\"og:description\" content=\"Artigo de Robson Ribeiro de Oliveira Castro Chaves\" \/>\n<meta property=\"og:url\" content=\"https:\/\/franciscanos.org.br\/vidacrista\/com-jesus-em-preparacao-para-a-semana-santa\/\" \/>\n<meta property=\"og:site_name\" content=\"Vida Crist\u00e3 - Franciscanos\" \/>\n<meta property=\"article:published_time\" content=\"2022-04-11T08:20:35+00:00\" \/>\n<meta property=\"article:modified_time\" content=\"2022-04-11T08:23:31+00:00\" \/>\n<meta property=\"og:image\" content=\"https:\/\/franciscanos.org.br\/vidacrista\/wp-content\/uploads\/2022\/04\/artigo_1104.jpg\" \/>\n\t<meta property=\"og:image:width\" content=\"840\" \/>\n\t<meta property=\"og:image:height\" content=\"450\" \/>\n\t<meta property=\"og:image:type\" content=\"image\/jpeg\" \/>\n<meta name=\"author\" content=\"moacir\" \/>\n<meta name=\"twitter:card\" content=\"summary_large_image\" \/>\n<meta name=\"twitter:label1\" content=\"Escrito por\" \/>\n\t<meta name=\"twitter:data1\" content=\"moacir\" \/>\n\t<meta name=\"twitter:label2\" content=\"Est. tempo de leitura\" \/>\n\t<meta name=\"twitter:data2\" content=\"4 minutos\" \/>\n<script type=\"application\/ld+json\" class=\"yoast-schema-graph\">{\"@context\":\"https:\/\/schema.org\",\"@graph\":[{\"@type\":\"WebSite\",\"@id\":\"https:\/\/franciscanos.org.br\/vidacrista\/#website\",\"url\":\"https:\/\/franciscanos.org.br\/vidacrista\/\",\"name\":\"Vida Crist\u00e3 - Franciscanos\",\"description\":\"Prov\u00edncia Franciscana da Imaculada Concei\u00e7\u00e3o do Brasil - Ordem dos Frades Menores\",\"potentialAction\":[{\"@type\":\"SearchAction\",\"target\":{\"@type\":\"EntryPoint\",\"urlTemplate\":\"https:\/\/franciscanos.org.br\/vidacrista\/?s={search_term_string}\"},\"query-input\":\"required name=search_term_string\"}],\"inLanguage\":\"pt-BR\"},{\"@type\":\"WebPage\",\"@id\":\"https:\/\/franciscanos.org.br\/vidacrista\/com-jesus-em-preparacao-para-a-semana-santa\/\",\"url\":\"https:\/\/franciscanos.org.br\/vidacrista\/com-jesus-em-preparacao-para-a-semana-santa\/\",\"name\":\"Com Jesus, em prepara\u00e7\u00e3o para a Semana Santa - Vida Crist\u00e3 - Franciscanos\",\"isPartOf\":{\"@id\":\"https:\/\/franciscanos.org.br\/vidacrista\/#website\"},\"datePublished\":\"2022-04-11T08:20:35+00:00\",\"dateModified\":\"2022-04-11T08:23:31+00:00\",\"author\":{\"@id\":\"https:\/\/franciscanos.org.br\/vidacrista\/#\/schema\/person\/1880bdd2c350b735648725ef7614736a\"},\"breadcrumb\":{\"@id\":\"https:\/\/franciscanos.org.br\/vidacrista\/com-jesus-em-preparacao-para-a-semana-santa\/#breadcrumb\"},\"inLanguage\":\"pt-BR\",\"potentialAction\":[{\"@type\":\"ReadAction\",\"target\":[\"https:\/\/franciscanos.org.br\/vidacrista\/com-jesus-em-preparacao-para-a-semana-santa\/\"]}]},{\"@type\":\"BreadcrumbList\",\"@id\":\"https:\/\/franciscanos.org.br\/vidacrista\/com-jesus-em-preparacao-para-a-semana-santa\/#breadcrumb\",\"itemListElement\":[{\"@type\":\"ListItem\",\"position\":1,\"name\":\"Home\",\"item\":\"https:\/\/franciscanos.org.br\/vidacrista\/\"},{\"@type\":\"ListItem\",\"position\":2,\"name\":\"Com Jesus, em prepara\u00e7\u00e3o para a Semana Santa\"}]},{\"@type\":\"Person\",\"@id\":\"https:\/\/franciscanos.org.br\/vidacrista\/#\/schema\/person\/1880bdd2c350b735648725ef7614736a\",\"name\":\"moacir\",\"image\":{\"@type\":\"ImageObject\",\"inLanguage\":\"pt-BR\",\"@id\":\"https:\/\/franciscanos.org.br\/vidacrista\/#\/schema\/person\/image\/\",\"url\":\"https:\/\/secure.gravatar.com\/avatar\/d08aa2ce4c8dd416d4479aa8536fcf64?s=96&d=mm&r=g\",\"contentUrl\":\"https:\/\/secure.gravatar.com\/avatar\/d08aa2ce4c8dd416d4479aa8536fcf64?s=96&d=mm&r=g\",\"caption\":\"moacir\"},\"url\":\"https:\/\/franciscanos.org.br\/vidacrista\/author\/moacir\/\"}]}<\/script>\n<!-- \/ Yoast SEO plugin. -->","yoast_head_json":{"title":"Com Jesus, em prepara\u00e7\u00e3o para a Semana Santa - Vida Crist\u00e3 - Franciscanos","robots":{"index":"index","follow":"follow","max-snippet":"max-snippet:-1","max-image-preview":"max-image-preview:large","max-video-preview":"max-video-preview:-1"},"canonical":"https:\/\/franciscanos.org.br\/vidacrista\/com-jesus-em-preparacao-para-a-semana-santa\/","og_locale":"pt_BR","og_type":"article","og_title":"Com Jesus, em prepara\u00e7\u00e3o para a Semana Santa - Vida Crist\u00e3 - Franciscanos","og_description":"Artigo de Robson Ribeiro de Oliveira Castro Chaves","og_url":"https:\/\/franciscanos.org.br\/vidacrista\/com-jesus-em-preparacao-para-a-semana-santa\/","og_site_name":"Vida Crist\u00e3 - Franciscanos","article_published_time":"2022-04-11T08:20:35+00:00","article_modified_time":"2022-04-11T08:23:31+00:00","og_image":[{"width":840,"height":450,"url":"https:\/\/franciscanos.org.br\/vidacrista\/wp-content\/uploads\/2022\/04\/artigo_1104.jpg","type":"image\/jpeg"}],"author":"moacir","twitter_card":"summary_large_image","twitter_misc":{"Escrito por":"moacir","Est. tempo de leitura":"4 minutos"},"schema":{"@context":"https:\/\/schema.org","@graph":[{"@type":"WebSite","@id":"https:\/\/franciscanos.org.br\/vidacrista\/#website","url":"https:\/\/franciscanos.org.br\/vidacrista\/","name":"Vida Crist\u00e3 - Franciscanos","description":"Prov\u00edncia Franciscana da Imaculada Concei\u00e7\u00e3o do Brasil - Ordem dos Frades Menores","potentialAction":[{"@type":"SearchAction","target":{"@type":"EntryPoint","urlTemplate":"https:\/\/franciscanos.org.br\/vidacrista\/?s={search_term_string}"},"query-input":"required name=search_term_string"}],"inLanguage":"pt-BR"},{"@type":"WebPage","@id":"https:\/\/franciscanos.org.br\/vidacrista\/com-jesus-em-preparacao-para-a-semana-santa\/","url":"https:\/\/franciscanos.org.br\/vidacrista\/com-jesus-em-preparacao-para-a-semana-santa\/","name":"Com Jesus, em prepara\u00e7\u00e3o para a Semana Santa - Vida Crist\u00e3 - Franciscanos","isPartOf":{"@id":"https:\/\/franciscanos.org.br\/vidacrista\/#website"},"datePublished":"2022-04-11T08:20:35+00:00","dateModified":"2022-04-11T08:23:31+00:00","author":{"@id":"https:\/\/franciscanos.org.br\/vidacrista\/#\/schema\/person\/1880bdd2c350b735648725ef7614736a"},"breadcrumb":{"@id":"https:\/\/franciscanos.org.br\/vidacrista\/com-jesus-em-preparacao-para-a-semana-santa\/#breadcrumb"},"inLanguage":"pt-BR","potentialAction":[{"@type":"ReadAction","target":["https:\/\/franciscanos.org.br\/vidacrista\/com-jesus-em-preparacao-para-a-semana-santa\/"]}]},{"@type":"BreadcrumbList","@id":"https:\/\/franciscanos.org.br\/vidacrista\/com-jesus-em-preparacao-para-a-semana-santa\/#breadcrumb","itemListElement":[{"@type":"ListItem","position":1,"name":"Home","item":"https:\/\/franciscanos.org.br\/vidacrista\/"},{"@type":"ListItem","position":2,"name":"Com Jesus, em prepara\u00e7\u00e3o para a Semana Santa"}]},{"@type":"Person","@id":"https:\/\/franciscanos.org.br\/vidacrista\/#\/schema\/person\/1880bdd2c350b735648725ef7614736a","name":"moacir","image":{"@type":"ImageObject","inLanguage":"pt-BR","@id":"https:\/\/franciscanos.org.br\/vidacrista\/#\/schema\/person\/image\/","url":"https:\/\/secure.gravatar.com\/avatar\/d08aa2ce4c8dd416d4479aa8536fcf64?s=96&d=mm&r=g","contentUrl":"https:\/\/secure.gravatar.com\/avatar\/d08aa2ce4c8dd416d4479aa8536fcf64?s=96&d=mm&r=g","caption":"moacir"},"url":"https:\/\/franciscanos.org.br\/vidacrista\/author\/moacir\/"}]}},"_links":{"self":[{"href":"https:\/\/franciscanos.org.br\/vidacrista\/wp-json\/wp\/v2\/posts\/191705"}],"collection":[{"href":"https:\/\/franciscanos.org.br\/vidacrista\/wp-json\/wp\/v2\/posts"}],"about":[{"href":"https:\/\/franciscanos.org.br\/vidacrista\/wp-json\/wp\/v2\/types\/post"}],"author":[{"embeddable":true,"href":"https:\/\/franciscanos.org.br\/vidacrista\/wp-json\/wp\/v2\/users\/3"}],"replies":[{"embeddable":true,"href":"https:\/\/franciscanos.org.br\/vidacrista\/wp-json\/wp\/v2\/comments?post=191705"}],"version-history":[{"count":2,"href":"https:\/\/franciscanos.org.br\/vidacrista\/wp-json\/wp\/v2\/posts\/191705\/revisions"}],"predecessor-version":[{"id":191708,"href":"https:\/\/franciscanos.org.br\/vidacrista\/wp-json\/wp\/v2\/posts\/191705\/revisions\/191708"}],"wp:featuredmedia":[{"embeddable":true,"href":"https:\/\/franciscanos.org.br\/vidacrista\/wp-json\/wp\/v2\/media\/191706"}],"wp:attachment":[{"href":"https:\/\/franciscanos.org.br\/vidacrista\/wp-json\/wp\/v2\/media?parent=191705"}],"wp:term":[{"taxonomy":"category","embeddable":true,"href":"https:\/\/franciscanos.org.br\/vidacrista\/wp-json\/wp\/v2\/categories?post=191705"},{"taxonomy":"post_tag","embeddable":true,"href":"https:\/\/franciscanos.org.br\/vidacrista\/wp-json\/wp\/v2\/tags?post=191705"}],"curies":[{"name":"wp","href":"https:\/\/api.w.org\/{rel}","templated":true}]}}