{"id":191701,"date":"2022-04-09T06:35:53","date_gmt":"2022-04-09T09:35:53","guid":{"rendered":"https:\/\/franciscanos.org.br\/vidacrista\/?p=191701"},"modified":"2022-04-09T06:36:49","modified_gmt":"2022-04-09T09:36:49","slug":"a-longa-procissao-de-ramos-de-jesus-na-semana-santa-e-em-nossas-vidas-lc-1928-40","status":"publish","type":"post","link":"https:\/\/franciscanos.org.br\/vidacrista\/a-longa-procissao-de-ramos-de-jesus-na-semana-santa-e-em-nossas-vidas-lc-1928-40\/","title":{"rendered":"A longa prociss\u00e3o de Ramos de Jesus na Semana Santa e em nossas vidas (Lc 19,28-40)"},"content":{"rendered":"<div id=\"attachment_191702\" style=\"width: 850px\" class=\"wp-caption alignnone\"><img aria-describedby=\"caption-attachment-191702\" decoding=\"async\" loading=\"lazy\" class=\"wp-image-191702 size-full\" src=\"https:\/\/franciscanos.org.br\/vidacrista\/wp-content\/uploads\/2022\/04\/afresco_ramos_10.jpg\" alt=\"\" width=\"840\" height=\"450\" srcset=\"https:\/\/franciscanos.org.br\/vidacrista\/wp-content\/uploads\/2022\/04\/afresco_ramos_10.jpg 840w, https:\/\/franciscanos.org.br\/vidacrista\/wp-content\/uploads\/2022\/04\/afresco_ramos_10-450x241.jpg 450w, https:\/\/franciscanos.org.br\/vidacrista\/wp-content\/uploads\/2022\/04\/afresco_ramos_10-768x411.jpg 768w, https:\/\/franciscanos.org.br\/vidacrista\/wp-content\/uploads\/2022\/04\/afresco_ramos_10-150x80.jpg 150w\" sizes=\"(max-width: 840px) 100vw, 840px\" \/><p id=\"caption-attachment-191702\" class=\"wp-caption-text\"><em>\u00a0 \u00a0 \u00a0 \u00a0 \u00a0 \u00a0 \u00a0 \u00a0 \u00a0 \u00a0 \u00a0 \u00a0 \u00a0Imagem: Afresco de Pietro Lorenzetti, na Bas\u00edlica S\u00e3o Francisco (Wikipedia, dom\u00ednio p\u00fablico) <\/em><\/p><\/div>\n<p><em>Frei Jacir de Freitas Faria<\/em> <a href=\"#_ftn1\" name=\"_ftnref1\">[1]<\/a><\/p>\n<p>A Semana Santa tem seu in\u00edcio com o Domingo de Ramos! Dia de esperan\u00e7a, apesar das dores que a vida nos reserva. O texto sobre o qual vamos refletir \u00e9 Lc 19,28-40. Trata-se da narrativa lucana da entrada de Jesus em Jerusal\u00e9m, sendo aclamado rei. Depois desse acontecimento, uma intermin\u00e1vel prociss\u00e3o tem o seu percurso marcado por encontros e desencontros at\u00e9 o momento da tr\u00e1gica morte na cruz.<\/p>\n<p><iframe loading=\"lazy\" title=\"YouTube video player\" src=\"https:\/\/www.youtube.com\/embed\/WutcyPPVT1Q\" width=\"100%\" height=\"500\" frameborder=\"0\" allowfullscreen=\"allowfullscreen\"><span data-mce-type=\"bookmark\" style=\"display: inline-block; width: 0px; overflow: hidden; line-height: 0;\" class=\"mce_SELRES_start\">\ufeff<\/span><\/iframe><\/p>\n<p>Tudo come\u00e7a com a entrada de Jesus em Jerusal\u00e9m! Tudo foi muito triunfal. Um jumentinho levando um homem com caracter\u00edsticas de rei. Um povo que gritava: \u201cBendito rei, que vem em nome do Senhor\u201d e jogava ramos de palmeiras e roupas para ele passar. Era a trajet\u00f3ria de gl\u00f3ria para Jesus. Lucas n\u00e3o diz que o povo gritava \u201cHosana ao Filho de Davi\u201d, mas que Ele era um rei. Nisso est\u00e1 uma afronta ao imperador de Roma, o \u00fanico que pode ser saudado com um Ave C\u00e9sar e ser chamado de rei. A mem\u00f3ria desse fato entrou na celebra\u00e7\u00e3o Eucar\u00edstica, quando entoamos o \u201cO Senhor \u00e9 Santo\u201d, antes da consagra\u00e7\u00e3o.<\/p>\n<p>A palmeira era o s\u00edmbolo da Lei, da Tor\u00e1 dos judeus. Jesus est\u00e1 em conformidade com os ensinamentos dos nossos mestres da Lei, pensava o povo. Por isso, a Tor\u00e1-Palmeira recebe a Tor\u00e1-Jesus. As roupas simbolizavam o acolhimento de Jesus no meio deles, na casa. Tudo ia t\u00e3o bem! Parecia que Jesus teria um final feliz.<\/p>\n<p>No entanto, n\u00e3o foi o que aconteceu. V\u00e1rios outros encontros aconteceriam naquela semana. Jesus, at\u00e9 o momento final de sua vida na cruz, teve v\u00e1rios encontros. Ele encontrou-se com uma mulher que derramou perfume caro no seu corpo; com um traidor, Judas, que se passava por ap\u00f3stolo e um ap\u00f3stolo, Pedro, que o traiu antes do canto do galo; com um Sim\u00e3o Cirineu que o ajudou a carregar a pesada cruz; com os seus ap\u00f3stolos para celebrar uma ceia festiva; com a dor pressentida de morte, no Gets\u00eamani; com o poderoso Pilatos que o interroga e o envia para ser crucificado; com o povo que, diferentemente do dia da entrada em Jerusal\u00e9m, pede a sua condena\u00e7\u00e3o; com a cruz da morte; e, por fim, com a sua m\u00e3e, sua tia Maria, sua amada Madalena, sua amiga Salom\u00e9 e o seu amigo Jos\u00e9 de Arimateia que lhe oferece, com o seu dinheiro, um enterro digno de rei.<\/p>\n<p>N\u00f3s tamb\u00e9m, durante a nossa vida, na prociss\u00e3o de esperan\u00e7a e paix\u00e3o, nos encontramos no Gets\u00eamani de nossas dores de morte, e tamb\u00e9m com pessoas que nos oferecem flores de afeto, de ternura, de carinho, assim como as da mulher de Bet\u00e2nia. Quem nunca teve um Cirineu que o ajudou a carregar a cruz? Quem tamb\u00e9m nunca sofreu a dor de trai\u00e7\u00e3o de um amigo, de um familiar, de um pol\u00edtico? S\u00e3o tantos os Pilatos e Judas que encontramos em nossas vidas. O melhor de tudo, o que fica \u00e9 que nunca esqueceremos os encontros, os momentos em que nos reunimos para celebrar a vida! E \u00e9 isso o que nos ajuda a amenizar a dor que nos espera na primeira esquina ou, at\u00e9 mesmo, no pr\u00f3prio banquete.<\/p>\n<p>A vida \u00e9 assim, cheia de encontros bons e ruins, coisas boas e ruins. Ningu\u00e9m pode rejeitar o sofrimento. Ele chega sem pedir licen\u00e7a. O grande desafio \u00e9 como lidamos com o sofrimento pessoal, seja por uma perda ou outra circunst\u00e2ncia de vida. Primeiro, ele se instala, e ficamos inertes, passivos diante dela. Num segundo momento, precisamos falar sobre ele. \u00c9 o momento da queixa. Terceiro, vem tomada de consci\u00eancia. Cessa a reclama\u00e7\u00e3o. \u00c9 o momento de viver e conviver com a dor a partir do amor, seguir em frente a prociss\u00e3o da vida. A dor se transforma em amor. J\u00e1 a dor social, causada por sistemas econ\u00f4micos e pol\u00edticos injustos tem outros caminhos para ser combatida.<\/p>\n<p>Falando da dor da morte, uma certeza eu carrego comigo, que \u201cnesta longa estrada da vida\u201d, m\u00fasica eternizada na voz de Milion\u00e1rio e Z\u00e9 Rico, \u201cvou correndo e n\u00e3o posso parar\u201d. O meu desejo \u00e9 o de ser campe\u00e3o, \u201cmas h\u00e1 momentos em que o tempo cerca a minha, a nossa estrada, a vista escure e o fim da vida, da estrada, chega.\u201d Parece que n\u00e3o h\u00e1 mais nada para fazer. Ser\u00e1 que foi assim que aconteceu com Jesus? Uma cruz o esperava em Jerusal\u00e9m! Parece que tudo tinha chegado ao fim. Nesse encontro final de Jesus com a cruz, tr\u00eas certezas: 1) As pessoas que o amou em vida estavam ali, aos p\u00e9s da sua cruz de morte planejada; 2) Um centuri\u00e3o romano proclama que Ele, Jesus, verdadeiramente, era o filho de Deus (Mc 15,39); 3) Na dor da morte, o Deus humanado grita: \u201cMeu Deus, meu Pai, para que me abandonastes?\u201d. Pai, para que me abandonastes? Jesus n\u00e3o olha os encontros passados, mas o que viria na vida Dele e na nossa, a partir de sua morte redentora.<\/p>\n<p>A \u00faltima cena \u00e9 terr\u00edvel. Tudo parece terminado. N\u00e3o h\u00e1 mais nada para fazer que seguir o caminho de volta para Jerusal\u00e9m, retomar a prociss\u00e3o da vida e esperar a morte. Ledo engano! \u00c9 a\u00ed que renasce a esperan\u00e7a. Em pouco tempo, tr\u00eas dias, Jesus ressuscitaria para devolver a esperan\u00e7a aos seus seguidores, apesar de tudo e de todos. Deus, o Pai, n\u00e3o o abandonou. Ele est\u00e1 conosco. Ele se permitiu viver a dor humana para nos ensinar que, apesar da dureza da vida, perder a esperan\u00e7a, jamais! Jesus entendeu que no final de sua trajet\u00f3ria na terra, Ele seria acolhido pelo Pai. Uma nova hist\u00f3ria come\u00e7aria para Ele e para n\u00f3s. Que maior mist\u00e9rio de f\u00e9 e esperan\u00e7a do que isso? Fim. N\u00e3o! Recome\u00e7o! Como disse S\u00e3o Francisco de Assis, nos \u00faltimos momentos de sua vida, depois do encontro com o leproso, quando o beijou: \u201cIrm\u00e3os, vamos recome\u00e7ar, pois pouco ou quase nada fizemos. Boa Semana Santa a todas e todos!<\/p>\n<hr \/>\n<p><a href=\"#_ftnref1\" name=\"_ftn1\">[1]<\/a>Doutor em Teologia B\u00edblica pela FAJE (BH). Mestre em Ci\u00eancias B\u00edblicas (Exegese) pelo Pontif\u00edcio Instituto B\u00edblico de Roma. Professor de Exegese B\u00edblica. \u00c9 membro da Associa\u00e7\u00e3o Brasileira de Pesquisa B\u00edblica (ABIB). Sacerdote Franciscano. Autor de dez livros e coautor de quinze. Youtube: Frei Jacir B\u00edblia e Apocrifos. <a href=\"https:\/\/www.youtube.com\/channel\/UCwbSE97jnR6jQwHRigX1KlQ\">https:\/\/www.youtube.com\/channel\/UCwbSE97jnR6jQwHRigX1KlQ<\/a><\/p>\n","protected":false},"excerpt":{"rendered":"<p>Artigo de Frei Jacir de Freitas Faria<\/p>\n","protected":false},"author":3,"featured_media":191702,"comment_status":"open","ping_status":"open","sticky":false,"template":"","format":"standard","meta":{"footnotes":""},"categories":[26],"tags":[43],"yoast_head":"<!-- This site is optimized with the Yoast SEO plugin v19.4 - https:\/\/yoast.com\/wordpress\/plugins\/seo\/ -->\n<title>A longa prociss\u00e3o de Ramos de Jesus na Semana Santa e em nossas vidas (Lc 19,28-40) - Vida Crist\u00e3 - Franciscanos<\/title>\n<meta name=\"robots\" content=\"index, follow, max-snippet:-1, max-image-preview:large, max-video-preview:-1\" \/>\n<link rel=\"canonical\" href=\"https:\/\/franciscanos.org.br\/vidacrista\/a-longa-procissao-de-ramos-de-jesus-na-semana-santa-e-em-nossas-vidas-lc-1928-40\/\" \/>\n<meta property=\"og:locale\" content=\"pt_BR\" \/>\n<meta property=\"og:type\" content=\"article\" \/>\n<meta property=\"og:title\" content=\"A longa prociss\u00e3o de Ramos de Jesus na Semana Santa e em nossas vidas (Lc 19,28-40) - Vida Crist\u00e3 - Franciscanos\" \/>\n<meta property=\"og:description\" content=\"Artigo de Frei Jacir de Freitas Faria\" \/>\n<meta property=\"og:url\" content=\"https:\/\/franciscanos.org.br\/vidacrista\/a-longa-procissao-de-ramos-de-jesus-na-semana-santa-e-em-nossas-vidas-lc-1928-40\/\" \/>\n<meta property=\"og:site_name\" content=\"Vida Crist\u00e3 - Franciscanos\" \/>\n<meta property=\"article:published_time\" content=\"2022-04-09T09:35:53+00:00\" \/>\n<meta property=\"article:modified_time\" content=\"2022-04-09T09:36:49+00:00\" \/>\n<meta property=\"og:image\" content=\"https:\/\/franciscanos.org.br\/vidacrista\/wp-content\/uploads\/2022\/04\/afresco_ramos_10.jpg\" \/>\n\t<meta property=\"og:image:width\" content=\"840\" \/>\n\t<meta property=\"og:image:height\" content=\"450\" \/>\n\t<meta property=\"og:image:type\" content=\"image\/jpeg\" \/>\n<meta name=\"author\" content=\"moacir\" \/>\n<meta name=\"twitter:card\" content=\"summary_large_image\" \/>\n<meta name=\"twitter:label1\" content=\"Escrito por\" \/>\n\t<meta name=\"twitter:data1\" content=\"moacir\" \/>\n\t<meta name=\"twitter:label2\" content=\"Est. tempo de leitura\" \/>\n\t<meta name=\"twitter:data2\" content=\"6 minutos\" \/>\n<script type=\"application\/ld+json\" class=\"yoast-schema-graph\">{\"@context\":\"https:\/\/schema.org\",\"@graph\":[{\"@type\":\"WebSite\",\"@id\":\"https:\/\/franciscanos.org.br\/vidacrista\/#website\",\"url\":\"https:\/\/franciscanos.org.br\/vidacrista\/\",\"name\":\"Vida Crist\u00e3 - Franciscanos\",\"description\":\"Prov\u00edncia Franciscana da Imaculada Concei\u00e7\u00e3o do Brasil - Ordem dos Frades Menores\",\"potentialAction\":[{\"@type\":\"SearchAction\",\"target\":{\"@type\":\"EntryPoint\",\"urlTemplate\":\"https:\/\/franciscanos.org.br\/vidacrista\/?s={search_term_string}\"},\"query-input\":\"required name=search_term_string\"}],\"inLanguage\":\"pt-BR\"},{\"@type\":\"WebPage\",\"@id\":\"https:\/\/franciscanos.org.br\/vidacrista\/a-longa-procissao-de-ramos-de-jesus-na-semana-santa-e-em-nossas-vidas-lc-1928-40\/\",\"url\":\"https:\/\/franciscanos.org.br\/vidacrista\/a-longa-procissao-de-ramos-de-jesus-na-semana-santa-e-em-nossas-vidas-lc-1928-40\/\",\"name\":\"A longa prociss\u00e3o de Ramos de Jesus na Semana Santa e em nossas vidas (Lc 19,28-40) - Vida Crist\u00e3 - Franciscanos\",\"isPartOf\":{\"@id\":\"https:\/\/franciscanos.org.br\/vidacrista\/#website\"},\"datePublished\":\"2022-04-09T09:35:53+00:00\",\"dateModified\":\"2022-04-09T09:36:49+00:00\",\"author\":{\"@id\":\"https:\/\/franciscanos.org.br\/vidacrista\/#\/schema\/person\/1880bdd2c350b735648725ef7614736a\"},\"breadcrumb\":{\"@id\":\"https:\/\/franciscanos.org.br\/vidacrista\/a-longa-procissao-de-ramos-de-jesus-na-semana-santa-e-em-nossas-vidas-lc-1928-40\/#breadcrumb\"},\"inLanguage\":\"pt-BR\",\"potentialAction\":[{\"@type\":\"ReadAction\",\"target\":[\"https:\/\/franciscanos.org.br\/vidacrista\/a-longa-procissao-de-ramos-de-jesus-na-semana-santa-e-em-nossas-vidas-lc-1928-40\/\"]}]},{\"@type\":\"BreadcrumbList\",\"@id\":\"https:\/\/franciscanos.org.br\/vidacrista\/a-longa-procissao-de-ramos-de-jesus-na-semana-santa-e-em-nossas-vidas-lc-1928-40\/#breadcrumb\",\"itemListElement\":[{\"@type\":\"ListItem\",\"position\":1,\"name\":\"Home\",\"item\":\"https:\/\/franciscanos.org.br\/vidacrista\/\"},{\"@type\":\"ListItem\",\"position\":2,\"name\":\"A longa prociss\u00e3o de Ramos de Jesus na Semana Santa e em nossas vidas (Lc 19,28-40)\"}]},{\"@type\":\"Person\",\"@id\":\"https:\/\/franciscanos.org.br\/vidacrista\/#\/schema\/person\/1880bdd2c350b735648725ef7614736a\",\"name\":\"moacir\",\"image\":{\"@type\":\"ImageObject\",\"inLanguage\":\"pt-BR\",\"@id\":\"https:\/\/franciscanos.org.br\/vidacrista\/#\/schema\/person\/image\/\",\"url\":\"https:\/\/secure.gravatar.com\/avatar\/d08aa2ce4c8dd416d4479aa8536fcf64?s=96&d=mm&r=g\",\"contentUrl\":\"https:\/\/secure.gravatar.com\/avatar\/d08aa2ce4c8dd416d4479aa8536fcf64?s=96&d=mm&r=g\",\"caption\":\"moacir\"},\"url\":\"https:\/\/franciscanos.org.br\/vidacrista\/author\/moacir\/\"}]}<\/script>\n<!-- \/ Yoast SEO plugin. -->","yoast_head_json":{"title":"A longa prociss\u00e3o de Ramos de Jesus na Semana Santa e em nossas vidas (Lc 19,28-40) - Vida Crist\u00e3 - Franciscanos","robots":{"index":"index","follow":"follow","max-snippet":"max-snippet:-1","max-image-preview":"max-image-preview:large","max-video-preview":"max-video-preview:-1"},"canonical":"https:\/\/franciscanos.org.br\/vidacrista\/a-longa-procissao-de-ramos-de-jesus-na-semana-santa-e-em-nossas-vidas-lc-1928-40\/","og_locale":"pt_BR","og_type":"article","og_title":"A longa prociss\u00e3o de Ramos de Jesus na Semana Santa e em nossas vidas (Lc 19,28-40) - Vida Crist\u00e3 - Franciscanos","og_description":"Artigo de Frei Jacir de Freitas Faria","og_url":"https:\/\/franciscanos.org.br\/vidacrista\/a-longa-procissao-de-ramos-de-jesus-na-semana-santa-e-em-nossas-vidas-lc-1928-40\/","og_site_name":"Vida Crist\u00e3 - Franciscanos","article_published_time":"2022-04-09T09:35:53+00:00","article_modified_time":"2022-04-09T09:36:49+00:00","og_image":[{"width":840,"height":450,"url":"https:\/\/franciscanos.org.br\/vidacrista\/wp-content\/uploads\/2022\/04\/afresco_ramos_10.jpg","type":"image\/jpeg"}],"author":"moacir","twitter_card":"summary_large_image","twitter_misc":{"Escrito por":"moacir","Est. tempo de leitura":"6 minutos"},"schema":{"@context":"https:\/\/schema.org","@graph":[{"@type":"WebSite","@id":"https:\/\/franciscanos.org.br\/vidacrista\/#website","url":"https:\/\/franciscanos.org.br\/vidacrista\/","name":"Vida Crist\u00e3 - Franciscanos","description":"Prov\u00edncia Franciscana da Imaculada Concei\u00e7\u00e3o do Brasil - Ordem dos Frades Menores","potentialAction":[{"@type":"SearchAction","target":{"@type":"EntryPoint","urlTemplate":"https:\/\/franciscanos.org.br\/vidacrista\/?s={search_term_string}"},"query-input":"required name=search_term_string"}],"inLanguage":"pt-BR"},{"@type":"WebPage","@id":"https:\/\/franciscanos.org.br\/vidacrista\/a-longa-procissao-de-ramos-de-jesus-na-semana-santa-e-em-nossas-vidas-lc-1928-40\/","url":"https:\/\/franciscanos.org.br\/vidacrista\/a-longa-procissao-de-ramos-de-jesus-na-semana-santa-e-em-nossas-vidas-lc-1928-40\/","name":"A longa prociss\u00e3o de Ramos de Jesus na Semana Santa e em nossas vidas (Lc 19,28-40) - Vida Crist\u00e3 - Franciscanos","isPartOf":{"@id":"https:\/\/franciscanos.org.br\/vidacrista\/#website"},"datePublished":"2022-04-09T09:35:53+00:00","dateModified":"2022-04-09T09:36:49+00:00","author":{"@id":"https:\/\/franciscanos.org.br\/vidacrista\/#\/schema\/person\/1880bdd2c350b735648725ef7614736a"},"breadcrumb":{"@id":"https:\/\/franciscanos.org.br\/vidacrista\/a-longa-procissao-de-ramos-de-jesus-na-semana-santa-e-em-nossas-vidas-lc-1928-40\/#breadcrumb"},"inLanguage":"pt-BR","potentialAction":[{"@type":"ReadAction","target":["https:\/\/franciscanos.org.br\/vidacrista\/a-longa-procissao-de-ramos-de-jesus-na-semana-santa-e-em-nossas-vidas-lc-1928-40\/"]}]},{"@type":"BreadcrumbList","@id":"https:\/\/franciscanos.org.br\/vidacrista\/a-longa-procissao-de-ramos-de-jesus-na-semana-santa-e-em-nossas-vidas-lc-1928-40\/#breadcrumb","itemListElement":[{"@type":"ListItem","position":1,"name":"Home","item":"https:\/\/franciscanos.org.br\/vidacrista\/"},{"@type":"ListItem","position":2,"name":"A longa prociss\u00e3o de Ramos de Jesus na Semana Santa e em nossas vidas (Lc 19,28-40)"}]},{"@type":"Person","@id":"https:\/\/franciscanos.org.br\/vidacrista\/#\/schema\/person\/1880bdd2c350b735648725ef7614736a","name":"moacir","image":{"@type":"ImageObject","inLanguage":"pt-BR","@id":"https:\/\/franciscanos.org.br\/vidacrista\/#\/schema\/person\/image\/","url":"https:\/\/secure.gravatar.com\/avatar\/d08aa2ce4c8dd416d4479aa8536fcf64?s=96&d=mm&r=g","contentUrl":"https:\/\/secure.gravatar.com\/avatar\/d08aa2ce4c8dd416d4479aa8536fcf64?s=96&d=mm&r=g","caption":"moacir"},"url":"https:\/\/franciscanos.org.br\/vidacrista\/author\/moacir\/"}]}},"_links":{"self":[{"href":"https:\/\/franciscanos.org.br\/vidacrista\/wp-json\/wp\/v2\/posts\/191701"}],"collection":[{"href":"https:\/\/franciscanos.org.br\/vidacrista\/wp-json\/wp\/v2\/posts"}],"about":[{"href":"https:\/\/franciscanos.org.br\/vidacrista\/wp-json\/wp\/v2\/types\/post"}],"author":[{"embeddable":true,"href":"https:\/\/franciscanos.org.br\/vidacrista\/wp-json\/wp\/v2\/users\/3"}],"replies":[{"embeddable":true,"href":"https:\/\/franciscanos.org.br\/vidacrista\/wp-json\/wp\/v2\/comments?post=191701"}],"version-history":[{"count":2,"href":"https:\/\/franciscanos.org.br\/vidacrista\/wp-json\/wp\/v2\/posts\/191701\/revisions"}],"predecessor-version":[{"id":191704,"href":"https:\/\/franciscanos.org.br\/vidacrista\/wp-json\/wp\/v2\/posts\/191701\/revisions\/191704"}],"wp:featuredmedia":[{"embeddable":true,"href":"https:\/\/franciscanos.org.br\/vidacrista\/wp-json\/wp\/v2\/media\/191702"}],"wp:attachment":[{"href":"https:\/\/franciscanos.org.br\/vidacrista\/wp-json\/wp\/v2\/media?parent=191701"}],"wp:term":[{"taxonomy":"category","embeddable":true,"href":"https:\/\/franciscanos.org.br\/vidacrista\/wp-json\/wp\/v2\/categories?post=191701"},{"taxonomy":"post_tag","embeddable":true,"href":"https:\/\/franciscanos.org.br\/vidacrista\/wp-json\/wp\/v2\/tags?post=191701"}],"curies":[{"name":"wp","href":"https:\/\/api.w.org\/{rel}","templated":true}]}}