{"id":191647,"date":"2022-04-02T16:13:13","date_gmt":"2022-04-02T19:13:13","guid":{"rendered":"https:\/\/franciscanos.org.br\/vidacrista\/?p=191647"},"modified":"2022-04-02T16:13:13","modified_gmt":"2022-04-02T19:13:13","slug":"educacao-catolica","status":"publish","type":"post","link":"https:\/\/franciscanos.org.br\/vidacrista\/educacao-catolica\/","title":{"rendered":"Educa\u00e7\u00e3o cat\u00f3lica"},"content":{"rendered":"<div id=\"attachment_191648\" style=\"width: 850px\" class=\"wp-caption alignnone\"><img aria-describedby=\"caption-attachment-191648\" decoding=\"async\" loading=\"lazy\" class=\"wp-image-191648 size-full\" src=\"https:\/\/franciscanos.org.br\/vidacrista\/wp-content\/uploads\/2022\/04\/artigo_02.png\" alt=\"\" width=\"840\" height=\"450\" srcset=\"https:\/\/franciscanos.org.br\/vidacrista\/wp-content\/uploads\/2022\/04\/artigo_02.png 840w, https:\/\/franciscanos.org.br\/vidacrista\/wp-content\/uploads\/2022\/04\/artigo_02-450x241.png 450w, https:\/\/franciscanos.org.br\/vidacrista\/wp-content\/uploads\/2022\/04\/artigo_02-768x411.png 768w, https:\/\/franciscanos.org.br\/vidacrista\/wp-content\/uploads\/2022\/04\/artigo_02-150x80.png 150w\" sizes=\"(max-width: 840px) 100vw, 840px\" \/><p id=\"caption-attachment-191648\" class=\"wp-caption-text\">\u00a0 \u00a0 \u00a0 \u00a0 \u00a0 \u00a0 \u00a0 \u00a0 \u00a0 \u00a0 \u00a0 \u00a0 \u00a0 \u00a0 \u00a0 \u00a0 \u00a0 \u00a0 \u00a0 \u00a0 \u00a0 \u00a0 \u00a0 \u00a0 \u00a0 \u00a0 \u00a0 \u00a0 \u00a0 \u00a0 \u00a0<em> \u00a0 \u00a0 \u00a0 Imagem ilustrativa: Canva<\/em> (<a href=\"http:\/\/www.canva.com\/pt_br\/modelos\">www.canva.com\/pt_br\/modelos<\/a>)<\/p><\/div>\n<p><strong>Dom Walmor Oliveira de Azevedo<\/strong><\/p>\n<p>A Igreja Cat\u00f3lica convida a sociedade, com a Campanha da Fraternidade 2022, a discernir sobre novos caminhos para a educa\u00e7\u00e3o, pilar fundamental da paz e do desenvolvimento integral. Esta \u00e9 a terceira vez em quase seis d\u00e9cadas que reflex\u00f5es sobre Fraternidade e Educa\u00e7\u00e3o inspiram a viv\u00eancia da Quaresma. O tempo quaresmal, com sua luz pr\u00f3pria e pertinente interpela\u00e7\u00e3o \u00e0 convers\u00e3o, pode contribuir para iluminar a realidade da educa\u00e7\u00e3o no Brasil, especialmente ante a necess\u00e1ria busca por solu\u00e7\u00f5es para projetos inconclusos, respeitando a Constitui\u00e7\u00e3o. O ponto de partida \u00e9 compreender que o apelo \u00e0 convers\u00e3o deve envolver a conduta cidad\u00e3, possibilitando o fortalecimento da democracia, da paz, do respeito \u00e0 dignidade humana. A f\u00e9 deve sempre inspirar a consolida\u00e7\u00e3o de uma sociedade fundamentada na justi\u00e7a e na solidariedade, impulsionada pelo mais completo e amplo sentido de fraternidade universal.<\/p>\n<p>A interpela\u00e7\u00e3o da Igreja Cat\u00f3lica \u00e0 sociedade civil para refletir sobre um tema t\u00e3o complexo e priorit\u00e1rio se alicer\u00e7a na sua contribui\u00e7\u00e3o qualificada no campo da educa\u00e7\u00e3o. Um servi\u00e7o oferecido h\u00e1 muitos s\u00e9culos, com ra\u00edzes que remetem a Jesus Cristo, Mestre e Senhor, aquele que perfeitamente \u201cfala com sabedoria e ensina com amor\u201d. Inspirada em Jesus, a Igreja, na sua hist\u00f3ria bimilenar, vem oferecendo reconhecida contribui\u00e7\u00e3o ao campo educacional. Sejam lembrados os mosteiros, lugares da cultura e do ensino, de pesquisas e de avan\u00e7os cient\u00edficos, bem como as catedrais no seu sentido mais genu\u00edno \u2013 refer\u00eancias na acolhida priorit\u00e1ria dos pobres, espa\u00e7os dedicados \u00e0 arte e \u00e0 cultura, particularmente \u00e0 espiritualidade e \u00e0 f\u00e9, que s\u00e3o for\u00e7as formativas de propor\u00e7\u00f5es admir\u00e1veis. No passado e no presente, a Igreja vem formando gera\u00e7\u00f5es e, assim, atuando decisivamente em processos que levam a avan\u00e7os civilizat\u00f3rios.<\/p>\n<p>Grande \u00e9 o tesouro da heran\u00e7a da educa\u00e7\u00e3o crist\u00e3 cat\u00f3lica, com significativa contribui\u00e7\u00e3o acad\u00eamica e cient\u00edfica, respostas sociais impressionantes e a intelig\u00eancia pr\u00f3pria de quem prioriza o humano \u2013 ao inv\u00e9s da busca pelo lucro ou por vantagens. No are\u00f3pago do campo educacional na contemporaneidade, em todas as suas diversificadas dimens\u00f5es pr\u00e1ticas, a educa\u00e7\u00e3o cat\u00f3lica, com atores historicamente relevantes e com institui\u00e7\u00f5es de ensino exemplares, distingue-se por compreender o ser humano, a cultura e a sociedade a partir de valores e princ\u00edpios crist\u00e3os inegoci\u00e1veis. A antropologia crist\u00e3, na sua riqueza e completude, inspira a pr\u00e1tica educacional sist\u00eamica. Define prioridades de atua\u00e7\u00e3o e de servi\u00e7os a partir do inegoci\u00e1vel compromisso com a excel\u00eancia acad\u00eamica. As dificuldades e desafios \u2013 que n\u00e3o s\u00e3o poucos \u2013 impostos particularmente pelas crises econ\u00f4mica e cultural, n\u00e3o conseguem demover o \u201cbarco\u201d da educa\u00e7\u00e3o cat\u00f3lica do seu rumo e de suas metas, por compreender-se como servi\u00e7o \u00e0 promo\u00e7\u00e3o da vida e da sacralidade de toda pessoa humana.<\/p>\n<p>A antropologia crist\u00e3 permeia, pois, a pr\u00e1tica formal da educa\u00e7\u00e3o, congregando dimens\u00f5es, setores e etapas da vida humana e social. Parte-se de uma vis\u00e3o positiva e integral do ser humano, respons\u00e1vel por si mesmo e pelo mundo, um ser livre, aberto \u00e0 transcend\u00eancia e culturalmente situado, consciente dos seus limites e, por isso mesmo, comprometido a super\u00e1-los, para assim caminhar na dire\u00e7\u00e3o de um reino de amor, ajudando a edific\u00e1-lo, com justi\u00e7a e fraternidade. Assim, \u00e9 ponto determinante da educa\u00e7\u00e3o cat\u00f3lica preparar cada pessoa para agir sob os par\u00e2metros de um humanismo integral, considerando as dimens\u00f5es relacional e comunit\u00e1ria. Um compromisso enraizado na identidade e na miss\u00e3o das institui\u00e7\u00f5es de ensino da Igreja.<\/p>\n<p>Educar a pessoa em todas as suas dimens\u00f5es \u00e9 o compromisso das institui\u00e7\u00f5es cat\u00f3licas de ensino. Isto significa oferecer uma educa\u00e7\u00e3o integral, agora ainda mais necess\u00e1ria, pois muitas crises se agravam na sociedade brasileira. Reconhe\u00e7a-se a import\u00e2ncia da educa\u00e7\u00e3o cat\u00f3lica, por sua qualidade, mas tamb\u00e9m pela expressividade de seu alcance. As escolas cat\u00f3licas est\u00e3o presentes em todos os Estados da Federa\u00e7\u00e3o, com aproximadamente 100 institui\u00e7\u00f5es de ensino superior, 1000 escolas, 110 mil profissionais e 1,5 milh\u00e3o de estudantes, com especial zelo e apoio aos mais pobres. Escolas cat\u00f3licas s\u00e3o lugar da partilha, da educa\u00e7\u00e3o integral, articulando f\u00e9, cultura e vida. Um dom a ser cuidado no horizonte da educa\u00e7\u00e3o brasileira, com bela hist\u00f3ria e instigantes desafios.<\/p>\n<hr \/>\n<p><strong>Dom Walmor Oliveira de Azevedo<\/strong> <em>\u00e9 Arcebispo de Belo Horizonte (MG) e presidente da Confer\u00eancia Nacional dos Bispos do Brasil (CNBB)<\/em><\/p>\n","protected":false},"excerpt":{"rendered":"<p>Artigo de Dom Walmor Oliveira de Azevedo<\/p>\n","protected":false},"author":3,"featured_media":191648,"comment_status":"open","ping_status":"open","sticky":false,"template":"","format":"standard","meta":{"footnotes":""},"categories":[26],"tags":[271],"yoast_head":"<!-- This site is optimized with the Yoast SEO plugin v19.4 - https:\/\/yoast.com\/wordpress\/plugins\/seo\/ -->\n<title>Educa\u00e7\u00e3o cat\u00f3lica - Vida Crist\u00e3 - Franciscanos<\/title>\n<meta name=\"robots\" content=\"index, follow, max-snippet:-1, max-image-preview:large, max-video-preview:-1\" \/>\n<link rel=\"canonical\" href=\"https:\/\/franciscanos.org.br\/vidacrista\/educacao-catolica\/\" \/>\n<meta property=\"og:locale\" content=\"pt_BR\" \/>\n<meta property=\"og:type\" content=\"article\" \/>\n<meta property=\"og:title\" content=\"Educa\u00e7\u00e3o cat\u00f3lica - Vida Crist\u00e3 - Franciscanos\" \/>\n<meta property=\"og:description\" content=\"Artigo de Dom Walmor Oliveira de Azevedo\" \/>\n<meta property=\"og:url\" content=\"https:\/\/franciscanos.org.br\/vidacrista\/educacao-catolica\/\" \/>\n<meta property=\"og:site_name\" content=\"Vida Crist\u00e3 - Franciscanos\" \/>\n<meta property=\"article:published_time\" content=\"2022-04-02T19:13:13+00:00\" \/>\n<meta property=\"og:image\" content=\"https:\/\/franciscanos.org.br\/vidacrista\/wp-content\/uploads\/2022\/04\/artigo_02.png\" \/>\n\t<meta property=\"og:image:width\" content=\"840\" \/>\n\t<meta property=\"og:image:height\" content=\"450\" \/>\n\t<meta property=\"og:image:type\" content=\"image\/png\" \/>\n<meta name=\"author\" content=\"moacir\" \/>\n<meta name=\"twitter:card\" content=\"summary_large_image\" \/>\n<meta name=\"twitter:label1\" content=\"Escrito por\" \/>\n\t<meta name=\"twitter:data1\" content=\"moacir\" \/>\n\t<meta name=\"twitter:label2\" content=\"Est. tempo de leitura\" \/>\n\t<meta name=\"twitter:data2\" content=\"4 minutos\" \/>\n<script type=\"application\/ld+json\" class=\"yoast-schema-graph\">{\"@context\":\"https:\/\/schema.org\",\"@graph\":[{\"@type\":\"WebSite\",\"@id\":\"https:\/\/franciscanos.org.br\/vidacrista\/#website\",\"url\":\"https:\/\/franciscanos.org.br\/vidacrista\/\",\"name\":\"Vida Crist\u00e3 - Franciscanos\",\"description\":\"Prov\u00edncia Franciscana da Imaculada Concei\u00e7\u00e3o do Brasil - Ordem dos Frades Menores\",\"potentialAction\":[{\"@type\":\"SearchAction\",\"target\":{\"@type\":\"EntryPoint\",\"urlTemplate\":\"https:\/\/franciscanos.org.br\/vidacrista\/?s={search_term_string}\"},\"query-input\":\"required name=search_term_string\"}],\"inLanguage\":\"pt-BR\"},{\"@type\":\"WebPage\",\"@id\":\"https:\/\/franciscanos.org.br\/vidacrista\/educacao-catolica\/\",\"url\":\"https:\/\/franciscanos.org.br\/vidacrista\/educacao-catolica\/\",\"name\":\"Educa\u00e7\u00e3o cat\u00f3lica - Vida Crist\u00e3 - Franciscanos\",\"isPartOf\":{\"@id\":\"https:\/\/franciscanos.org.br\/vidacrista\/#website\"},\"datePublished\":\"2022-04-02T19:13:13+00:00\",\"dateModified\":\"2022-04-02T19:13:13+00:00\",\"author\":{\"@id\":\"https:\/\/franciscanos.org.br\/vidacrista\/#\/schema\/person\/1880bdd2c350b735648725ef7614736a\"},\"breadcrumb\":{\"@id\":\"https:\/\/franciscanos.org.br\/vidacrista\/educacao-catolica\/#breadcrumb\"},\"inLanguage\":\"pt-BR\",\"potentialAction\":[{\"@type\":\"ReadAction\",\"target\":[\"https:\/\/franciscanos.org.br\/vidacrista\/educacao-catolica\/\"]}]},{\"@type\":\"BreadcrumbList\",\"@id\":\"https:\/\/franciscanos.org.br\/vidacrista\/educacao-catolica\/#breadcrumb\",\"itemListElement\":[{\"@type\":\"ListItem\",\"position\":1,\"name\":\"Home\",\"item\":\"https:\/\/franciscanos.org.br\/vidacrista\/\"},{\"@type\":\"ListItem\",\"position\":2,\"name\":\"Educa\u00e7\u00e3o cat\u00f3lica\"}]},{\"@type\":\"Person\",\"@id\":\"https:\/\/franciscanos.org.br\/vidacrista\/#\/schema\/person\/1880bdd2c350b735648725ef7614736a\",\"name\":\"moacir\",\"image\":{\"@type\":\"ImageObject\",\"inLanguage\":\"pt-BR\",\"@id\":\"https:\/\/franciscanos.org.br\/vidacrista\/#\/schema\/person\/image\/\",\"url\":\"https:\/\/secure.gravatar.com\/avatar\/d08aa2ce4c8dd416d4479aa8536fcf64?s=96&d=mm&r=g\",\"contentUrl\":\"https:\/\/secure.gravatar.com\/avatar\/d08aa2ce4c8dd416d4479aa8536fcf64?s=96&d=mm&r=g\",\"caption\":\"moacir\"},\"url\":\"https:\/\/franciscanos.org.br\/vidacrista\/author\/moacir\/\"}]}<\/script>\n<!-- \/ Yoast SEO plugin. -->","yoast_head_json":{"title":"Educa\u00e7\u00e3o cat\u00f3lica - Vida Crist\u00e3 - Franciscanos","robots":{"index":"index","follow":"follow","max-snippet":"max-snippet:-1","max-image-preview":"max-image-preview:large","max-video-preview":"max-video-preview:-1"},"canonical":"https:\/\/franciscanos.org.br\/vidacrista\/educacao-catolica\/","og_locale":"pt_BR","og_type":"article","og_title":"Educa\u00e7\u00e3o cat\u00f3lica - Vida Crist\u00e3 - Franciscanos","og_description":"Artigo de Dom Walmor Oliveira de Azevedo","og_url":"https:\/\/franciscanos.org.br\/vidacrista\/educacao-catolica\/","og_site_name":"Vida Crist\u00e3 - Franciscanos","article_published_time":"2022-04-02T19:13:13+00:00","og_image":[{"width":840,"height":450,"url":"https:\/\/franciscanos.org.br\/vidacrista\/wp-content\/uploads\/2022\/04\/artigo_02.png","type":"image\/png"}],"author":"moacir","twitter_card":"summary_large_image","twitter_misc":{"Escrito por":"moacir","Est. tempo de leitura":"4 minutos"},"schema":{"@context":"https:\/\/schema.org","@graph":[{"@type":"WebSite","@id":"https:\/\/franciscanos.org.br\/vidacrista\/#website","url":"https:\/\/franciscanos.org.br\/vidacrista\/","name":"Vida Crist\u00e3 - Franciscanos","description":"Prov\u00edncia Franciscana da Imaculada Concei\u00e7\u00e3o do Brasil - Ordem dos Frades Menores","potentialAction":[{"@type":"SearchAction","target":{"@type":"EntryPoint","urlTemplate":"https:\/\/franciscanos.org.br\/vidacrista\/?s={search_term_string}"},"query-input":"required name=search_term_string"}],"inLanguage":"pt-BR"},{"@type":"WebPage","@id":"https:\/\/franciscanos.org.br\/vidacrista\/educacao-catolica\/","url":"https:\/\/franciscanos.org.br\/vidacrista\/educacao-catolica\/","name":"Educa\u00e7\u00e3o cat\u00f3lica - Vida Crist\u00e3 - Franciscanos","isPartOf":{"@id":"https:\/\/franciscanos.org.br\/vidacrista\/#website"},"datePublished":"2022-04-02T19:13:13+00:00","dateModified":"2022-04-02T19:13:13+00:00","author":{"@id":"https:\/\/franciscanos.org.br\/vidacrista\/#\/schema\/person\/1880bdd2c350b735648725ef7614736a"},"breadcrumb":{"@id":"https:\/\/franciscanos.org.br\/vidacrista\/educacao-catolica\/#breadcrumb"},"inLanguage":"pt-BR","potentialAction":[{"@type":"ReadAction","target":["https:\/\/franciscanos.org.br\/vidacrista\/educacao-catolica\/"]}]},{"@type":"BreadcrumbList","@id":"https:\/\/franciscanos.org.br\/vidacrista\/educacao-catolica\/#breadcrumb","itemListElement":[{"@type":"ListItem","position":1,"name":"Home","item":"https:\/\/franciscanos.org.br\/vidacrista\/"},{"@type":"ListItem","position":2,"name":"Educa\u00e7\u00e3o cat\u00f3lica"}]},{"@type":"Person","@id":"https:\/\/franciscanos.org.br\/vidacrista\/#\/schema\/person\/1880bdd2c350b735648725ef7614736a","name":"moacir","image":{"@type":"ImageObject","inLanguage":"pt-BR","@id":"https:\/\/franciscanos.org.br\/vidacrista\/#\/schema\/person\/image\/","url":"https:\/\/secure.gravatar.com\/avatar\/d08aa2ce4c8dd416d4479aa8536fcf64?s=96&d=mm&r=g","contentUrl":"https:\/\/secure.gravatar.com\/avatar\/d08aa2ce4c8dd416d4479aa8536fcf64?s=96&d=mm&r=g","caption":"moacir"},"url":"https:\/\/franciscanos.org.br\/vidacrista\/author\/moacir\/"}]}},"_links":{"self":[{"href":"https:\/\/franciscanos.org.br\/vidacrista\/wp-json\/wp\/v2\/posts\/191647"}],"collection":[{"href":"https:\/\/franciscanos.org.br\/vidacrista\/wp-json\/wp\/v2\/posts"}],"about":[{"href":"https:\/\/franciscanos.org.br\/vidacrista\/wp-json\/wp\/v2\/types\/post"}],"author":[{"embeddable":true,"href":"https:\/\/franciscanos.org.br\/vidacrista\/wp-json\/wp\/v2\/users\/3"}],"replies":[{"embeddable":true,"href":"https:\/\/franciscanos.org.br\/vidacrista\/wp-json\/wp\/v2\/comments?post=191647"}],"version-history":[{"count":1,"href":"https:\/\/franciscanos.org.br\/vidacrista\/wp-json\/wp\/v2\/posts\/191647\/revisions"}],"predecessor-version":[{"id":191649,"href":"https:\/\/franciscanos.org.br\/vidacrista\/wp-json\/wp\/v2\/posts\/191647\/revisions\/191649"}],"wp:featuredmedia":[{"embeddable":true,"href":"https:\/\/franciscanos.org.br\/vidacrista\/wp-json\/wp\/v2\/media\/191648"}],"wp:attachment":[{"href":"https:\/\/franciscanos.org.br\/vidacrista\/wp-json\/wp\/v2\/media?parent=191647"}],"wp:term":[{"taxonomy":"category","embeddable":true,"href":"https:\/\/franciscanos.org.br\/vidacrista\/wp-json\/wp\/v2\/categories?post=191647"},{"taxonomy":"post_tag","embeddable":true,"href":"https:\/\/franciscanos.org.br\/vidacrista\/wp-json\/wp\/v2\/tags?post=191647"}],"curies":[{"name":"wp","href":"https:\/\/api.w.org\/{rel}","templated":true}]}}