{"id":191630,"date":"2022-03-30T13:53:53","date_gmt":"2022-03-30T16:53:53","guid":{"rendered":"https:\/\/franciscanos.org.br\/vidacrista\/?p=191630"},"modified":"2022-03-30T13:53:53","modified_gmt":"2022-03-30T16:53:53","slug":"sera-que-traimos-o-senhor","status":"publish","type":"post","link":"https:\/\/franciscanos.org.br\/vidacrista\/sera-que-traimos-o-senhor\/","title":{"rendered":"Ser\u00e1 que tra\u00edmos o Senhor?"},"content":{"rendered":"<div id=\"attachment_191631\" style=\"width: 850px\" class=\"wp-caption alignnone\"><img aria-describedby=\"caption-attachment-191631\" decoding=\"async\" loading=\"lazy\" class=\"wp-image-191631 size-full\" src=\"https:\/\/franciscanos.org.br\/vidacrista\/wp-content\/uploads\/2022\/03\/sexta_3203.jpg\" alt=\"\" width=\"840\" height=\"450\" srcset=\"https:\/\/franciscanos.org.br\/vidacrista\/wp-content\/uploads\/2022\/03\/sexta_3203.jpg 840w, https:\/\/franciscanos.org.br\/vidacrista\/wp-content\/uploads\/2022\/03\/sexta_3203-450x241.jpg 450w, https:\/\/franciscanos.org.br\/vidacrista\/wp-content\/uploads\/2022\/03\/sexta_3203-768x411.jpg 768w, https:\/\/franciscanos.org.br\/vidacrista\/wp-content\/uploads\/2022\/03\/sexta_3203-150x80.jpg 150w\" sizes=\"(max-width: 840px) 100vw, 840px\" \/><p id=\"caption-attachment-191631\" class=\"wp-caption-text\">\u00a0 \u00a0 \u00a0 \u00a0 \u00a0 \u00a0 \u00a0 \u00a0 \u00a0 \u00a0 \u00a0 \u00a0 \u00a0 \u00a0 \u00a0 \u00a0 \u00a0 \u00a0 \u00a0 \u00a0 \u00a0 \u00a0 \u00a0 \u00a0 \u00a0 \u00a0 \u00a0 \u00a0 \u00a0 \u00a0 \u00a0<em> \u00a0 \u00a0Imagem: El Greco, Cristo Crucificado (Wikipedia, dom\u00ednio p\u00fablico)<\/em><\/p><\/div>\n<p>N\u00e3o cessamos de contemplar o lado aberto no peito de Jesus. Seu imenso cora\u00e7\u00e3o e o sangue derramado est\u00e3o sempre diante de nosso eu mais profundo, ou deveriam estar. Incans\u00e1veis vezes tivemos a certeza de sermos amados e a vontade de amar esse Senhor do peito dilacerado.<\/p>\n<p>Convivemos, no entanto, com nossas contradi\u00e7\u00f5es. Paulo j\u00e1 nos alertava da dupla lei. Querer o bem e fazer o mal. Somos contradi\u00e7\u00f5es ambulantes. Embrenhamo-nos em situa\u00e7\u00f5es \u00e0s quais somos arrastados por movimentos violentos de paix\u00e3o ou buscamos compensa\u00e7\u00f5es que podem ferir outros. Desesperarmo-nos? Ser\u00e1 que tra\u00edmos irremediavelmente o Senhor? Ser\u00e1 que foi uma trai\u00e7\u00e3o pensada? Existe uma fonte de miseric\u00f3rdia?<br \/>\nNos \u00faltimos tempos, por diferentes raz\u00f5es, tem-se a impress\u00e3o que Deus foi banido do universo dos interesses dos humanos. Algumas vezes temos a impress\u00e3o que o problema de Deus \u00e9 p\u00e1gina virada. Mesmo quando se colocam ritos, pronunciam-se rezas, esse amor de Deus manifestado em Cristo Jesus n\u00e3o toca o projeto de vida da pessoas. Um solene indiferentismo. Faltam visitas ao mist\u00e9rio de cada um onde ressoam desejos diferentes da busca novos m\u00e9todo de desempenho sexual, preocupa\u00e7\u00f5es com a bolsa de valores e nosso eu massageado. Pessoas alheias aos seu mist\u00e9rio pessoal.<\/p>\n<p>Seguindo a sabedoria do Evangelho, o mais humilde movimento do cora\u00e7\u00e3o tem muito mais peso que as manchas que escapam das paix\u00f5es que torturam, paix\u00f5es \u00e0s quais n\u00e3o nos engajamos de cora\u00e7\u00e3o, mas que acontecem devido \u00e0 nossa fragilidade cong\u00eanita, claro, com nosso consentimento. H\u00e1 esse sangue de Deus que ensopou a terra. A ele podemos recorrer. A orienta\u00e7\u00e3o fundamental de nossa vida \u00e9 conviver com o Senhor, \u00e9 criar espa\u00e7os de dom, de solidariedade, de amizade. Isto, certamente tem mais peso do que certas lembran\u00e7as que nos torturam quando o tempo vai passando e a noite da vida descendo.<\/p>\n<p>Contri\u00e7\u00e3o, cora\u00e7\u00e3o do\u00eddo, arrependimento sincero. Cantilena constante e suave do Miserere, esperando na f\u00e9, o bafejo do amor de Deus. O cora\u00e7\u00e3o contrito parece ser a \u00fanica brecha pela qual pode entrar a gra\u00e7a de Deus.<\/p>\n<p>\u201cO priorit\u00e1rio hoje n\u00e3o \u00e9 transmitir uma doutrina, pregar uma moral ou sustentar uma pr\u00e1tica religiosa, mas tornar poss\u00edvel a experi\u00eancia origin\u00e1ria dos primeiros disc\u00edpulos que acolheram o Filho de Deus vivo encarnado em Jesus como caminho de salva\u00e7\u00e3o. Quando n\u00e3o se reproduz a renova\u00e7\u00e3o continua dessa experi\u00eancia continua a prega\u00e7\u00e3o passa a repetir a doutrina, a a\u00e7\u00e3o pastoral continua o rito religioso, a experi\u00eancia m\u00edstica original de onde nasce a f\u00e9 crist\u00e3 em Deus desaparece e se dilui( Pagola).<\/p>\n<p>Consequ\u00eancia: ficam os relatos das faltas e pecados sem o cora\u00e7\u00e3o contrito. Ser\u00e1 que tra\u00edmos de fato o Senhor? Que portas ser-nos-\u00e3o abertas?<\/p>\n<p>N\u00e3o \u00e9 tempo perdido fixar detidamente nosso olhar no Cora\u00e7\u00e3o de Jesus. \u00c9 puro lucro.<\/p>\n<hr \/>\n<p><em>Frei Almir Ribeiro Guimar\u00e3es<\/em><\/p>\n","protected":false},"excerpt":{"rendered":"<p>1\u00aa Sexta-feira do M\u00eas<\/p>\n","protected":false},"author":3,"featured_media":191631,"comment_status":"open","ping_status":"open","sticky":false,"template":"","format":"standard","meta":{"footnotes":""},"categories":[105],"tags":[106],"yoast_head":"<!-- This site is optimized with the Yoast SEO plugin v19.4 - https:\/\/yoast.com\/wordpress\/plugins\/seo\/ -->\n<title>Ser\u00e1 que tra\u00edmos o Senhor? - Vida Crist\u00e3 - Franciscanos<\/title>\n<meta name=\"robots\" content=\"index, follow, max-snippet:-1, max-image-preview:large, max-video-preview:-1\" \/>\n<link rel=\"canonical\" href=\"https:\/\/franciscanos.org.br\/vidacrista\/sera-que-traimos-o-senhor\/\" \/>\n<meta property=\"og:locale\" content=\"pt_BR\" \/>\n<meta property=\"og:type\" content=\"article\" \/>\n<meta property=\"og:title\" content=\"Ser\u00e1 que tra\u00edmos o Senhor? - Vida Crist\u00e3 - Franciscanos\" \/>\n<meta property=\"og:description\" content=\"1\u00aa Sexta-feira do M\u00eas\" \/>\n<meta property=\"og:url\" content=\"https:\/\/franciscanos.org.br\/vidacrista\/sera-que-traimos-o-senhor\/\" \/>\n<meta property=\"og:site_name\" content=\"Vida Crist\u00e3 - Franciscanos\" \/>\n<meta property=\"article:published_time\" content=\"2022-03-30T16:53:53+00:00\" \/>\n<meta property=\"og:image\" content=\"https:\/\/franciscanos.org.br\/vidacrista\/wp-content\/uploads\/2022\/03\/sexta_3203.jpg\" \/>\n\t<meta property=\"og:image:width\" content=\"840\" \/>\n\t<meta property=\"og:image:height\" content=\"450\" \/>\n\t<meta property=\"og:image:type\" content=\"image\/jpeg\" \/>\n<meta name=\"author\" content=\"moacir\" \/>\n<meta name=\"twitter:card\" content=\"summary_large_image\" \/>\n<meta name=\"twitter:label1\" content=\"Escrito por\" \/>\n\t<meta name=\"twitter:data1\" content=\"moacir\" \/>\n\t<meta name=\"twitter:label2\" content=\"Est. tempo de leitura\" \/>\n\t<meta name=\"twitter:data2\" content=\"3 minutos\" \/>\n<script type=\"application\/ld+json\" class=\"yoast-schema-graph\">{\"@context\":\"https:\/\/schema.org\",\"@graph\":[{\"@type\":\"WebSite\",\"@id\":\"https:\/\/franciscanos.org.br\/vidacrista\/#website\",\"url\":\"https:\/\/franciscanos.org.br\/vidacrista\/\",\"name\":\"Vida Crist\u00e3 - Franciscanos\",\"description\":\"Prov\u00edncia Franciscana da Imaculada Concei\u00e7\u00e3o do Brasil - Ordem dos Frades Menores\",\"potentialAction\":[{\"@type\":\"SearchAction\",\"target\":{\"@type\":\"EntryPoint\",\"urlTemplate\":\"https:\/\/franciscanos.org.br\/vidacrista\/?s={search_term_string}\"},\"query-input\":\"required name=search_term_string\"}],\"inLanguage\":\"pt-BR\"},{\"@type\":\"WebPage\",\"@id\":\"https:\/\/franciscanos.org.br\/vidacrista\/sera-que-traimos-o-senhor\/\",\"url\":\"https:\/\/franciscanos.org.br\/vidacrista\/sera-que-traimos-o-senhor\/\",\"name\":\"Ser\u00e1 que tra\u00edmos o Senhor? - Vida Crist\u00e3 - Franciscanos\",\"isPartOf\":{\"@id\":\"https:\/\/franciscanos.org.br\/vidacrista\/#website\"},\"datePublished\":\"2022-03-30T16:53:53+00:00\",\"dateModified\":\"2022-03-30T16:53:53+00:00\",\"author\":{\"@id\":\"https:\/\/franciscanos.org.br\/vidacrista\/#\/schema\/person\/1880bdd2c350b735648725ef7614736a\"},\"breadcrumb\":{\"@id\":\"https:\/\/franciscanos.org.br\/vidacrista\/sera-que-traimos-o-senhor\/#breadcrumb\"},\"inLanguage\":\"pt-BR\",\"potentialAction\":[{\"@type\":\"ReadAction\",\"target\":[\"https:\/\/franciscanos.org.br\/vidacrista\/sera-que-traimos-o-senhor\/\"]}]},{\"@type\":\"BreadcrumbList\",\"@id\":\"https:\/\/franciscanos.org.br\/vidacrista\/sera-que-traimos-o-senhor\/#breadcrumb\",\"itemListElement\":[{\"@type\":\"ListItem\",\"position\":1,\"name\":\"Home\",\"item\":\"https:\/\/franciscanos.org.br\/vidacrista\/\"},{\"@type\":\"ListItem\",\"position\":2,\"name\":\"Ser\u00e1 que tra\u00edmos o Senhor?\"}]},{\"@type\":\"Person\",\"@id\":\"https:\/\/franciscanos.org.br\/vidacrista\/#\/schema\/person\/1880bdd2c350b735648725ef7614736a\",\"name\":\"moacir\",\"image\":{\"@type\":\"ImageObject\",\"inLanguage\":\"pt-BR\",\"@id\":\"https:\/\/franciscanos.org.br\/vidacrista\/#\/schema\/person\/image\/\",\"url\":\"https:\/\/secure.gravatar.com\/avatar\/d08aa2ce4c8dd416d4479aa8536fcf64?s=96&d=mm&r=g\",\"contentUrl\":\"https:\/\/secure.gravatar.com\/avatar\/d08aa2ce4c8dd416d4479aa8536fcf64?s=96&d=mm&r=g\",\"caption\":\"moacir\"},\"url\":\"https:\/\/franciscanos.org.br\/vidacrista\/author\/moacir\/\"}]}<\/script>\n<!-- \/ Yoast SEO plugin. -->","yoast_head_json":{"title":"Ser\u00e1 que tra\u00edmos o Senhor? - Vida Crist\u00e3 - Franciscanos","robots":{"index":"index","follow":"follow","max-snippet":"max-snippet:-1","max-image-preview":"max-image-preview:large","max-video-preview":"max-video-preview:-1"},"canonical":"https:\/\/franciscanos.org.br\/vidacrista\/sera-que-traimos-o-senhor\/","og_locale":"pt_BR","og_type":"article","og_title":"Ser\u00e1 que tra\u00edmos o Senhor? - Vida Crist\u00e3 - Franciscanos","og_description":"1\u00aa Sexta-feira do M\u00eas","og_url":"https:\/\/franciscanos.org.br\/vidacrista\/sera-que-traimos-o-senhor\/","og_site_name":"Vida Crist\u00e3 - Franciscanos","article_published_time":"2022-03-30T16:53:53+00:00","og_image":[{"width":840,"height":450,"url":"https:\/\/franciscanos.org.br\/vidacrista\/wp-content\/uploads\/2022\/03\/sexta_3203.jpg","type":"image\/jpeg"}],"author":"moacir","twitter_card":"summary_large_image","twitter_misc":{"Escrito por":"moacir","Est. tempo de leitura":"3 minutos"},"schema":{"@context":"https:\/\/schema.org","@graph":[{"@type":"WebSite","@id":"https:\/\/franciscanos.org.br\/vidacrista\/#website","url":"https:\/\/franciscanos.org.br\/vidacrista\/","name":"Vida Crist\u00e3 - Franciscanos","description":"Prov\u00edncia Franciscana da Imaculada Concei\u00e7\u00e3o do Brasil - Ordem dos Frades Menores","potentialAction":[{"@type":"SearchAction","target":{"@type":"EntryPoint","urlTemplate":"https:\/\/franciscanos.org.br\/vidacrista\/?s={search_term_string}"},"query-input":"required name=search_term_string"}],"inLanguage":"pt-BR"},{"@type":"WebPage","@id":"https:\/\/franciscanos.org.br\/vidacrista\/sera-que-traimos-o-senhor\/","url":"https:\/\/franciscanos.org.br\/vidacrista\/sera-que-traimos-o-senhor\/","name":"Ser\u00e1 que tra\u00edmos o Senhor? - Vida Crist\u00e3 - Franciscanos","isPartOf":{"@id":"https:\/\/franciscanos.org.br\/vidacrista\/#website"},"datePublished":"2022-03-30T16:53:53+00:00","dateModified":"2022-03-30T16:53:53+00:00","author":{"@id":"https:\/\/franciscanos.org.br\/vidacrista\/#\/schema\/person\/1880bdd2c350b735648725ef7614736a"},"breadcrumb":{"@id":"https:\/\/franciscanos.org.br\/vidacrista\/sera-que-traimos-o-senhor\/#breadcrumb"},"inLanguage":"pt-BR","potentialAction":[{"@type":"ReadAction","target":["https:\/\/franciscanos.org.br\/vidacrista\/sera-que-traimos-o-senhor\/"]}]},{"@type":"BreadcrumbList","@id":"https:\/\/franciscanos.org.br\/vidacrista\/sera-que-traimos-o-senhor\/#breadcrumb","itemListElement":[{"@type":"ListItem","position":1,"name":"Home","item":"https:\/\/franciscanos.org.br\/vidacrista\/"},{"@type":"ListItem","position":2,"name":"Ser\u00e1 que tra\u00edmos o Senhor?"}]},{"@type":"Person","@id":"https:\/\/franciscanos.org.br\/vidacrista\/#\/schema\/person\/1880bdd2c350b735648725ef7614736a","name":"moacir","image":{"@type":"ImageObject","inLanguage":"pt-BR","@id":"https:\/\/franciscanos.org.br\/vidacrista\/#\/schema\/person\/image\/","url":"https:\/\/secure.gravatar.com\/avatar\/d08aa2ce4c8dd416d4479aa8536fcf64?s=96&d=mm&r=g","contentUrl":"https:\/\/secure.gravatar.com\/avatar\/d08aa2ce4c8dd416d4479aa8536fcf64?s=96&d=mm&r=g","caption":"moacir"},"url":"https:\/\/franciscanos.org.br\/vidacrista\/author\/moacir\/"}]}},"_links":{"self":[{"href":"https:\/\/franciscanos.org.br\/vidacrista\/wp-json\/wp\/v2\/posts\/191630"}],"collection":[{"href":"https:\/\/franciscanos.org.br\/vidacrista\/wp-json\/wp\/v2\/posts"}],"about":[{"href":"https:\/\/franciscanos.org.br\/vidacrista\/wp-json\/wp\/v2\/types\/post"}],"author":[{"embeddable":true,"href":"https:\/\/franciscanos.org.br\/vidacrista\/wp-json\/wp\/v2\/users\/3"}],"replies":[{"embeddable":true,"href":"https:\/\/franciscanos.org.br\/vidacrista\/wp-json\/wp\/v2\/comments?post=191630"}],"version-history":[{"count":1,"href":"https:\/\/franciscanos.org.br\/vidacrista\/wp-json\/wp\/v2\/posts\/191630\/revisions"}],"predecessor-version":[{"id":191632,"href":"https:\/\/franciscanos.org.br\/vidacrista\/wp-json\/wp\/v2\/posts\/191630\/revisions\/191632"}],"wp:featuredmedia":[{"embeddable":true,"href":"https:\/\/franciscanos.org.br\/vidacrista\/wp-json\/wp\/v2\/media\/191631"}],"wp:attachment":[{"href":"https:\/\/franciscanos.org.br\/vidacrista\/wp-json\/wp\/v2\/media?parent=191630"}],"wp:term":[{"taxonomy":"category","embeddable":true,"href":"https:\/\/franciscanos.org.br\/vidacrista\/wp-json\/wp\/v2\/categories?post=191630"},{"taxonomy":"post_tag","embeddable":true,"href":"https:\/\/franciscanos.org.br\/vidacrista\/wp-json\/wp\/v2\/tags?post=191630"}],"curies":[{"name":"wp","href":"https:\/\/api.w.org\/{rel}","templated":true}]}}