{"id":191625,"date":"2022-03-28T06:19:06","date_gmt":"2022-03-28T09:19:06","guid":{"rendered":"https:\/\/franciscanos.org.br\/vidacrista\/?p=191625"},"modified":"2022-03-28T06:19:06","modified_gmt":"2022-03-28T09:19:06","slug":"por-um-novo-humanismo","status":"publish","type":"post","link":"https:\/\/franciscanos.org.br\/vidacrista\/por-um-novo-humanismo\/","title":{"rendered":"Por um novo humanismo"},"content":{"rendered":"<div id=\"attachment_191626\" style=\"width: 850px\" class=\"wp-caption alignnone\"><img aria-describedby=\"caption-attachment-191626\" decoding=\"async\" loading=\"lazy\" class=\"wp-image-191626 size-full\" src=\"https:\/\/franciscanos.org.br\/vidacrista\/wp-content\/uploads\/2022\/03\/artigo_28.png\" alt=\"\" width=\"840\" height=\"450\" srcset=\"https:\/\/franciscanos.org.br\/vidacrista\/wp-content\/uploads\/2022\/03\/artigo_28.png 840w, https:\/\/franciscanos.org.br\/vidacrista\/wp-content\/uploads\/2022\/03\/artigo_28-450x241.png 450w, https:\/\/franciscanos.org.br\/vidacrista\/wp-content\/uploads\/2022\/03\/artigo_28-768x411.png 768w, https:\/\/franciscanos.org.br\/vidacrista\/wp-content\/uploads\/2022\/03\/artigo_28-150x80.png 150w\" sizes=\"(max-width: 840px) 100vw, 840px\" \/><p id=\"caption-attachment-191626\" class=\"wp-caption-text\">\u00a0 \u00a0 \u00a0 \u00a0 \u00a0 \u00a0 \u00a0 \u00a0 \u00a0 \u00a0 \u00a0 \u00a0 \u00a0 \u00a0 \u00a0 \u00a0 \u00a0 \u00a0 \u00a0 \u00a0 \u00a0 \u00a0 \u00a0 \u00a0 \u00a0 \u00a0 \u00a0 \u00a0 \u00a0 \u00a0 \u00a0 \u00a0 \u00a0 \u00a0 \u00a0 \u00a0 \u00a0 \u00a0 \u00a0<em> \u00a0 \u00a0 \u00a0 \u00a0 \u00a0 \u00a0 \u00a0Imagem ilustrativa: Canva (<a href=\"http:\/\/www.canva.com\/pt_br\/modelos\">www.canva.com\/pt_br\/modelos<\/a>)<\/em><\/p><\/div>\n<p><strong>Dom Walmor Oliveira de Azevedo<\/strong><\/p>\n<p>Graves conflitos amea\u00e7am a paz pelo mundo afora, pedindo urgentes provid\u00eancias. Neste horizonte, este convite dirigido a cada pessoa \u00e9 mais que oportuno: unir-se ao gesto orante oficiado pelo Papa Francisco, neste 25 de mar\u00e7o. Um gesto orante que ultrapassa o territ\u00f3rio da devo\u00e7\u00e3o \u2013 remete a humanidade \u00e0s ra\u00edzes espirituais que s\u00e3o capazes de restaurar o cora\u00e7\u00e3o humano e o tecido sociocultural da civiliza\u00e7\u00e3o contempor\u00e2nea. O distanciamento dessas ra\u00edzes explica, significativamente, a presen\u00e7a da guerra, das for\u00e7as destruidoras derivadas dos preconceitos e discrimina\u00e7\u00f5es, passando pelas indiferen\u00e7as em rela\u00e7\u00e3o \u00e0queles que sofrem. As guerras e outras formas de viol\u00eancia mostram, pois, que o mundo precisa de um novo humanismo.<\/p>\n<p>Os fracassos e sofrimentos vividos atualmente se contrap\u00f5em \u00e0s muitas possibilidades de din\u00e2micas civilizat\u00f3rias mais construtivas. O ser humano j\u00e1 deveria ter aprendido melhor as li\u00e7\u00f5es acumuladas pelos acontecimentos da hist\u00f3ria, particularmente da hist\u00f3ria recente. Mas h\u00e1 um tremendo descompasso entre os avan\u00e7os cient\u00edficos e tecnol\u00f3gicos com a ainda incipiente constru\u00e7\u00e3o de um novo humanismo. Quando se governa sem os par\u00e2metros de um humanismo integral escancaram-se as portas das delinqu\u00eancias \u2013 nos pronunciamentos, nas escolhas e no discernimento de prioridades. Com isso, fica comprometido o desenvolvimento que todos sonham e atitudes s\u00e3o configuradas sob l\u00f3gicas cuja irracionalidade constitui verdadeiro crime contra a humanidade. A insanidade que prevalece desgasta e inviabiliza a cultura do di\u00e1logo, enfraquecendo o compromisso de se buscar construir e se envolver em redes de coopera\u00e7\u00e3o. Ao inv\u00e9s disso, s\u00e3o escolhidos l\u00edderes contaminados por interesses mesquinhos, \u201cporta de entrada\u201d para a corrup\u00e7\u00e3o e as manipula\u00e7\u00f5es.<\/p>\n<p>Refletir sobre o atual cen\u00e1rio mundial leva a consolidar a convic\u00e7\u00e3o da necessidade urgente de se promover mudan\u00e7as em diversos \u00e2mbitos, por meio de variados recursos cidad\u00e3os. Incontest\u00e1vel \u00e9 a necessidade de se investir na educa\u00e7\u00e3o integral, capaz de alavancar transforma\u00e7\u00f5es significativas. A educa\u00e7\u00e3o integral \u00e9 obst\u00e1culo para aqueles que dificultam os di\u00e1logos \u2013 inclusive na elabora\u00e7\u00e3o e efetiva\u00e7\u00e3o de pol\u00edticas p\u00fablicas essenciais, a exemplo daquelas dedicadas ao campo educacional. \u00c9 preocupante a cegueira do maquin\u00e1rio estatal, incapaz de reconhecer que a educa\u00e7\u00e3o impulsiona a sociedade rumo ao desenvolvimento integral.<\/p>\n<p>Est\u00e1 faltando sabedoria e entendimento human\u00edstico para compreender que a tarefa primordial de trabalhar pela educa\u00e7\u00e3o \u00e9 responsabilidade governamental em di\u00e1logo e articula\u00e7\u00e3o com as fam\u00edlias, as igrejas, as escolas e a sociedade civil. A car\u00eancia de um humanismo integral na condu\u00e7\u00e3o de governos obscurece processos de defini\u00e7\u00e3o das prioridades dos investimentos mais importantes para dar novo rumo \u00e0 sociedade. Os governantes n\u00e3o podem desconsiderar o campo da educa\u00e7\u00e3o valendo-se da justificativa de que faltam recursos \u2013 um refr\u00e3o. Precisam reavaliar prioridades, abrindo-se ao di\u00e1logo, \u00e0 escuta, \u00e0 avalia\u00e7\u00e3o de propostas. Para isso, requer-se uma compet\u00eancia human\u00edstica que ultrapassa a simples capacidade para fazer funcionar uma m\u00e1quina estatal e governamental. N\u00e3o basta simplesmente um modelo de gest\u00e3o exitoso nas contas.<\/p>\n<p>\u00c9 fundamental deixar-se presidir por um adequado modelo de sociedade, pela abertura ao di\u00e1logo que produz entendimentos l\u00facidos, capazes de inspirar um novo movimento civilizat\u00f3rio para a humanidade. O equil\u00edbrio das contas e a prioridade da sustentabilidade devem contracenar com um processo educativo que resgate cidad\u00e3os do lixo da corrup\u00e7\u00e3o, dos comprometimentos na pr\u00e1tica da justi\u00e7a e do desmonte de mecanismos que est\u00e3o sustentando as exclus\u00f5es, as desigualdades sociais. O esperado grande movimento transformador do mundo, que contempla a ora\u00e7\u00e3o e as redes de servi\u00e7os, envolvendo as din\u00e2micas dialogais, ser\u00e1 poss\u00edvel pela prioriza\u00e7\u00e3o da educa\u00e7\u00e3o, nos par\u00e2metros do novo humanismo integral. Um humanismo capaz de debelar guerras e conflitos, colocando a civiliza\u00e7\u00e3o contempor\u00e2nea sobre trilhos novos, condizentes com as suas conquistas cient\u00edficas e tecnol\u00f3gicas. Trilhos de um humanismo integral.<\/p>\n<hr \/>\n<p><strong>Dom Walmor Oliveira de Azevedo<\/strong> <em>\u00e9 Arcebispo de Belo Horizonte (MG) e presidente da Confer\u00eancia Nacional dos Bispos do Brasil<\/em><\/p>\n","protected":false},"excerpt":{"rendered":"<p>Artigo de Dom Walmor Oliveira de Azevedo<\/p>\n","protected":false},"author":3,"featured_media":191626,"comment_status":"open","ping_status":"open","sticky":false,"template":"","format":"standard","meta":{"footnotes":""},"categories":[26],"tags":[271],"yoast_head":"<!-- This site is optimized with the Yoast SEO plugin v19.4 - https:\/\/yoast.com\/wordpress\/plugins\/seo\/ -->\n<title>Por um novo humanismo - Vida Crist\u00e3 - Franciscanos<\/title>\n<meta name=\"robots\" content=\"index, follow, max-snippet:-1, max-image-preview:large, max-video-preview:-1\" \/>\n<link rel=\"canonical\" href=\"https:\/\/franciscanos.org.br\/vidacrista\/por-um-novo-humanismo\/\" \/>\n<meta property=\"og:locale\" content=\"pt_BR\" \/>\n<meta property=\"og:type\" content=\"article\" \/>\n<meta property=\"og:title\" content=\"Por um novo humanismo - Vida Crist\u00e3 - Franciscanos\" \/>\n<meta property=\"og:description\" content=\"Artigo de Dom Walmor Oliveira de Azevedo\" \/>\n<meta property=\"og:url\" content=\"https:\/\/franciscanos.org.br\/vidacrista\/por-um-novo-humanismo\/\" \/>\n<meta property=\"og:site_name\" content=\"Vida Crist\u00e3 - Franciscanos\" \/>\n<meta property=\"article:published_time\" content=\"2022-03-28T09:19:06+00:00\" \/>\n<meta property=\"og:image\" content=\"https:\/\/franciscanos.org.br\/vidacrista\/wp-content\/uploads\/2022\/03\/artigo_28.png\" \/>\n\t<meta property=\"og:image:width\" content=\"840\" \/>\n\t<meta property=\"og:image:height\" content=\"450\" \/>\n\t<meta property=\"og:image:type\" content=\"image\/png\" \/>\n<meta name=\"author\" content=\"moacir\" \/>\n<meta name=\"twitter:card\" content=\"summary_large_image\" \/>\n<meta name=\"twitter:label1\" content=\"Escrito por\" \/>\n\t<meta name=\"twitter:data1\" content=\"moacir\" \/>\n\t<meta name=\"twitter:label2\" content=\"Est. tempo de leitura\" \/>\n\t<meta name=\"twitter:data2\" content=\"4 minutos\" \/>\n<script type=\"application\/ld+json\" class=\"yoast-schema-graph\">{\"@context\":\"https:\/\/schema.org\",\"@graph\":[{\"@type\":\"WebSite\",\"@id\":\"https:\/\/franciscanos.org.br\/vidacrista\/#website\",\"url\":\"https:\/\/franciscanos.org.br\/vidacrista\/\",\"name\":\"Vida Crist\u00e3 - Franciscanos\",\"description\":\"Prov\u00edncia Franciscana da Imaculada Concei\u00e7\u00e3o do Brasil - Ordem dos Frades Menores\",\"potentialAction\":[{\"@type\":\"SearchAction\",\"target\":{\"@type\":\"EntryPoint\",\"urlTemplate\":\"https:\/\/franciscanos.org.br\/vidacrista\/?s={search_term_string}\"},\"query-input\":\"required name=search_term_string\"}],\"inLanguage\":\"pt-BR\"},{\"@type\":\"WebPage\",\"@id\":\"https:\/\/franciscanos.org.br\/vidacrista\/por-um-novo-humanismo\/\",\"url\":\"https:\/\/franciscanos.org.br\/vidacrista\/por-um-novo-humanismo\/\",\"name\":\"Por um novo humanismo - Vida Crist\u00e3 - Franciscanos\",\"isPartOf\":{\"@id\":\"https:\/\/franciscanos.org.br\/vidacrista\/#website\"},\"datePublished\":\"2022-03-28T09:19:06+00:00\",\"dateModified\":\"2022-03-28T09:19:06+00:00\",\"author\":{\"@id\":\"https:\/\/franciscanos.org.br\/vidacrista\/#\/schema\/person\/1880bdd2c350b735648725ef7614736a\"},\"breadcrumb\":{\"@id\":\"https:\/\/franciscanos.org.br\/vidacrista\/por-um-novo-humanismo\/#breadcrumb\"},\"inLanguage\":\"pt-BR\",\"potentialAction\":[{\"@type\":\"ReadAction\",\"target\":[\"https:\/\/franciscanos.org.br\/vidacrista\/por-um-novo-humanismo\/\"]}]},{\"@type\":\"BreadcrumbList\",\"@id\":\"https:\/\/franciscanos.org.br\/vidacrista\/por-um-novo-humanismo\/#breadcrumb\",\"itemListElement\":[{\"@type\":\"ListItem\",\"position\":1,\"name\":\"Home\",\"item\":\"https:\/\/franciscanos.org.br\/vidacrista\/\"},{\"@type\":\"ListItem\",\"position\":2,\"name\":\"Por um novo humanismo\"}]},{\"@type\":\"Person\",\"@id\":\"https:\/\/franciscanos.org.br\/vidacrista\/#\/schema\/person\/1880bdd2c350b735648725ef7614736a\",\"name\":\"moacir\",\"image\":{\"@type\":\"ImageObject\",\"inLanguage\":\"pt-BR\",\"@id\":\"https:\/\/franciscanos.org.br\/vidacrista\/#\/schema\/person\/image\/\",\"url\":\"https:\/\/secure.gravatar.com\/avatar\/d08aa2ce4c8dd416d4479aa8536fcf64?s=96&d=mm&r=g\",\"contentUrl\":\"https:\/\/secure.gravatar.com\/avatar\/d08aa2ce4c8dd416d4479aa8536fcf64?s=96&d=mm&r=g\",\"caption\":\"moacir\"},\"url\":\"https:\/\/franciscanos.org.br\/vidacrista\/author\/moacir\/\"}]}<\/script>\n<!-- \/ Yoast SEO plugin. -->","yoast_head_json":{"title":"Por um novo humanismo - Vida Crist\u00e3 - Franciscanos","robots":{"index":"index","follow":"follow","max-snippet":"max-snippet:-1","max-image-preview":"max-image-preview:large","max-video-preview":"max-video-preview:-1"},"canonical":"https:\/\/franciscanos.org.br\/vidacrista\/por-um-novo-humanismo\/","og_locale":"pt_BR","og_type":"article","og_title":"Por um novo humanismo - Vida Crist\u00e3 - Franciscanos","og_description":"Artigo de Dom Walmor Oliveira de Azevedo","og_url":"https:\/\/franciscanos.org.br\/vidacrista\/por-um-novo-humanismo\/","og_site_name":"Vida Crist\u00e3 - Franciscanos","article_published_time":"2022-03-28T09:19:06+00:00","og_image":[{"width":840,"height":450,"url":"https:\/\/franciscanos.org.br\/vidacrista\/wp-content\/uploads\/2022\/03\/artigo_28.png","type":"image\/png"}],"author":"moacir","twitter_card":"summary_large_image","twitter_misc":{"Escrito por":"moacir","Est. tempo de leitura":"4 minutos"},"schema":{"@context":"https:\/\/schema.org","@graph":[{"@type":"WebSite","@id":"https:\/\/franciscanos.org.br\/vidacrista\/#website","url":"https:\/\/franciscanos.org.br\/vidacrista\/","name":"Vida Crist\u00e3 - Franciscanos","description":"Prov\u00edncia Franciscana da Imaculada Concei\u00e7\u00e3o do Brasil - Ordem dos Frades Menores","potentialAction":[{"@type":"SearchAction","target":{"@type":"EntryPoint","urlTemplate":"https:\/\/franciscanos.org.br\/vidacrista\/?s={search_term_string}"},"query-input":"required name=search_term_string"}],"inLanguage":"pt-BR"},{"@type":"WebPage","@id":"https:\/\/franciscanos.org.br\/vidacrista\/por-um-novo-humanismo\/","url":"https:\/\/franciscanos.org.br\/vidacrista\/por-um-novo-humanismo\/","name":"Por um novo humanismo - Vida Crist\u00e3 - Franciscanos","isPartOf":{"@id":"https:\/\/franciscanos.org.br\/vidacrista\/#website"},"datePublished":"2022-03-28T09:19:06+00:00","dateModified":"2022-03-28T09:19:06+00:00","author":{"@id":"https:\/\/franciscanos.org.br\/vidacrista\/#\/schema\/person\/1880bdd2c350b735648725ef7614736a"},"breadcrumb":{"@id":"https:\/\/franciscanos.org.br\/vidacrista\/por-um-novo-humanismo\/#breadcrumb"},"inLanguage":"pt-BR","potentialAction":[{"@type":"ReadAction","target":["https:\/\/franciscanos.org.br\/vidacrista\/por-um-novo-humanismo\/"]}]},{"@type":"BreadcrumbList","@id":"https:\/\/franciscanos.org.br\/vidacrista\/por-um-novo-humanismo\/#breadcrumb","itemListElement":[{"@type":"ListItem","position":1,"name":"Home","item":"https:\/\/franciscanos.org.br\/vidacrista\/"},{"@type":"ListItem","position":2,"name":"Por um novo humanismo"}]},{"@type":"Person","@id":"https:\/\/franciscanos.org.br\/vidacrista\/#\/schema\/person\/1880bdd2c350b735648725ef7614736a","name":"moacir","image":{"@type":"ImageObject","inLanguage":"pt-BR","@id":"https:\/\/franciscanos.org.br\/vidacrista\/#\/schema\/person\/image\/","url":"https:\/\/secure.gravatar.com\/avatar\/d08aa2ce4c8dd416d4479aa8536fcf64?s=96&d=mm&r=g","contentUrl":"https:\/\/secure.gravatar.com\/avatar\/d08aa2ce4c8dd416d4479aa8536fcf64?s=96&d=mm&r=g","caption":"moacir"},"url":"https:\/\/franciscanos.org.br\/vidacrista\/author\/moacir\/"}]}},"_links":{"self":[{"href":"https:\/\/franciscanos.org.br\/vidacrista\/wp-json\/wp\/v2\/posts\/191625"}],"collection":[{"href":"https:\/\/franciscanos.org.br\/vidacrista\/wp-json\/wp\/v2\/posts"}],"about":[{"href":"https:\/\/franciscanos.org.br\/vidacrista\/wp-json\/wp\/v2\/types\/post"}],"author":[{"embeddable":true,"href":"https:\/\/franciscanos.org.br\/vidacrista\/wp-json\/wp\/v2\/users\/3"}],"replies":[{"embeddable":true,"href":"https:\/\/franciscanos.org.br\/vidacrista\/wp-json\/wp\/v2\/comments?post=191625"}],"version-history":[{"count":1,"href":"https:\/\/franciscanos.org.br\/vidacrista\/wp-json\/wp\/v2\/posts\/191625\/revisions"}],"predecessor-version":[{"id":191627,"href":"https:\/\/franciscanos.org.br\/vidacrista\/wp-json\/wp\/v2\/posts\/191625\/revisions\/191627"}],"wp:featuredmedia":[{"embeddable":true,"href":"https:\/\/franciscanos.org.br\/vidacrista\/wp-json\/wp\/v2\/media\/191626"}],"wp:attachment":[{"href":"https:\/\/franciscanos.org.br\/vidacrista\/wp-json\/wp\/v2\/media?parent=191625"}],"wp:term":[{"taxonomy":"category","embeddable":true,"href":"https:\/\/franciscanos.org.br\/vidacrista\/wp-json\/wp\/v2\/categories?post=191625"},{"taxonomy":"post_tag","embeddable":true,"href":"https:\/\/franciscanos.org.br\/vidacrista\/wp-json\/wp\/v2\/tags?post=191625"}],"curies":[{"name":"wp","href":"https:\/\/api.w.org\/{rel}","templated":true}]}}