{"id":191602,"date":"2022-03-23T22:00:12","date_gmt":"2022-03-24T01:00:12","guid":{"rendered":"https:\/\/franciscanos.org.br\/vidacrista\/?p=191602"},"modified":"2022-03-24T06:13:35","modified_gmt":"2022-03-24T09:13:35","slug":"jeremias-jr-723-28-a-fe-o-abandono-de-deus-e-o-crescimento-dos-evangelicos","status":"publish","type":"post","link":"https:\/\/franciscanos.org.br\/vidacrista\/jeremias-jr-723-28-a-fe-o-abandono-de-deus-e-o-crescimento-dos-evangelicos\/","title":{"rendered":"Jeremias (Jr 7,23-28), a f\u00e9, o abandono de Deus e o crescimento dos evang\u00e9licos"},"content":{"rendered":"<div id=\"attachment_191603\" style=\"width: 850px\" class=\"wp-caption alignnone\"><img aria-describedby=\"caption-attachment-191603\" decoding=\"async\" loading=\"lazy\" class=\"wp-image-191603 size-full\" src=\"https:\/\/franciscanos.org.br\/vidacrista\/wp-content\/uploads\/2022\/03\/jeremias_23.jpg\" alt=\"\" width=\"840\" height=\"450\" srcset=\"https:\/\/franciscanos.org.br\/vidacrista\/wp-content\/uploads\/2022\/03\/jeremias_23.jpg 840w, https:\/\/franciscanos.org.br\/vidacrista\/wp-content\/uploads\/2022\/03\/jeremias_23-450x241.jpg 450w, https:\/\/franciscanos.org.br\/vidacrista\/wp-content\/uploads\/2022\/03\/jeremias_23-768x411.jpg 768w, https:\/\/franciscanos.org.br\/vidacrista\/wp-content\/uploads\/2022\/03\/jeremias_23-150x80.jpg 150w\" sizes=\"(max-width: 840px) 100vw, 840px\" \/><p id=\"caption-attachment-191603\" class=\"wp-caption-text\"><em>\u00a0 \u00a0 \u00a0 \u00a0Imagem: Jeremias, de Michelangelo (Capela Sistina, dom\u00ednio p\u00fablico)<\/em><\/p><\/div>\n<p><em>Frei Jacir de Freitas Faria<\/em> <a href=\"#_ftn1\" name=\"_ftnref1\">[1]<\/a><\/p>\n<p>O texto sobre o qual vamos refletir hoje \u00e9 tirado de Jr 7,23-28. Trata-se do lamento de Deus, na voz de Jeremias, em rela\u00e7\u00e3o ao comportamento dos judeus que n\u00e3o ouviram a Sua voz, n\u00e3o aceitaram os profetas, perderam a f\u00e9 e seguiram as perversidades de seus pensamentos. Estamos diante de tr\u00eas pontos: o n\u00e3o ouvir Deus, o profetismo e a f\u00e9. A nossa reflex\u00e3o procurar\u00e1 relacionar a profecia de Jeremias com a f\u00e9, o abandono de Deus e o crescimento dos evang\u00e9licos no Brasil.<\/p>\n<p><iframe loading=\"lazy\" title=\"YouTube video player\" src=\"https:\/\/www.youtube.com\/embed\/kVwNyYSohFk\" width=\"100%\" height=\"500\" frameborder=\"0\" allowfullscreen=\"allowfullscreen\"><span data-mce-type=\"bookmark\" style=\"display: inline-block; width: 0px; overflow: hidden; line-height: 0;\" class=\"mce_SELRES_start\">\ufeff<\/span><\/iframe><\/p>\n<p>A voz prof\u00e9tica de Jeremias ilumina o momento atual do Brasil, a partir da qual ousemos perguntar: Onde est\u00e3o os bispos e padres profetas? Acabaram ou se aliaram ao poder? Por que evang\u00e9licos e cat\u00f3licos apoiam projetos pol\u00edticos que n\u00e3o condizem com a Boa-Nova do evangelho? Como anda a nossa f\u00e9? Quais raz\u00f5es justificam o crescimento dos evang\u00e9licos no Brasil? A profecia, ber\u00e7o da Teologia da Liberta\u00e7\u00e3o, acabou? Jeremias tem algo a nos dizer hoje?<\/p>\n<p>Jeremias foi um profeta sens\u00edvel ao sofrimento de seu povo, mas incompreendido por causa de sua vis\u00e3o al\u00e9m do tempo. Homem de profunda piedade e de crise, optou por n\u00e3o se casar para dedicar-se ao profetismo, entre os anos de 626 e 587 a.E.C., em Jerusal\u00e9m. Cidade que ele viu ser invadida e destru\u00edda a mando de Nabucodonosor, rei da Babil\u00f4nia. Viu lideran\u00e7as da religi\u00e3o judaica serem levadas cativas para a Babil\u00f4nia, atual Iraque. Por entender que o povo deveria passar por um momento de sofrimento para, ent\u00e3o, retomar o caminho da f\u00e9 e da alian\u00e7a com Deus, Jeremias apoiou essa crueldade do opressor. Sua a\u00e7\u00e3o prof\u00e9tica surtiu efeito. A religi\u00e3o judaica se refez das cinzas, nos cinquenta anos de ex\u00edlio.<\/p>\n<p>Jeremias recebeu de Deus a miss\u00e3o de destruir, arrancar e plantar a justi\u00e7a divina (Jr 1,10). Como medo de ter que profetizar, Deus diz a Jeremias: \u201cN\u00e3o tenhas medo deles!\u201d (Jr 1,17). Antes do ex\u00edlio babil\u00f4nico, Jeremias profetizou contra os tribunais com seus <em>ju\u00edzes corruptos<\/em> que n\u00e3o tinham interesse pela causa do \u00f3rf\u00e3o, da vi\u00fava e do pobre (5,28); <em>os comerciantes<\/em> que se enriqueciam \u00e0s custas dos pobres (5,27); e os sacerdotes que usavam a <em>religi\u00e3o<\/em> em proveito pr\u00f3prio (5,31), colaborando com a injusti\u00e7a (8,4\u20149,25).<a href=\"#_ftn2\" name=\"_ftnref2\">[2]<\/a> Qualquer semelhan\u00e7a com a nossa realidade \u00e9 mera coincid\u00eancia!<\/p>\n<p>Jeremias estava convicto de que essa situa\u00e7\u00e3o era a prova cabal de que seu povo havia abandonado a f\u00e9 no Deus que o tirou da escravid\u00e3o do Egito e com ele fez uma alian\u00e7a. Por isso, o exilio era um castigo merecido, pois \u201c<em>e<\/em><em>sta \u00e9 a na\u00e7\u00e3o que n\u00e3o escutou <\/em><em>a voz do Senhor seu Deus, e n\u00e3o aceitou corre\u00e7\u00e3o. <\/em><em>Sua f<\/em><em>\u00e9 morreu, foi eliminada de sua boca\u201d <\/em>(Jr 7,28).<\/p>\n<p>Esse n\u00e3o ouvir Deus e os profeta, assim como a perda da f\u00e9 dos conterr\u00e2neos de Jeremias t\u00eam muito a ver com o Brasil atual. Vejamos. Ap\u00f3s o censo de 2010, publiquei um artigo intitulado: \u201cUm Brasil menos cat\u00f3lico.\u201d<a href=\"#_ftn3\" name=\"_ftnref3\">[3]<\/a> \u00c9ramos ainda 64,4% da popula\u00e7\u00e3o. O que dir\u00e1 o censo de 2022? Estudiosos afirmam que em 2032, os evang\u00e9licos superar\u00e3o os cat\u00f3licos. N\u00e3o se trata de lamentar, mas de analisar esse fato a partir dos fatores social, religioso e pol\u00edtico. Estamos assistindo a um acirramento pol\u00edtico entre crist\u00e3os de esquerda, erroneamente taxados de comunistas, e os de direta. Invas\u00e3o de templos religiosos, persegui\u00e7\u00e3o de religiosos etc.<\/p>\n<p>A debandada cat\u00f3lica para o pentecostalismo \u00e9 por causa da aus\u00eancia de profetismo? N\u00e3o parece. Nesse sentido, \u00e9 comum ouvir que a Teologia da Liberta\u00e7\u00e3o, que apresentava um cristianismo prof\u00e9tico morreu. Seria tamb\u00e9m por causa da prega\u00e7\u00e3o dos pastores? Tamb\u00e9m n\u00e3o. Essa migra\u00e7\u00e3o se justifica pela ascens\u00e3o social que ela confere aos pobres cat\u00f3licos que sa\u00edram das ro\u00e7as e foram parar nas periferias das cidades, onde n\u00e3o receberam e continuam n\u00e3o recebendo a aten\u00e7\u00e3o devida dos padres, que insistem, apesar dos apelos do Papa Francisco, em permanecer nas sacristias das catedrais. Por outro lado, se isso tivesse ocorrido o Brasil continuaria cat\u00f3lico? Tamb\u00e9m n\u00e3o. A quest\u00e3o \u00e9 mais econ\u00f4mica e social que religiosa. Est\u00e1 surgindo uma nova classe social brasileira a partir dos pobres, pretos e da periferia que comp\u00f5em as igrejas evang\u00e9licas. Ser pastor ou participar de uma Igreja evang\u00e9lica, na periferia abandonada, \u00e9 ascens\u00e3o social.<a href=\"#_ftn4\" name=\"_ftnref4\">[4]<\/a><\/p>\n<p>Padres medi\u00e1ticos que fazem sucesso s\u00e3o os que apregoam a espiritualidade devocional sem compromisso social libertador. A juventude cat\u00f3lica \u00e9 tamb\u00e9m devocional. O que motiva um cat\u00f3lico a rezar a novena de S\u00e3o Miguel Arcanjo \u00e0s 4h da manh\u00e3? Seria a aus\u00eancia de espiritualidade que o cristianismo libertador de origem deixou escapar, mas que os evang\u00e9licos, entendendo a veia devocional do povo brasileiro, souberam reinventar? Parece que sim, mas nisso n\u00e3o tem nada de profetismo. Pastores pol\u00edticos ocupam espa\u00e7o em Bras\u00edlia, mas a Igreja cat\u00f3lica insiste em ser apol\u00edtica. Nas elei\u00e7\u00f5es passadas, enquanto os pol\u00edticos nascidos no seio da Igreja da Liberta\u00e7\u00e3o atacavam as lideran\u00e7as evang\u00e9licas de m\u00eddia nacional, o outrora cat\u00f3lico, ultraconservador e atual presidente do Brasil venceu as elei\u00e7\u00f5es com um jarg\u00e3o b\u00edblico: \u201c<em>Conhecereis a verdade e a verdade vos libertar\u00e1<\/em>\u201d (Jo 8,32), associado \u00e0 defesa da fam\u00edlia tradicional. Trata-se, no caso, de uma leitura fundamentalista da B\u00edblia com o objetivo manipular Deus em nome da f\u00e9 e enganar os de boa f\u00e9. \u201cDeus acima de todos!\u201d, mas n\u00e3o \u00e9 esse o Deus de Jeremias.<\/p>\n<p>Que o nosso Deus e o de Jeremias, Aquele que acolhe, cuida, defende, acompanha e integra, suscite, em nosso tempo, profetas e profetisas como Jeremias, os quais nos recoloquem no caminho do ouvir Deus e revigore a nossa f\u00e9 libert\u00e1ria, em tempos de falsos profetas e messias.<\/p>\n<hr \/>\n<p><a href=\"#_ftnref1\" name=\"_ftn1\">[1]<\/a>Doutor em Teologia B\u00edblica pela FAJE (BH). Mestre em Ci\u00eancias B\u00edblicas (Exegese) pelo Pontif\u00edcio Instituto B\u00edblico de Roma. Professor de Exegese B\u00edblica. \u00c9 membro da Associa\u00e7\u00e3o Brasileira de Pesquisa B\u00edblica (ABIB). Sacerdote Franciscano. Autor de dez livros e coautor de quinze. Youtube: Frei Jacir B\u00edblia e Apocrifos. <a href=\"https:\/\/www.youtube.com\/channel\/UCwbSE97jnR6jQwHRigX1KlQ\">https:\/\/www.youtube.com\/channel\/UCwbSE97jnR6jQwHRigX1KlQ<\/a><\/p>\n<p><a href=\"#_ftnref2\" name=\"_ftn2\">[2]<\/a> FARIA, Jacir de Freitas. Profetas e profetisas na B\u00edblia. S\u00e3o Paulo: Paulinas, 2002 p. 55.<\/p>\n<p><a href=\"#_ftnref3\" name=\"_ftn3\">[3]<\/a> FARIA, Jacir de Freitas. Um Brasil menos cat\u00f3lico. Dispon\u00edvel em: <a href=\"https:\/\/franciscanos.org.br\/vidacrista\/um-brasil-menos-catolico\/#gsc.tab=0\">https:\/\/franciscanos.org.br\/vidacrista\/um-brasil-menos-catolico\/#gsc.tab=0<\/a> Acesso em 16 fev. 2022.<\/p>\n<p><a href=\"#_ftnref4\" name=\"_ftn4\">[4]<\/a> SPYER Juliano. <strong>Povo de Deus<\/strong>: quem s\u00e3o os evang\u00e9licos e por que eles importam. S\u00e3o Paulo: Gera\u00e7\u00e3o, 2020, p. 23.<\/p>\n","protected":false},"excerpt":{"rendered":"<p>Artigo de Frei Jacir de Freitas Faria<\/p>\n","protected":false},"author":3,"featured_media":191603,"comment_status":"open","ping_status":"open","sticky":false,"template":"","format":"standard","meta":{"footnotes":""},"categories":[26],"tags":[43],"yoast_head":"<!-- This site is optimized with the Yoast SEO plugin v19.4 - https:\/\/yoast.com\/wordpress\/plugins\/seo\/ -->\n<title>Jeremias (Jr 7,23-28), a f\u00e9, o abandono de Deus e o crescimento dos evang\u00e9licos - Vida Crist\u00e3 - Franciscanos<\/title>\n<meta name=\"robots\" content=\"index, follow, max-snippet:-1, max-image-preview:large, max-video-preview:-1\" \/>\n<link rel=\"canonical\" href=\"https:\/\/franciscanos.org.br\/vidacrista\/jeremias-jr-723-28-a-fe-o-abandono-de-deus-e-o-crescimento-dos-evangelicos\/\" \/>\n<meta property=\"og:locale\" content=\"pt_BR\" \/>\n<meta property=\"og:type\" content=\"article\" \/>\n<meta property=\"og:title\" content=\"Jeremias (Jr 7,23-28), a f\u00e9, o abandono de Deus e o crescimento dos evang\u00e9licos - Vida Crist\u00e3 - Franciscanos\" \/>\n<meta property=\"og:description\" content=\"Artigo de Frei Jacir de Freitas Faria\" \/>\n<meta property=\"og:url\" content=\"https:\/\/franciscanos.org.br\/vidacrista\/jeremias-jr-723-28-a-fe-o-abandono-de-deus-e-o-crescimento-dos-evangelicos\/\" \/>\n<meta property=\"og:site_name\" content=\"Vida Crist\u00e3 - Franciscanos\" \/>\n<meta property=\"article:published_time\" content=\"2022-03-24T01:00:12+00:00\" \/>\n<meta property=\"article:modified_time\" content=\"2022-03-24T09:13:35+00:00\" \/>\n<meta property=\"og:image\" content=\"https:\/\/franciscanos.org.br\/vidacrista\/wp-content\/uploads\/2022\/03\/jeremias_23.jpg\" \/>\n\t<meta property=\"og:image:width\" content=\"840\" \/>\n\t<meta property=\"og:image:height\" content=\"450\" \/>\n\t<meta property=\"og:image:type\" content=\"image\/jpeg\" \/>\n<meta name=\"author\" content=\"moacir\" \/>\n<meta name=\"twitter:card\" content=\"summary_large_image\" \/>\n<meta name=\"twitter:label1\" content=\"Escrito por\" \/>\n\t<meta name=\"twitter:data1\" content=\"moacir\" \/>\n\t<meta name=\"twitter:label2\" content=\"Est. tempo de leitura\" \/>\n\t<meta name=\"twitter:data2\" content=\"6 minutos\" \/>\n<script type=\"application\/ld+json\" class=\"yoast-schema-graph\">{\"@context\":\"https:\/\/schema.org\",\"@graph\":[{\"@type\":\"WebSite\",\"@id\":\"https:\/\/franciscanos.org.br\/vidacrista\/#website\",\"url\":\"https:\/\/franciscanos.org.br\/vidacrista\/\",\"name\":\"Vida Crist\u00e3 - Franciscanos\",\"description\":\"Prov\u00edncia Franciscana da Imaculada Concei\u00e7\u00e3o do Brasil - Ordem dos Frades Menores\",\"potentialAction\":[{\"@type\":\"SearchAction\",\"target\":{\"@type\":\"EntryPoint\",\"urlTemplate\":\"https:\/\/franciscanos.org.br\/vidacrista\/?s={search_term_string}\"},\"query-input\":\"required name=search_term_string\"}],\"inLanguage\":\"pt-BR\"},{\"@type\":\"WebPage\",\"@id\":\"https:\/\/franciscanos.org.br\/vidacrista\/jeremias-jr-723-28-a-fe-o-abandono-de-deus-e-o-crescimento-dos-evangelicos\/\",\"url\":\"https:\/\/franciscanos.org.br\/vidacrista\/jeremias-jr-723-28-a-fe-o-abandono-de-deus-e-o-crescimento-dos-evangelicos\/\",\"name\":\"Jeremias (Jr 7,23-28), a f\u00e9, o abandono de Deus e o crescimento dos evang\u00e9licos - Vida Crist\u00e3 - Franciscanos\",\"isPartOf\":{\"@id\":\"https:\/\/franciscanos.org.br\/vidacrista\/#website\"},\"datePublished\":\"2022-03-24T01:00:12+00:00\",\"dateModified\":\"2022-03-24T09:13:35+00:00\",\"author\":{\"@id\":\"https:\/\/franciscanos.org.br\/vidacrista\/#\/schema\/person\/1880bdd2c350b735648725ef7614736a\"},\"breadcrumb\":{\"@id\":\"https:\/\/franciscanos.org.br\/vidacrista\/jeremias-jr-723-28-a-fe-o-abandono-de-deus-e-o-crescimento-dos-evangelicos\/#breadcrumb\"},\"inLanguage\":\"pt-BR\",\"potentialAction\":[{\"@type\":\"ReadAction\",\"target\":[\"https:\/\/franciscanos.org.br\/vidacrista\/jeremias-jr-723-28-a-fe-o-abandono-de-deus-e-o-crescimento-dos-evangelicos\/\"]}]},{\"@type\":\"BreadcrumbList\",\"@id\":\"https:\/\/franciscanos.org.br\/vidacrista\/jeremias-jr-723-28-a-fe-o-abandono-de-deus-e-o-crescimento-dos-evangelicos\/#breadcrumb\",\"itemListElement\":[{\"@type\":\"ListItem\",\"position\":1,\"name\":\"Home\",\"item\":\"https:\/\/franciscanos.org.br\/vidacrista\/\"},{\"@type\":\"ListItem\",\"position\":2,\"name\":\"Jeremias (Jr 7,23-28), a f\u00e9, o abandono de Deus e o crescimento dos evang\u00e9licos\"}]},{\"@type\":\"Person\",\"@id\":\"https:\/\/franciscanos.org.br\/vidacrista\/#\/schema\/person\/1880bdd2c350b735648725ef7614736a\",\"name\":\"moacir\",\"image\":{\"@type\":\"ImageObject\",\"inLanguage\":\"pt-BR\",\"@id\":\"https:\/\/franciscanos.org.br\/vidacrista\/#\/schema\/person\/image\/\",\"url\":\"https:\/\/secure.gravatar.com\/avatar\/d08aa2ce4c8dd416d4479aa8536fcf64?s=96&d=mm&r=g\",\"contentUrl\":\"https:\/\/secure.gravatar.com\/avatar\/d08aa2ce4c8dd416d4479aa8536fcf64?s=96&d=mm&r=g\",\"caption\":\"moacir\"},\"url\":\"https:\/\/franciscanos.org.br\/vidacrista\/author\/moacir\/\"}]}<\/script>\n<!-- \/ Yoast SEO plugin. -->","yoast_head_json":{"title":"Jeremias (Jr 7,23-28), a f\u00e9, o abandono de Deus e o crescimento dos evang\u00e9licos - Vida Crist\u00e3 - Franciscanos","robots":{"index":"index","follow":"follow","max-snippet":"max-snippet:-1","max-image-preview":"max-image-preview:large","max-video-preview":"max-video-preview:-1"},"canonical":"https:\/\/franciscanos.org.br\/vidacrista\/jeremias-jr-723-28-a-fe-o-abandono-de-deus-e-o-crescimento-dos-evangelicos\/","og_locale":"pt_BR","og_type":"article","og_title":"Jeremias (Jr 7,23-28), a f\u00e9, o abandono de Deus e o crescimento dos evang\u00e9licos - Vida Crist\u00e3 - Franciscanos","og_description":"Artigo de Frei Jacir de Freitas Faria","og_url":"https:\/\/franciscanos.org.br\/vidacrista\/jeremias-jr-723-28-a-fe-o-abandono-de-deus-e-o-crescimento-dos-evangelicos\/","og_site_name":"Vida Crist\u00e3 - Franciscanos","article_published_time":"2022-03-24T01:00:12+00:00","article_modified_time":"2022-03-24T09:13:35+00:00","og_image":[{"width":840,"height":450,"url":"https:\/\/franciscanos.org.br\/vidacrista\/wp-content\/uploads\/2022\/03\/jeremias_23.jpg","type":"image\/jpeg"}],"author":"moacir","twitter_card":"summary_large_image","twitter_misc":{"Escrito por":"moacir","Est. tempo de leitura":"6 minutos"},"schema":{"@context":"https:\/\/schema.org","@graph":[{"@type":"WebSite","@id":"https:\/\/franciscanos.org.br\/vidacrista\/#website","url":"https:\/\/franciscanos.org.br\/vidacrista\/","name":"Vida Crist\u00e3 - Franciscanos","description":"Prov\u00edncia Franciscana da Imaculada Concei\u00e7\u00e3o do Brasil - Ordem dos Frades Menores","potentialAction":[{"@type":"SearchAction","target":{"@type":"EntryPoint","urlTemplate":"https:\/\/franciscanos.org.br\/vidacrista\/?s={search_term_string}"},"query-input":"required name=search_term_string"}],"inLanguage":"pt-BR"},{"@type":"WebPage","@id":"https:\/\/franciscanos.org.br\/vidacrista\/jeremias-jr-723-28-a-fe-o-abandono-de-deus-e-o-crescimento-dos-evangelicos\/","url":"https:\/\/franciscanos.org.br\/vidacrista\/jeremias-jr-723-28-a-fe-o-abandono-de-deus-e-o-crescimento-dos-evangelicos\/","name":"Jeremias (Jr 7,23-28), a f\u00e9, o abandono de Deus e o crescimento dos evang\u00e9licos - Vida Crist\u00e3 - Franciscanos","isPartOf":{"@id":"https:\/\/franciscanos.org.br\/vidacrista\/#website"},"datePublished":"2022-03-24T01:00:12+00:00","dateModified":"2022-03-24T09:13:35+00:00","author":{"@id":"https:\/\/franciscanos.org.br\/vidacrista\/#\/schema\/person\/1880bdd2c350b735648725ef7614736a"},"breadcrumb":{"@id":"https:\/\/franciscanos.org.br\/vidacrista\/jeremias-jr-723-28-a-fe-o-abandono-de-deus-e-o-crescimento-dos-evangelicos\/#breadcrumb"},"inLanguage":"pt-BR","potentialAction":[{"@type":"ReadAction","target":["https:\/\/franciscanos.org.br\/vidacrista\/jeremias-jr-723-28-a-fe-o-abandono-de-deus-e-o-crescimento-dos-evangelicos\/"]}]},{"@type":"BreadcrumbList","@id":"https:\/\/franciscanos.org.br\/vidacrista\/jeremias-jr-723-28-a-fe-o-abandono-de-deus-e-o-crescimento-dos-evangelicos\/#breadcrumb","itemListElement":[{"@type":"ListItem","position":1,"name":"Home","item":"https:\/\/franciscanos.org.br\/vidacrista\/"},{"@type":"ListItem","position":2,"name":"Jeremias (Jr 7,23-28), a f\u00e9, o abandono de Deus e o crescimento dos evang\u00e9licos"}]},{"@type":"Person","@id":"https:\/\/franciscanos.org.br\/vidacrista\/#\/schema\/person\/1880bdd2c350b735648725ef7614736a","name":"moacir","image":{"@type":"ImageObject","inLanguage":"pt-BR","@id":"https:\/\/franciscanos.org.br\/vidacrista\/#\/schema\/person\/image\/","url":"https:\/\/secure.gravatar.com\/avatar\/d08aa2ce4c8dd416d4479aa8536fcf64?s=96&d=mm&r=g","contentUrl":"https:\/\/secure.gravatar.com\/avatar\/d08aa2ce4c8dd416d4479aa8536fcf64?s=96&d=mm&r=g","caption":"moacir"},"url":"https:\/\/franciscanos.org.br\/vidacrista\/author\/moacir\/"}]}},"_links":{"self":[{"href":"https:\/\/franciscanos.org.br\/vidacrista\/wp-json\/wp\/v2\/posts\/191602"}],"collection":[{"href":"https:\/\/franciscanos.org.br\/vidacrista\/wp-json\/wp\/v2\/posts"}],"about":[{"href":"https:\/\/franciscanos.org.br\/vidacrista\/wp-json\/wp\/v2\/types\/post"}],"author":[{"embeddable":true,"href":"https:\/\/franciscanos.org.br\/vidacrista\/wp-json\/wp\/v2\/users\/3"}],"replies":[{"embeddable":true,"href":"https:\/\/franciscanos.org.br\/vidacrista\/wp-json\/wp\/v2\/comments?post=191602"}],"version-history":[{"count":2,"href":"https:\/\/franciscanos.org.br\/vidacrista\/wp-json\/wp\/v2\/posts\/191602\/revisions"}],"predecessor-version":[{"id":191605,"href":"https:\/\/franciscanos.org.br\/vidacrista\/wp-json\/wp\/v2\/posts\/191602\/revisions\/191605"}],"wp:featuredmedia":[{"embeddable":true,"href":"https:\/\/franciscanos.org.br\/vidacrista\/wp-json\/wp\/v2\/media\/191603"}],"wp:attachment":[{"href":"https:\/\/franciscanos.org.br\/vidacrista\/wp-json\/wp\/v2\/media?parent=191602"}],"wp:term":[{"taxonomy":"category","embeddable":true,"href":"https:\/\/franciscanos.org.br\/vidacrista\/wp-json\/wp\/v2\/categories?post=191602"},{"taxonomy":"post_tag","embeddable":true,"href":"https:\/\/franciscanos.org.br\/vidacrista\/wp-json\/wp\/v2\/tags?post=191602"}],"curies":[{"name":"wp","href":"https:\/\/api.w.org\/{rel}","templated":true}]}}