{"id":191540,"date":"2022-03-12T05:50:54","date_gmt":"2022-03-12T08:50:54","guid":{"rendered":"https:\/\/franciscanos.org.br\/vidacrista\/?p=191540"},"modified":"2022-03-12T05:54:54","modified_gmt":"2022-03-12T08:54:54","slug":"atualizacao-do-que-significa-o-jejum-para-hoje","status":"publish","type":"post","link":"https:\/\/franciscanos.org.br\/vidacrista\/atualizacao-do-que-significa-o-jejum-para-hoje\/","title":{"rendered":"Atualiza\u00e7\u00e3o do que significa o jejum para hoje"},"content":{"rendered":"<div id=\"attachment_191541\" style=\"width: 850px\" class=\"wp-caption alignnone\"><img aria-describedby=\"caption-attachment-191541\" decoding=\"async\" loading=\"lazy\" class=\"wp-image-191541 size-full\" src=\"https:\/\/franciscanos.org.br\/vidacrista\/wp-content\/uploads\/2022\/03\/jejum_1203.jpg\" alt=\"\" width=\"840\" height=\"450\" srcset=\"https:\/\/franciscanos.org.br\/vidacrista\/wp-content\/uploads\/2022\/03\/jejum_1203.jpg 840w, https:\/\/franciscanos.org.br\/vidacrista\/wp-content\/uploads\/2022\/03\/jejum_1203-450x241.jpg 450w, https:\/\/franciscanos.org.br\/vidacrista\/wp-content\/uploads\/2022\/03\/jejum_1203-768x411.jpg 768w, https:\/\/franciscanos.org.br\/vidacrista\/wp-content\/uploads\/2022\/03\/jejum_1203-150x80.jpg 150w\" sizes=\"(max-width: 840px) 100vw, 840px\" \/><p id=\"caption-attachment-191541\" class=\"wp-caption-text\"><em>\u00a0 \u00a0 \u00a0 \u00a0 \u00a0 \u00a0 \u00a0 \u00a0 \u00a0 \u00a0 \u00a0 \u00a0 \u00a0 \u00a0 \u00a0 \u00a0 \u00a0 \u00a0 \u00a0 \u00a0 \u00a0 \u00a0 \u00a0 \u00a0 \u00a0 \u00a0 \u00a0 \u00a0 \u00a0 \u00a0 \u00a0 \u00a0 \u00a0 \u00a0 \u00a0 \u00a0 \u00a0 \u00a0 \u00a0 \u00a0 \u00a0 \u00a0 \u00a0 \u00a0 \u00a0 \u00a0 \u00a0 \u00a0 \u00a0 \u00a0 \u00a0 \u00a0Imagem: Catholic Pictures (<a href=\"https:\/\/www.cathopic.com\">https:\/\/www.cathopic.com<\/a>)<\/em><\/p><\/div>\n<p><strong>Leonardo Boff<\/strong><\/p>\n<p>O Papa Francisco entende o cristianismo n\u00e3o como um f\u00f3ssil do passado, mas como um organismo vivo que se relaciona sempre com o tempo presente e se renova. \u00c9 ent\u00e3o que ele mostra sua permanente atualidade e enriquece o sentido de nossa vida.<\/p>\n<p>Assim fez com o jejum que os cat\u00f3licos costumam fazer na quarta-feira de cinzas, ap\u00f3s o carnaval e no come\u00e7o da quaresma (os 40 dias que antecedem \u00e0 p\u00e1scoa) e na sexta-feira santa na qual se recorda a morte de Jesus na cruz.<\/p>\n<p>O jejum \u00e9 uma constante em todas as tradi\u00e7\u00f5es religiosas. Seu significado transcende o n\u00e3o tomar alimentos e n\u00e3o beber \u00e1gua. Renuncia-se a eles, fundamentais para a vida, para repensar o sentido da vida e se perguntar pelo lugar que Deus ocupa em sua vida. Os grandes nomes da nossa tradi\u00e7\u00e3o judaico-crist\u00e3 jejuaram. Assim Mois\u00e9s, Jo\u00e3o Batista, S\u00e3o Paulo, Jesus e Francisco de Assis entre tantos outros.<\/p>\n<p>Chuang-Tzu fala do jejum do cora\u00e7\u00e3o que \u00e9 a origem da unidade interior e da liberdade do esp\u00edrito. \u00c9 fazer-se, por um momento, uma janela que \u00e9 uma parte vazia da parede mas que, por causa dela, toda a sala se enche de luz (Thomas Merton, A Via de Chuang-Tzu, Vozes,1993,71-72).<\/p>\n<p><strong>Vejamos a inteligente atualiza\u00e7\u00e3o do jejum pelo Papa Francisco.<\/strong><\/p>\n<p>01 &#8211; *Cumprimente* sempre e em todo lugar.<\/p>\n<p>02 &#8211; *Dar gra\u00e7as* (mesmo que n\u00e3o \u201cdevas\u201d ou deseje faz\u00ea-lo).<\/p>\n<p>03 &#8211; Lembre \u00e0s pessoas o quanto voc\u00ea os *ama*.<\/p>\n<p>04 &#8211; *Cumprimentar com alegria* \u00e0s pessoas que voc\u00ea v\u00ea todos os dias.<\/p>\n<p>05 &#8211; *Ouvir* o que o outro tem a dizer, sem pr\u00e9 julgamentos, *com amor*.<\/p>\n<p>06 &#8211; Parar para *ajudar*. Estar *atento a quem precisa* de voc\u00ea.<\/p>\n<p>07 &#8211; *Animar* a algu\u00e9m<\/p>\n<p>08 &#8211; *Comemorar as qualidades e os \u00eaxitos* do outro.<\/p>\n<p>09 &#8211; *Separar* o que n\u00e3o usa e *doar* a quem necessita.<\/p>\n<p>10 &#8211; *Ajudar quando necess\u00e1rio* para que o outro descanse.<\/p>\n<p>11 &#8211; *Corrigir com amor*, n\u00e3o calar por medo.<\/p>\n<p>12 &#8211; *Ter boas rela\u00e7\u00f5es* com os que est\u00e3o *perto de voc\u00ea*.<\/p>\n<p>13 \u2013 *Limpar o que usar em casa*.<\/p>\n<p>14 &#8211; *Ajudar os outros a superar obst\u00e1culos*.<\/p>\n<p>15 &#8211; *Telefonar* para seus pais, se tiver a felicidade de t\u00ea-los.<\/p>\n<p><strong>Em seguida, confere um conte\u00fado concreto ao jejum.<\/strong><\/p>\n<p>\u2022 *Jejue de palavras ofensivas* e transmita palavras gentis.<\/p>\n<p>\u2022 *Jejue de descontentamentos* e se encha de gratid\u00e3o.<\/p>\n<p>\u2022 *Jejue da raiva* e encha-se de mansid\u00e3o e paci\u00eancia.<\/p>\n<p>\u2022 *Jejue de pessimismo* e se encha de esperan\u00e7a e otimismo.<\/p>\n<p>\u2022 *Jejue de preocupa\u00e7\u00f5es* e encha-se de confian\u00e7a em Deus.<\/p>\n<p>\u2022 *Jejue de queixas* e se encha das coisas simples da vida<\/p>\n<p>\u2022 *Jejue das press\u00f5es* e se encha de ora\u00e7\u00e3o<\/p>\n<p>\u2022 *Jejue das tristezas e amarguras* e encha de alegria o cora\u00e7\u00e3o.<\/p>\n<p>\u2022 *Jejue de ego\u00edsmo* e encha-se compaix\u00e3o e pelos demais.<\/p>\n<p>\u2022 *Jejue da falta de perd\u00e3o* e encha-se de atitudes de reconcilia\u00e7\u00e3o.<\/p>\n<p>\u2022 *Jejue das palavras* e se encha de sil\u00eancio e de escuta aos outros.<\/p>\n<p><strong>Se todos n\u00f3s tentarmos este jejum, o cotidiano se encher\u00e1 de:<\/strong><\/p>\n<p>Paz, de Confian\u00e7a, de Alegria e de Vida.<\/p>\n<p>N\u00e3o h\u00e1 o que comentar esses ousados preceitos, apenas tentar viv\u00ea-los com perseveran\u00e7a.<\/p>\n<hr \/>\n<p><strong>Leonardo Boff<\/strong> <em>\u00e9 te\u00f3logo e escreveu com frei Betto &#8220;M\u00edstica e espiritualidade&#8221;, Vozes 2010.<\/em><\/p>\n<p>&nbsp;<\/p>\n","protected":false},"excerpt":{"rendered":"<p>Artigo de Leonardo Boff<\/p>\n","protected":false},"author":3,"featured_media":191541,"comment_status":"open","ping_status":"open","sticky":false,"template":"","format":"standard","meta":{"footnotes":""},"categories":[26],"tags":[59],"yoast_head":"<!-- This site is optimized with the Yoast SEO plugin v19.4 - https:\/\/yoast.com\/wordpress\/plugins\/seo\/ -->\n<title>Atualiza\u00e7\u00e3o do que significa o jejum para hoje - Vida Crist\u00e3 - Franciscanos<\/title>\n<meta name=\"robots\" content=\"index, follow, max-snippet:-1, max-image-preview:large, max-video-preview:-1\" \/>\n<link rel=\"canonical\" href=\"https:\/\/franciscanos.org.br\/vidacrista\/atualizacao-do-que-significa-o-jejum-para-hoje\/\" \/>\n<meta property=\"og:locale\" content=\"pt_BR\" \/>\n<meta property=\"og:type\" content=\"article\" \/>\n<meta property=\"og:title\" content=\"Atualiza\u00e7\u00e3o do que significa o jejum para hoje - Vida Crist\u00e3 - Franciscanos\" \/>\n<meta property=\"og:description\" content=\"Artigo de Leonardo Boff\" \/>\n<meta property=\"og:url\" content=\"https:\/\/franciscanos.org.br\/vidacrista\/atualizacao-do-que-significa-o-jejum-para-hoje\/\" \/>\n<meta property=\"og:site_name\" content=\"Vida Crist\u00e3 - Franciscanos\" \/>\n<meta property=\"article:published_time\" content=\"2022-03-12T08:50:54+00:00\" \/>\n<meta property=\"article:modified_time\" content=\"2022-03-12T08:54:54+00:00\" \/>\n<meta property=\"og:image\" content=\"https:\/\/franciscanos.org.br\/vidacrista\/wp-content\/uploads\/2022\/03\/jejum_1203.jpg\" \/>\n\t<meta property=\"og:image:width\" content=\"840\" \/>\n\t<meta property=\"og:image:height\" content=\"450\" \/>\n\t<meta property=\"og:image:type\" content=\"image\/jpeg\" \/>\n<meta name=\"author\" content=\"moacir\" \/>\n<meta name=\"twitter:card\" content=\"summary_large_image\" \/>\n<meta name=\"twitter:label1\" content=\"Escrito por\" \/>\n\t<meta name=\"twitter:data1\" content=\"moacir\" \/>\n\t<meta name=\"twitter:label2\" content=\"Est. tempo de leitura\" \/>\n\t<meta name=\"twitter:data2\" content=\"3 minutos\" \/>\n<script type=\"application\/ld+json\" class=\"yoast-schema-graph\">{\"@context\":\"https:\/\/schema.org\",\"@graph\":[{\"@type\":\"WebSite\",\"@id\":\"https:\/\/franciscanos.org.br\/vidacrista\/#website\",\"url\":\"https:\/\/franciscanos.org.br\/vidacrista\/\",\"name\":\"Vida Crist\u00e3 - Franciscanos\",\"description\":\"Prov\u00edncia Franciscana da Imaculada Concei\u00e7\u00e3o do Brasil - Ordem dos Frades Menores\",\"potentialAction\":[{\"@type\":\"SearchAction\",\"target\":{\"@type\":\"EntryPoint\",\"urlTemplate\":\"https:\/\/franciscanos.org.br\/vidacrista\/?s={search_term_string}\"},\"query-input\":\"required name=search_term_string\"}],\"inLanguage\":\"pt-BR\"},{\"@type\":\"WebPage\",\"@id\":\"https:\/\/franciscanos.org.br\/vidacrista\/atualizacao-do-que-significa-o-jejum-para-hoje\/\",\"url\":\"https:\/\/franciscanos.org.br\/vidacrista\/atualizacao-do-que-significa-o-jejum-para-hoje\/\",\"name\":\"Atualiza\u00e7\u00e3o do que significa o jejum para hoje - Vida Crist\u00e3 - Franciscanos\",\"isPartOf\":{\"@id\":\"https:\/\/franciscanos.org.br\/vidacrista\/#website\"},\"datePublished\":\"2022-03-12T08:50:54+00:00\",\"dateModified\":\"2022-03-12T08:54:54+00:00\",\"author\":{\"@id\":\"https:\/\/franciscanos.org.br\/vidacrista\/#\/schema\/person\/1880bdd2c350b735648725ef7614736a\"},\"breadcrumb\":{\"@id\":\"https:\/\/franciscanos.org.br\/vidacrista\/atualizacao-do-que-significa-o-jejum-para-hoje\/#breadcrumb\"},\"inLanguage\":\"pt-BR\",\"potentialAction\":[{\"@type\":\"ReadAction\",\"target\":[\"https:\/\/franciscanos.org.br\/vidacrista\/atualizacao-do-que-significa-o-jejum-para-hoje\/\"]}]},{\"@type\":\"BreadcrumbList\",\"@id\":\"https:\/\/franciscanos.org.br\/vidacrista\/atualizacao-do-que-significa-o-jejum-para-hoje\/#breadcrumb\",\"itemListElement\":[{\"@type\":\"ListItem\",\"position\":1,\"name\":\"Home\",\"item\":\"https:\/\/franciscanos.org.br\/vidacrista\/\"},{\"@type\":\"ListItem\",\"position\":2,\"name\":\"Atualiza\u00e7\u00e3o do que significa o jejum para hoje\"}]},{\"@type\":\"Person\",\"@id\":\"https:\/\/franciscanos.org.br\/vidacrista\/#\/schema\/person\/1880bdd2c350b735648725ef7614736a\",\"name\":\"moacir\",\"image\":{\"@type\":\"ImageObject\",\"inLanguage\":\"pt-BR\",\"@id\":\"https:\/\/franciscanos.org.br\/vidacrista\/#\/schema\/person\/image\/\",\"url\":\"https:\/\/secure.gravatar.com\/avatar\/d08aa2ce4c8dd416d4479aa8536fcf64?s=96&d=mm&r=g\",\"contentUrl\":\"https:\/\/secure.gravatar.com\/avatar\/d08aa2ce4c8dd416d4479aa8536fcf64?s=96&d=mm&r=g\",\"caption\":\"moacir\"},\"url\":\"https:\/\/franciscanos.org.br\/vidacrista\/author\/moacir\/\"}]}<\/script>\n<!-- \/ Yoast SEO plugin. -->","yoast_head_json":{"title":"Atualiza\u00e7\u00e3o do que significa o jejum para hoje - Vida Crist\u00e3 - Franciscanos","robots":{"index":"index","follow":"follow","max-snippet":"max-snippet:-1","max-image-preview":"max-image-preview:large","max-video-preview":"max-video-preview:-1"},"canonical":"https:\/\/franciscanos.org.br\/vidacrista\/atualizacao-do-que-significa-o-jejum-para-hoje\/","og_locale":"pt_BR","og_type":"article","og_title":"Atualiza\u00e7\u00e3o do que significa o jejum para hoje - Vida Crist\u00e3 - Franciscanos","og_description":"Artigo de Leonardo Boff","og_url":"https:\/\/franciscanos.org.br\/vidacrista\/atualizacao-do-que-significa-o-jejum-para-hoje\/","og_site_name":"Vida Crist\u00e3 - Franciscanos","article_published_time":"2022-03-12T08:50:54+00:00","article_modified_time":"2022-03-12T08:54:54+00:00","og_image":[{"width":840,"height":450,"url":"https:\/\/franciscanos.org.br\/vidacrista\/wp-content\/uploads\/2022\/03\/jejum_1203.jpg","type":"image\/jpeg"}],"author":"moacir","twitter_card":"summary_large_image","twitter_misc":{"Escrito por":"moacir","Est. tempo de leitura":"3 minutos"},"schema":{"@context":"https:\/\/schema.org","@graph":[{"@type":"WebSite","@id":"https:\/\/franciscanos.org.br\/vidacrista\/#website","url":"https:\/\/franciscanos.org.br\/vidacrista\/","name":"Vida Crist\u00e3 - Franciscanos","description":"Prov\u00edncia Franciscana da Imaculada Concei\u00e7\u00e3o do Brasil - Ordem dos Frades Menores","potentialAction":[{"@type":"SearchAction","target":{"@type":"EntryPoint","urlTemplate":"https:\/\/franciscanos.org.br\/vidacrista\/?s={search_term_string}"},"query-input":"required name=search_term_string"}],"inLanguage":"pt-BR"},{"@type":"WebPage","@id":"https:\/\/franciscanos.org.br\/vidacrista\/atualizacao-do-que-significa-o-jejum-para-hoje\/","url":"https:\/\/franciscanos.org.br\/vidacrista\/atualizacao-do-que-significa-o-jejum-para-hoje\/","name":"Atualiza\u00e7\u00e3o do que significa o jejum para hoje - Vida Crist\u00e3 - Franciscanos","isPartOf":{"@id":"https:\/\/franciscanos.org.br\/vidacrista\/#website"},"datePublished":"2022-03-12T08:50:54+00:00","dateModified":"2022-03-12T08:54:54+00:00","author":{"@id":"https:\/\/franciscanos.org.br\/vidacrista\/#\/schema\/person\/1880bdd2c350b735648725ef7614736a"},"breadcrumb":{"@id":"https:\/\/franciscanos.org.br\/vidacrista\/atualizacao-do-que-significa-o-jejum-para-hoje\/#breadcrumb"},"inLanguage":"pt-BR","potentialAction":[{"@type":"ReadAction","target":["https:\/\/franciscanos.org.br\/vidacrista\/atualizacao-do-que-significa-o-jejum-para-hoje\/"]}]},{"@type":"BreadcrumbList","@id":"https:\/\/franciscanos.org.br\/vidacrista\/atualizacao-do-que-significa-o-jejum-para-hoje\/#breadcrumb","itemListElement":[{"@type":"ListItem","position":1,"name":"Home","item":"https:\/\/franciscanos.org.br\/vidacrista\/"},{"@type":"ListItem","position":2,"name":"Atualiza\u00e7\u00e3o do que significa o jejum para hoje"}]},{"@type":"Person","@id":"https:\/\/franciscanos.org.br\/vidacrista\/#\/schema\/person\/1880bdd2c350b735648725ef7614736a","name":"moacir","image":{"@type":"ImageObject","inLanguage":"pt-BR","@id":"https:\/\/franciscanos.org.br\/vidacrista\/#\/schema\/person\/image\/","url":"https:\/\/secure.gravatar.com\/avatar\/d08aa2ce4c8dd416d4479aa8536fcf64?s=96&d=mm&r=g","contentUrl":"https:\/\/secure.gravatar.com\/avatar\/d08aa2ce4c8dd416d4479aa8536fcf64?s=96&d=mm&r=g","caption":"moacir"},"url":"https:\/\/franciscanos.org.br\/vidacrista\/author\/moacir\/"}]}},"_links":{"self":[{"href":"https:\/\/franciscanos.org.br\/vidacrista\/wp-json\/wp\/v2\/posts\/191540"}],"collection":[{"href":"https:\/\/franciscanos.org.br\/vidacrista\/wp-json\/wp\/v2\/posts"}],"about":[{"href":"https:\/\/franciscanos.org.br\/vidacrista\/wp-json\/wp\/v2\/types\/post"}],"author":[{"embeddable":true,"href":"https:\/\/franciscanos.org.br\/vidacrista\/wp-json\/wp\/v2\/users\/3"}],"replies":[{"embeddable":true,"href":"https:\/\/franciscanos.org.br\/vidacrista\/wp-json\/wp\/v2\/comments?post=191540"}],"version-history":[{"count":4,"href":"https:\/\/franciscanos.org.br\/vidacrista\/wp-json\/wp\/v2\/posts\/191540\/revisions"}],"predecessor-version":[{"id":191545,"href":"https:\/\/franciscanos.org.br\/vidacrista\/wp-json\/wp\/v2\/posts\/191540\/revisions\/191545"}],"wp:featuredmedia":[{"embeddable":true,"href":"https:\/\/franciscanos.org.br\/vidacrista\/wp-json\/wp\/v2\/media\/191541"}],"wp:attachment":[{"href":"https:\/\/franciscanos.org.br\/vidacrista\/wp-json\/wp\/v2\/media?parent=191540"}],"wp:term":[{"taxonomy":"category","embeddable":true,"href":"https:\/\/franciscanos.org.br\/vidacrista\/wp-json\/wp\/v2\/categories?post=191540"},{"taxonomy":"post_tag","embeddable":true,"href":"https:\/\/franciscanos.org.br\/vidacrista\/wp-json\/wp\/v2\/tags?post=191540"}],"curies":[{"name":"wp","href":"https:\/\/api.w.org\/{rel}","templated":true}]}}