{"id":191527,"date":"2022-03-10T06:42:47","date_gmt":"2022-03-10T09:42:47","guid":{"rendered":"https:\/\/franciscanos.org.br\/vidacrista\/?p=191527"},"modified":"2022-03-10T06:42:47","modified_gmt":"2022-03-10T09:42:47","slug":"as-tentacoes-de-jesus-consideracoes-biblicas","status":"publish","type":"post","link":"https:\/\/franciscanos.org.br\/vidacrista\/as-tentacoes-de-jesus-consideracoes-biblicas\/","title":{"rendered":"As tenta\u00e7\u00f5es de Jesus \u00a0&#8211; \u00a0Considera\u00e7\u00f5es b\u00edblicas"},"content":{"rendered":"<div id=\"attachment_191528\" style=\"width: 850px\" class=\"wp-caption alignnone\"><img aria-describedby=\"caption-attachment-191528\" decoding=\"async\" loading=\"lazy\" class=\"wp-image-191528 size-full\" src=\"https:\/\/franciscanos.org.br\/vidacrista\/wp-content\/uploads\/2022\/03\/tentacao_cristo_artigo_10.jpg\" alt=\"\" width=\"840\" height=\"450\" srcset=\"https:\/\/franciscanos.org.br\/vidacrista\/wp-content\/uploads\/2022\/03\/tentacao_cristo_artigo_10.jpg 840w, https:\/\/franciscanos.org.br\/vidacrista\/wp-content\/uploads\/2022\/03\/tentacao_cristo_artigo_10-450x241.jpg 450w, https:\/\/franciscanos.org.br\/vidacrista\/wp-content\/uploads\/2022\/03\/tentacao_cristo_artigo_10-768x411.jpg 768w, https:\/\/franciscanos.org.br\/vidacrista\/wp-content\/uploads\/2022\/03\/tentacao_cristo_artigo_10-150x80.jpg 150w\" sizes=\"(max-width: 840px) 100vw, 840px\" \/><p id=\"caption-attachment-191528\" class=\"wp-caption-text\"><em>Mosaico na Bas\u00edlica S\u00e3o Marcos de Veneza (dom\u00ednio p\u00fablico)<\/em><\/p><\/div>\n<p><strong>Frei Luiz Iakovacz<\/strong><\/p>\n<p>Comparando os Evangelhos entre si, percebemos que Jo\u00e3o n\u00e3o fala das tenta\u00e7\u00f5es e Marcos, apenas, as cita em dois vers\u00edculos (1,12-13). J\u00e1 Mateus (4,1-11) e Lucas (4,1-13) as relatam, pormenorizadamente.<\/p>\n<p>Elas aparecem no in\u00edcio da vida p\u00fablica de Jesus quando, teria, aproximadamente, trinta anos (Lc 3,23). \u00c9 o Esp\u00edrito quem conduz Jesus ao deserto para ser tentando por Satan\u00e1s. Sendo assim, elas fazem parte do Plano da Salva\u00e7\u00e3o.<\/p>\n<p>Em Marcos, observam-se dois pormenores: Jesus \u201cvivia entre as feras e os anjos O serviam\u201d. Segundo alguns exegetas, seria uma alus\u00e3o \u00e0 harmonia que existia no Para\u00edso entre os seres humanos e os animais\u201d (Gn 2,18-20). Eles podiam desfrutar de tudo, menos de comer os frutos ou at\u00e9 de \u201ctocar na \u00e1rvore da ci\u00eancia do bem e do mal. No dia em que tocardes, morrereis\u201d.<\/p>\n<p>Na tenta\u00e7\u00e3o, Satan\u00e1s &#8211; \u00b4pai da mentira\u00b4 (Jo8,44) &#8211; inicia a conversa, perguntado se era verdade que Deus os proibira de comer os frutos de todas as \u00e1rvores. J\u00e1 come\u00e7a mentindo. Ao receber a resposta correta, acrescentou: \u201cDe maneira nenhuma morrereis! Sereis como deuses, versados no bem e no mal\u201d (Gn 2,7-9; 3,1-7).<\/p>\n<p>A ast\u00facia e a mentira de Satan\u00e1s s\u00e3o perigosas porque incitam e envolvem o ser humano na pr\u00e1tica do mal, sob a apar\u00eancia de algo prazeroso ou que lhe traga vantagens pessoais.<\/p>\n<p>Deus tem outro modo de agir: concede ao homem a liberdade de escolher e fica feliz que quando este reconhece que n\u00e3o \u00e9 Deus, mas criatura e, portanto, limitado e sujeito a quedas. E, se estas acontecerem, n\u00e3o o abandona, ao contr\u00e1rio, busca-o e o incentiva a permanecer na pr\u00e1tica do bem.<\/p>\n<p>Se os \u201canjos O serviam\u201d significa que Deus est\u00e1 presente nas tenta\u00e7\u00f5es e fortalece quem as sofre.<\/p>\n<p>As mesmas tenta\u00e7\u00f5es que Israel sofreu no deserto, se repetem nas de Cristo. L\u00e1, o povo sucumbiu; aqui Cristo as vence. O meio utilizado \u00e9 o mesmo: a observ\u00e2ncia da Lei Mosaica, a Tor\u00e1.<\/p>\n<p>No deserto, Israel murmurou porque n\u00e3o tinha p\u00e3o, carne e \u00e1gua (Ex 16,1-8; 17,1-8), questionando o pr\u00f3prio Deus: \u201cEle est\u00e1 no meio de n\u00f3s ou n\u00e3o\u201d. Outros queriam eleger um chefe e voltar ao Egito (Nm 14,1-4).<\/p>\n<p>Jesus, mesmo faminto, venceu a tenta\u00e7\u00e3o com as palavras da Tor\u00e1: \u201cN\u00e3o s\u00f3 de p\u00e3o vive o homem, mas de toda a Palavra que sai da boca de Deus\u201d (Dt 8,3).<\/p>\n<p>Israel n\u00e3o resistiu \u00e0 idolatria e fabricou um Bezerro de Ouro, ofereceu-lhe holocaustos e rezava \u201cFoste tu que nos tiraste do Egito (Ex 32,1-6).<\/p>\n<p>Jesus, com a Tor\u00e1, vivencia e refuta idolatrar dinheiro e poder: \u201cS\u00f3 a Deus adorar\u00e1s\u201d (Ex 20,5-6; Dt 6,13).<\/p>\n<p>Satan\u00e1s \u00e9 esperto e conhece as Escrituras. Na tenta\u00e7\u00e3o de lan\u00e7ar-se do pin\u00e1culo do Templo, Cristo faria uma apresenta\u00e7\u00e3o pirot\u00e9cnica, nada lhe aconteceria porque os \u201canjos o levariam nas m\u00e3os para que teus p\u00e9s n\u00e3o tropecem\u201d (Sl 91,12). Tal proeza extasiaria o povo, deixando-o boquiaberto.<\/p>\n<p>Novamente, com a Tor\u00e1, Jesus \u00e9 vitorioso: \u201cN\u00e3o tentar\u00e1s o Senhor, teu Deus\u201d (Dt 6,16).<\/p>\n<p>Vendo-se derrotado, mas n\u00e3o vencido, \u201cSatan\u00e1s deixou Jesus at\u00e9 o momento oportuno\u201d. N\u00e3o conseguiu derrotar Jesus antes de entrar em campo, no in\u00edcio de sua Vida P\u00fablica. Por\u00e9m, em todos os momentos, tenta dissuadi-lo.<\/p>\n<p>Esperto e oportunista que \u00e9, ap\u00f3s a multiplica\u00e7\u00e3o dos p\u00e3es (Jo 6,1-15), utiliza-se do povo que O aclama \u00b4rei que resolveria todos os seus problemas\u00b4. Percebendo a tenta\u00e7\u00e3o, despede a multid\u00e3o e vai \u00e0 montanha para \u00b4conversar com o Pai\u00b4. Seria, mais ou menos assim: Pai! Que fa\u00e7o?! Deixo-me guiar pelo povo?! Qual \u00e9 o teu Reino?! E o Pai lhe disse: trabalhai n\u00e3o s\u00f3 pelo p\u00e3o que perece, mas, tamb\u00e9m, por aquele que dura eternamente (cf. 6,27).<\/p>\n<p>O mesmo acontece na entrada triunfal em Jerusal\u00e9m onde o povo O acolhe festivamente e com gritos de \u00b4Filho de Davi\/ Rei dos Judeus\/Messias\u00b4!\u00a0 Tinha tudo para reinar, formar um ex\u00e9rcito e derrotar os romanos. Mas sua postura \u00e9 outra: durante o dia ensina no Templo e, \u00e0 noite, refugia-se nos arredores de Jerusal\u00e9m (Lc 21,37-38).<\/p>\n<p>Sem \u00eaxito, Satan\u00e1s continua suas investidas, agora, utilizando-se de dois ap\u00f3stolos: o zelote Judas e o confesso pecador Pedro. O primeiro pressiona para que Jesus se decida em ser rei dos judeus e expulse os romanos. Chega, at\u00e9, a fazer um pacto com as autoridades. Ao entrega-lo com um beijo, Jesus o chama de \u201camigo\u201d (Mt 26,50).<\/p>\n<p>O outro, Satan\u00e1s de apossa dele, contra Jesus: \u201cSim\u00e3o, Sim\u00e3o! Eis que Satan\u00e1s me pediu, insistentemente, para te peneirar como trigo. Eu, por\u00e9m, rezei por ti, para que tua f\u00e9 n\u00e3o desfale\u00e7a\u201d (Lc 22,31-32).<\/p>\n<p>No entanto, a maior tenta\u00e7\u00e3o \u00e9 o desafio das autoridades religiosas: \u201cSe, de fato, \u00e9s o Rei dos Judeus, se \u00e9s o Messias, des\u00e7a da cruz e, ent\u00e3o, creremos em ti\u201d (Mc 15,31-32).<\/p>\n<p>Ele n\u00e3o desceu; ao contr\u00e1rio suplicou: \u201cPai, perdoai-lhes&#8230; eles n\u00e3o sabem o que fazem\u201d (Lc 23,34).<\/p>\n<p>Estas considera\u00e7\u00f5es mostram um Jesus vencedor das tenta\u00e7\u00f5es, n\u00e3o fazendo uso do seu poder sobrenatural, mas vencendo o mal pela pr\u00e1tica do bem, tendo Deus e seu Reino com centro de sua vida.<\/p>\n<p>\u00c9 um apelo para que n\u00f3s, tamb\u00e9m, \u201cbusquemos, em primeiro lugar, o Reino de Deus e sua Justi\u00e7a e tudo o mais vos ser\u00e1 dado de acr\u00e9scimo\u201d (Mt 6,33). \u00c9 a teoria\/a\u00e7\u00e3o que se d\u00e3o as m\u00e3os.<\/p>\n<hr \/>\n<p><em>Frei Luiz Iakovacz, OFM, \u00e9 frade desta Prov\u00edncia da Imaculada Concei\u00e7\u00e3o e vig\u00e1rio paroquial na Par\u00f3quia Santa Clara de Assis em Colatina (ES).\u00a0<\/em><\/p>\n","protected":false},"excerpt":{"rendered":"<p>Artigo de Frei Luiz Iakovacz<\/p>\n","protected":false},"author":3,"featured_media":191528,"comment_status":"open","ping_status":"open","sticky":false,"template":"","format":"standard","meta":{"footnotes":""},"categories":[26],"tags":[208],"yoast_head":"<!-- This site is optimized with the Yoast SEO plugin v19.4 - https:\/\/yoast.com\/wordpress\/plugins\/seo\/ -->\n<title>As tenta\u00e7\u00f5es de Jesus \u00a0- \u00a0Considera\u00e7\u00f5es b\u00edblicas - Vida Crist\u00e3 - Franciscanos<\/title>\n<meta name=\"robots\" content=\"index, follow, max-snippet:-1, max-image-preview:large, max-video-preview:-1\" \/>\n<link rel=\"canonical\" href=\"https:\/\/franciscanos.org.br\/vidacrista\/as-tentacoes-de-jesus-consideracoes-biblicas\/\" \/>\n<meta property=\"og:locale\" content=\"pt_BR\" \/>\n<meta property=\"og:type\" content=\"article\" \/>\n<meta property=\"og:title\" content=\"As tenta\u00e7\u00f5es de Jesus \u00a0- \u00a0Considera\u00e7\u00f5es b\u00edblicas - Vida Crist\u00e3 - Franciscanos\" \/>\n<meta property=\"og:description\" content=\"Artigo de Frei Luiz Iakovacz\" \/>\n<meta property=\"og:url\" content=\"https:\/\/franciscanos.org.br\/vidacrista\/as-tentacoes-de-jesus-consideracoes-biblicas\/\" \/>\n<meta property=\"og:site_name\" content=\"Vida Crist\u00e3 - Franciscanos\" \/>\n<meta property=\"article:published_time\" content=\"2022-03-10T09:42:47+00:00\" \/>\n<meta property=\"og:image\" content=\"https:\/\/franciscanos.org.br\/vidacrista\/wp-content\/uploads\/2022\/03\/tentacao_cristo_artigo_10.jpg\" \/>\n\t<meta property=\"og:image:width\" content=\"840\" \/>\n\t<meta property=\"og:image:height\" content=\"450\" \/>\n\t<meta property=\"og:image:type\" content=\"image\/jpeg\" \/>\n<meta name=\"author\" content=\"moacir\" \/>\n<meta name=\"twitter:card\" content=\"summary_large_image\" \/>\n<meta name=\"twitter:label1\" content=\"Escrito por\" \/>\n\t<meta name=\"twitter:data1\" content=\"moacir\" \/>\n\t<meta name=\"twitter:label2\" content=\"Est. tempo de leitura\" \/>\n\t<meta name=\"twitter:data2\" content=\"5 minutos\" \/>\n<script type=\"application\/ld+json\" class=\"yoast-schema-graph\">{\"@context\":\"https:\/\/schema.org\",\"@graph\":[{\"@type\":\"WebSite\",\"@id\":\"https:\/\/franciscanos.org.br\/vidacrista\/#website\",\"url\":\"https:\/\/franciscanos.org.br\/vidacrista\/\",\"name\":\"Vida Crist\u00e3 - Franciscanos\",\"description\":\"Prov\u00edncia Franciscana da Imaculada Concei\u00e7\u00e3o do Brasil - Ordem dos Frades Menores\",\"potentialAction\":[{\"@type\":\"SearchAction\",\"target\":{\"@type\":\"EntryPoint\",\"urlTemplate\":\"https:\/\/franciscanos.org.br\/vidacrista\/?s={search_term_string}\"},\"query-input\":\"required name=search_term_string\"}],\"inLanguage\":\"pt-BR\"},{\"@type\":\"WebPage\",\"@id\":\"https:\/\/franciscanos.org.br\/vidacrista\/as-tentacoes-de-jesus-consideracoes-biblicas\/\",\"url\":\"https:\/\/franciscanos.org.br\/vidacrista\/as-tentacoes-de-jesus-consideracoes-biblicas\/\",\"name\":\"As tenta\u00e7\u00f5es de Jesus \u00a0- \u00a0Considera\u00e7\u00f5es b\u00edblicas - Vida Crist\u00e3 - Franciscanos\",\"isPartOf\":{\"@id\":\"https:\/\/franciscanos.org.br\/vidacrista\/#website\"},\"datePublished\":\"2022-03-10T09:42:47+00:00\",\"dateModified\":\"2022-03-10T09:42:47+00:00\",\"author\":{\"@id\":\"https:\/\/franciscanos.org.br\/vidacrista\/#\/schema\/person\/1880bdd2c350b735648725ef7614736a\"},\"breadcrumb\":{\"@id\":\"https:\/\/franciscanos.org.br\/vidacrista\/as-tentacoes-de-jesus-consideracoes-biblicas\/#breadcrumb\"},\"inLanguage\":\"pt-BR\",\"potentialAction\":[{\"@type\":\"ReadAction\",\"target\":[\"https:\/\/franciscanos.org.br\/vidacrista\/as-tentacoes-de-jesus-consideracoes-biblicas\/\"]}]},{\"@type\":\"BreadcrumbList\",\"@id\":\"https:\/\/franciscanos.org.br\/vidacrista\/as-tentacoes-de-jesus-consideracoes-biblicas\/#breadcrumb\",\"itemListElement\":[{\"@type\":\"ListItem\",\"position\":1,\"name\":\"Home\",\"item\":\"https:\/\/franciscanos.org.br\/vidacrista\/\"},{\"@type\":\"ListItem\",\"position\":2,\"name\":\"As tenta\u00e7\u00f5es de Jesus \u00a0&#8211; \u00a0Considera\u00e7\u00f5es b\u00edblicas\"}]},{\"@type\":\"Person\",\"@id\":\"https:\/\/franciscanos.org.br\/vidacrista\/#\/schema\/person\/1880bdd2c350b735648725ef7614736a\",\"name\":\"moacir\",\"image\":{\"@type\":\"ImageObject\",\"inLanguage\":\"pt-BR\",\"@id\":\"https:\/\/franciscanos.org.br\/vidacrista\/#\/schema\/person\/image\/\",\"url\":\"https:\/\/secure.gravatar.com\/avatar\/d08aa2ce4c8dd416d4479aa8536fcf64?s=96&d=mm&r=g\",\"contentUrl\":\"https:\/\/secure.gravatar.com\/avatar\/d08aa2ce4c8dd416d4479aa8536fcf64?s=96&d=mm&r=g\",\"caption\":\"moacir\"},\"url\":\"https:\/\/franciscanos.org.br\/vidacrista\/author\/moacir\/\"}]}<\/script>\n<!-- \/ Yoast SEO plugin. -->","yoast_head_json":{"title":"As tenta\u00e7\u00f5es de Jesus \u00a0- \u00a0Considera\u00e7\u00f5es b\u00edblicas - Vida Crist\u00e3 - Franciscanos","robots":{"index":"index","follow":"follow","max-snippet":"max-snippet:-1","max-image-preview":"max-image-preview:large","max-video-preview":"max-video-preview:-1"},"canonical":"https:\/\/franciscanos.org.br\/vidacrista\/as-tentacoes-de-jesus-consideracoes-biblicas\/","og_locale":"pt_BR","og_type":"article","og_title":"As tenta\u00e7\u00f5es de Jesus \u00a0- \u00a0Considera\u00e7\u00f5es b\u00edblicas - Vida Crist\u00e3 - Franciscanos","og_description":"Artigo de Frei Luiz Iakovacz","og_url":"https:\/\/franciscanos.org.br\/vidacrista\/as-tentacoes-de-jesus-consideracoes-biblicas\/","og_site_name":"Vida Crist\u00e3 - Franciscanos","article_published_time":"2022-03-10T09:42:47+00:00","og_image":[{"width":840,"height":450,"url":"https:\/\/franciscanos.org.br\/vidacrista\/wp-content\/uploads\/2022\/03\/tentacao_cristo_artigo_10.jpg","type":"image\/jpeg"}],"author":"moacir","twitter_card":"summary_large_image","twitter_misc":{"Escrito por":"moacir","Est. tempo de leitura":"5 minutos"},"schema":{"@context":"https:\/\/schema.org","@graph":[{"@type":"WebSite","@id":"https:\/\/franciscanos.org.br\/vidacrista\/#website","url":"https:\/\/franciscanos.org.br\/vidacrista\/","name":"Vida Crist\u00e3 - Franciscanos","description":"Prov\u00edncia Franciscana da Imaculada Concei\u00e7\u00e3o do Brasil - Ordem dos Frades Menores","potentialAction":[{"@type":"SearchAction","target":{"@type":"EntryPoint","urlTemplate":"https:\/\/franciscanos.org.br\/vidacrista\/?s={search_term_string}"},"query-input":"required name=search_term_string"}],"inLanguage":"pt-BR"},{"@type":"WebPage","@id":"https:\/\/franciscanos.org.br\/vidacrista\/as-tentacoes-de-jesus-consideracoes-biblicas\/","url":"https:\/\/franciscanos.org.br\/vidacrista\/as-tentacoes-de-jesus-consideracoes-biblicas\/","name":"As tenta\u00e7\u00f5es de Jesus \u00a0- \u00a0Considera\u00e7\u00f5es b\u00edblicas - Vida Crist\u00e3 - Franciscanos","isPartOf":{"@id":"https:\/\/franciscanos.org.br\/vidacrista\/#website"},"datePublished":"2022-03-10T09:42:47+00:00","dateModified":"2022-03-10T09:42:47+00:00","author":{"@id":"https:\/\/franciscanos.org.br\/vidacrista\/#\/schema\/person\/1880bdd2c350b735648725ef7614736a"},"breadcrumb":{"@id":"https:\/\/franciscanos.org.br\/vidacrista\/as-tentacoes-de-jesus-consideracoes-biblicas\/#breadcrumb"},"inLanguage":"pt-BR","potentialAction":[{"@type":"ReadAction","target":["https:\/\/franciscanos.org.br\/vidacrista\/as-tentacoes-de-jesus-consideracoes-biblicas\/"]}]},{"@type":"BreadcrumbList","@id":"https:\/\/franciscanos.org.br\/vidacrista\/as-tentacoes-de-jesus-consideracoes-biblicas\/#breadcrumb","itemListElement":[{"@type":"ListItem","position":1,"name":"Home","item":"https:\/\/franciscanos.org.br\/vidacrista\/"},{"@type":"ListItem","position":2,"name":"As tenta\u00e7\u00f5es de Jesus \u00a0&#8211; \u00a0Considera\u00e7\u00f5es b\u00edblicas"}]},{"@type":"Person","@id":"https:\/\/franciscanos.org.br\/vidacrista\/#\/schema\/person\/1880bdd2c350b735648725ef7614736a","name":"moacir","image":{"@type":"ImageObject","inLanguage":"pt-BR","@id":"https:\/\/franciscanos.org.br\/vidacrista\/#\/schema\/person\/image\/","url":"https:\/\/secure.gravatar.com\/avatar\/d08aa2ce4c8dd416d4479aa8536fcf64?s=96&d=mm&r=g","contentUrl":"https:\/\/secure.gravatar.com\/avatar\/d08aa2ce4c8dd416d4479aa8536fcf64?s=96&d=mm&r=g","caption":"moacir"},"url":"https:\/\/franciscanos.org.br\/vidacrista\/author\/moacir\/"}]}},"_links":{"self":[{"href":"https:\/\/franciscanos.org.br\/vidacrista\/wp-json\/wp\/v2\/posts\/191527"}],"collection":[{"href":"https:\/\/franciscanos.org.br\/vidacrista\/wp-json\/wp\/v2\/posts"}],"about":[{"href":"https:\/\/franciscanos.org.br\/vidacrista\/wp-json\/wp\/v2\/types\/post"}],"author":[{"embeddable":true,"href":"https:\/\/franciscanos.org.br\/vidacrista\/wp-json\/wp\/v2\/users\/3"}],"replies":[{"embeddable":true,"href":"https:\/\/franciscanos.org.br\/vidacrista\/wp-json\/wp\/v2\/comments?post=191527"}],"version-history":[{"count":1,"href":"https:\/\/franciscanos.org.br\/vidacrista\/wp-json\/wp\/v2\/posts\/191527\/revisions"}],"predecessor-version":[{"id":191529,"href":"https:\/\/franciscanos.org.br\/vidacrista\/wp-json\/wp\/v2\/posts\/191527\/revisions\/191529"}],"wp:featuredmedia":[{"embeddable":true,"href":"https:\/\/franciscanos.org.br\/vidacrista\/wp-json\/wp\/v2\/media\/191528"}],"wp:attachment":[{"href":"https:\/\/franciscanos.org.br\/vidacrista\/wp-json\/wp\/v2\/media?parent=191527"}],"wp:term":[{"taxonomy":"category","embeddable":true,"href":"https:\/\/franciscanos.org.br\/vidacrista\/wp-json\/wp\/v2\/categories?post=191527"},{"taxonomy":"post_tag","embeddable":true,"href":"https:\/\/franciscanos.org.br\/vidacrista\/wp-json\/wp\/v2\/tags?post=191527"}],"curies":[{"name":"wp","href":"https:\/\/api.w.org\/{rel}","templated":true}]}}